{"id":33938,"date":"2017-10-06T18:07:37","date_gmt":"2017-10-07T00:07:37","guid":{"rendered":"https:\/\/graziamagazine.com\/mx\/?p=33938"},"modified":"2019-12-23T11:59:48","modified_gmt":"2019-12-23T16:59:48","slug":"sarah-burton-alexander-mcqueen-ss18","status":"publish","type":"articles","link":"https:\/\/graziamagazine.com\/mx\/articles\/sarah-burton-alexander-mcqueen-ss18\/","title":{"rendered":"La deconstrucci\u00f3n de Sarah Burton para Alexander McQueen SS18"},"content":{"rendered":"<p><b>Sarah Burton mantiene la esencia de Alexander McQueen viva. Deconstruyendo la historia y agregando elementos rom\u00e1nticos, esta es su propuesta para SS18.<\/b><!--more--><\/p>\n<p><span style=\"font-weight: 400;\"><strong>Sarah Burton<\/strong> ha hecho una excelente labor en mantener el legado del oscuro <strong>Alexander McQueen<\/strong>. <\/span><\/p>\n<p><span style=\"font-weight: 400;\">Como amante de la historia ,<strong>\u2018Lee\u2019 Alexander McQueen<\/strong> constru\u00eda a partir de su percepci\u00f3n; algo que la dise\u00f1adora\u00a0<strong>emula temporada tras temporada<\/strong>. <\/span><\/p>\n<p><span style=\"font-weight: 400;\">SS18 no fue la excepci\u00f3n.<\/span><\/p>\n<p>Para la directora creativa viajar a un lugar e inspirarse es crucial\u00a0para poder concebir el concepto. Al igual que su mentor, quien lo hac\u00eda en el <strong><i>Victoria &amp; Albert Museum<\/i><\/strong>.<\/p>\n<p>De su maestro aprendi\u00f3 a <strong>deconstruir<\/strong> aquellas siluetas cl\u00e1sicas. Y con tal escuela, esta colecci\u00f3n result\u00f3 ser una conjugaci\u00f3n de los principios de la firma.<\/p>\n<p>&nbsp;<\/p>\n<p><img loading=\"lazy\" decoding=\"async\" class=\"alignnone wp-image-33946 size-full\" title=\"La deconstrucci\u00f3n de Sarah Burton para Alexander McQueen SS18\" src=\"https:\/\/graziamagazine.com\/mx\/wp-content\/uploads\/sites\/13\/2017\/10\/detais-alexander-mcqueen-rtw-spring-2018-paris-fashion-week-pfw-125.jpg\" alt=\"La deconstrucci\u00f3n de Sarah Burton para Alexander McQueen SS18\" width=\"683\" height=\"1025\" srcset=\"https:\/\/graziamagazine.com\/mx\/wp-content\/uploads\/sites\/13\/2017\/10\/detais-alexander-mcqueen-rtw-spring-2018-paris-fashion-week-pfw-125.jpg 683w, https:\/\/graziamagazine.com\/mx\/wp-content\/uploads\/sites\/13\/2017\/10\/detais-alexander-mcqueen-rtw-spring-2018-paris-fashion-week-pfw-125.jpg?resize=300,450 300w, https:\/\/graziamagazine.com\/mx\/wp-content\/uploads\/sites\/13\/2017\/10\/detais-alexander-mcqueen-rtw-spring-2018-paris-fashion-week-pfw-125.jpg?resize=143,215 143w\" sizes=\"(max-width: 683px) 100vw, 683px\" \/><\/p>\n<p>&nbsp;<\/p>\n<p><img loading=\"lazy\" decoding=\"async\" class=\"alignnone wp-image-33952 size-full\" title=\"La deconstrucci\u00f3n de Sarah Burton para Alexander McQueen SS18\" src=\"https:\/\/graziamagazine.com\/mx\/wp-content\/uploads\/sites\/13\/2017\/10\/detais-alexander-mcqueen-rtw-spring-2018-paris-fashion-week-pfw-009.jpg\" alt=\"La deconstrucci\u00f3n de Sarah Burton para Alexander McQueen SS18\" width=\"683\" height=\"1025\" srcset=\"https:\/\/graziamagazine.com\/mx\/wp-content\/uploads\/sites\/13\/2017\/10\/detais-alexander-mcqueen-rtw-spring-2018-paris-fashion-week-pfw-009.jpg 683w, https:\/\/graziamagazine.com\/mx\/wp-content\/uploads\/sites\/13\/2017\/10\/detais-alexander-mcqueen-rtw-spring-2018-paris-fashion-week-pfw-009.jpg?resize=300,450 300w, https:\/\/graziamagazine.com\/mx\/wp-content\/uploads\/sites\/13\/2017\/10\/detais-alexander-mcqueen-rtw-spring-2018-paris-fashion-week-pfw-009.jpg?resize=143,215 143w\" sizes=\"(max-width: 683px) 100vw, 683px\" \/><\/p>\n<p>&nbsp;<\/p>\n<p><span style=\"font-weight: 400;\">Todo sucedi\u00f3 en un jard\u00edn en donde las modelos fueron la flora, seg\u00fan <strong>Sarah<\/strong>, y la decoraci\u00f3n se compuso de carpas de tul con flores.<\/span><\/p>\n<p><span style=\"font-weight: 400;\">Una declaraci\u00f3n de que la <strong>feminidad<\/strong> al estilo <strong>Victoriano<\/strong> sigue conquistando. <\/span><\/p>\n<p><span style=\"font-weight: 400;\">Vestidos que aluden a la lencer\u00eda de finales del <strong>siglo XIX<\/strong> y principios del <strong>siglo XX<\/strong> \u2014las crinolinas, los corsets, los <\/span><i><span style=\"font-weight: 400;\">slip-dresses<\/span><\/i><span style=\"font-weight: 400;\"> en encaje. <\/span><\/p>\n<p><span style=\"font-weight: 400;\">La entrega revitaliz\u00f3 el mes de la moda y nos record\u00f3 una vez m\u00e1s que el hacer ropa involucra un intelecto art\u00edstico que pocos poseen.<\/span><\/p>\n<p>&nbsp;<\/p>\n<p><img loading=\"lazy\" decoding=\"async\" class=\"alignnone wp-image-33944 size-full\" src=\"https:\/\/graziamagazine.com\/mx\/wp-content\/uploads\/sites\/13\/2017\/10\/alexander-mcqueen-rtw-spring-2018-paris-fashion-week-pfw-024-1.jpg\" alt=\"\" width=\"683\" height=\"1025\" srcset=\"https:\/\/graziamagazine.com\/mx\/wp-content\/uploads\/sites\/13\/2017\/10\/alexander-mcqueen-rtw-spring-2018-paris-fashion-week-pfw-024-1.jpg 683w, https:\/\/graziamagazine.com\/mx\/wp-content\/uploads\/sites\/13\/2017\/10\/alexander-mcqueen-rtw-spring-2018-paris-fashion-week-pfw-024-1.jpg?resize=300,450 300w, https:\/\/graziamagazine.com\/mx\/wp-content\/uploads\/sites\/13\/2017\/10\/alexander-mcqueen-rtw-spring-2018-paris-fashion-week-pfw-024-1.jpg?resize=143,215 143w\" sizes=\"(max-width: 683px) 100vw, 683px\" \/><\/p>\n<p>&nbsp;<\/p>\n<p><img loading=\"lazy\" decoding=\"async\" class=\"alignnone wp-image-33943 size-full\" src=\"https:\/\/graziamagazine.com\/mx\/wp-content\/uploads\/sites\/13\/2017\/10\/alexander-mcqueen-rtw-spring-2018-paris-fashion-week-pfw-036-1.jpg\" alt=\"\" width=\"683\" height=\"1025\" srcset=\"https:\/\/graziamagazine.com\/mx\/wp-content\/uploads\/sites\/13\/2017\/10\/alexander-mcqueen-rtw-spring-2018-paris-fashion-week-pfw-036-1.jpg 683w, https:\/\/graziamagazine.com\/mx\/wp-content\/uploads\/sites\/13\/2017\/10\/alexander-mcqueen-rtw-spring-2018-paris-fashion-week-pfw-036-1.jpg?resize=300,450 300w, https:\/\/graziamagazine.com\/mx\/wp-content\/uploads\/sites\/13\/2017\/10\/alexander-mcqueen-rtw-spring-2018-paris-fashion-week-pfw-036-1.jpg?resize=143,215 143w\" sizes=\"(max-width: 683px) 100vw, 683px\" \/><\/p>\n<p>&nbsp;<\/p>\n<p><strong><i>Trench coats<\/i><\/strong><span style=\"font-weight: 400;\"> y <strong>conjuntos sastres<\/strong> que se componen por diferentes <strong>estampados <\/strong><\/span><strong><i>plaid<\/i><\/strong><span style=\"font-weight: 400;\">.<\/span> <span style=\"font-weight: 400;\">Las aut\u00e9nticas musas g\u00f3ticas reiteran que la sensualidad se viste de historia.<\/span><\/p>\n<p>Un tanto arcaica e impregnada con la esencia de su fundador, esta composici\u00f3n no solo expone el mundo imaginativo y et\u00e9reo de<strong> Sarah Burton<\/strong>, tambi\u00e9n nos recuerda a los principios de la moda.<\/p>\n<p>&nbsp;<\/p>\n<p><img loading=\"lazy\" decoding=\"async\" class=\"alignnone wp-image-33950 size-full\" src=\"https:\/\/graziamagazine.com\/mx\/wp-content\/uploads\/sites\/13\/2017\/10\/alexander-mcqueen-rtw-spring-2018-paris-fashion-week-pfw-025-1.jpg\" alt=\"\" width=\"683\" height=\"1025\" srcset=\"https:\/\/graziamagazine.com\/mx\/wp-content\/uploads\/sites\/13\/2017\/10\/alexander-mcqueen-rtw-spring-2018-paris-fashion-week-pfw-025-1.jpg 683w, https:\/\/graziamagazine.com\/mx\/wp-content\/uploads\/sites\/13\/2017\/10\/alexander-mcqueen-rtw-spring-2018-paris-fashion-week-pfw-025-1.jpg?resize=300,450 300w, https:\/\/graziamagazine.com\/mx\/wp-content\/uploads\/sites\/13\/2017\/10\/alexander-mcqueen-rtw-spring-2018-paris-fashion-week-pfw-025-1.jpg?resize=143,215 143w\" sizes=\"(max-width: 683px) 100vw, 683px\" \/><\/p>\n<p>&nbsp;<\/p>\n<p><img loading=\"lazy\" decoding=\"async\" class=\"alignnone wp-image-33945 size-full\" src=\"https:\/\/graziamagazine.com\/mx\/wp-content\/uploads\/sites\/13\/2017\/10\/detais-alexander-mcqueen-rtw-spring-2018-paris-fashion-week-pfw-075.jpg\" alt=\"\" width=\"683\" height=\"1025\" srcset=\"https:\/\/graziamagazine.com\/mx\/wp-content\/uploads\/sites\/13\/2017\/10\/detais-alexander-mcqueen-rtw-spring-2018-paris-fashion-week-pfw-075.jpg 683w, https:\/\/graziamagazine.com\/mx\/wp-content\/uploads\/sites\/13\/2017\/10\/detais-alexander-mcqueen-rtw-spring-2018-paris-fashion-week-pfw-075.jpg?resize=300,450 300w, https:\/\/graziamagazine.com\/mx\/wp-content\/uploads\/sites\/13\/2017\/10\/detais-alexander-mcqueen-rtw-spring-2018-paris-fashion-week-pfw-075.jpg?resize=143,215 143w\" sizes=\"(max-width: 683px) 100vw, 683px\" \/><\/p>\n<h5><strong><em>*IM\u00c1GENES: WWD.<\/em><\/strong><\/h5>\n","protected":false},"author":11641,"featured_media":33951,"template":"","format":"standard","categories":[4],"acf":[],"yoast_head":"<!-- This site is optimized with the Yoast SEO Premium plugin v18.5 (Yoast SEO v20.4) - https:\/\/yoast.com\/wordpress\/plugins\/seo\/ -->\n<title>La deconstrucci\u00f3n de Sarah Burton para Alexander McQueen SS18 | Grazia M\u00e9xico y Latinoam\u00e9rica<\/title>\n<meta name=\"description\" content=\"Sarah Burton mantiene la esencia de Alexander McQueen viva. Deconstruyendo la historia y agregando elementos rom\u00e1nticos, esta es su propuesta para SS18.\" \/>\n<meta name=\"robots\" content=\"index, follow, max-snippet:-1, max-image-preview:large, max-video-preview:-1\" \/>\n<link rel=\"canonical\" href=\"https:\/\/graziamagazine.com\/mx\/articles\/sarah-burton-alexander-mcqueen-ss18\/\" \/>\n<meta property=\"og:locale\" content=\"es_MX\" \/>\n<meta property=\"og:type\" content=\"article\" \/>\n<meta property=\"og:title\" content=\"La deconstrucci\u00f3n de Sarah Burton para Alexander McQueen SS18\" \/>\n<meta property=\"og:description\" content=\"Sarah Burton mantiene la esencia de Alexander McQueen viva. Deconstruyendo la historia y agregando elementos rom\u00e1nticos, esta es su propuesta para SS18.\" \/>\n<meta property=\"og:url\" content=\"https:\/\/graziamagazine.com\/mx\/articles\/sarah-burton-alexander-mcqueen-ss18\/\" \/>\n<meta property=\"og:site_name\" content=\"Grazia M\u00e9xico y Latinoam\u00e9rica\" \/>\n<meta property=\"article:modified_time\" content=\"2019-12-23T16:59:48+00:00\" \/>\n<meta property=\"og:image\" content=\"https:\/\/graziamagazine.com\/mx\/wp-content\/uploads\/sites\/13\/2017\/10\/ALEXANDER-MCQUEEN-SARAH-BURTON-SS18-DESTACADA.jpg?fit=683%2C406\" \/>\n\t<meta property=\"og:image:width\" content=\"683\" \/>\n\t<meta property=\"og:image:height\" content=\"406\" \/>\n\t<meta property=\"og:image:type\" content=\"image\/jpeg\" \/>\n<meta name=\"twitter:card\" content=\"summary_large_image\" \/>\n<meta name=\"twitter:label1\" content=\"Est. reading time\" \/>\n\t<meta name=\"twitter:data1\" content=\"1 minuto\" \/>\n<script type=\"application\/ld+json\" class=\"yoast-schema-graph\">{\"@context\":\"https:\/\/schema.org\",\"@graph\":[{\"@type\":\"WebPage\",\"@id\":\"https:\/\/graziamagazine.com\/mx\/articles\/sarah-burton-alexander-mcqueen-ss18\/\",\"url\":\"https:\/\/graziamagazine.com\/mx\/articles\/sarah-burton-alexander-mcqueen-ss18\/\",\"name\":\"La deconstrucci\u00f3n de Sarah Burton para Alexander McQueen SS18 | Grazia M\u00e9xico y Latinoam\u00e9rica\",\"isPartOf\":{\"@id\":\"https:\/\/graziamagazine.com\/mx\/#website\"},\"datePublished\":\"2017-10-07T00:07:37+00:00\",\"dateModified\":\"2019-12-23T16:59:48+00:00\",\"description\":\"Sarah Burton mantiene la esencia de Alexander McQueen viva. Deconstruyendo la historia y agregando elementos rom\u00e1nticos, esta es su propuesta para SS18.\",\"breadcrumb\":{\"@id\":\"https:\/\/graziamagazine.com\/mx\/articles\/sarah-burton-alexander-mcqueen-ss18\/#breadcrumb\"},\"inLanguage\":\"es-MX\",\"potentialAction\":[{\"@type\":\"ReadAction\",\"target\":[\"https:\/\/graziamagazine.com\/mx\/articles\/sarah-burton-alexander-mcqueen-ss18\/\"]}]},{\"@type\":\"BreadcrumbList\",\"@id\":\"https:\/\/graziamagazine.com\/mx\/articles\/sarah-burton-alexander-mcqueen-ss18\/#breadcrumb\",\"itemListElement\":[{\"@type\":\"ListItem\",\"position\":1,\"name\":\"Home\",\"item\":\"https:\/\/graziamagazine.com\/mx\/\"},{\"@type\":\"ListItem\",\"position\":2,\"name\":\"La deconstrucci\u00f3n de Sarah Burton para Alexander McQueen SS18\"}]},{\"@type\":\"WebSite\",\"@id\":\"https:\/\/graziamagazine.com\/mx\/#website\",\"url\":\"https:\/\/graziamagazine.com\/mx\/\",\"name\":\"Grazia M\u00e9xico y Latinoam\u00e9rica\",\"description\":\"Grazia es moda, belleza y noticias  de actualidad \",\"potentialAction\":[{\"@type\":\"SearchAction\",\"target\":{\"@type\":\"EntryPoint\",\"urlTemplate\":\"https:\/\/graziamagazine.com\/mx\/?s={search_term_string}\"},\"query-input\":\"required name=search_term_string\"}],\"inLanguage\":\"es-MX\"}]}<\/script>\n<!-- \/ Yoast SEO Premium plugin. -->","yoast_head_json":{"title":"La deconstrucci\u00f3n de Sarah Burton para Alexander McQueen SS18 | Grazia M\u00e9xico y Latinoam\u00e9rica","description":"Sarah Burton mantiene la esencia de Alexander McQueen viva. Deconstruyendo la historia y agregando elementos rom\u00e1nticos, esta es su propuesta para SS18.","robots":{"index":"index","follow":"follow","max-snippet":"max-snippet:-1","max-image-preview":"max-image-preview:large","max-video-preview":"max-video-preview:-1"},"canonical":"https:\/\/graziamagazine.com\/mx\/articles\/sarah-burton-alexander-mcqueen-ss18\/","og_locale":"es_MX","og_type":"article","og_title":"La deconstrucci\u00f3n de Sarah Burton para Alexander McQueen SS18","og_description":"Sarah Burton mantiene la esencia de Alexander McQueen viva. Deconstruyendo la historia y agregando elementos rom\u00e1nticos, esta es su propuesta para SS18.","og_url":"https:\/\/graziamagazine.com\/mx\/articles\/sarah-burton-alexander-mcqueen-ss18\/","og_site_name":"Grazia M\u00e9xico y Latinoam\u00e9rica","article_modified_time":"2019-12-23T16:59:48+00:00","og_image":[{"width":683,"height":406,"url":"https:\/\/graziamagazine.com\/mx\/wp-content\/uploads\/sites\/13\/2017\/10\/ALEXANDER-MCQUEEN-SARAH-BURTON-SS18-DESTACADA.jpg?fit=683%2C406","type":"image\/jpeg"}],"twitter_card":"summary_large_image","twitter_misc":{"Est. reading time":"1 minuto"},"schema":{"@context":"https:\/\/schema.org","@graph":[{"@type":"WebPage","@id":"https:\/\/graziamagazine.com\/mx\/articles\/sarah-burton-alexander-mcqueen-ss18\/","url":"https:\/\/graziamagazine.com\/mx\/articles\/sarah-burton-alexander-mcqueen-ss18\/","name":"La deconstrucci\u00f3n de Sarah Burton para Alexander McQueen SS18 | Grazia M\u00e9xico y Latinoam\u00e9rica","isPartOf":{"@id":"https:\/\/graziamagazine.com\/mx\/#website"},"datePublished":"2017-10-07T00:07:37+00:00","dateModified":"2019-12-23T16:59:48+00:00","description":"Sarah Burton mantiene la esencia de Alexander McQueen viva. Deconstruyendo la historia y agregando elementos rom\u00e1nticos, esta es su propuesta para SS18.","breadcrumb":{"@id":"https:\/\/graziamagazine.com\/mx\/articles\/sarah-burton-alexander-mcqueen-ss18\/#breadcrumb"},"inLanguage":"es-MX","potentialAction":[{"@type":"ReadAction","target":["https:\/\/graziamagazine.com\/mx\/articles\/sarah-burton-alexander-mcqueen-ss18\/"]}]},{"@type":"BreadcrumbList","@id":"https:\/\/graziamagazine.com\/mx\/articles\/sarah-burton-alexander-mcqueen-ss18\/#breadcrumb","itemListElement":[{"@type":"ListItem","position":1,"name":"Home","item":"https:\/\/graziamagazine.com\/mx\/"},{"@type":"ListItem","position":2,"name":"La deconstrucci\u00f3n de Sarah Burton para Alexander McQueen SS18"}]},{"@type":"WebSite","@id":"https:\/\/graziamagazine.com\/mx\/#website","url":"https:\/\/graziamagazine.com\/mx\/","name":"Grazia M\u00e9xico y Latinoam\u00e9rica","description":"Grazia es moda, belleza y noticias  de actualidad ","potentialAction":[{"@type":"SearchAction","target":{"@type":"EntryPoint","urlTemplate":"https:\/\/graziamagazine.com\/mx\/?s={search_term_string}"},"query-input":"required name=search_term_string"}],"inLanguage":"es-MX"}]}},"jetpack_sharing_enabled":true,"distributor_meta":false,"distributor_terms":false,"distributor_media":false,"distributor_original_site_name":"Grazia M\u00e9xico y Latinoam\u00e9rica","distributor_original_site_url":"https:\/\/graziamagazine.com\/mx","push-errors":false,"_links":{"self":[{"href":"https:\/\/graziamagazine.com\/mx\/wp-json\/wp\/v2\/articles\/33938"}],"collection":[{"href":"https:\/\/graziamagazine.com\/mx\/wp-json\/wp\/v2\/articles"}],"about":[{"href":"https:\/\/graziamagazine.com\/mx\/wp-json\/wp\/v2\/types\/articles"}],"author":[{"embeddable":true,"href":"https:\/\/graziamagazine.com\/mx\/wp-json\/wp\/v2\/users\/11641"}],"wp:featuredmedia":[{"embeddable":true,"href":"https:\/\/graziamagazine.com\/mx\/wp-json\/wp\/v2\/media\/33951"}],"wp:attachment":[{"href":"https:\/\/graziamagazine.com\/mx\/wp-json\/wp\/v2\/media?parent=33938"}],"wp:term":[{"taxonomy":"category","embeddable":true,"href":"https:\/\/graziamagazine.com\/mx\/wp-json\/wp\/v2\/categories?post=33938"}],"curies":[{"name":"wp","href":"https:\/\/api.w.org\/{rel}","templated":true}]}}