{"id":3328,"date":"2016-07-19T11:02:45","date_gmt":"2016-07-19T17:02:45","guid":{"rendered":"https:\/\/graziamagazine.com\/mx\/?p=3328"},"modified":"2016-07-21T11:27:50","modified_gmt":"2016-07-21T17:27:50","slug":"gucci-chamarra-denim","status":"publish","type":"articles","link":"https:\/\/graziamagazine.com\/mx\/articles\/gucci-chamarra-denim\/","title":{"rendered":"LA CHAMARRA DE DENIM CON PARCHES DE LA QUE TODOS EST\u00c1N HABLANDO"},"content":{"rendered":"<p>Sus bordados de inspiraci\u00f3n artesanal tienen todo el <em>allure<\/em> del encanto italiano.<!--more--><\/p>\n<p>Desde que Alessandro Michele tom\u00f3 el mando de Prada, el mundo entero ha ca\u00eddo rendido a sus pies. Su est\u00e9tica que oscila entre lo caricaturesco y el lujo ha vuelto a la firma un fen\u00f3meno sobre la pasarela, en las calles y sobre todo, en redes sociales.<\/p>\n<p>El dise\u00f1ador ha logrado que los hombres se olviden del mito de que los colores pasteles son s\u00f3lo para mujeres e incluso, que lleven bordados de mariposa en sus atuendos. Hablamos de la chaqueta de denim que Kanye West y Jay Z ya tienen en su armario y que protagoniza la temporada Pre Fall 2016.<\/p>\n<p><strong>El furor por los parches<\/strong><\/p>\n<p><img loading=\"lazy\" decoding=\"async\" class=\"alignnone size-full wp-image-3330\" src=\"https:\/\/graziamagazine.com\/mx\/wp-content\/uploads\/sites\/13\/2016\/07\/438988_XR314_4271_003_100_0000_Light-Jeanshose-exklusivem-Gucci-Garden-1.jpg\" alt=\"438988_XR314_4271_003_100_0000_Light-Jeanshose-exklusivem-Gucci-Garden\" width=\"2400\" height=\"1197\" srcset=\"https:\/\/graziamagazine.com\/mx\/wp-content\/uploads\/sites\/13\/2016\/07\/438988_XR314_4271_003_100_0000_Light-Jeanshose-exklusivem-Gucci-Garden-1.jpg 2400w, https:\/\/graziamagazine.com\/mx\/wp-content\/uploads\/sites\/13\/2016\/07\/438988_XR314_4271_003_100_0000_Light-Jeanshose-exklusivem-Gucci-Garden-1.jpg?resize=450,224 450w, https:\/\/graziamagazine.com\/mx\/wp-content\/uploads\/sites\/13\/2016\/07\/438988_XR314_4271_003_100_0000_Light-Jeanshose-exklusivem-Gucci-Garden-1.jpg?resize=768,383 768w, https:\/\/graziamagazine.com\/mx\/wp-content\/uploads\/sites\/13\/2016\/07\/438988_XR314_4271_003_100_0000_Light-Jeanshose-exklusivem-Gucci-Garden-1.jpg?resize=1024,511 1024w, https:\/\/graziamagazine.com\/mx\/wp-content\/uploads\/sites\/13\/2016\/07\/438988_XR314_4271_003_100_0000_Light-Jeanshose-exklusivem-Gucci-Garden-1.jpg?resize=1536,766 1536w, https:\/\/graziamagazine.com\/mx\/wp-content\/uploads\/sites\/13\/2016\/07\/438988_XR314_4271_003_100_0000_Light-Jeanshose-exklusivem-Gucci-Garden-1.jpg?resize=2048,1021 2048w, https:\/\/graziamagazine.com\/mx\/wp-content\/uploads\/sites\/13\/2016\/07\/438988_XR314_4271_003_100_0000_Light-Jeanshose-exklusivem-Gucci-Garden-1.jpg?resize=155,77 155w\" sizes=\"(max-width: 2400px) 100vw, 2400px\" \/><\/p>\n<p>Dime lo que buscas y seguro lo encuentras con parches. Desde que dise\u00f1adores como Anya Hindmarch y Proenza Schouler comenzaron a experimentar con la personalizaci\u00f3n de sus accesorios, muchos dise\u00f1adores m\u00e1s se dejaron llevar por lo que al poco tiempo se convirti\u00f3 en tendencia.<\/p>\n<p>Particularmente, Gucci ha sabido seguir esta oleada de estilo a la vez que le ha imprimido su propio sello. Quiz\u00e1s, hace algunos a\u00f1os llevar una blusa de gatitos te parec\u00eda rid\u00edculo, pero Alessandro ha hecho que reconsideres tu opini\u00f3n y justo esto sucedi\u00f3 con su propuesta para ambas l\u00edneas, masculina y femenina.<\/p>\n<p>En el caso de nosotras, los pantalones acampanados con bordados florales se combinan con bomber jackets de dram\u00e1tico estampado y color. Los hombres disponen de toda una selecci\u00f3n de piezas en mezclilla de las cuales destacan pantalones con enredaderas y aves y tres chaquetas distintas para hacer un verdadero statement.<\/p>\n<p><strong>De la alta costura al fast fashion<\/strong><\/p>\n<p><img loading=\"lazy\" decoding=\"async\" class=\"alignnone size-full wp-image-3331\" src=\"https:\/\/graziamagazine.com\/mx\/wp-content\/uploads\/sites\/13\/2016\/07\/zaraden-1.jpg\" alt=\"zaraden\" width=\"1920\" height=\"1466\" srcset=\"https:\/\/graziamagazine.com\/mx\/wp-content\/uploads\/sites\/13\/2016\/07\/zaraden-1.jpg 1920w, https:\/\/graziamagazine.com\/mx\/wp-content\/uploads\/sites\/13\/2016\/07\/zaraden-1.jpg?resize=450,344 450w, https:\/\/graziamagazine.com\/mx\/wp-content\/uploads\/sites\/13\/2016\/07\/zaraden-1.jpg?resize=768,586 768w, https:\/\/graziamagazine.com\/mx\/wp-content\/uploads\/sites\/13\/2016\/07\/zaraden-1.jpg?resize=1024,782 1024w, https:\/\/graziamagazine.com\/mx\/wp-content\/uploads\/sites\/13\/2016\/07\/zaraden-1.jpg?resize=1536,1173 1536w, https:\/\/graziamagazine.com\/mx\/wp-content\/uploads\/sites\/13\/2016\/07\/zaraden-1.jpg?resize=155,118 155w\" sizes=\"(max-width: 1920px) 100vw, 1920px\" \/><\/p>\n<p>Era cuesti\u00f3n de tiempo para que las grandes del fast fashion hicieran su propia reinterpretaci\u00f3n de la viral prenda. Esta temporada, Zara incluy\u00f3 unos jeans y una chamarra bordados que si bien no replican la vibra Gucci, s\u00ed demuestran que la industria se resiste a dejar morir lo que la casa inici\u00f3.<\/p>\n<p>Por su parte, la tienda en l\u00ednea ASOS tiene su propia selecci\u00f3n de chaquetas disponibles para todos los presupuestos. Una en espec\u00edfico, demuestra un evidente homenaje a la firma italiana con la frase \u201cAmore M\u00edo\u201d en la espalda y flores en las mangas.<\/p>\n<p>Italia est\u00e1 m\u00e1s hot que nunca y aquellos dise\u00f1adores que cimentaron las reglas de estilo de este a\u00f1o, parecen siempre tener algo m\u00e1s debajo de la manga. \u00a1Viva Italia!<\/p>\n<p><img loading=\"lazy\" decoding=\"async\" class=\"alignnone size-full wp-image-3332\" src=\"https:\/\/graziamagazine.com\/mx\/wp-content\/uploads\/sites\/13\/2016\/07\/denimasos-1.jpg\" alt=\"denimasos\" width=\"870\" height=\"1110\" srcset=\"https:\/\/graziamagazine.com\/mx\/wp-content\/uploads\/sites\/13\/2016\/07\/denimasos-1.jpg 870w, https:\/\/graziamagazine.com\/mx\/wp-content\/uploads\/sites\/13\/2016\/07\/denimasos-1.jpg?resize=353,450 353w, https:\/\/graziamagazine.com\/mx\/wp-content\/uploads\/sites\/13\/2016\/07\/denimasos-1.jpg?resize=768,980 768w, https:\/\/graziamagazine.com\/mx\/wp-content\/uploads\/sites\/13\/2016\/07\/denimasos-1.jpg?resize=803,1024 803w, https:\/\/graziamagazine.com\/mx\/wp-content\/uploads\/sites\/13\/2016\/07\/denimasos-1.jpg?resize=155,198 155w\" sizes=\"(max-width: 870px) 100vw, 870px\" \/><\/p>\n<p>&nbsp;<\/p>\n","protected":false},"author":11629,"featured_media":3329,"template":"","format":"standard","categories":[4],"acf":[],"yoast_head":"<!-- This site is optimized with the Yoast SEO Premium plugin v18.5 (Yoast SEO v20.4) - https:\/\/yoast.com\/wordpress\/plugins\/seo\/ -->\n<title>LA CHAMARRA DE DENIM CON PARCHES DE LA QUE TODOS EST\u00c1N HABLANDO | Grazia M\u00e9xico y Latinoam\u00e9rica<\/title>\n<meta name=\"description\" content=\"Sus bordados de inspiraci\u00f3n artesanal tienen todo el allure del encanto italiano. Desde que Alessandro Michele tom\u00f3 el mando de Prada, el mundo entero ha\" \/>\n<meta name=\"robots\" content=\"index, follow, max-snippet:-1, max-image-preview:large, max-video-preview:-1\" \/>\n<link rel=\"canonical\" href=\"https:\/\/graziamagazine.com\/mx\/articles\/gucci-chamarra-denim\/\" \/>\n<meta property=\"og:locale\" content=\"es_MX\" \/>\n<meta property=\"og:type\" content=\"article\" \/>\n<meta property=\"og:title\" content=\"LA CHAMARRA DE DENIM CON PARCHES DE LA QUE TODOS EST\u00c1N HABLANDO\" \/>\n<meta property=\"og:description\" content=\"Sus bordados de inspiraci\u00f3n artesanal tienen todo el allure del encanto italiano. Desde que Alessandro Michele tom\u00f3 el mando de Prada, el mundo entero ha\" \/>\n<meta property=\"og:url\" content=\"https:\/\/graziamagazine.com\/mx\/articles\/gucci-chamarra-denim\/\" \/>\n<meta property=\"og:site_name\" content=\"Grazia M\u00e9xico y Latinoam\u00e9rica\" \/>\n<meta property=\"article:modified_time\" content=\"2016-07-21T17:27:50+00:00\" \/>\n<meta property=\"og:image\" content=\"https:\/\/graziamagazine.com\/mx\/wp-content\/uploads\/sites\/13\/2016\/07\/carrete-1.jpg?fit=970%2C600\" \/>\n\t<meta property=\"og:image:width\" content=\"970\" \/>\n\t<meta property=\"og:image:height\" content=\"600\" \/>\n\t<meta property=\"og:image:type\" content=\"image\/jpeg\" \/>\n<meta name=\"twitter:card\" content=\"summary_large_image\" \/>\n<meta name=\"twitter:label1\" content=\"Est. reading time\" \/>\n\t<meta name=\"twitter:data1\" content=\"2 minutos\" \/>\n<script type=\"application\/ld+json\" class=\"yoast-schema-graph\">{\"@context\":\"https:\/\/schema.org\",\"@graph\":[{\"@type\":\"WebPage\",\"@id\":\"https:\/\/graziamagazine.com\/mx\/articles\/gucci-chamarra-denim\/\",\"url\":\"https:\/\/graziamagazine.com\/mx\/articles\/gucci-chamarra-denim\/\",\"name\":\"LA CHAMARRA DE DENIM CON PARCHES DE LA QUE TODOS EST\u00c1N HABLANDO | Grazia M\u00e9xico y Latinoam\u00e9rica\",\"isPartOf\":{\"@id\":\"https:\/\/graziamagazine.com\/mx\/#website\"},\"datePublished\":\"2016-07-19T17:02:45+00:00\",\"dateModified\":\"2016-07-21T17:27:50+00:00\",\"description\":\"Sus bordados de inspiraci\u00f3n artesanal tienen todo el allure del encanto italiano. Desde que Alessandro Michele tom\u00f3 el mando de Prada, el mundo entero ha\",\"breadcrumb\":{\"@id\":\"https:\/\/graziamagazine.com\/mx\/articles\/gucci-chamarra-denim\/#breadcrumb\"},\"inLanguage\":\"es-MX\",\"potentialAction\":[{\"@type\":\"ReadAction\",\"target\":[\"https:\/\/graziamagazine.com\/mx\/articles\/gucci-chamarra-denim\/\"]}]},{\"@type\":\"BreadcrumbList\",\"@id\":\"https:\/\/graziamagazine.com\/mx\/articles\/gucci-chamarra-denim\/#breadcrumb\",\"itemListElement\":[{\"@type\":\"ListItem\",\"position\":1,\"name\":\"Home\",\"item\":\"https:\/\/graziamagazine.com\/mx\/\"},{\"@type\":\"ListItem\",\"position\":2,\"name\":\"LA CHAMARRA DE DENIM CON PARCHES DE LA QUE TODOS EST\u00c1N HABLANDO\"}]},{\"@type\":\"WebSite\",\"@id\":\"https:\/\/graziamagazine.com\/mx\/#website\",\"url\":\"https:\/\/graziamagazine.com\/mx\/\",\"name\":\"Grazia M\u00e9xico y Latinoam\u00e9rica\",\"description\":\"Grazia es moda, belleza y noticias  de actualidad \",\"potentialAction\":[{\"@type\":\"SearchAction\",\"target\":{\"@type\":\"EntryPoint\",\"urlTemplate\":\"https:\/\/graziamagazine.com\/mx\/?s={search_term_string}\"},\"query-input\":\"required name=search_term_string\"}],\"inLanguage\":\"es-MX\"}]}<\/script>\n<!-- \/ Yoast SEO Premium plugin. -->","yoast_head_json":{"title":"LA CHAMARRA DE DENIM CON PARCHES DE LA QUE TODOS EST\u00c1N HABLANDO | Grazia M\u00e9xico y Latinoam\u00e9rica","description":"Sus bordados de inspiraci\u00f3n artesanal tienen todo el allure del encanto italiano. Desde que Alessandro Michele tom\u00f3 el mando de Prada, el mundo entero ha","robots":{"index":"index","follow":"follow","max-snippet":"max-snippet:-1","max-image-preview":"max-image-preview:large","max-video-preview":"max-video-preview:-1"},"canonical":"https:\/\/graziamagazine.com\/mx\/articles\/gucci-chamarra-denim\/","og_locale":"es_MX","og_type":"article","og_title":"LA CHAMARRA DE DENIM CON PARCHES DE LA QUE TODOS EST\u00c1N HABLANDO","og_description":"Sus bordados de inspiraci\u00f3n artesanal tienen todo el allure del encanto italiano. Desde que Alessandro Michele tom\u00f3 el mando de Prada, el mundo entero ha","og_url":"https:\/\/graziamagazine.com\/mx\/articles\/gucci-chamarra-denim\/","og_site_name":"Grazia M\u00e9xico y Latinoam\u00e9rica","article_modified_time":"2016-07-21T17:27:50+00:00","og_image":[{"width":970,"height":600,"url":"https:\/\/graziamagazine.com\/mx\/wp-content\/uploads\/sites\/13\/2016\/07\/carrete-1.jpg?fit=970%2C600","type":"image\/jpeg"}],"twitter_card":"summary_large_image","twitter_misc":{"Est. reading time":"2 minutos"},"schema":{"@context":"https:\/\/schema.org","@graph":[{"@type":"WebPage","@id":"https:\/\/graziamagazine.com\/mx\/articles\/gucci-chamarra-denim\/","url":"https:\/\/graziamagazine.com\/mx\/articles\/gucci-chamarra-denim\/","name":"LA CHAMARRA DE DENIM CON PARCHES DE LA QUE TODOS EST\u00c1N HABLANDO | Grazia M\u00e9xico y Latinoam\u00e9rica","isPartOf":{"@id":"https:\/\/graziamagazine.com\/mx\/#website"},"datePublished":"2016-07-19T17:02:45+00:00","dateModified":"2016-07-21T17:27:50+00:00","description":"Sus bordados de inspiraci\u00f3n artesanal tienen todo el allure del encanto italiano. Desde que Alessandro Michele tom\u00f3 el mando de Prada, el mundo entero ha","breadcrumb":{"@id":"https:\/\/graziamagazine.com\/mx\/articles\/gucci-chamarra-denim\/#breadcrumb"},"inLanguage":"es-MX","potentialAction":[{"@type":"ReadAction","target":["https:\/\/graziamagazine.com\/mx\/articles\/gucci-chamarra-denim\/"]}]},{"@type":"BreadcrumbList","@id":"https:\/\/graziamagazine.com\/mx\/articles\/gucci-chamarra-denim\/#breadcrumb","itemListElement":[{"@type":"ListItem","position":1,"name":"Home","item":"https:\/\/graziamagazine.com\/mx\/"},{"@type":"ListItem","position":2,"name":"LA CHAMARRA DE DENIM CON PARCHES DE LA QUE TODOS EST\u00c1N HABLANDO"}]},{"@type":"WebSite","@id":"https:\/\/graziamagazine.com\/mx\/#website","url":"https:\/\/graziamagazine.com\/mx\/","name":"Grazia M\u00e9xico y Latinoam\u00e9rica","description":"Grazia es moda, belleza y noticias  de actualidad ","potentialAction":[{"@type":"SearchAction","target":{"@type":"EntryPoint","urlTemplate":"https:\/\/graziamagazine.com\/mx\/?s={search_term_string}"},"query-input":"required name=search_term_string"}],"inLanguage":"es-MX"}]}},"jetpack_sharing_enabled":true,"distributor_meta":false,"distributor_terms":false,"distributor_media":false,"distributor_original_site_name":"Grazia M\u00e9xico y Latinoam\u00e9rica","distributor_original_site_url":"https:\/\/graziamagazine.com\/mx","push-errors":false,"_links":{"self":[{"href":"https:\/\/graziamagazine.com\/mx\/wp-json\/wp\/v2\/articles\/3328"}],"collection":[{"href":"https:\/\/graziamagazine.com\/mx\/wp-json\/wp\/v2\/articles"}],"about":[{"href":"https:\/\/graziamagazine.com\/mx\/wp-json\/wp\/v2\/types\/articles"}],"author":[{"embeddable":true,"href":"https:\/\/graziamagazine.com\/mx\/wp-json\/wp\/v2\/users\/11629"}],"wp:featuredmedia":[{"embeddable":true,"href":"https:\/\/graziamagazine.com\/mx\/wp-json\/wp\/v2\/media\/3329"}],"wp:attachment":[{"href":"https:\/\/graziamagazine.com\/mx\/wp-json\/wp\/v2\/media?parent=3328"}],"wp:term":[{"taxonomy":"category","embeddable":true,"href":"https:\/\/graziamagazine.com\/mx\/wp-json\/wp\/v2\/categories?post=3328"}],"curies":[{"name":"wp","href":"https:\/\/api.w.org\/{rel}","templated":true}]}}