{"id":33140,"date":"2017-10-02T09:45:10","date_gmt":"2017-10-02T15:45:10","guid":{"rendered":"https:\/\/graziamagazine.com\/mx\/?p=33140"},"modified":"2017-10-02T09:45:28","modified_gmt":"2017-10-02T15:45:28","slug":"hocus-pocus-regresara-disney","status":"publish","type":"articles","link":"https:\/\/graziamagazine.com\/mx\/articles\/hocus-pocus-regresara-disney\/","title":{"rendered":"HOCUS POCUS REGRESAR\u00c1 24 A\u00d1OS DESPU\u00c9S"},"content":{"rendered":"<p><b>El tr\u00edo de las brujas hermanas volver\u00e1 a decir Hocus Pocus con una secuela para Disney Channel. Pero hay un detalle que NO te va a gustar&#8230;<\/b><\/p>\n<p><!--more--><\/p>\n<p><span style=\"font-weight: 400;\">En <\/span><b>2015<\/b><span style=\"font-weight: 400;\">, <\/span><b>Bette Midler<\/b><span style=\"font-weight: 400;\"> ofreci\u00f3 una <a href=\"https:\/\/www.facebook.com\/BetteMidler\/posts\/977316588994476\" target=\"_blank\" rel=\"noopener\" target=\"_blank\"><strong>sesi\u00f3n<\/strong><\/a> de preguntas y respuestas en vivo a trav\u00e9s de su <em>fanpage<\/em> oficial y la pregunta que todos hicieron obtuvo su respuesta:<\/span><\/p>\n<blockquote><p><b><i>\u201cDespu\u00e9s de todos estos a\u00f1os y de la demanda de fans, creo que puedo darles un inequ\u00edvoco y firme no\u201d.<\/i><\/b><\/p><\/blockquote>\n<p><span style=\"font-weight: 400;\">La actriz que interpret\u00f3 a <\/span><b>Winifred<\/b><span style=\"font-weight: 400;\">, la bruja l\u00edder de<\/span><b> \u201cHocus Pocus\u201d<\/b><span style=\"font-weight: 400;\">, disolv\u00eda los sue\u00f1os de todos quienes de ni\u00f1os nos emocionabamos por verla en <\/span><b>Halloween<\/b><span style=\"font-weight: 400;\">.<\/span><\/p>\n<p><span style=\"font-weight: 400;\">Sin embargo, dos a\u00f1os despu\u00e9s el <a href=\"http:\/\/variety.com\/2017\/tv\/news\/hocus-pocus-television-remake-disney-channel-1202576062\/\" target=\"_blank\" rel=\"noopener\" target=\"_blank\"><strong>anuncio<\/strong><\/a> es otro:<\/span><b> Disney Channel <\/b><span style=\"font-weight: 400;\">trabajar\u00e1 en una secuela a la historia de las brujas de <\/span><b>Salem<\/b><span style=\"font-weight: 400;\">.<\/span><\/p>\n<p>&nbsp;<\/p>\n<p><img loading=\"lazy\" decoding=\"async\" width=\"500\" height=\"219\" class=\"alignnone size-full wp-image-33143\" src=\"https:\/\/graziamagazine.com\/mx\/wp-content\/uploads\/sites\/13\/2017\/10\/HOCUS-POCUS-DISNEY-CHANNEL-1.gif\" alt=\"HOCUS-POCUS-DISNEY-CHANNEL-1\" \/><\/p>\n<p>&nbsp;<\/p>\n<p><span style=\"font-weight: 400;\">La mala noticia es que ni el director de la original,<\/span><b> Kenny Ortega <\/b><span style=\"font-weight: 400;\">\u2013responsable de varios <\/span><b>Disney Originals<\/b><span style=\"font-weight: 400;\"> como <\/span><b>High School Musical<\/b><span style=\"font-weight: 400;\">\u2013 ni el elenco, formar\u00e1n parte de ello.<\/span><\/p>\n<p><span style=\"font-weight: 400;\">Por el contrario, ser\u00e1<\/span><b> David Kirschner<\/b><span style=\"font-weight: 400;\"> \u2013productor de <\/span><b><i>\u201cThe Royals\u201d<\/i><\/b><span style=\"font-weight: 400;\">\u2013 quien comandar\u00e1 el proyecto.<\/span><\/p>\n<p><span style=\"font-weight: 400;\">Naturalmente, los seguidores de las aventuras de <\/span><b>Sarah<\/b><span style=\"font-weight: 400;\"> (<\/span><b>Sarah Jessica Parker<\/b><span style=\"font-weight: 400;\">), <\/span><b>Mary<\/b><span style=\"font-weight: 400;\"> (<\/span><b>Kathy Najimy<\/b><span style=\"font-weight: 400;\">) y <\/span><b>Winifred Sanderson <\/b><span style=\"font-weight: 400;\">(<\/span><b>Bette Midler<\/b><span style=\"font-weight: 400;\">) no pudieron evitar quejarse de este inesperado giro al cl\u00e1sico.<\/span><\/p>\n<p><span style=\"font-weight: 400;\">Habr\u00e1 que esperar a ver c\u00f3mo el canal cuenta su versi\u00f3n y con un p\u00fablico mucho m\u00e1s demandante.<\/span><\/p>\n<p>&nbsp;<\/p>\n<p><span style=\"font-weight: 400;\">\u00bfLa ver\u00e1s?<\/span><\/p>\n<p>&nbsp;<\/p>\n<p><img loading=\"lazy\" decoding=\"async\" width=\"400\" height=\"217\" class=\"alignnone size-full wp-image-33144\" src=\"https:\/\/graziamagazine.com\/mx\/wp-content\/uploads\/sites\/13\/2017\/10\/HOCUS-POCUS-DISNEY-CHANNEL-2.gif\" alt=\"HOCUS-POCUS-DISNEY-CHANNEL-2\" \/><\/p>\n<h5><b><i>*IM\u00c1GENES: Cortes\u00eda Disney \/ GIPHY.<\/i><\/b><\/h5>\n","protected":false},"author":11634,"featured_media":33142,"template":"","format":"standard","categories":[2,5],"acf":[],"yoast_head":"<!-- This site is optimized with the Yoast SEO Premium plugin v18.5 (Yoast SEO v20.4) - https:\/\/yoast.com\/wordpress\/plugins\/seo\/ -->\n<title>HOCUS POCUS REGRESAR\u00c1 24 A\u00d1OS DESPU\u00c9S | Grazia M\u00e9xico y Latinoam\u00e9rica<\/title>\n<meta name=\"description\" content=\"El tr\u00edo de las brujas hermanas volver\u00e1 a decir Hocus Pocus con una secuela para Disney Channel. Pero hay un detalle que NO te va a gustar...\" \/>\n<meta name=\"robots\" content=\"index, follow, max-snippet:-1, max-image-preview:large, max-video-preview:-1\" \/>\n<link rel=\"canonical\" href=\"https:\/\/graziamagazine.com\/mx\/articles\/hocus-pocus-regresara-disney\/\" \/>\n<meta property=\"og:locale\" content=\"es_MX\" \/>\n<meta property=\"og:type\" content=\"article\" \/>\n<meta property=\"og:title\" content=\"HOCUS POCUS REGRESAR\u00c1 24 A\u00d1OS DESPU\u00c9S\" \/>\n<meta property=\"og:description\" content=\"El tr\u00edo de las brujas hermanas volver\u00e1 a decir Hocus Pocus con una secuela para Disney Channel. Pero hay un detalle que NO te va a gustar...\" \/>\n<meta property=\"og:url\" content=\"https:\/\/graziamagazine.com\/mx\/articles\/hocus-pocus-regresara-disney\/\" \/>\n<meta property=\"og:site_name\" content=\"Grazia M\u00e9xico y Latinoam\u00e9rica\" \/>\n<meta property=\"article:modified_time\" content=\"2017-10-02T15:45:28+00:00\" \/>\n<meta property=\"og:image\" content=\"https:\/\/graziamagazine.com\/mx\/wp-content\/uploads\/sites\/13\/2017\/10\/HOCUS-POCUS-DISNEY-CHANNEL-DESTACADA.jpg?fit=1600%2C733\" \/>\n\t<meta property=\"og:image:width\" content=\"1600\" \/>\n\t<meta property=\"og:image:height\" content=\"733\" \/>\n\t<meta property=\"og:image:type\" content=\"image\/jpeg\" \/>\n<meta name=\"twitter:card\" content=\"summary_large_image\" \/>\n<meta name=\"twitter:label1\" content=\"Est. reading time\" \/>\n\t<meta name=\"twitter:data1\" content=\"1 minuto\" \/>\n<script type=\"application\/ld+json\" class=\"yoast-schema-graph\">{\"@context\":\"https:\/\/schema.org\",\"@graph\":[{\"@type\":\"WebPage\",\"@id\":\"https:\/\/graziamagazine.com\/mx\/articles\/hocus-pocus-regresara-disney\/\",\"url\":\"https:\/\/graziamagazine.com\/mx\/articles\/hocus-pocus-regresara-disney\/\",\"name\":\"HOCUS POCUS REGRESAR\u00c1 24 A\u00d1OS DESPU\u00c9S | Grazia M\u00e9xico y Latinoam\u00e9rica\",\"isPartOf\":{\"@id\":\"https:\/\/graziamagazine.com\/mx\/#website\"},\"datePublished\":\"2017-10-02T15:45:10+00:00\",\"dateModified\":\"2017-10-02T15:45:28+00:00\",\"description\":\"El tr\u00edo de las brujas hermanas volver\u00e1 a decir Hocus Pocus con una secuela para Disney Channel. Pero hay un detalle que NO te va a gustar...\",\"breadcrumb\":{\"@id\":\"https:\/\/graziamagazine.com\/mx\/articles\/hocus-pocus-regresara-disney\/#breadcrumb\"},\"inLanguage\":\"es-MX\",\"potentialAction\":[{\"@type\":\"ReadAction\",\"target\":[\"https:\/\/graziamagazine.com\/mx\/articles\/hocus-pocus-regresara-disney\/\"]}]},{\"@type\":\"BreadcrumbList\",\"@id\":\"https:\/\/graziamagazine.com\/mx\/articles\/hocus-pocus-regresara-disney\/#breadcrumb\",\"itemListElement\":[{\"@type\":\"ListItem\",\"position\":1,\"name\":\"Home\",\"item\":\"https:\/\/graziamagazine.com\/mx\/\"},{\"@type\":\"ListItem\",\"position\":2,\"name\":\"HOCUS POCUS REGRESAR\u00c1 24 A\u00d1OS DESPU\u00c9S\"}]},{\"@type\":\"WebSite\",\"@id\":\"https:\/\/graziamagazine.com\/mx\/#website\",\"url\":\"https:\/\/graziamagazine.com\/mx\/\",\"name\":\"Grazia M\u00e9xico y Latinoam\u00e9rica\",\"description\":\"Grazia es moda, belleza y noticias  de actualidad \",\"potentialAction\":[{\"@type\":\"SearchAction\",\"target\":{\"@type\":\"EntryPoint\",\"urlTemplate\":\"https:\/\/graziamagazine.com\/mx\/?s={search_term_string}\"},\"query-input\":\"required name=search_term_string\"}],\"inLanguage\":\"es-MX\"}]}<\/script>\n<!-- \/ Yoast SEO Premium plugin. -->","yoast_head_json":{"title":"HOCUS POCUS REGRESAR\u00c1 24 A\u00d1OS DESPU\u00c9S | Grazia M\u00e9xico y Latinoam\u00e9rica","description":"El tr\u00edo de las brujas hermanas volver\u00e1 a decir Hocus Pocus con una secuela para Disney Channel. Pero hay un detalle que NO te va a gustar...","robots":{"index":"index","follow":"follow","max-snippet":"max-snippet:-1","max-image-preview":"max-image-preview:large","max-video-preview":"max-video-preview:-1"},"canonical":"https:\/\/graziamagazine.com\/mx\/articles\/hocus-pocus-regresara-disney\/","og_locale":"es_MX","og_type":"article","og_title":"HOCUS POCUS REGRESAR\u00c1 24 A\u00d1OS DESPU\u00c9S","og_description":"El tr\u00edo de las brujas hermanas volver\u00e1 a decir Hocus Pocus con una secuela para Disney Channel. Pero hay un detalle que NO te va a gustar...","og_url":"https:\/\/graziamagazine.com\/mx\/articles\/hocus-pocus-regresara-disney\/","og_site_name":"Grazia M\u00e9xico y Latinoam\u00e9rica","article_modified_time":"2017-10-02T15:45:28+00:00","og_image":[{"width":1600,"height":733,"url":"https:\/\/graziamagazine.com\/mx\/wp-content\/uploads\/sites\/13\/2017\/10\/HOCUS-POCUS-DISNEY-CHANNEL-DESTACADA.jpg?fit=1600%2C733","type":"image\/jpeg"}],"twitter_card":"summary_large_image","twitter_misc":{"Est. reading time":"1 minuto"},"schema":{"@context":"https:\/\/schema.org","@graph":[{"@type":"WebPage","@id":"https:\/\/graziamagazine.com\/mx\/articles\/hocus-pocus-regresara-disney\/","url":"https:\/\/graziamagazine.com\/mx\/articles\/hocus-pocus-regresara-disney\/","name":"HOCUS POCUS REGRESAR\u00c1 24 A\u00d1OS DESPU\u00c9S | Grazia M\u00e9xico y Latinoam\u00e9rica","isPartOf":{"@id":"https:\/\/graziamagazine.com\/mx\/#website"},"datePublished":"2017-10-02T15:45:10+00:00","dateModified":"2017-10-02T15:45:28+00:00","description":"El tr\u00edo de las brujas hermanas volver\u00e1 a decir Hocus Pocus con una secuela para Disney Channel. Pero hay un detalle que NO te va a gustar...","breadcrumb":{"@id":"https:\/\/graziamagazine.com\/mx\/articles\/hocus-pocus-regresara-disney\/#breadcrumb"},"inLanguage":"es-MX","potentialAction":[{"@type":"ReadAction","target":["https:\/\/graziamagazine.com\/mx\/articles\/hocus-pocus-regresara-disney\/"]}]},{"@type":"BreadcrumbList","@id":"https:\/\/graziamagazine.com\/mx\/articles\/hocus-pocus-regresara-disney\/#breadcrumb","itemListElement":[{"@type":"ListItem","position":1,"name":"Home","item":"https:\/\/graziamagazine.com\/mx\/"},{"@type":"ListItem","position":2,"name":"HOCUS POCUS REGRESAR\u00c1 24 A\u00d1OS DESPU\u00c9S"}]},{"@type":"WebSite","@id":"https:\/\/graziamagazine.com\/mx\/#website","url":"https:\/\/graziamagazine.com\/mx\/","name":"Grazia M\u00e9xico y Latinoam\u00e9rica","description":"Grazia es moda, belleza y noticias  de actualidad ","potentialAction":[{"@type":"SearchAction","target":{"@type":"EntryPoint","urlTemplate":"https:\/\/graziamagazine.com\/mx\/?s={search_term_string}"},"query-input":"required name=search_term_string"}],"inLanguage":"es-MX"}]}},"jetpack_sharing_enabled":true,"distributor_meta":false,"distributor_terms":false,"distributor_media":false,"distributor_original_site_name":"Grazia M\u00e9xico y Latinoam\u00e9rica","distributor_original_site_url":"https:\/\/graziamagazine.com\/mx","push-errors":false,"_links":{"self":[{"href":"https:\/\/graziamagazine.com\/mx\/wp-json\/wp\/v2\/articles\/33140"}],"collection":[{"href":"https:\/\/graziamagazine.com\/mx\/wp-json\/wp\/v2\/articles"}],"about":[{"href":"https:\/\/graziamagazine.com\/mx\/wp-json\/wp\/v2\/types\/articles"}],"author":[{"embeddable":true,"href":"https:\/\/graziamagazine.com\/mx\/wp-json\/wp\/v2\/users\/11634"}],"wp:featuredmedia":[{"embeddable":true,"href":"https:\/\/graziamagazine.com\/mx\/wp-json\/wp\/v2\/media\/33142"}],"wp:attachment":[{"href":"https:\/\/graziamagazine.com\/mx\/wp-json\/wp\/v2\/media?parent=33140"}],"wp:term":[{"taxonomy":"category","embeddable":true,"href":"https:\/\/graziamagazine.com\/mx\/wp-json\/wp\/v2\/categories?post=33140"}],"curies":[{"name":"wp","href":"https:\/\/api.w.org\/{rel}","templated":true}]}}