{"id":32519,"date":"2017-09-27T15:14:06","date_gmt":"2017-09-27T21:14:06","guid":{"rendered":"https:\/\/graziamagazine.com\/mx\/?p=32519"},"modified":"2020-02-06T12:20:56","modified_gmt":"2020-02-06T17:20:56","slug":"10-piezas-folk-encontrar-en-zara","status":"publish","type":"articles","link":"https:\/\/graziamagazine.com\/mx\/articles\/10-piezas-folk-encontrar-en-zara\/","title":{"rendered":"10 piezas folk que puedes encontrar en Zara"},"content":{"rendered":"<p><b>De nuestra gu\u00eda de tendencias FW17 de The Big Fashion Issue, te damos 10 piezas Folk que puedes encontrar por un precio accesible.<\/b><\/p>\n<p><!--more--><\/p>\n<h4><b><i>*Descubre nuestra gu\u00eda completa de tendencias y Folk looks favoritos de pasarela en la edici\u00f3n impresa de Grazia septiembre.<\/i><\/b><\/h4>\n<p><span style=\"font-weight: 400;\">El poderoso regreso del <\/span><b><i>Boho<\/i><\/b><span style=\"font-weight: 400;\"> llega a sembrar ra\u00edces en la \u00e9poca en la que el <\/span><i><span style=\"font-weight: 400;\">antifashion<\/span><\/i><span style=\"font-weight: 400;\"> se hab\u00eda convertido en regla.<\/span><\/p>\n<p><span style=\"font-weight: 400;\">Las flores se apoderan de vestidos, faldas, blusas y accesorios, mientras que trepan sobre la mezclilla como enredaderas.<\/span><\/p>\n<p><span style=\"font-weight: 400;\">Aunque la temporada de festivales suele ser la favorita de las <\/span><i><span style=\"font-weight: 400;\">fashionistas<\/span><\/i><span style=\"font-weight: 400;\"> para abrazar los aires campiranos, <\/span><b>Alexander McQueen, Valentino, Etro y Gucci<\/b><span style=\"font-weight: 400;\"> (por mencionar algunos) han hecho de ellos mandatorios en sus colecciones <\/span><b>FW17<\/b><span style=\"font-weight: 400;\">.<\/span><\/p>\n<p><span style=\"font-weight: 400;\">\u00bfTu presupuesto es de mortal? Te damos 10 piezas que puedes encontrar en <\/span><b>Zara.com<\/b><span style=\"font-weight: 400;\"> para imprimirle a tu guardarropa nostalgia y feminidad.<\/span><\/p>\n<p>&nbsp;<\/p>\n<p><img loading=\"lazy\" decoding=\"async\" class=\"alignnone wp-image-32522 size-full\" title=\"10 piezas folk que puedes encontrar en Zara\" src=\"https:\/\/graziamagazine.com\/mx\/wp-content\/uploads\/sites\/13\/2017\/09\/S73_WMFS_FW_Imm_FACEBOOK61.jpg\" alt=\"10 piezas folk que puedes encontrar en Zara\" width=\"581\" height=\"850\" srcset=\"https:\/\/graziamagazine.com\/mx\/wp-content\/uploads\/sites\/13\/2017\/09\/S73_WMFS_FW_Imm_FACEBOOK61.jpg 581w, https:\/\/graziamagazine.com\/mx\/wp-content\/uploads\/sites\/13\/2017\/09\/S73_WMFS_FW_Imm_FACEBOOK61.jpg?resize=308,450 308w, https:\/\/graziamagazine.com\/mx\/wp-content\/uploads\/sites\/13\/2017\/09\/S73_WMFS_FW_Imm_FACEBOOK61.jpg?resize=147,215 147w\" sizes=\"(max-width: 581px) 100vw, 581px\" \/><\/p>\n<h5 style=\"text-align: center;\"><em>Gucci FW17<\/em><\/h5>\n<p>&nbsp;<\/p>\n<h2><b><i>1. En patchwork&#8230;<\/i><\/b><\/h2>\n<p><img loading=\"lazy\" decoding=\"async\" class=\"alignnone wp-image-32528 size-full\" title=\"10 piezas folk que puedes encontrar en Zara\" src=\"https:\/\/graziamagazine.com\/mx\/wp-content\/uploads\/sites\/13\/2017\/09\/ZARA-FOLK-SEPTIEMBRE-4.jpg\" alt=\"10 piezas folk que puedes encontrar en Zara\" width=\"1920\" height=\"2341\" srcset=\"https:\/\/graziamagazine.com\/mx\/wp-content\/uploads\/sites\/13\/2017\/09\/ZARA-FOLK-SEPTIEMBRE-4.jpg 1920w, https:\/\/graziamagazine.com\/mx\/wp-content\/uploads\/sites\/13\/2017\/09\/ZARA-FOLK-SEPTIEMBRE-4.jpg?resize=369,450 369w, https:\/\/graziamagazine.com\/mx\/wp-content\/uploads\/sites\/13\/2017\/09\/ZARA-FOLK-SEPTIEMBRE-4.jpg?resize=768,936 768w, https:\/\/graziamagazine.com\/mx\/wp-content\/uploads\/sites\/13\/2017\/09\/ZARA-FOLK-SEPTIEMBRE-4.jpg?resize=840,1024 840w, https:\/\/graziamagazine.com\/mx\/wp-content\/uploads\/sites\/13\/2017\/09\/ZARA-FOLK-SEPTIEMBRE-4.jpg?resize=1260,1536 1260w, https:\/\/graziamagazine.com\/mx\/wp-content\/uploads\/sites\/13\/2017\/09\/ZARA-FOLK-SEPTIEMBRE-4.jpg?resize=1680,2048 1680w, https:\/\/graziamagazine.com\/mx\/wp-content\/uploads\/sites\/13\/2017\/09\/ZARA-FOLK-SEPTIEMBRE-4.jpg?resize=155,189 155w\" sizes=\"(max-width: 1920px) 100vw, 1920px\" \/><\/p>\n<p><b><i>$1,299.<\/i><\/b><\/p>\n<p>&nbsp;<\/p>\n<h2><b><i>2. En gamuza\u2026<\/i><\/b><\/h2>\n<p><img loading=\"lazy\" decoding=\"async\" class=\"alignnone wp-image-32525 size-full\" title=\"10 piezas folk que puedes encontrar en Zara\" src=\"https:\/\/graziamagazine.com\/mx\/wp-content\/uploads\/sites\/13\/2017\/09\/ZARA-FOLK-SEPTIEMBRE-7.jpg\" alt=\"10 piezas folk que puedes encontrar en Zara\" width=\"1920\" height=\"1232\" srcset=\"https:\/\/graziamagazine.com\/mx\/wp-content\/uploads\/sites\/13\/2017\/09\/ZARA-FOLK-SEPTIEMBRE-7.jpg 1920w, https:\/\/graziamagazine.com\/mx\/wp-content\/uploads\/sites\/13\/2017\/09\/ZARA-FOLK-SEPTIEMBRE-7.jpg?resize=450,289 450w, https:\/\/graziamagazine.com\/mx\/wp-content\/uploads\/sites\/13\/2017\/09\/ZARA-FOLK-SEPTIEMBRE-7.jpg?resize=768,493 768w, https:\/\/graziamagazine.com\/mx\/wp-content\/uploads\/sites\/13\/2017\/09\/ZARA-FOLK-SEPTIEMBRE-7.jpg?resize=1024,657 1024w, https:\/\/graziamagazine.com\/mx\/wp-content\/uploads\/sites\/13\/2017\/09\/ZARA-FOLK-SEPTIEMBRE-7.jpg?resize=1536,986 1536w, https:\/\/graziamagazine.com\/mx\/wp-content\/uploads\/sites\/13\/2017\/09\/ZARA-FOLK-SEPTIEMBRE-7.jpg?resize=155,99 155w\" sizes=\"(max-width: 1920px) 100vw, 1920px\" \/><\/p>\n<p><b><i>$899.<\/i><\/b><\/p>\n<p>&nbsp;<\/p>\n<h2><b><i>3. Con rayas\u2026<\/i><\/b><\/h2>\n<p><img loading=\"lazy\" decoding=\"async\" class=\"alignnone wp-image-32529 size-full\" title=\"10 piezas folk que puedes encontrar en Zara\" src=\"https:\/\/graziamagazine.com\/mx\/wp-content\/uploads\/sites\/13\/2017\/09\/ZARA-FOLK-SEPTIEMBRE-3.jpg\" alt=\"10 piezas folk que puedes encontrar en Zara\" width=\"1920\" height=\"2191\" srcset=\"https:\/\/graziamagazine.com\/mx\/wp-content\/uploads\/sites\/13\/2017\/09\/ZARA-FOLK-SEPTIEMBRE-3.jpg 1920w, https:\/\/graziamagazine.com\/mx\/wp-content\/uploads\/sites\/13\/2017\/09\/ZARA-FOLK-SEPTIEMBRE-3.jpg?resize=394,450 394w, https:\/\/graziamagazine.com\/mx\/wp-content\/uploads\/sites\/13\/2017\/09\/ZARA-FOLK-SEPTIEMBRE-3.jpg?resize=768,876 768w, https:\/\/graziamagazine.com\/mx\/wp-content\/uploads\/sites\/13\/2017\/09\/ZARA-FOLK-SEPTIEMBRE-3.jpg?resize=897,1024 897w, https:\/\/graziamagazine.com\/mx\/wp-content\/uploads\/sites\/13\/2017\/09\/ZARA-FOLK-SEPTIEMBRE-3.jpg?resize=1346,1536 1346w, https:\/\/graziamagazine.com\/mx\/wp-content\/uploads\/sites\/13\/2017\/09\/ZARA-FOLK-SEPTIEMBRE-3.jpg?resize=1795,2048 1795w, https:\/\/graziamagazine.com\/mx\/wp-content\/uploads\/sites\/13\/2017\/09\/ZARA-FOLK-SEPTIEMBRE-3.jpg?resize=155,177 155w\" sizes=\"(max-width: 1920px) 100vw, 1920px\" \/><\/p>\n<p><b><i>$699.<\/i><\/b><\/p>\n<p>&nbsp;<\/p>\n<h2><b><i>4. Mix &amp; Match&#8230;<\/i><\/b><\/h2>\n<p><img loading=\"lazy\" decoding=\"async\" class=\"alignnone wp-image-32524 size-full\" title=\"10 piezas folk que puedes encontrar en Zara\" src=\"https:\/\/graziamagazine.com\/mx\/wp-content\/uploads\/sites\/13\/2017\/09\/ZARA-FOLK-SEPTIEMBRE-8.jpg\" alt=\"10 piezas folk que puedes encontrar en Zara\" width=\"1651\" height=\"790\" srcset=\"https:\/\/graziamagazine.com\/mx\/wp-content\/uploads\/sites\/13\/2017\/09\/ZARA-FOLK-SEPTIEMBRE-8.jpg 1651w, https:\/\/graziamagazine.com\/mx\/wp-content\/uploads\/sites\/13\/2017\/09\/ZARA-FOLK-SEPTIEMBRE-8.jpg?resize=450,215 450w, https:\/\/graziamagazine.com\/mx\/wp-content\/uploads\/sites\/13\/2017\/09\/ZARA-FOLK-SEPTIEMBRE-8.jpg?resize=768,367 768w, https:\/\/graziamagazine.com\/mx\/wp-content\/uploads\/sites\/13\/2017\/09\/ZARA-FOLK-SEPTIEMBRE-8.jpg?resize=1024,490 1024w, https:\/\/graziamagazine.com\/mx\/wp-content\/uploads\/sites\/13\/2017\/09\/ZARA-FOLK-SEPTIEMBRE-8.jpg?resize=1536,735 1536w, https:\/\/graziamagazine.com\/mx\/wp-content\/uploads\/sites\/13\/2017\/09\/ZARA-FOLK-SEPTIEMBRE-8.jpg?resize=155,74 155w\" sizes=\"(max-width: 1651px) 100vw, 1651px\" \/><\/p>\n<p><b><i>$999.<\/i><\/b><\/p>\n<p>&nbsp;<\/p>\n<h2><b><i>5. Sobre transparencias\u2026<\/i><\/b><\/h2>\n<p><img loading=\"lazy\" decoding=\"async\" class=\"alignnone wp-image-32530 size-full\" title=\"10 piezas folk que puedes encontrar en Zara\" src=\"https:\/\/graziamagazine.com\/mx\/wp-content\/uploads\/sites\/13\/2017\/09\/ZARA-FOLK-SEPTIEMBRE-2.jpg\" alt=\"10 piezas folk que puedes encontrar en Zara\" width=\"1920\" height=\"1397\" srcset=\"https:\/\/graziamagazine.com\/mx\/wp-content\/uploads\/sites\/13\/2017\/09\/ZARA-FOLK-SEPTIEMBRE-2.jpg 1920w, https:\/\/graziamagazine.com\/mx\/wp-content\/uploads\/sites\/13\/2017\/09\/ZARA-FOLK-SEPTIEMBRE-2.jpg?resize=450,327 450w, https:\/\/graziamagazine.com\/mx\/wp-content\/uploads\/sites\/13\/2017\/09\/ZARA-FOLK-SEPTIEMBRE-2.jpg?resize=768,559 768w, https:\/\/graziamagazine.com\/mx\/wp-content\/uploads\/sites\/13\/2017\/09\/ZARA-FOLK-SEPTIEMBRE-2.jpg?resize=1024,745 1024w, https:\/\/graziamagazine.com\/mx\/wp-content\/uploads\/sites\/13\/2017\/09\/ZARA-FOLK-SEPTIEMBRE-2.jpg?resize=1536,1118 1536w, https:\/\/graziamagazine.com\/mx\/wp-content\/uploads\/sites\/13\/2017\/09\/ZARA-FOLK-SEPTIEMBRE-2.jpg?resize=155,113 155w\" sizes=\"(max-width: 1920px) 100vw, 1920px\" \/><\/p>\n<p><b><i>$599.<\/i><\/b><\/p>\n<p>&nbsp;<\/p>\n<h2><b><i>6. Little floral dress\u2026<\/i><\/b><\/h2>\n<p><img loading=\"lazy\" decoding=\"async\" class=\"alignnone wp-image-32531 size-full\" title=\"10 piezas folk que puedes encontrar en Zara\" src=\"https:\/\/graziamagazine.com\/mx\/wp-content\/uploads\/sites\/13\/2017\/09\/ZARA-FOLK-SEPTIEMBRE-1.jpg\" alt=\"10 piezas folk que puedes encontrar en Zara\" width=\"1920\" height=\"1803\" srcset=\"https:\/\/graziamagazine.com\/mx\/wp-content\/uploads\/sites\/13\/2017\/09\/ZARA-FOLK-SEPTIEMBRE-1.jpg 1920w, https:\/\/graziamagazine.com\/mx\/wp-content\/uploads\/sites\/13\/2017\/09\/ZARA-FOLK-SEPTIEMBRE-1.jpg?resize=450,423 450w, https:\/\/graziamagazine.com\/mx\/wp-content\/uploads\/sites\/13\/2017\/09\/ZARA-FOLK-SEPTIEMBRE-1.jpg?resize=768,721 768w, https:\/\/graziamagazine.com\/mx\/wp-content\/uploads\/sites\/13\/2017\/09\/ZARA-FOLK-SEPTIEMBRE-1.jpg?resize=1024,962 1024w, https:\/\/graziamagazine.com\/mx\/wp-content\/uploads\/sites\/13\/2017\/09\/ZARA-FOLK-SEPTIEMBRE-1.jpg?resize=1536,1442 1536w, https:\/\/graziamagazine.com\/mx\/wp-content\/uploads\/sites\/13\/2017\/09\/ZARA-FOLK-SEPTIEMBRE-1.jpg?resize=155,146 155w\" sizes=\"(max-width: 1920px) 100vw, 1920px\" \/><\/p>\n<p><b><i>$699.<\/i><\/b><\/p>\n<p>&nbsp;<\/p>\n<h2><b><i>7. Oversize\u2026<\/i><\/b><\/h2>\n<p><img loading=\"lazy\" decoding=\"async\" class=\"alignnone wp-image-32527 size-full\" title=\"10 piezas folk que puedes encontrar en Zara\" src=\"https:\/\/graziamagazine.com\/mx\/wp-content\/uploads\/sites\/13\/2017\/09\/ZARA-FOLK-SEPTIEMBRE-5.jpg\" alt=\"10 piezas folk que puedes encontrar en Zara\" width=\"1920\" height=\"1559\" srcset=\"https:\/\/graziamagazine.com\/mx\/wp-content\/uploads\/sites\/13\/2017\/09\/ZARA-FOLK-SEPTIEMBRE-5.jpg 1920w, https:\/\/graziamagazine.com\/mx\/wp-content\/uploads\/sites\/13\/2017\/09\/ZARA-FOLK-SEPTIEMBRE-5.jpg?resize=450,365 450w, https:\/\/graziamagazine.com\/mx\/wp-content\/uploads\/sites\/13\/2017\/09\/ZARA-FOLK-SEPTIEMBRE-5.jpg?resize=768,624 768w, https:\/\/graziamagazine.com\/mx\/wp-content\/uploads\/sites\/13\/2017\/09\/ZARA-FOLK-SEPTIEMBRE-5.jpg?resize=1024,831 1024w, https:\/\/graziamagazine.com\/mx\/wp-content\/uploads\/sites\/13\/2017\/09\/ZARA-FOLK-SEPTIEMBRE-5.jpg?resize=1536,1247 1536w, https:\/\/graziamagazine.com\/mx\/wp-content\/uploads\/sites\/13\/2017\/09\/ZARA-FOLK-SEPTIEMBRE-5.jpg?resize=155,126 155w\" sizes=\"(max-width: 1920px) 100vw, 1920px\" \/><\/p>\n<p><b><i>$349.<\/i><\/b><\/p>\n<p>&nbsp;<\/p>\n<h2><b><i>8. Denim bordado\u2026<\/i><\/b><\/h2>\n<p><img loading=\"lazy\" decoding=\"async\" class=\"alignnone wp-image-32526 size-full\" title=\"10 piezas folk que puedes encontrar en Zara\" src=\"https:\/\/graziamagazine.com\/mx\/wp-content\/uploads\/sites\/13\/2017\/09\/ZARA-FOLK-SEPTIEMBRE-6.jpg\" alt=\"10 piezas folk que puedes encontrar en Zara\" width=\"1920\" height=\"1704\" srcset=\"https:\/\/graziamagazine.com\/mx\/wp-content\/uploads\/sites\/13\/2017\/09\/ZARA-FOLK-SEPTIEMBRE-6.jpg 1920w, https:\/\/graziamagazine.com\/mx\/wp-content\/uploads\/sites\/13\/2017\/09\/ZARA-FOLK-SEPTIEMBRE-6.jpg?resize=450,399 450w, https:\/\/graziamagazine.com\/mx\/wp-content\/uploads\/sites\/13\/2017\/09\/ZARA-FOLK-SEPTIEMBRE-6.jpg?resize=768,682 768w, https:\/\/graziamagazine.com\/mx\/wp-content\/uploads\/sites\/13\/2017\/09\/ZARA-FOLK-SEPTIEMBRE-6.jpg?resize=1024,909 1024w, https:\/\/graziamagazine.com\/mx\/wp-content\/uploads\/sites\/13\/2017\/09\/ZARA-FOLK-SEPTIEMBRE-6.jpg?resize=1536,1363 1536w, https:\/\/graziamagazine.com\/mx\/wp-content\/uploads\/sites\/13\/2017\/09\/ZARA-FOLK-SEPTIEMBRE-6.jpg?resize=155,138 155w\" sizes=\"(max-width: 1920px) 100vw, 1920px\" \/><\/p>\n<p><b><i>$899.<\/i><\/b><\/p>\n<p>&nbsp;<\/p>\n<h2><b><i>9. Aterciopeladas&#8230;<\/i><\/b><\/h2>\n<p><img loading=\"lazy\" decoding=\"async\" class=\"alignnone wp-image-32523 size-full\" title=\"10 piezas folk que puedes encontrar en Zara\" src=\"https:\/\/graziamagazine.com\/mx\/wp-content\/uploads\/sites\/13\/2017\/09\/ZARA-FOLK-SEPTIEMBRE-9.jpg\" alt=\"10 piezas folk que puedes encontrar en Zara\" width=\"1920\" height=\"1667\" srcset=\"https:\/\/graziamagazine.com\/mx\/wp-content\/uploads\/sites\/13\/2017\/09\/ZARA-FOLK-SEPTIEMBRE-9.jpg 1920w, https:\/\/graziamagazine.com\/mx\/wp-content\/uploads\/sites\/13\/2017\/09\/ZARA-FOLK-SEPTIEMBRE-9.jpg?resize=450,391 450w, https:\/\/graziamagazine.com\/mx\/wp-content\/uploads\/sites\/13\/2017\/09\/ZARA-FOLK-SEPTIEMBRE-9.jpg?resize=768,667 768w, https:\/\/graziamagazine.com\/mx\/wp-content\/uploads\/sites\/13\/2017\/09\/ZARA-FOLK-SEPTIEMBRE-9.jpg?resize=1024,889 1024w, https:\/\/graziamagazine.com\/mx\/wp-content\/uploads\/sites\/13\/2017\/09\/ZARA-FOLK-SEPTIEMBRE-9.jpg?resize=1536,1334 1536w, https:\/\/graziamagazine.com\/mx\/wp-content\/uploads\/sites\/13\/2017\/09\/ZARA-FOLK-SEPTIEMBRE-9.jpg?resize=155,135 155w\" sizes=\"(max-width: 1920px) 100vw, 1920px\" \/><\/p>\n<p><b><i>$699.<\/i><\/b><\/p>\n<p>&nbsp;<\/p>\n<h2><b><i>10. Brocadas\u2026<\/i><\/b><\/h2>\n<p><img loading=\"lazy\" decoding=\"async\" class=\"alignnone wp-image-32532 size-full\" title=\"10 piezas folk que puedes encontrar en Zara\" src=\"https:\/\/graziamagazine.com\/mx\/wp-content\/uploads\/sites\/13\/2017\/09\/ZARA-FOLK-SEPTIEMBRE-10.jpg\" alt=\"10 piezas folk que puedes encontrar en Zara\" width=\"1920\" height=\"1532\" srcset=\"https:\/\/graziamagazine.com\/mx\/wp-content\/uploads\/sites\/13\/2017\/09\/ZARA-FOLK-SEPTIEMBRE-10.jpg 1920w, https:\/\/graziamagazine.com\/mx\/wp-content\/uploads\/sites\/13\/2017\/09\/ZARA-FOLK-SEPTIEMBRE-10.jpg?resize=450,359 450w, https:\/\/graziamagazine.com\/mx\/wp-content\/uploads\/sites\/13\/2017\/09\/ZARA-FOLK-SEPTIEMBRE-10.jpg?resize=768,613 768w, https:\/\/graziamagazine.com\/mx\/wp-content\/uploads\/sites\/13\/2017\/09\/ZARA-FOLK-SEPTIEMBRE-10.jpg?resize=1024,817 1024w, https:\/\/graziamagazine.com\/mx\/wp-content\/uploads\/sites\/13\/2017\/09\/ZARA-FOLK-SEPTIEMBRE-10.jpg?resize=1536,1226 1536w, https:\/\/graziamagazine.com\/mx\/wp-content\/uploads\/sites\/13\/2017\/09\/ZARA-FOLK-SEPTIEMBRE-10.jpg?resize=155,124 155w\" sizes=\"(max-width: 1920px) 100vw, 1920px\" \/><\/p>\n<p><b><i>$1,299.<\/i><\/b><\/p>\n<p>&nbsp;<\/p>\n<h5><b><i>*IM\u00c1GENES: Cortes\u00eda Gucci.<\/i><\/b><\/h5>\n","protected":false},"author":11634,"featured_media":32521,"template":"","format":"standard","categories":[4],"acf":[],"yoast_head":"<!-- This site is optimized with the Yoast SEO Premium plugin v18.5 (Yoast SEO v20.4) - https:\/\/yoast.com\/wordpress\/plugins\/seo\/ -->\n<title>10 piezas folk que puedes encontrar en Zara | Grazia M\u00e9xico y Latinoam\u00e9rica<\/title>\n<meta name=\"description\" content=\"De nuestra gu\u00eda de tendencias FW17 de The Big Fashion Issue, te damos 10 piezas Folk que puedes encontrar por un precio accesible.\" \/>\n<meta name=\"robots\" content=\"index, follow, max-snippet:-1, max-image-preview:large, max-video-preview:-1\" \/>\n<link rel=\"canonical\" href=\"https:\/\/graziamagazine.com\/mx\/articles\/10-piezas-folk-encontrar-en-zara\/\" \/>\n<meta property=\"og:locale\" content=\"es_MX\" \/>\n<meta property=\"og:type\" content=\"article\" \/>\n<meta property=\"og:title\" content=\"10 piezas folk que puedes encontrar en Zara\" \/>\n<meta property=\"og:description\" content=\"De nuestra gu\u00eda de tendencias FW17 de The Big Fashion Issue, te damos 10 piezas Folk que puedes encontrar por un precio accesible.\" \/>\n<meta property=\"og:url\" content=\"https:\/\/graziamagazine.com\/mx\/articles\/10-piezas-folk-encontrar-en-zara\/\" \/>\n<meta property=\"og:site_name\" content=\"Grazia M\u00e9xico y Latinoam\u00e9rica\" \/>\n<meta property=\"article:modified_time\" content=\"2020-02-06T17:20:56+00:00\" \/>\n<meta property=\"og:image\" content=\"https:\/\/graziamagazine.com\/mx\/wp-content\/uploads\/sites\/13\/2017\/09\/S71_WFS_SS_Imm_LB_PR_Still9-copy-e1581009073621.jpg?fit=1000%2C564\" \/>\n\t<meta property=\"og:image:width\" content=\"1000\" \/>\n\t<meta property=\"og:image:height\" content=\"564\" \/>\n\t<meta property=\"og:image:type\" content=\"image\/jpeg\" \/>\n<meta name=\"twitter:card\" content=\"summary_large_image\" \/>\n<meta name=\"twitter:label1\" content=\"Est. reading time\" \/>\n\t<meta name=\"twitter:data1\" content=\"1 minuto\" \/>\n<script type=\"application\/ld+json\" class=\"yoast-schema-graph\">{\"@context\":\"https:\/\/schema.org\",\"@graph\":[{\"@type\":\"WebPage\",\"@id\":\"https:\/\/graziamagazine.com\/mx\/articles\/10-piezas-folk-encontrar-en-zara\/\",\"url\":\"https:\/\/graziamagazine.com\/mx\/articles\/10-piezas-folk-encontrar-en-zara\/\",\"name\":\"10 piezas folk que puedes encontrar en Zara | Grazia M\u00e9xico y Latinoam\u00e9rica\",\"isPartOf\":{\"@id\":\"https:\/\/graziamagazine.com\/mx\/#website\"},\"datePublished\":\"2017-09-27T21:14:06+00:00\",\"dateModified\":\"2020-02-06T17:20:56+00:00\",\"description\":\"De nuestra gu\u00eda de tendencias FW17 de The Big Fashion Issue, te damos 10 piezas Folk que puedes encontrar por un precio accesible.\",\"breadcrumb\":{\"@id\":\"https:\/\/graziamagazine.com\/mx\/articles\/10-piezas-folk-encontrar-en-zara\/#breadcrumb\"},\"inLanguage\":\"es-MX\",\"potentialAction\":[{\"@type\":\"ReadAction\",\"target\":[\"https:\/\/graziamagazine.com\/mx\/articles\/10-piezas-folk-encontrar-en-zara\/\"]}]},{\"@type\":\"BreadcrumbList\",\"@id\":\"https:\/\/graziamagazine.com\/mx\/articles\/10-piezas-folk-encontrar-en-zara\/#breadcrumb\",\"itemListElement\":[{\"@type\":\"ListItem\",\"position\":1,\"name\":\"Home\",\"item\":\"https:\/\/graziamagazine.com\/mx\/\"},{\"@type\":\"ListItem\",\"position\":2,\"name\":\"10 piezas folk que puedes encontrar en Zara\"}]},{\"@type\":\"WebSite\",\"@id\":\"https:\/\/graziamagazine.com\/mx\/#website\",\"url\":\"https:\/\/graziamagazine.com\/mx\/\",\"name\":\"Grazia M\u00e9xico y Latinoam\u00e9rica\",\"description\":\"Grazia es moda, belleza y noticias  de actualidad \",\"potentialAction\":[{\"@type\":\"SearchAction\",\"target\":{\"@type\":\"EntryPoint\",\"urlTemplate\":\"https:\/\/graziamagazine.com\/mx\/?s={search_term_string}\"},\"query-input\":\"required name=search_term_string\"}],\"inLanguage\":\"es-MX\"}]}<\/script>\n<!-- \/ Yoast SEO Premium plugin. -->","yoast_head_json":{"title":"10 piezas folk que puedes encontrar en Zara | Grazia M\u00e9xico y Latinoam\u00e9rica","description":"De nuestra gu\u00eda de tendencias FW17 de The Big Fashion Issue, te damos 10 piezas Folk que puedes encontrar por un precio accesible.","robots":{"index":"index","follow":"follow","max-snippet":"max-snippet:-1","max-image-preview":"max-image-preview:large","max-video-preview":"max-video-preview:-1"},"canonical":"https:\/\/graziamagazine.com\/mx\/articles\/10-piezas-folk-encontrar-en-zara\/","og_locale":"es_MX","og_type":"article","og_title":"10 piezas folk que puedes encontrar en Zara","og_description":"De nuestra gu\u00eda de tendencias FW17 de The Big Fashion Issue, te damos 10 piezas Folk que puedes encontrar por un precio accesible.","og_url":"https:\/\/graziamagazine.com\/mx\/articles\/10-piezas-folk-encontrar-en-zara\/","og_site_name":"Grazia M\u00e9xico y Latinoam\u00e9rica","article_modified_time":"2020-02-06T17:20:56+00:00","og_image":[{"width":1000,"height":564,"url":"https:\/\/graziamagazine.com\/mx\/wp-content\/uploads\/sites\/13\/2017\/09\/S71_WFS_SS_Imm_LB_PR_Still9-copy-e1581009073621.jpg?fit=1000%2C564","type":"image\/jpeg"}],"twitter_card":"summary_large_image","twitter_misc":{"Est. reading time":"1 minuto"},"schema":{"@context":"https:\/\/schema.org","@graph":[{"@type":"WebPage","@id":"https:\/\/graziamagazine.com\/mx\/articles\/10-piezas-folk-encontrar-en-zara\/","url":"https:\/\/graziamagazine.com\/mx\/articles\/10-piezas-folk-encontrar-en-zara\/","name":"10 piezas folk que puedes encontrar en Zara | Grazia M\u00e9xico y Latinoam\u00e9rica","isPartOf":{"@id":"https:\/\/graziamagazine.com\/mx\/#website"},"datePublished":"2017-09-27T21:14:06+00:00","dateModified":"2020-02-06T17:20:56+00:00","description":"De nuestra gu\u00eda de tendencias FW17 de The Big Fashion Issue, te damos 10 piezas Folk que puedes encontrar por un precio accesible.","breadcrumb":{"@id":"https:\/\/graziamagazine.com\/mx\/articles\/10-piezas-folk-encontrar-en-zara\/#breadcrumb"},"inLanguage":"es-MX","potentialAction":[{"@type":"ReadAction","target":["https:\/\/graziamagazine.com\/mx\/articles\/10-piezas-folk-encontrar-en-zara\/"]}]},{"@type":"BreadcrumbList","@id":"https:\/\/graziamagazine.com\/mx\/articles\/10-piezas-folk-encontrar-en-zara\/#breadcrumb","itemListElement":[{"@type":"ListItem","position":1,"name":"Home","item":"https:\/\/graziamagazine.com\/mx\/"},{"@type":"ListItem","position":2,"name":"10 piezas folk que puedes encontrar en Zara"}]},{"@type":"WebSite","@id":"https:\/\/graziamagazine.com\/mx\/#website","url":"https:\/\/graziamagazine.com\/mx\/","name":"Grazia M\u00e9xico y Latinoam\u00e9rica","description":"Grazia es moda, belleza y noticias  de actualidad ","potentialAction":[{"@type":"SearchAction","target":{"@type":"EntryPoint","urlTemplate":"https:\/\/graziamagazine.com\/mx\/?s={search_term_string}"},"query-input":"required name=search_term_string"}],"inLanguage":"es-MX"}]}},"jetpack_sharing_enabled":true,"distributor_meta":false,"distributor_terms":false,"distributor_media":false,"distributor_original_site_name":"Grazia M\u00e9xico y Latinoam\u00e9rica","distributor_original_site_url":"https:\/\/graziamagazine.com\/mx","push-errors":false,"_links":{"self":[{"href":"https:\/\/graziamagazine.com\/mx\/wp-json\/wp\/v2\/articles\/32519"}],"collection":[{"href":"https:\/\/graziamagazine.com\/mx\/wp-json\/wp\/v2\/articles"}],"about":[{"href":"https:\/\/graziamagazine.com\/mx\/wp-json\/wp\/v2\/types\/articles"}],"author":[{"embeddable":true,"href":"https:\/\/graziamagazine.com\/mx\/wp-json\/wp\/v2\/users\/11634"}],"wp:featuredmedia":[{"embeddable":true,"href":"https:\/\/graziamagazine.com\/mx\/wp-json\/wp\/v2\/media\/32521"}],"wp:attachment":[{"href":"https:\/\/graziamagazine.com\/mx\/wp-json\/wp\/v2\/media?parent=32519"}],"wp:term":[{"taxonomy":"category","embeddable":true,"href":"https:\/\/graziamagazine.com\/mx\/wp-json\/wp\/v2\/categories?post=32519"}],"curies":[{"name":"wp","href":"https:\/\/api.w.org\/{rel}","templated":true}]}}