{"id":31678,"date":"2017-09-19T10:51:21","date_gmt":"2017-09-19T16:51:21","guid":{"rendered":"https:\/\/graziamagazine.com\/mx\/?p=31678"},"modified":"2017-09-19T10:51:21","modified_gmt":"2017-09-19T16:51:21","slug":"banksy-doble-homenaje-basquiat","status":"publish","type":"articles","link":"https:\/\/graziamagazine.com\/mx\/articles\/banksy-doble-homenaje-basquiat\/","title":{"rendered":"BANKSY Y SU DOBLE HOMENAJE A BASQUIAT"},"content":{"rendered":"<p><b>El misterioso artista urbano, Banksy, celebr\u00f3 la llegada de la exhibici\u00f3n de Basquiat al Barbican Centre de Londres como s\u00f3lo \u00e9l sabe.<\/b><\/p>\n<p><!--more--><\/p>\n<p><span style=\"font-weight: 400;\">Uno de los misterios sin resolver que m\u00e1s intrigan a los amantes del arte es la identidad de <\/span><b>Banksy<\/b><span style=\"font-weight: 400;\">; quien revel\u00f3 dos de sus famosas obras clandestinas, en <\/span><b>Londres<\/b><span style=\"font-weight: 400;\">.<\/span><\/p>\n<p><span style=\"font-weight: 400;\">A trav\u00e9s de su cuenta de <\/span><b>Instagram<\/b><span style=\"font-weight: 400;\">, el enigm\u00e1tico artista revel\u00f3 su osad\u00eda a <\/span><b>1.7 millones <\/b><span style=\"font-weight: 400;\">de <\/span><i><span style=\"font-weight: 400;\">followers<\/span><\/i><span style=\"font-weight: 400;\"> que siguen devotamente cada paso que da.<\/span><\/p>\n<p><b><i>\u201cUna importante exhibici\u00f3n en torno a Basquiat llega al Barbican, un lugar especialmente devoto a limpiar cualquier graffitti de sus paredes\u201d<\/i><\/b><span style=\"font-weight: 400;\">, describi\u00f3 con iron\u00eda.<\/span><\/p>\n<p>&nbsp;<\/p>\n<p><img loading=\"lazy\" decoding=\"async\" width=\"748\" height=\"747\" class=\"alignnone size-full wp-image-31681\" src=\"https:\/\/graziamagazine.com\/mx\/wp-content\/uploads\/sites\/13\/2017\/09\/BANKSY-BASQUIAT-BARBICAN-1.png\" alt=\"BANKSY-BASQUIAT-BARBICAN-1\" srcset=\"https:\/\/graziamagazine.com\/mx\/wp-content\/uploads\/sites\/13\/2017\/09\/BANKSY-BASQUIAT-BARBICAN-1.png 748w, https:\/\/graziamagazine.com\/mx\/wp-content\/uploads\/sites\/13\/2017\/09\/BANKSY-BASQUIAT-BARBICAN-1.png?resize=150,150 150w, https:\/\/graziamagazine.com\/mx\/wp-content\/uploads\/sites\/13\/2017\/09\/BANKSY-BASQUIAT-BARBICAN-1.png?resize=450,450 450w, https:\/\/graziamagazine.com\/mx\/wp-content\/uploads\/sites\/13\/2017\/09\/BANKSY-BASQUIAT-BARBICAN-1.png?resize=155,155 155w\" sizes=\"(max-width: 748px) 100vw, 748px\" \/><\/p>\n<p>&nbsp;<\/p>\n<p><span style=\"font-weight: 400;\">La mini serie descrita como una<\/span><b><i> \u201ccolaboraci\u00f3n extraoficial\u201d<\/i><\/b><span style=\"font-weight: 400;\"> muestra una rueda de la fortuna con la firma del neoyorquino como las canastillas y una fila de personas en el caracter\u00edstico est\u00e9ncil.<\/span><\/p>\n<p><span style=\"font-weight: 400;\">La segunda pieza, es un <\/span><b><i>\u201cretrato de Basquiat siendo bienvenido por la polic\u00eda Metropolitana\u201d.<\/i><\/b><\/p>\n<p>&nbsp;<\/p>\n<p><img loading=\"lazy\" decoding=\"async\" width=\"748\" height=\"450\" class=\"alignnone size-full wp-image-31682\" src=\"https:\/\/graziamagazine.com\/mx\/wp-content\/uploads\/sites\/13\/2017\/09\/BANKSY-BASQUIAT-BARBICAN-2.png\" alt=\"BANKSY-BASQUIAT-BARBICAN-2\" srcset=\"https:\/\/graziamagazine.com\/mx\/wp-content\/uploads\/sites\/13\/2017\/09\/BANKSY-BASQUIAT-BARBICAN-2.png 748w, https:\/\/graziamagazine.com\/mx\/wp-content\/uploads\/sites\/13\/2017\/09\/BANKSY-BASQUIAT-BARBICAN-2.png?resize=450,271 450w, https:\/\/graziamagazine.com\/mx\/wp-content\/uploads\/sites\/13\/2017\/09\/BANKSY-BASQUIAT-BARBICAN-2.png?resize=155,93 155w\" sizes=\"(max-width: 748px) 100vw, 748px\" \/><\/p>\n<p>&nbsp;<\/p>\n<p><span style=\"font-weight: 400;\">Este jueves, <\/span><a href=\"https:\/\/www.barbican.org.uk\/whats-on\/2017\/event\/basquiat-boom-for-real\" target=\"_blank\" rel=\"noopener\" target=\"_blank\"><b><i>\u201cBoom for Real\u201d<\/i><\/b><\/a><span style=\"font-weight: 400;\"> abre sus puertas con una selecci\u00f3n de <\/span><b>100<\/b><span style=\"font-weight: 400;\"> obras del protegido de <\/span><b>Andy Warhol;<\/b><span style=\"font-weight: 400;\"> la m\u00e1s grande muestra en el <\/span><b>Reino Unido<\/b><span style=\"font-weight: 400;\">, hasta el momento.<\/span><\/p>\n<p><span style=\"font-weight: 400;\">Naturalmente, varios curiosos se han apresurado a capturar las intervenciones de quien se volvi\u00f3 objeto de culto en 1997 por su famosa pieza <\/span><b><i>\u201cThe Mild Mild West\u201d.<\/i><\/b><\/p>\n<p>&nbsp;<\/p>\n<p><span style=\"font-weight: 400;\">Si t\u00fa tambi\u00e9n te encuentras en ese lado del mundo, no pierdas la oportunidad de hacer lo mismo\u2026<\/span><\/p>\n<p>&nbsp;<\/p>\n<p><img loading=\"lazy\" decoding=\"async\" width=\"775\" height=\"1050\" class=\"alignnone size-full wp-image-31683\" src=\"https:\/\/graziamagazine.com\/mx\/wp-content\/uploads\/sites\/13\/2017\/09\/BANKSY-BASQUIAT-BARBICA-WARHOL.jpg\" alt=\"BANKSY-BASQUIAT-BARBICA-WARHOL\" srcset=\"https:\/\/graziamagazine.com\/mx\/wp-content\/uploads\/sites\/13\/2017\/09\/BANKSY-BASQUIAT-BARBICA-WARHOL.jpg 775w, https:\/\/graziamagazine.com\/mx\/wp-content\/uploads\/sites\/13\/2017\/09\/BANKSY-BASQUIAT-BARBICA-WARHOL.jpg?resize=332,450 332w, https:\/\/graziamagazine.com\/mx\/wp-content\/uploads\/sites\/13\/2017\/09\/BANKSY-BASQUIAT-BARBICA-WARHOL.jpg?resize=768,1041 768w, https:\/\/graziamagazine.com\/mx\/wp-content\/uploads\/sites\/13\/2017\/09\/BANKSY-BASQUIAT-BARBICA-WARHOL.jpg?resize=756,1024 756w, https:\/\/graziamagazine.com\/mx\/wp-content\/uploads\/sites\/13\/2017\/09\/BANKSY-BASQUIAT-BARBICA-WARHOL.jpg?resize=155,210 155w\" sizes=\"(max-width: 775px) 100vw, 775px\" \/><\/p>\n<h5><strong><i>*IM\u00c1GENES: @banksy \/ Getty Images.<\/i><\/strong><\/h5>\n","protected":false},"author":11634,"featured_media":31680,"template":"","format":"standard","categories":[5],"acf":[],"yoast_head":"<!-- This site is optimized with the Yoast SEO Premium plugin v18.5 (Yoast SEO v20.4) - https:\/\/yoast.com\/wordpress\/plugins\/seo\/ -->\n<title>BANKSY Y SU DOBLE HOMENAJE A BASQUIAT | Grazia M\u00e9xico y Latinoam\u00e9rica<\/title>\n<meta name=\"description\" content=\"El misterioso artista urbano, Banksy, celebr\u00f3 la llegada de la exhibici\u00f3n de Basquiat al Barbican Centre de Londres como s\u00f3lo \u00e9l sabe.\" \/>\n<meta name=\"robots\" content=\"index, follow, max-snippet:-1, max-image-preview:large, max-video-preview:-1\" \/>\n<link rel=\"canonical\" href=\"https:\/\/graziamagazine.com\/mx\/articles\/banksy-doble-homenaje-basquiat\/\" \/>\n<meta property=\"og:locale\" content=\"es_MX\" \/>\n<meta property=\"og:type\" content=\"article\" \/>\n<meta property=\"og:title\" content=\"BANKSY Y SU DOBLE HOMENAJE A BASQUIAT\" \/>\n<meta property=\"og:description\" content=\"El misterioso artista urbano, Banksy, celebr\u00f3 la llegada de la exhibici\u00f3n de Basquiat al Barbican Centre de Londres como s\u00f3lo \u00e9l sabe.\" \/>\n<meta property=\"og:url\" content=\"https:\/\/graziamagazine.com\/mx\/articles\/banksy-doble-homenaje-basquiat\/\" \/>\n<meta property=\"og:site_name\" content=\"Grazia M\u00e9xico y Latinoam\u00e9rica\" \/>\n<meta property=\"og:image\" content=\"https:\/\/graziamagazine.com\/mx\/wp-content\/uploads\/sites\/13\/2017\/09\/BANKSY-BASQUIAT-BARBICA-DESTACADA.png?fit=1277%2C683\" \/>\n\t<meta property=\"og:image:width\" content=\"1277\" \/>\n\t<meta property=\"og:image:height\" content=\"683\" \/>\n\t<meta property=\"og:image:type\" content=\"image\/png\" \/>\n<meta name=\"twitter:card\" content=\"summary_large_image\" \/>\n<meta name=\"twitter:label1\" content=\"Est. reading time\" \/>\n\t<meta name=\"twitter:data1\" content=\"1 minuto\" \/>\n<script type=\"application\/ld+json\" class=\"yoast-schema-graph\">{\"@context\":\"https:\/\/schema.org\",\"@graph\":[{\"@type\":\"WebPage\",\"@id\":\"https:\/\/graziamagazine.com\/mx\/articles\/banksy-doble-homenaje-basquiat\/\",\"url\":\"https:\/\/graziamagazine.com\/mx\/articles\/banksy-doble-homenaje-basquiat\/\",\"name\":\"BANKSY Y SU DOBLE HOMENAJE A BASQUIAT | Grazia M\u00e9xico y Latinoam\u00e9rica\",\"isPartOf\":{\"@id\":\"https:\/\/graziamagazine.com\/mx\/#website\"},\"datePublished\":\"2017-09-19T16:51:21+00:00\",\"dateModified\":\"2017-09-19T16:51:21+00:00\",\"description\":\"El misterioso artista urbano, Banksy, celebr\u00f3 la llegada de la exhibici\u00f3n de Basquiat al Barbican Centre de Londres como s\u00f3lo \u00e9l sabe.\",\"breadcrumb\":{\"@id\":\"https:\/\/graziamagazine.com\/mx\/articles\/banksy-doble-homenaje-basquiat\/#breadcrumb\"},\"inLanguage\":\"es-MX\",\"potentialAction\":[{\"@type\":\"ReadAction\",\"target\":[\"https:\/\/graziamagazine.com\/mx\/articles\/banksy-doble-homenaje-basquiat\/\"]}]},{\"@type\":\"BreadcrumbList\",\"@id\":\"https:\/\/graziamagazine.com\/mx\/articles\/banksy-doble-homenaje-basquiat\/#breadcrumb\",\"itemListElement\":[{\"@type\":\"ListItem\",\"position\":1,\"name\":\"Home\",\"item\":\"https:\/\/graziamagazine.com\/mx\/\"},{\"@type\":\"ListItem\",\"position\":2,\"name\":\"BANKSY Y SU DOBLE HOMENAJE A BASQUIAT\"}]},{\"@type\":\"WebSite\",\"@id\":\"https:\/\/graziamagazine.com\/mx\/#website\",\"url\":\"https:\/\/graziamagazine.com\/mx\/\",\"name\":\"Grazia M\u00e9xico y Latinoam\u00e9rica\",\"description\":\"Grazia es moda, belleza y noticias  de actualidad \",\"potentialAction\":[{\"@type\":\"SearchAction\",\"target\":{\"@type\":\"EntryPoint\",\"urlTemplate\":\"https:\/\/graziamagazine.com\/mx\/?s={search_term_string}\"},\"query-input\":\"required name=search_term_string\"}],\"inLanguage\":\"es-MX\"}]}<\/script>\n<!-- \/ Yoast SEO Premium plugin. -->","yoast_head_json":{"title":"BANKSY Y SU DOBLE HOMENAJE A BASQUIAT | Grazia M\u00e9xico y Latinoam\u00e9rica","description":"El misterioso artista urbano, Banksy, celebr\u00f3 la llegada de la exhibici\u00f3n de Basquiat al Barbican Centre de Londres como s\u00f3lo \u00e9l sabe.","robots":{"index":"index","follow":"follow","max-snippet":"max-snippet:-1","max-image-preview":"max-image-preview:large","max-video-preview":"max-video-preview:-1"},"canonical":"https:\/\/graziamagazine.com\/mx\/articles\/banksy-doble-homenaje-basquiat\/","og_locale":"es_MX","og_type":"article","og_title":"BANKSY Y SU DOBLE HOMENAJE A BASQUIAT","og_description":"El misterioso artista urbano, Banksy, celebr\u00f3 la llegada de la exhibici\u00f3n de Basquiat al Barbican Centre de Londres como s\u00f3lo \u00e9l sabe.","og_url":"https:\/\/graziamagazine.com\/mx\/articles\/banksy-doble-homenaje-basquiat\/","og_site_name":"Grazia M\u00e9xico y Latinoam\u00e9rica","og_image":[{"width":1277,"height":683,"url":"https:\/\/graziamagazine.com\/mx\/wp-content\/uploads\/sites\/13\/2017\/09\/BANKSY-BASQUIAT-BARBICA-DESTACADA.png?fit=1277%2C683","type":"image\/png"}],"twitter_card":"summary_large_image","twitter_misc":{"Est. reading time":"1 minuto"},"schema":{"@context":"https:\/\/schema.org","@graph":[{"@type":"WebPage","@id":"https:\/\/graziamagazine.com\/mx\/articles\/banksy-doble-homenaje-basquiat\/","url":"https:\/\/graziamagazine.com\/mx\/articles\/banksy-doble-homenaje-basquiat\/","name":"BANKSY Y SU DOBLE HOMENAJE A BASQUIAT | Grazia M\u00e9xico y Latinoam\u00e9rica","isPartOf":{"@id":"https:\/\/graziamagazine.com\/mx\/#website"},"datePublished":"2017-09-19T16:51:21+00:00","dateModified":"2017-09-19T16:51:21+00:00","description":"El misterioso artista urbano, Banksy, celebr\u00f3 la llegada de la exhibici\u00f3n de Basquiat al Barbican Centre de Londres como s\u00f3lo \u00e9l sabe.","breadcrumb":{"@id":"https:\/\/graziamagazine.com\/mx\/articles\/banksy-doble-homenaje-basquiat\/#breadcrumb"},"inLanguage":"es-MX","potentialAction":[{"@type":"ReadAction","target":["https:\/\/graziamagazine.com\/mx\/articles\/banksy-doble-homenaje-basquiat\/"]}]},{"@type":"BreadcrumbList","@id":"https:\/\/graziamagazine.com\/mx\/articles\/banksy-doble-homenaje-basquiat\/#breadcrumb","itemListElement":[{"@type":"ListItem","position":1,"name":"Home","item":"https:\/\/graziamagazine.com\/mx\/"},{"@type":"ListItem","position":2,"name":"BANKSY Y SU DOBLE HOMENAJE A BASQUIAT"}]},{"@type":"WebSite","@id":"https:\/\/graziamagazine.com\/mx\/#website","url":"https:\/\/graziamagazine.com\/mx\/","name":"Grazia M\u00e9xico y Latinoam\u00e9rica","description":"Grazia es moda, belleza y noticias  de actualidad ","potentialAction":[{"@type":"SearchAction","target":{"@type":"EntryPoint","urlTemplate":"https:\/\/graziamagazine.com\/mx\/?s={search_term_string}"},"query-input":"required name=search_term_string"}],"inLanguage":"es-MX"}]}},"jetpack_sharing_enabled":true,"distributor_meta":false,"distributor_terms":false,"distributor_media":false,"distributor_original_site_name":"Grazia M\u00e9xico y Latinoam\u00e9rica","distributor_original_site_url":"https:\/\/graziamagazine.com\/mx","push-errors":false,"_links":{"self":[{"href":"https:\/\/graziamagazine.com\/mx\/wp-json\/wp\/v2\/articles\/31678"}],"collection":[{"href":"https:\/\/graziamagazine.com\/mx\/wp-json\/wp\/v2\/articles"}],"about":[{"href":"https:\/\/graziamagazine.com\/mx\/wp-json\/wp\/v2\/types\/articles"}],"author":[{"embeddable":true,"href":"https:\/\/graziamagazine.com\/mx\/wp-json\/wp\/v2\/users\/11634"}],"wp:featuredmedia":[{"embeddable":true,"href":"https:\/\/graziamagazine.com\/mx\/wp-json\/wp\/v2\/media\/31680"}],"wp:attachment":[{"href":"https:\/\/graziamagazine.com\/mx\/wp-json\/wp\/v2\/media?parent=31678"}],"wp:term":[{"taxonomy":"category","embeddable":true,"href":"https:\/\/graziamagazine.com\/mx\/wp-json\/wp\/v2\/categories?post=31678"}],"curies":[{"name":"wp","href":"https:\/\/api.w.org\/{rel}","templated":true}]}}