{"id":30978,"date":"2017-09-12T12:22:40","date_gmt":"2017-09-12T18:22:40","guid":{"rendered":"https:\/\/graziamagazine.com\/mx\/?p=30978"},"modified":"2019-12-20T12:07:19","modified_gmt":"2019-12-20T17:07:19","slug":"6-veces-gigi-y-bella-hadid-desfilaron","status":"publish","type":"articles","link":"https:\/\/graziamagazine.com\/mx\/articles\/6-veces-gigi-y-bella-hadid-desfilaron\/","title":{"rendered":"6 veces que Gigi y Bella Hadid desfilaron juntas"},"content":{"rendered":"<p>Bien dicen que <b><i>twinning is winning<\/i><\/b>, y esa parece ser la f\u00f3rmula del \u00e9xito de <b>Gigi<\/b> y <b>Bella Hadid.<\/b><\/p>\n<p>En los \u00faltimos cuatro a\u00f1os, la popularidad de las hermanas ha subido como espuma. \u00bfLa raz\u00f3n? El n\u00famero de editoriales, portadas, campa\u00f1as y contratos que han acumulado las ha vuelto v\u00edrales y casi omnipresentes.<\/p>\n<p>Aunque\u00a0cada una tiene sus propios compromisos como embajadoras de distintas firmas, existe un momento en el que ambas coinciden y es entonces que comienzan a salir chispas.<\/p>\n<p>Te compartimos 6 momentos memorables de las modelos sobre las pasarelas de los\u00a0<em><b>Fashion Months<\/b><\/em> y una fuera del calendario que marc\u00f3 sus carreras.<\/p>\n<p>&nbsp;<\/p>\n<h2><b>FENDI<\/b><\/h2>\n<p>Convertidas en mu\u00f1ecas vivientes,\u00a0protagonizaron la campa\u00f1a <span style=\"text-decoration: underline;\"><b><a href=\"https:\/\/graziamagazine.com\/mx\/bella-hadid-cher-fendi\/\" target=\"_blank\" rel=\"noopener\">SS17<\/a><\/b><\/span> de la firma liderada por <b>Lagerfeld<\/b>. Una temporada despu\u00e9s, volvieron.<\/p>\n<p>&nbsp;<\/p>\n<p><img loading=\"lazy\" decoding=\"async\" class=\"alignnone wp-image-30989 size-large\" title=\"6 veces que Gigi y Bella Hadid desfilaron juntas\" src=\"https:\/\/graziamagazine.com\/mx\/wp-content\/uploads\/sites\/13\/2017\/09\/Fendi_ful_W_F17_MI_124_2598480-700x1050.jpg\" alt=\"6 veces que Gigi y Bella Hadid desfilaron juntas\" width=\"683\" height=\"1024\" \/><\/p>\n<p>&nbsp;<\/p>\n<p><img loading=\"lazy\" decoding=\"async\" class=\"alignnone wp-image-30990 size-large\" title=\"6 veces que Gigi y Bella Hadid desfilaron juntas\" src=\"https:\/\/graziamagazine.com\/mx\/wp-content\/uploads\/sites\/13\/2017\/09\/Fendi_ful_W_F17_MI_085_2598441-700x1050.jpg\" alt=\"6 veces que Gigi y Bella Hadid desfilaron juntas\" width=\"683\" height=\"1024\" \/><\/p>\n<p>&nbsp;<\/p>\n<h2><b>TOMMY HILFIGER<\/b><\/h2>\n<p>Desde la primer colecci\u00f3n de <b>Tommy x Gigi<\/b>, Bella estuvo junto a su hermana.<\/p>\n<p>Nueva York, Venice Beach y pr\u00f3ximamente Londres.<\/p>\n<p>&nbsp;<\/p>\n<p><img loading=\"lazy\" decoding=\"async\" class=\"alignnone wp-image-15357 size-large\" title=\"6 veces que Gigi y Bella Hadid desfilaron juntas\" src=\"https:\/\/graziamagazine.com\/mx\/wp-content\/uploads\/sites\/13\/2017\/02\/tommy_hilfiger_look_1_2017_ss-700x1050.jpeg\" alt=\"6 veces que Gigi y Bella Hadid desfilaron juntas\" width=\"683\" height=\"1024\" \/><\/p>\n<p>&nbsp;<\/p>\n<p><img loading=\"lazy\" decoding=\"async\" class=\"alignnone wp-image-15356 size-large\" title=\"6 veces que Gigi y Bella Hadid desfilaron juntas\" src=\"https:\/\/graziamagazine.com\/mx\/wp-content\/uploads\/sites\/13\/2017\/02\/tommy_hilfiger_look_2_2017_ss-700x1050.jpeg\" alt=\"6 veces que Gigi y Bella Hadid desfilaron juntas\" width=\"683\" height=\"1024\" \/><\/p>\n<p>&nbsp;<\/p>\n<h2><b>CHANEL<\/b><\/h2>\n<p>Las hermanas han visto despegar un cohete al menos una vez, y eso no es algo de lo que com\u00fanmente puedas presumir&#8230;<\/p>\n<p>&nbsp;<\/p>\n<p><img loading=\"lazy\" decoding=\"async\" class=\"alignnone wp-image-19934 size-full\" title=\"6 veces que Gigi y Bella Hadid desfilaron juntas\" src=\"https:\/\/graziamagazine.com\/mx\/wp-content\/uploads\/sites\/13\/2017\/03\/chanel-aw17-collection-photos-23.jpg\" alt=\"6 veces que Gigi y Bella Hadid desfilaron juntas\" width=\"683\" height=\"1026\" srcset=\"https:\/\/graziamagazine.com\/mx\/wp-content\/uploads\/sites\/13\/2017\/03\/chanel-aw17-collection-photos-23.jpg 683w, https:\/\/graziamagazine.com\/mx\/wp-content\/uploads\/sites\/13\/2017\/03\/chanel-aw17-collection-photos-23.jpg?resize=300,450 300w, https:\/\/graziamagazine.com\/mx\/wp-content\/uploads\/sites\/13\/2017\/03\/chanel-aw17-collection-photos-23.jpg?resize=682,1024 682w, https:\/\/graziamagazine.com\/mx\/wp-content\/uploads\/sites\/13\/2017\/03\/chanel-aw17-collection-photos-23.jpg?resize=143,215 143w\" sizes=\"(max-width: 683px) 100vw, 683px\" \/><\/p>\n<p>&nbsp;<\/p>\n<p><img loading=\"lazy\" decoding=\"async\" class=\"alignnone wp-image-19935 size-full\" title=\"6 veces que Gigi y Bella Hadid desfilaron juntas\" src=\"https:\/\/graziamagazine.com\/mx\/wp-content\/uploads\/sites\/13\/2017\/03\/chanel-aw17-collection-photos-21.jpg\" alt=\"6 veces que Gigi y Bella Hadid desfilaron juntas\" width=\"683\" height=\"1026\" srcset=\"https:\/\/graziamagazine.com\/mx\/wp-content\/uploads\/sites\/13\/2017\/03\/chanel-aw17-collection-photos-21.jpg 683w, https:\/\/graziamagazine.com\/mx\/wp-content\/uploads\/sites\/13\/2017\/03\/chanel-aw17-collection-photos-21.jpg?resize=300,450 300w, https:\/\/graziamagazine.com\/mx\/wp-content\/uploads\/sites\/13\/2017\/03\/chanel-aw17-collection-photos-21.jpg?resize=682,1024 682w, https:\/\/graziamagazine.com\/mx\/wp-content\/uploads\/sites\/13\/2017\/03\/chanel-aw17-collection-photos-21.jpg?resize=143,215 143w\" sizes=\"(max-width: 683px) 100vw, 683px\" \/><\/p>\n<p>&nbsp;<\/p>\n<h2><b>ANNA SUI<\/b><\/h2>\n<p>Durante dos temporadas seguidas han sido parte de las historias fant\u00e1sticas de la dise\u00f1adora japonesa.<\/p>\n<p>M\u00e1s recientemente, la terminaron juntas y con un abrazo.<\/p>\n<p>&nbsp;<\/p>\n<p><img loading=\"lazy\" decoding=\"async\" class=\"alignnone wp-image-30992 size-full\" title=\"6 veces que Gigi y Bella Hadid desfilaron juntas\" src=\"https:\/\/graziamagazine.com\/mx\/wp-content\/uploads\/sites\/13\/2017\/09\/anna-sui-ss18-nyfw-photos-55.jpg\" alt=\"6 veces que Gigi y Bella Hadid desfilaron juntas\" width=\"683\" height=\"1025\" srcset=\"https:\/\/graziamagazine.com\/mx\/wp-content\/uploads\/sites\/13\/2017\/09\/anna-sui-ss18-nyfw-photos-55.jpg 683w, https:\/\/graziamagazine.com\/mx\/wp-content\/uploads\/sites\/13\/2017\/09\/anna-sui-ss18-nyfw-photos-55.jpg?resize=300,450 300w, https:\/\/graziamagazine.com\/mx\/wp-content\/uploads\/sites\/13\/2017\/09\/anna-sui-ss18-nyfw-photos-55.jpg?resize=143,215 143w\" sizes=\"(max-width: 683px) 100vw, 683px\" \/><\/p>\n<p>&nbsp;<\/p>\n<p><img loading=\"lazy\" decoding=\"async\" class=\"alignnone wp-image-30991 size-full\" title=\"6 veces que Gigi y Bella Hadid desfilaron juntas\" src=\"https:\/\/graziamagazine.com\/mx\/wp-content\/uploads\/sites\/13\/2017\/09\/anna-sui-ss18-nyfw-photos-54.jpg\" alt=\"6 veces que Gigi y Bella Hadid desfilaron juntas\" width=\"683\" height=\"1025\" srcset=\"https:\/\/graziamagazine.com\/mx\/wp-content\/uploads\/sites\/13\/2017\/09\/anna-sui-ss18-nyfw-photos-54.jpg 683w, https:\/\/graziamagazine.com\/mx\/wp-content\/uploads\/sites\/13\/2017\/09\/anna-sui-ss18-nyfw-photos-54.jpg?resize=300,450 300w, https:\/\/graziamagazine.com\/mx\/wp-content\/uploads\/sites\/13\/2017\/09\/anna-sui-ss18-nyfw-photos-54.jpg?resize=143,215 143w\" sizes=\"(max-width: 683px) 100vw, 683px\" \/><\/p>\n<p>&nbsp;<\/p>\n<h2><b>MOSCHINO<\/b><\/h2>\n<p>Vestidas de paqueter\u00eda o con largas u\u00f1as <i>glittery<\/i>, <b>Jeremy Scott<\/b> ya las tiene dentro de su\u00a0<b>runway squad <\/b>habitual.<\/p>\n<p>&nbsp;<\/p>\n<p><img loading=\"lazy\" decoding=\"async\" class=\"alignnone wp-image-30994 size-full\" title=\"6 veces que Gigi y Bella Hadid desfilaron juntas\" src=\"https:\/\/graziamagazine.com\/mx\/wp-content\/uploads\/sites\/13\/2017\/09\/moschino-rtw-fall-2017-milan-fashion-week-mfw-003.jpg\" alt=\"6 veces que Gigi y Bella Hadid desfilaron juntas\" width=\"683\" height=\"1026\" srcset=\"https:\/\/graziamagazine.com\/mx\/wp-content\/uploads\/sites\/13\/2017\/09\/moschino-rtw-fall-2017-milan-fashion-week-mfw-003.jpg 683w, https:\/\/graziamagazine.com\/mx\/wp-content\/uploads\/sites\/13\/2017\/09\/moschino-rtw-fall-2017-milan-fashion-week-mfw-003.jpg?resize=300,450 300w, https:\/\/graziamagazine.com\/mx\/wp-content\/uploads\/sites\/13\/2017\/09\/moschino-rtw-fall-2017-milan-fashion-week-mfw-003.jpg?resize=682,1024 682w, https:\/\/graziamagazine.com\/mx\/wp-content\/uploads\/sites\/13\/2017\/09\/moschino-rtw-fall-2017-milan-fashion-week-mfw-003.jpg?resize=143,215 143w\" sizes=\"(max-width: 683px) 100vw, 683px\" \/><\/p>\n<p>&nbsp;<\/p>\n<p><img loading=\"lazy\" decoding=\"async\" class=\"alignnone wp-image-30993 size-large\" title=\"6 veces que Gigi y Bella Hadid desfilaron juntas\" src=\"https:\/\/graziamagazine.com\/mx\/wp-content\/uploads\/sites\/13\/2017\/09\/moschino-rtw-fall-2017-milan-fashion-week-mfw-002-700x1052.jpg\" alt=\"6 veces que Gigi y Bella Hadid desfilaron juntas\" width=\"681\" height=\"1024\" \/><\/p>\n<p>&nbsp;<\/p>\n<h2><b>VICTORIA&#8217;S SECRET<\/b><\/h2>\n<p>No pod\u00edamos dejar pasar la que quiz\u00e1s sea su noche m\u00e1s inolvidable.<\/p>\n<p>Para el <b>VSFS<\/b> del invierno pasado, en <b>Par\u00eds<\/b>,\u00a0la hermanas no s\u00f3lo se ganaron sus alas; tambi\u00e9n vivieron uno de los momentos que todas quisi\u00e9ramos.<\/p>\n<p>Poco tiempo antes del show <b>Bella<\/b> rompi\u00f3 su relaci\u00f3n con<b> The Weeknd<\/b> qui\u00e9n esa misma noche se present\u00f3.<\/p>\n<p>&nbsp;<\/p>\n<p>Hermanas, mejores amigas y c\u00f3mplices. \u00a1Y la lista sigue creciendo!<\/p>\n<p>&nbsp;<\/p>\n<p><img loading=\"lazy\" decoding=\"async\" class=\"alignnone wp-image-30996 size-large\" title=\"6 veces que Gigi y Bella Hadid desfilaron juntas\" src=\"https:\/\/graziamagazine.com\/mx\/wp-content\/uploads\/sites\/13\/2017\/09\/76008f83c497c1bd926beed3dbe38df5-700x1050.jpg\" alt=\"6 veces que Gigi y Bella Hadid desfilaron juntas\" width=\"683\" height=\"1024\" \/><\/p>\n<p>&nbsp;<\/p>\n<p><img loading=\"lazy\" decoding=\"async\" class=\"alignnone wp-image-30995 size-large\" title=\"6 veces que Gigi y Bella Hadid desfilaron juntas\" src=\"https:\/\/graziamagazine.com\/mx\/wp-content\/uploads\/sites\/13\/2017\/09\/1280_gigi_hadid_VSFS_GettyImages-626911022-700x972.jpg\" alt=\"6 veces que Gigi y Bella Hadid desfilaron juntas\" width=\"700\" height=\"972\" \/><\/p>\n<h5><b><i>*IM\u00c1GENES: Getty Images \/ WWD.<\/i><\/b><\/h5>\n","protected":false},"author":11636,"featured_media":31000,"template":"","format":"standard","categories":[2,4],"acf":[],"yoast_head":"<!-- This site is optimized with the Yoast SEO Premium plugin v18.5 (Yoast SEO v20.4) - https:\/\/yoast.com\/wordpress\/plugins\/seo\/ -->\n<title>6 veces que Gigi y Bella Hadid desfilaron juntas | Grazia M\u00e9xico y Latinoam\u00e9rica<\/title>\n<meta name=\"description\" content=\"La complicidad de las hermanas Gigi y Bella Hadid va m\u00e1s all\u00e1 de sus genes; ambas se han apoderado de la pasarela por completo. Estos 8 momentos lo prueban.\" \/>\n<meta name=\"robots\" content=\"index, follow, max-snippet:-1, max-image-preview:large, max-video-preview:-1\" \/>\n<link rel=\"canonical\" href=\"https:\/\/graziamagazine.com\/mx\/articles\/6-veces-gigi-y-bella-hadid-desfilaron\/\" \/>\n<meta property=\"og:locale\" content=\"es_MX\" \/>\n<meta property=\"og:type\" content=\"article\" \/>\n<meta property=\"og:title\" content=\"6 veces que Gigi y Bella Hadid desfilaron juntas\" \/>\n<meta property=\"og:description\" content=\"La complicidad de las hermanas Gigi y Bella Hadid va m\u00e1s all\u00e1 de sus genes; ambas se han apoderado de la pasarela por completo. Estos 8 momentos lo prueban.\" \/>\n<meta property=\"og:url\" content=\"https:\/\/graziamagazine.com\/mx\/articles\/6-veces-gigi-y-bella-hadid-desfilaron\/\" \/>\n<meta property=\"og:site_name\" content=\"Grazia M\u00e9xico y Latinoam\u00e9rica\" \/>\n<meta property=\"article:modified_time\" content=\"2019-12-20T17:07:19+00:00\" \/>\n<meta property=\"og:image\" content=\"https:\/\/graziamagazine.com\/mx\/wp-content\/uploads\/sites\/13\/2017\/09\/bellagigiannasui-1.jpg?fit=1272%2C484\" \/>\n\t<meta property=\"og:image:width\" content=\"1272\" \/>\n\t<meta property=\"og:image:height\" content=\"484\" \/>\n\t<meta property=\"og:image:type\" content=\"image\/jpeg\" \/>\n<meta name=\"twitter:card\" content=\"summary_large_image\" \/>\n<meta name=\"twitter:label1\" content=\"Est. reading time\" \/>\n\t<meta name=\"twitter:data1\" content=\"2 minutos\" \/>\n<script type=\"application\/ld+json\" class=\"yoast-schema-graph\">{\"@context\":\"https:\/\/schema.org\",\"@graph\":[{\"@type\":\"WebPage\",\"@id\":\"https:\/\/graziamagazine.com\/mx\/articles\/6-veces-gigi-y-bella-hadid-desfilaron\/\",\"url\":\"https:\/\/graziamagazine.com\/mx\/articles\/6-veces-gigi-y-bella-hadid-desfilaron\/\",\"name\":\"6 veces que Gigi y Bella Hadid desfilaron juntas | Grazia M\u00e9xico y Latinoam\u00e9rica\",\"isPartOf\":{\"@id\":\"https:\/\/graziamagazine.com\/mx\/#website\"},\"datePublished\":\"2017-09-12T18:22:40+00:00\",\"dateModified\":\"2019-12-20T17:07:19+00:00\",\"description\":\"La complicidad de las hermanas Gigi y Bella Hadid va m\u00e1s all\u00e1 de sus genes; ambas se han apoderado de la pasarela por completo. Estos 8 momentos lo prueban.\",\"breadcrumb\":{\"@id\":\"https:\/\/graziamagazine.com\/mx\/articles\/6-veces-gigi-y-bella-hadid-desfilaron\/#breadcrumb\"},\"inLanguage\":\"es-MX\",\"potentialAction\":[{\"@type\":\"ReadAction\",\"target\":[\"https:\/\/graziamagazine.com\/mx\/articles\/6-veces-gigi-y-bella-hadid-desfilaron\/\"]}]},{\"@type\":\"BreadcrumbList\",\"@id\":\"https:\/\/graziamagazine.com\/mx\/articles\/6-veces-gigi-y-bella-hadid-desfilaron\/#breadcrumb\",\"itemListElement\":[{\"@type\":\"ListItem\",\"position\":1,\"name\":\"Home\",\"item\":\"https:\/\/graziamagazine.com\/mx\/\"},{\"@type\":\"ListItem\",\"position\":2,\"name\":\"6 veces que Gigi y Bella Hadid desfilaron juntas\"}]},{\"@type\":\"WebSite\",\"@id\":\"https:\/\/graziamagazine.com\/mx\/#website\",\"url\":\"https:\/\/graziamagazine.com\/mx\/\",\"name\":\"Grazia M\u00e9xico y Latinoam\u00e9rica\",\"description\":\"Grazia es moda, belleza y noticias  de actualidad \",\"potentialAction\":[{\"@type\":\"SearchAction\",\"target\":{\"@type\":\"EntryPoint\",\"urlTemplate\":\"https:\/\/graziamagazine.com\/mx\/?s={search_term_string}\"},\"query-input\":\"required name=search_term_string\"}],\"inLanguage\":\"es-MX\"}]}<\/script>\n<!-- \/ Yoast SEO Premium plugin. -->","yoast_head_json":{"title":"6 veces que Gigi y Bella Hadid desfilaron juntas | Grazia M\u00e9xico y Latinoam\u00e9rica","description":"La complicidad de las hermanas Gigi y Bella Hadid va m\u00e1s all\u00e1 de sus genes; ambas se han apoderado de la pasarela por completo. Estos 8 momentos lo prueban.","robots":{"index":"index","follow":"follow","max-snippet":"max-snippet:-1","max-image-preview":"max-image-preview:large","max-video-preview":"max-video-preview:-1"},"canonical":"https:\/\/graziamagazine.com\/mx\/articles\/6-veces-gigi-y-bella-hadid-desfilaron\/","og_locale":"es_MX","og_type":"article","og_title":"6 veces que Gigi y Bella Hadid desfilaron juntas","og_description":"La complicidad de las hermanas Gigi y Bella Hadid va m\u00e1s all\u00e1 de sus genes; ambas se han apoderado de la pasarela por completo. Estos 8 momentos lo prueban.","og_url":"https:\/\/graziamagazine.com\/mx\/articles\/6-veces-gigi-y-bella-hadid-desfilaron\/","og_site_name":"Grazia M\u00e9xico y Latinoam\u00e9rica","article_modified_time":"2019-12-20T17:07:19+00:00","og_image":[{"width":1272,"height":484,"url":"https:\/\/graziamagazine.com\/mx\/wp-content\/uploads\/sites\/13\/2017\/09\/bellagigiannasui-1.jpg?fit=1272%2C484","type":"image\/jpeg"}],"twitter_card":"summary_large_image","twitter_misc":{"Est. reading time":"2 minutos"},"schema":{"@context":"https:\/\/schema.org","@graph":[{"@type":"WebPage","@id":"https:\/\/graziamagazine.com\/mx\/articles\/6-veces-gigi-y-bella-hadid-desfilaron\/","url":"https:\/\/graziamagazine.com\/mx\/articles\/6-veces-gigi-y-bella-hadid-desfilaron\/","name":"6 veces que Gigi y Bella Hadid desfilaron juntas | Grazia M\u00e9xico y Latinoam\u00e9rica","isPartOf":{"@id":"https:\/\/graziamagazine.com\/mx\/#website"},"datePublished":"2017-09-12T18:22:40+00:00","dateModified":"2019-12-20T17:07:19+00:00","description":"La complicidad de las hermanas Gigi y Bella Hadid va m\u00e1s all\u00e1 de sus genes; ambas se han apoderado de la pasarela por completo. Estos 8 momentos lo prueban.","breadcrumb":{"@id":"https:\/\/graziamagazine.com\/mx\/articles\/6-veces-gigi-y-bella-hadid-desfilaron\/#breadcrumb"},"inLanguage":"es-MX","potentialAction":[{"@type":"ReadAction","target":["https:\/\/graziamagazine.com\/mx\/articles\/6-veces-gigi-y-bella-hadid-desfilaron\/"]}]},{"@type":"BreadcrumbList","@id":"https:\/\/graziamagazine.com\/mx\/articles\/6-veces-gigi-y-bella-hadid-desfilaron\/#breadcrumb","itemListElement":[{"@type":"ListItem","position":1,"name":"Home","item":"https:\/\/graziamagazine.com\/mx\/"},{"@type":"ListItem","position":2,"name":"6 veces que Gigi y Bella Hadid desfilaron juntas"}]},{"@type":"WebSite","@id":"https:\/\/graziamagazine.com\/mx\/#website","url":"https:\/\/graziamagazine.com\/mx\/","name":"Grazia M\u00e9xico y Latinoam\u00e9rica","description":"Grazia es moda, belleza y noticias  de actualidad ","potentialAction":[{"@type":"SearchAction","target":{"@type":"EntryPoint","urlTemplate":"https:\/\/graziamagazine.com\/mx\/?s={search_term_string}"},"query-input":"required name=search_term_string"}],"inLanguage":"es-MX"}]}},"jetpack_sharing_enabled":true,"distributor_meta":false,"distributor_terms":false,"distributor_media":false,"distributor_original_site_name":"Grazia M\u00e9xico y Latinoam\u00e9rica","distributor_original_site_url":"https:\/\/graziamagazine.com\/mx","push-errors":false,"_links":{"self":[{"href":"https:\/\/graziamagazine.com\/mx\/wp-json\/wp\/v2\/articles\/30978"}],"collection":[{"href":"https:\/\/graziamagazine.com\/mx\/wp-json\/wp\/v2\/articles"}],"about":[{"href":"https:\/\/graziamagazine.com\/mx\/wp-json\/wp\/v2\/types\/articles"}],"author":[{"embeddable":true,"href":"https:\/\/graziamagazine.com\/mx\/wp-json\/wp\/v2\/users\/11636"}],"wp:featuredmedia":[{"embeddable":true,"href":"https:\/\/graziamagazine.com\/mx\/wp-json\/wp\/v2\/media\/31000"}],"wp:attachment":[{"href":"https:\/\/graziamagazine.com\/mx\/wp-json\/wp\/v2\/media?parent=30978"}],"wp:term":[{"taxonomy":"category","embeddable":true,"href":"https:\/\/graziamagazine.com\/mx\/wp-json\/wp\/v2\/categories?post=30978"}],"curies":[{"name":"wp","href":"https:\/\/api.w.org\/{rel}","templated":true}]}}