{"id":30893,"date":"2017-09-11T09:08:34","date_gmt":"2017-09-11T15:08:34","guid":{"rendered":"https:\/\/graziamagazine.com\/mx\/?p=30893"},"modified":"2017-09-11T09:10:44","modified_gmt":"2017-09-11T15:10:44","slug":"nominados-favoritos-emmys-2017","status":"publish","type":"articles","link":"https:\/\/graziamagazine.com\/mx\/articles\/nominados-favoritos-emmys-2017\/","title":{"rendered":"NUESTROS NOMINADOS FAVORITOS A LOS EMMYS 2017"},"content":{"rendered":"<p><b>Estamos a 6 d\u00edas de conocer a los ganadores de los Emmys 2017 y la lista de nominados ya fue revelada. Te compartimos nuestra quiniela.<\/b><\/p>\n<p><!--more--><\/p>\n<p>\u2013\u2013\u2013\u2013<\/p>\n<h3><b>Por Grace Miramontes<\/b><\/h3>\n<p>&nbsp;<\/p>\n<p><span style=\"font-weight: 400;\">El pr\u00f3ximo domingo arranca oficialmente la award season con la ceremonia de los <\/span><b>Emmys 2017<\/b><span style=\"font-weight: 400;\"> y la lista de nominados ya fue revelada.<\/span><\/p>\n<p><span style=\"font-weight: 400;\">Naturalmente, tenemos a nuestros favoritos y por ello, te queremos compartir nuestras apuestas para llevarse la estatuilla.<\/span><\/p>\n<p><span style=\"font-weight: 400;\">Estos son los actores y actrices que creemos merecen ganar\u2026 Y t\u00fa, \u00bfya tienes tu top?<\/span><\/p>\n<p>&nbsp;<\/p>\n<ol>\n<li>\n<h2><b> Benedict Cumberbatch (Sherlock) &#8211; <\/b><b><i>Protagonista destacado en una serie o pel\u00edcula limitados.<\/i><\/b><\/h2>\n<\/li>\n<\/ol>\n<p><span style=\"font-weight: 400;\">Una de las series m\u00e1s aclamadas de investigadores con el ingl\u00e9s como protagonista. <\/span><b>Rotten Tomatoes<\/b><span style=\"font-weight: 400;\"> calific\u00f3 la primer temporada con 100% de satisfacci\u00f3n, mientras que el p\u00fablico le dio 98%<\/span><\/p>\n<p><span style=\"font-weight: 400;\">En palabras de los fan\u00e1ticos:<\/span><\/p>\n<blockquote><p><b><i>\u00a0\u201c(&#8230;) reconoce que (Sherlock) usar\u00eda la tecnolog\u00eda para ayudarlo en sus prodigiosos actos de deducci\u00f3n y a\u00fan as\u00ed, se mantiene fiel a los personajes creados por Arthur Conan Doyle\u201d.<\/i><\/b><\/p><\/blockquote>\n<p>&nbsp;<\/p>\n<p><span style=\"font-weight: 400;\">Estamos seguras de que al menos uno de tus amigos te la ha recomendado.<\/span><\/p>\n<p>&nbsp;<\/p>\n<p><img decoding=\"async\" class=\"alignnone size-large wp-image-30896\" src=\"https:\/\/graziamagazine.com\/mx\/wp-content\/uploads\/sites\/13\/2017\/09\/EMMYS-2017-NOMINADOS-SHERLOCK-700x438.jpg\" alt=\"EMMYS-2017-NOMINADOS-SHERLOCK\" \/><\/p>\n<p>&nbsp;<\/p>\n<ol start=\"2\">\n<li>\n<h2><b> Aziz Ansari (Dev) &#8211; <\/b><b><i>Protagonista destacado en una serie de comedia.<\/i><\/b><\/h2>\n<\/li>\n<\/ol>\n<p><span style=\"font-weight: 400;\">El actor da vida a un aspirante a actor en la divertida serie <\/span><b><i>\u201cMaster of None\u201d<\/i><\/b><span style=\"font-weight: 400;\">. <\/span><\/p>\n<p>Lo que nos mantiene pegadas a la pantalla es que el papel le viene como anillo al dedo y que los temas que aborda son comunes y en ocasiones, f\u00e1ciles de identificarse para muchos.<\/p>\n<p><span style=\"font-weight: 400;\">Adem\u00e1s, el vestuario es incre\u00edble.<\/span><\/p>\n<p>&nbsp;<\/p>\n<p><img decoding=\"async\" class=\"alignnone size-large wp-image-30897\" src=\"https:\/\/graziamagazine.com\/mx\/wp-content\/uploads\/sites\/13\/2017\/09\/EMMYS-2017-NOMINADOS-MON-700x467.jpg\" alt=\"EMMYS-2017-NOMINADOS-MON\" \/><\/p>\n<p>&nbsp;<\/p>\n<ol start=\"3\">\n<li>\n<h2><b> Jane Fonda (Grace) &#8211; <\/b><b><i>Protagonista destacada en una serie de comedia.<\/i><\/b><\/h2>\n<\/li>\n<\/ol>\n<p><span style=\"font-weight: 400;\">Ella es la actriz que no importa cu\u00e1ntas generaciones pasen, sigue siendo un deleite verla en pantalla.<\/span><\/p>\n<p><span style=\"font-weight: 400;\">En su papel para la serie de <strong>Netflix<\/strong> <strong><em>\u201cGrace and Frankie\u201d<\/em><\/strong> la muestra en situaciones inesperadas y chuscas. Sin perder su usual elegancia, por supuesto.<\/span><\/p>\n<p>&nbsp;<\/p>\n<p><img decoding=\"async\" class=\"alignnone size-large wp-image-30898\" src=\"https:\/\/graziamagazine.com\/mx\/wp-content\/uploads\/sites\/13\/2017\/09\/EMMYS-2017-NOMINADOS-GAF-700x383.png\" alt=\"EMMYS-2017-NOMINADOS-GAF\" \/><\/p>\n<p>&nbsp;<\/p>\n<ol start=\"4\">\n<li>\n<h2><b> Robin Wright (Claire Underwood) &#8211; <\/b><b><i>Protagonista destacada de una serie de drama.<\/i><\/b><\/h2>\n<\/li>\n<\/ol>\n<p><span style=\"font-weight: 400;\">Ella es la mente maestra en el matrimonio que habita la <strong>Casa Blanca<\/strong> en la serie <strong><em>\u201cHouse of Cards\u201d<\/em><\/strong>.<\/span><\/p>\n<p><span style=\"font-weight: 400;\">Su comportamiento implacable, sofisticado y met\u00f3dico la vuelven un personaje fascinante.<\/span><\/p>\n<p><span style=\"font-weight: 400;\">La definici\u00f3n de una <\/span><i><span style=\"font-weight: 400;\">boss lady<\/span><\/i><span style=\"font-weight: 400;\">, con un lado sensible y rom\u00e1ntico muchas veces oculto bajo el protocolo.<\/span><\/p>\n<p>&nbsp;<\/p>\n<p><span style=\"font-weight: 400;\">Nuestra moneda ya est\u00e1 echada, \u00bfcoincides con nuestra selecci\u00f3n?<\/span><\/p>\n<p>&nbsp;<\/p>\n<p><img decoding=\"async\" class=\"alignnone size-large wp-image-30895\" src=\"https:\/\/graziamagazine.com\/mx\/wp-content\/uploads\/sites\/13\/2017\/09\/EMMYS-2017-NOMINADOS-HOC-700x394.jpg\" alt=\"EMMYS-2017-NOMINADOS-HOC\" \/><\/p>\n<h5><b><i>*IM\u00c1GENES: Cortes\u00eda.<\/i><\/b><\/h5>\n","protected":false},"author":11636,"featured_media":30894,"template":"","format":"standard","categories":[114,2,10],"acf":[],"yoast_head":"<!-- This site is optimized with the Yoast SEO Premium plugin v18.5 (Yoast SEO v20.4) - https:\/\/yoast.com\/wordpress\/plugins\/seo\/ -->\n<title>NUESTROS NOMINADOS FAVORITOS A LOS EMMYS 2017 | Grazia M\u00e9xico y Latinoam\u00e9rica<\/title>\n<meta name=\"description\" content=\"Estamos a 6 d\u00edas de conocer a los ganadores de los Emmys 2017 y la lista de nominados ya fue revelada. Te compartimos nuestra quiniela.\" \/>\n<meta name=\"robots\" content=\"index, follow, max-snippet:-1, max-image-preview:large, max-video-preview:-1\" \/>\n<link rel=\"canonical\" href=\"https:\/\/graziamagazine.com\/mx\/articles\/nominados-favoritos-emmys-2017\/\" \/>\n<meta property=\"og:locale\" content=\"es_MX\" \/>\n<meta property=\"og:type\" content=\"article\" \/>\n<meta property=\"og:title\" content=\"NUESTROS NOMINADOS FAVORITOS A LOS EMMYS 2017\" \/>\n<meta property=\"og:description\" content=\"Estamos a 6 d\u00edas de conocer a los ganadores de los Emmys 2017 y la lista de nominados ya fue revelada. Te compartimos nuestra quiniela.\" \/>\n<meta property=\"og:url\" content=\"https:\/\/graziamagazine.com\/mx\/articles\/nominados-favoritos-emmys-2017\/\" \/>\n<meta property=\"og:site_name\" content=\"Grazia M\u00e9xico y Latinoam\u00e9rica\" \/>\n<meta property=\"article:modified_time\" content=\"2017-09-11T15:10:44+00:00\" \/>\n<meta property=\"og:image\" content=\"https:\/\/graziamagazine.com\/mx\/wp-content\/uploads\/sites\/13\/2017\/09\/EMMYS-2017-NOMINADOS-DESTACADA.jpg?fit=3000%2C1947\" \/>\n\t<meta property=\"og:image:width\" content=\"3000\" \/>\n\t<meta property=\"og:image:height\" content=\"1947\" \/>\n\t<meta property=\"og:image:type\" content=\"image\/jpeg\" \/>\n<meta name=\"twitter:card\" content=\"summary_large_image\" \/>\n<meta name=\"twitter:label1\" content=\"Est. reading time\" \/>\n\t<meta name=\"twitter:data1\" content=\"2 minutos\" \/>\n<script type=\"application\/ld+json\" class=\"yoast-schema-graph\">{\"@context\":\"https:\/\/schema.org\",\"@graph\":[{\"@type\":\"WebPage\",\"@id\":\"https:\/\/graziamagazine.com\/mx\/articles\/nominados-favoritos-emmys-2017\/\",\"url\":\"https:\/\/graziamagazine.com\/mx\/articles\/nominados-favoritos-emmys-2017\/\",\"name\":\"NUESTROS NOMINADOS FAVORITOS A LOS EMMYS 2017 | Grazia M\u00e9xico y Latinoam\u00e9rica\",\"isPartOf\":{\"@id\":\"https:\/\/graziamagazine.com\/mx\/#website\"},\"datePublished\":\"2017-09-11T15:08:34+00:00\",\"dateModified\":\"2017-09-11T15:10:44+00:00\",\"description\":\"Estamos a 6 d\u00edas de conocer a los ganadores de los Emmys 2017 y la lista de nominados ya fue revelada. Te compartimos nuestra quiniela.\",\"breadcrumb\":{\"@id\":\"https:\/\/graziamagazine.com\/mx\/articles\/nominados-favoritos-emmys-2017\/#breadcrumb\"},\"inLanguage\":\"es-MX\",\"potentialAction\":[{\"@type\":\"ReadAction\",\"target\":[\"https:\/\/graziamagazine.com\/mx\/articles\/nominados-favoritos-emmys-2017\/\"]}]},{\"@type\":\"BreadcrumbList\",\"@id\":\"https:\/\/graziamagazine.com\/mx\/articles\/nominados-favoritos-emmys-2017\/#breadcrumb\",\"itemListElement\":[{\"@type\":\"ListItem\",\"position\":1,\"name\":\"Home\",\"item\":\"https:\/\/graziamagazine.com\/mx\/\"},{\"@type\":\"ListItem\",\"position\":2,\"name\":\"NUESTROS NOMINADOS FAVORITOS A LOS EMMYS 2017\"}]},{\"@type\":\"WebSite\",\"@id\":\"https:\/\/graziamagazine.com\/mx\/#website\",\"url\":\"https:\/\/graziamagazine.com\/mx\/\",\"name\":\"Grazia M\u00e9xico y Latinoam\u00e9rica\",\"description\":\"Grazia es moda, belleza y noticias  de actualidad \",\"potentialAction\":[{\"@type\":\"SearchAction\",\"target\":{\"@type\":\"EntryPoint\",\"urlTemplate\":\"https:\/\/graziamagazine.com\/mx\/?s={search_term_string}\"},\"query-input\":\"required name=search_term_string\"}],\"inLanguage\":\"es-MX\"}]}<\/script>\n<!-- \/ Yoast SEO Premium plugin. -->","yoast_head_json":{"title":"NUESTROS NOMINADOS FAVORITOS A LOS EMMYS 2017 | Grazia M\u00e9xico y Latinoam\u00e9rica","description":"Estamos a 6 d\u00edas de conocer a los ganadores de los Emmys 2017 y la lista de nominados ya fue revelada. Te compartimos nuestra quiniela.","robots":{"index":"index","follow":"follow","max-snippet":"max-snippet:-1","max-image-preview":"max-image-preview:large","max-video-preview":"max-video-preview:-1"},"canonical":"https:\/\/graziamagazine.com\/mx\/articles\/nominados-favoritos-emmys-2017\/","og_locale":"es_MX","og_type":"article","og_title":"NUESTROS NOMINADOS FAVORITOS A LOS EMMYS 2017","og_description":"Estamos a 6 d\u00edas de conocer a los ganadores de los Emmys 2017 y la lista de nominados ya fue revelada. Te compartimos nuestra quiniela.","og_url":"https:\/\/graziamagazine.com\/mx\/articles\/nominados-favoritos-emmys-2017\/","og_site_name":"Grazia M\u00e9xico y Latinoam\u00e9rica","article_modified_time":"2017-09-11T15:10:44+00:00","og_image":[{"width":3000,"height":1947,"url":"https:\/\/graziamagazine.com\/mx\/wp-content\/uploads\/sites\/13\/2017\/09\/EMMYS-2017-NOMINADOS-DESTACADA.jpg?fit=3000%2C1947","type":"image\/jpeg"}],"twitter_card":"summary_large_image","twitter_misc":{"Est. reading time":"2 minutos"},"schema":{"@context":"https:\/\/schema.org","@graph":[{"@type":"WebPage","@id":"https:\/\/graziamagazine.com\/mx\/articles\/nominados-favoritos-emmys-2017\/","url":"https:\/\/graziamagazine.com\/mx\/articles\/nominados-favoritos-emmys-2017\/","name":"NUESTROS NOMINADOS FAVORITOS A LOS EMMYS 2017 | Grazia M\u00e9xico y Latinoam\u00e9rica","isPartOf":{"@id":"https:\/\/graziamagazine.com\/mx\/#website"},"datePublished":"2017-09-11T15:08:34+00:00","dateModified":"2017-09-11T15:10:44+00:00","description":"Estamos a 6 d\u00edas de conocer a los ganadores de los Emmys 2017 y la lista de nominados ya fue revelada. Te compartimos nuestra quiniela.","breadcrumb":{"@id":"https:\/\/graziamagazine.com\/mx\/articles\/nominados-favoritos-emmys-2017\/#breadcrumb"},"inLanguage":"es-MX","potentialAction":[{"@type":"ReadAction","target":["https:\/\/graziamagazine.com\/mx\/articles\/nominados-favoritos-emmys-2017\/"]}]},{"@type":"BreadcrumbList","@id":"https:\/\/graziamagazine.com\/mx\/articles\/nominados-favoritos-emmys-2017\/#breadcrumb","itemListElement":[{"@type":"ListItem","position":1,"name":"Home","item":"https:\/\/graziamagazine.com\/mx\/"},{"@type":"ListItem","position":2,"name":"NUESTROS NOMINADOS FAVORITOS A LOS EMMYS 2017"}]},{"@type":"WebSite","@id":"https:\/\/graziamagazine.com\/mx\/#website","url":"https:\/\/graziamagazine.com\/mx\/","name":"Grazia M\u00e9xico y Latinoam\u00e9rica","description":"Grazia es moda, belleza y noticias  de actualidad ","potentialAction":[{"@type":"SearchAction","target":{"@type":"EntryPoint","urlTemplate":"https:\/\/graziamagazine.com\/mx\/?s={search_term_string}"},"query-input":"required name=search_term_string"}],"inLanguage":"es-MX"}]}},"jetpack_sharing_enabled":true,"distributor_meta":false,"distributor_terms":false,"distributor_media":false,"distributor_original_site_name":"Grazia M\u00e9xico y Latinoam\u00e9rica","distributor_original_site_url":"https:\/\/graziamagazine.com\/mx","push-errors":false,"_links":{"self":[{"href":"https:\/\/graziamagazine.com\/mx\/wp-json\/wp\/v2\/articles\/30893"}],"collection":[{"href":"https:\/\/graziamagazine.com\/mx\/wp-json\/wp\/v2\/articles"}],"about":[{"href":"https:\/\/graziamagazine.com\/mx\/wp-json\/wp\/v2\/types\/articles"}],"author":[{"embeddable":true,"href":"https:\/\/graziamagazine.com\/mx\/wp-json\/wp\/v2\/users\/11636"}],"wp:featuredmedia":[{"embeddable":true,"href":"https:\/\/graziamagazine.com\/mx\/wp-json\/wp\/v2\/media\/30894"}],"wp:attachment":[{"href":"https:\/\/graziamagazine.com\/mx\/wp-json\/wp\/v2\/media?parent=30893"}],"wp:term":[{"taxonomy":"category","embeddable":true,"href":"https:\/\/graziamagazine.com\/mx\/wp-json\/wp\/v2\/categories?post=30893"}],"curies":[{"name":"wp","href":"https:\/\/api.w.org\/{rel}","templated":true}]}}