{"id":30789,"date":"2017-09-08T16:35:12","date_gmt":"2017-09-08T22:35:12","guid":{"rendered":"https:\/\/graziamagazine.com\/mx\/?p=30789"},"modified":"2020-02-10T17:58:28","modified_gmt":"2020-02-10T22:58:28","slug":"las-2-piezas-clave-de-otono-invierno","status":"publish","type":"articles","link":"https:\/\/graziamagazine.com\/mx\/articles\/las-2-piezas-clave-de-otono-invierno\/","title":{"rendered":"Las 2 piezas clave de oto\u00f1o-invierno"},"content":{"rendered":"<p><b>Un cl\u00e1sico se reinventa y un estampado rompe toda regla de estaci\u00f3n: te compartimos las 2 piezas clave de oto\u00f1o-invierno que debes tener en la mira.<\/b><\/p>\n<p><!--more--><\/p>\n<p><span style=\"font-weight: 400;\">El mes de la moda lleg\u00f3 y con ello, un pretexto m\u00e1s para tomar inspiraci\u00f3n del <\/span><i><span style=\"font-weight: 400;\">street style<\/span><\/i><span style=\"font-weight: 400;\">. <\/span><\/p>\n<p><span style=\"font-weight: 400;\">Las <\/span><b>tendencias<\/b><span style=\"font-weight: 400;\"> se transportan a las calles para adaptarse a un sinf\u00edn de estilos y convertirse en esenciales de temporada.<\/span><\/p>\n<p><span style=\"font-weight: 400;\">Nosotras ya identificamos 2 <\/span><b>piezas clave de oto\u00f1o-invierno<\/b><span style=\"font-weight: 400;\"> que deber\u00edas tener en tu guardarropa.<\/span><\/p>\n<p><span style=\"font-weight: 400;\">Te las compartimos y adem\u00e1s, te damos algunos <\/span><i><span style=\"font-weight: 400;\">tips<\/span><\/i><span style=\"font-weight: 400;\"> de c\u00f3mo llevarlas en distintos momentos.<\/span><\/p>\n<p>&nbsp;<\/p>\n<h2><b><i>Pantalones Florales<\/i><\/b><\/h2>\n<p><span style=\"font-weight: 400;\">El estilo <\/span><i><span style=\"font-weight: 400;\">boho<\/span><\/i><span style=\"font-weight: 400;\"> regresa con fuerza y los pantalones florales se han convertido en un <\/span><i><span style=\"font-weight: 400;\">must<\/span><\/i><span style=\"font-weight: 400;\">. <\/span><\/p>\n<p><span style=\"font-weight: 400;\">Adem\u00e1s de dar un giro a cualquier look, \u00a1son el complemento perfecto al <\/span><i><span style=\"font-weight: 400;\">humble sweater<\/span><\/i><span style=\"font-weight: 400;\">!<\/span><\/p>\n<p><span style=\"font-weight: 400;\">Ll\u00e9valos de pierna ancha, PJs o pegados al cuerpo, como Demna Gvasalia. <\/span><\/p>\n<p>&nbsp;<\/p>\n<p><span style=\"font-weight: 400;\">Hoy, la comodidad se vuelve un factor esencial.<\/span><\/p>\n<p>&nbsp;<\/p>\n<p><img loading=\"lazy\" decoding=\"async\" class=\"alignnone wp-image-30793 size-thumbnail\" title=\"Las 2 piezas clave de oto\u00f1o-invierno\" src=\"https:\/\/graziamagazine.com\/mx\/wp-content\/uploads\/sites\/13\/2017\/09\/PIEZAS-CLAVE-DE-OTON\u0303O-INVIERNO-FW17-P1-150x150.png\" alt=\"Las 2 piezas clave de oto\u00f1o-invierno\" width=\"150\" height=\"150\" \/><\/p>\n<p>&nbsp;<\/p>\n<p><span style=\"font-weight: 400;\">Roberto Cavalli,<\/span><b> \u20ac799.<\/b><\/p>\n<p>&nbsp;<\/p>\n<p><img loading=\"lazy\" decoding=\"async\" class=\"alignnone wp-image-30792 size-thumbnail\" title=\"Las 2 piezas clave de oto\u00f1o-invierno\" src=\"https:\/\/graziamagazine.com\/mx\/wp-content\/uploads\/sites\/13\/2017\/09\/PIEZAS-CLAVE-DE-OTON\u0303O-INVIERNO-FW17-P2-150x150.png\" alt=\"Las 2 piezas clave de oto\u00f1o-invierno\" width=\"150\" height=\"150\" \/><\/p>\n<p>&nbsp;<\/p>\n<p><span style=\"font-weight: 400;\">Etro, <\/span><b>\u20ac525.<\/b><\/p>\n<p>&nbsp;<\/p>\n<p><img loading=\"lazy\" decoding=\"async\" class=\"alignnone wp-image-30791 size-thumbnail\" title=\"Las 2 piezas clave de oto\u00f1o-invierno\" src=\"https:\/\/graziamagazine.com\/mx\/wp-content\/uploads\/sites\/13\/2017\/09\/PIEZAS-CLAVE-DE-OTON\u0303O-INVIERNO-FW17-P3-150x150.png\" alt=\"Las 2 piezas clave de oto\u00f1o-invierno\" width=\"150\" height=\"150\" \/><\/p>\n<p>&nbsp;<\/p>\n<p><span style=\"font-weight: 400;\">Valentino,<\/span><b> \u20ac1,009.<\/b><\/p>\n<p>&nbsp;<\/p>\n<h2><b><i>El c\u00e1rdigan o humble sweater<\/i><\/b><\/h2>\n<p>Una de las prendas que cre\u00edamos era la ant\u00edtesis de la moda, se vuelve protagonista.<\/p>\n<p>Nos referimos al su\u00e9ter que de tu abuela y que <b>Alessandro Michele<\/b> y <b>Miuccia Prada<\/b> trajeron de vuelta para abrazar el estilo <i>geeky<\/i> este invierno.<br \/>\n<img loading=\"lazy\" decoding=\"async\" class=\"alignnone wp-image-30794 size-large\" title=\"Las 2 piezas clave de oto\u00f1o-invierno\" src=\"https:\/\/graziamagazine.com\/mx\/wp-content\/uploads\/sites\/13\/2017\/09\/PIEZAS-CLAVE-DE-OTON\u0303O-INVIERNO-FW17-HS1-700x1050.jpg\" alt=\"Las 2 piezas clave de oto\u00f1o-invierno\" width=\"683\" height=\"1024\" \/><\/p>\n<p>Opening Ceremony, <a href=\"https:\/\/www.net-a-porter.com\/mx\/en\/product\/931642\/Opening_Ceremony\/appliqued-wool-blend-cardigan\" target=\"_blank\" rel=\"noopener\" target=\"_blank\"><b>$295 USD.<\/b><\/a><\/p>\n<p><img loading=\"lazy\" decoding=\"async\" class=\"alignnone wp-image-30795 size-large\" title=\"Las 2 piezas clave de oto\u00f1o-invierno\" src=\"https:\/\/graziamagazine.com\/mx\/wp-content\/uploads\/sites\/13\/2017\/09\/PIEZAS-CLAVE-DE-OTON\u0303O-INVIERNO-FW17-HS2-700x1050.jpg\" alt=\"Las 2 piezas clave de oto\u00f1o-invierno\" width=\"683\" height=\"1024\" \/><\/p>\n<p>Gucci, <a href=\"https:\/\/www.net-a-porter.com\/mx\/en\/product\/896449\/Gucci\/intarsia-wool-cardigan\" target=\"_blank\" rel=\"noopener\" target=\"_blank\"><b>$1,350 USD.<\/b><\/a><\/p>\n<p><img loading=\"lazy\" decoding=\"async\" class=\"alignnone wp-image-30796 size-large\" title=\"Las 2 piezas clave de oto\u00f1o-invierno\" src=\"https:\/\/graziamagazine.com\/mx\/wp-content\/uploads\/sites\/13\/2017\/09\/PIEZAS-CLAVE-DE-OTON\u0303O-INVIERNO-FW17-HS3-700x1050.jpg\" alt=\"Las 2 piezas clave de oto\u00f1o-invierno\" width=\"683\" height=\"1024\" \/><\/p>\n<p>Miu Miu, <a href=\"https:\/\/www.net-a-porter.com\/mx\/en\/product\/895370\/Miu_Miu\/checked-wool-cardigan\" target=\"_blank\" rel=\"noopener\" target=\"_blank\"><b>$1,200 USD<\/b><\/a><\/p>\n","protected":false},"author":11641,"featured_media":30790,"template":"","format":"standard","categories":[4,10],"acf":[],"yoast_head":"<!-- This site is optimized with the Yoast SEO Premium plugin v18.5 (Yoast SEO v20.4) - https:\/\/yoast.com\/wordpress\/plugins\/seo\/ -->\n<title>Las 2 piezas clave de oto\u00f1o-invierno | Grazia M\u00e9xico y Latinoam\u00e9rica<\/title>\n<meta name=\"description\" content=\"Un cl\u00e1sico se reinventa y un estampado rompe toda regla de estaci\u00f3n: te compartimos las 2 piezas clave de oto\u00f1o-invierno que debes tener en la mira.\" \/>\n<meta name=\"robots\" content=\"index, follow, max-snippet:-1, max-image-preview:large, max-video-preview:-1\" \/>\n<link rel=\"canonical\" href=\"https:\/\/graziamagazine.com\/mx\/articles\/las-2-piezas-clave-de-otono-invierno\/\" \/>\n<meta property=\"og:locale\" content=\"es_MX\" \/>\n<meta property=\"og:type\" content=\"article\" \/>\n<meta property=\"og:title\" content=\"Las 2 piezas clave de oto\u00f1o-invierno\" \/>\n<meta property=\"og:description\" content=\"Un cl\u00e1sico se reinventa y un estampado rompe toda regla de estaci\u00f3n: te compartimos las 2 piezas clave de oto\u00f1o-invierno que debes tener en la mira.\" \/>\n<meta property=\"og:url\" content=\"https:\/\/graziamagazine.com\/mx\/articles\/las-2-piezas-clave-de-otono-invierno\/\" \/>\n<meta property=\"og:site_name\" content=\"Grazia M\u00e9xico y Latinoam\u00e9rica\" \/>\n<meta property=\"article:modified_time\" content=\"2020-02-10T22:58:28+00:00\" \/>\n<meta property=\"og:image\" content=\"https:\/\/graziamagazine.com\/mx\/wp-content\/uploads\/sites\/13\/2017\/09\/PIEZAS-CLAVE-DE-OTON\u0303O-INVIERNO-FW17-DESTACADA.jpg?fit=920%2C528\" \/>\n\t<meta property=\"og:image:width\" content=\"920\" \/>\n\t<meta property=\"og:image:height\" content=\"528\" \/>\n\t<meta property=\"og:image:type\" content=\"image\/jpeg\" \/>\n<meta name=\"twitter:card\" content=\"summary_large_image\" \/>\n<meta name=\"twitter:label1\" content=\"Est. reading time\" \/>\n\t<meta name=\"twitter:data1\" content=\"1 minuto\" \/>\n<script type=\"application\/ld+json\" class=\"yoast-schema-graph\">{\"@context\":\"https:\/\/schema.org\",\"@graph\":[{\"@type\":\"WebPage\",\"@id\":\"https:\/\/graziamagazine.com\/mx\/articles\/las-2-piezas-clave-de-otono-invierno\/\",\"url\":\"https:\/\/graziamagazine.com\/mx\/articles\/las-2-piezas-clave-de-otono-invierno\/\",\"name\":\"Las 2 piezas clave de oto\u00f1o-invierno | Grazia M\u00e9xico y Latinoam\u00e9rica\",\"isPartOf\":{\"@id\":\"https:\/\/graziamagazine.com\/mx\/#website\"},\"datePublished\":\"2017-09-08T22:35:12+00:00\",\"dateModified\":\"2020-02-10T22:58:28+00:00\",\"description\":\"Un cl\u00e1sico se reinventa y un estampado rompe toda regla de estaci\u00f3n: te compartimos las 2 piezas clave de oto\u00f1o-invierno que debes tener en la mira.\",\"breadcrumb\":{\"@id\":\"https:\/\/graziamagazine.com\/mx\/articles\/las-2-piezas-clave-de-otono-invierno\/#breadcrumb\"},\"inLanguage\":\"es-MX\",\"potentialAction\":[{\"@type\":\"ReadAction\",\"target\":[\"https:\/\/graziamagazine.com\/mx\/articles\/las-2-piezas-clave-de-otono-invierno\/\"]}]},{\"@type\":\"BreadcrumbList\",\"@id\":\"https:\/\/graziamagazine.com\/mx\/articles\/las-2-piezas-clave-de-otono-invierno\/#breadcrumb\",\"itemListElement\":[{\"@type\":\"ListItem\",\"position\":1,\"name\":\"Home\",\"item\":\"https:\/\/graziamagazine.com\/mx\/\"},{\"@type\":\"ListItem\",\"position\":2,\"name\":\"Las 2 piezas clave de oto\u00f1o-invierno\"}]},{\"@type\":\"WebSite\",\"@id\":\"https:\/\/graziamagazine.com\/mx\/#website\",\"url\":\"https:\/\/graziamagazine.com\/mx\/\",\"name\":\"Grazia M\u00e9xico y Latinoam\u00e9rica\",\"description\":\"Grazia es moda, belleza y noticias  de actualidad \",\"potentialAction\":[{\"@type\":\"SearchAction\",\"target\":{\"@type\":\"EntryPoint\",\"urlTemplate\":\"https:\/\/graziamagazine.com\/mx\/?s={search_term_string}\"},\"query-input\":\"required name=search_term_string\"}],\"inLanguage\":\"es-MX\"}]}<\/script>\n<!-- \/ Yoast SEO Premium plugin. -->","yoast_head_json":{"title":"Las 2 piezas clave de oto\u00f1o-invierno | Grazia M\u00e9xico y Latinoam\u00e9rica","description":"Un cl\u00e1sico se reinventa y un estampado rompe toda regla de estaci\u00f3n: te compartimos las 2 piezas clave de oto\u00f1o-invierno que debes tener en la mira.","robots":{"index":"index","follow":"follow","max-snippet":"max-snippet:-1","max-image-preview":"max-image-preview:large","max-video-preview":"max-video-preview:-1"},"canonical":"https:\/\/graziamagazine.com\/mx\/articles\/las-2-piezas-clave-de-otono-invierno\/","og_locale":"es_MX","og_type":"article","og_title":"Las 2 piezas clave de oto\u00f1o-invierno","og_description":"Un cl\u00e1sico se reinventa y un estampado rompe toda regla de estaci\u00f3n: te compartimos las 2 piezas clave de oto\u00f1o-invierno que debes tener en la mira.","og_url":"https:\/\/graziamagazine.com\/mx\/articles\/las-2-piezas-clave-de-otono-invierno\/","og_site_name":"Grazia M\u00e9xico y Latinoam\u00e9rica","article_modified_time":"2020-02-10T22:58:28+00:00","og_image":[{"width":920,"height":528,"url":"https:\/\/graziamagazine.com\/mx\/wp-content\/uploads\/sites\/13\/2017\/09\/PIEZAS-CLAVE-DE-OTON\u0303O-INVIERNO-FW17-DESTACADA.jpg?fit=920%2C528","type":"image\/jpeg"}],"twitter_card":"summary_large_image","twitter_misc":{"Est. reading time":"1 minuto"},"schema":{"@context":"https:\/\/schema.org","@graph":[{"@type":"WebPage","@id":"https:\/\/graziamagazine.com\/mx\/articles\/las-2-piezas-clave-de-otono-invierno\/","url":"https:\/\/graziamagazine.com\/mx\/articles\/las-2-piezas-clave-de-otono-invierno\/","name":"Las 2 piezas clave de oto\u00f1o-invierno | Grazia M\u00e9xico y Latinoam\u00e9rica","isPartOf":{"@id":"https:\/\/graziamagazine.com\/mx\/#website"},"datePublished":"2017-09-08T22:35:12+00:00","dateModified":"2020-02-10T22:58:28+00:00","description":"Un cl\u00e1sico se reinventa y un estampado rompe toda regla de estaci\u00f3n: te compartimos las 2 piezas clave de oto\u00f1o-invierno que debes tener en la mira.","breadcrumb":{"@id":"https:\/\/graziamagazine.com\/mx\/articles\/las-2-piezas-clave-de-otono-invierno\/#breadcrumb"},"inLanguage":"es-MX","potentialAction":[{"@type":"ReadAction","target":["https:\/\/graziamagazine.com\/mx\/articles\/las-2-piezas-clave-de-otono-invierno\/"]}]},{"@type":"BreadcrumbList","@id":"https:\/\/graziamagazine.com\/mx\/articles\/las-2-piezas-clave-de-otono-invierno\/#breadcrumb","itemListElement":[{"@type":"ListItem","position":1,"name":"Home","item":"https:\/\/graziamagazine.com\/mx\/"},{"@type":"ListItem","position":2,"name":"Las 2 piezas clave de oto\u00f1o-invierno"}]},{"@type":"WebSite","@id":"https:\/\/graziamagazine.com\/mx\/#website","url":"https:\/\/graziamagazine.com\/mx\/","name":"Grazia M\u00e9xico y Latinoam\u00e9rica","description":"Grazia es moda, belleza y noticias  de actualidad ","potentialAction":[{"@type":"SearchAction","target":{"@type":"EntryPoint","urlTemplate":"https:\/\/graziamagazine.com\/mx\/?s={search_term_string}"},"query-input":"required name=search_term_string"}],"inLanguage":"es-MX"}]}},"jetpack_sharing_enabled":true,"distributor_meta":false,"distributor_terms":false,"distributor_media":false,"distributor_original_site_name":"Grazia M\u00e9xico y Latinoam\u00e9rica","distributor_original_site_url":"https:\/\/graziamagazine.com\/mx","push-errors":false,"_links":{"self":[{"href":"https:\/\/graziamagazine.com\/mx\/wp-json\/wp\/v2\/articles\/30789"}],"collection":[{"href":"https:\/\/graziamagazine.com\/mx\/wp-json\/wp\/v2\/articles"}],"about":[{"href":"https:\/\/graziamagazine.com\/mx\/wp-json\/wp\/v2\/types\/articles"}],"author":[{"embeddable":true,"href":"https:\/\/graziamagazine.com\/mx\/wp-json\/wp\/v2\/users\/11641"}],"wp:featuredmedia":[{"embeddable":true,"href":"https:\/\/graziamagazine.com\/mx\/wp-json\/wp\/v2\/media\/30790"}],"wp:attachment":[{"href":"https:\/\/graziamagazine.com\/mx\/wp-json\/wp\/v2\/media?parent=30789"}],"wp:term":[{"taxonomy":"category","embeddable":true,"href":"https:\/\/graziamagazine.com\/mx\/wp-json\/wp\/v2\/categories?post=30789"}],"curies":[{"name":"wp","href":"https:\/\/api.w.org\/{rel}","templated":true}]}}