{"id":30403,"date":"2017-09-01T11:55:32","date_gmt":"2017-09-01T17:55:32","guid":{"rendered":"https:\/\/graziamagazine.com\/mx\/?p=30403"},"modified":"2017-09-29T21:43:06","modified_gmt":"2017-09-30T03:43:06","slug":"instagram-no-esta-feliz-brooklyn-beckham","status":"publish","type":"articles","link":"https:\/\/graziamagazine.com\/mx\/articles\/instagram-no-esta-feliz-brooklyn-beckham\/","title":{"rendered":"INSTAGRAM NO EST\u00c1 FELIZ CON BROOKLYN BECKHAM"},"content":{"rendered":"<p><b>El d\u00eda de ayer, el aspirante a fot\u00f3grafo, Brooklyn Beckham, subi\u00f3 una serie de pol\u00e9micas im\u00e1genes\u00a0que lo pusieron en el ojo del hurac\u00e1n.<\/b><\/p>\n<p><!--more--><\/p>\n<p>\u2013\u2013\u2013\u2013<\/p>\n<p><img loading=\"lazy\" decoding=\"async\" class=\"alignnone size-full wp-image-30404\" src=\"https:\/\/graziamagazine.com\/mx\/wp-content\/uploads\/sites\/13\/2017\/09\/BROOKLYN-BECKHAM-DAMON-BAKER-DESTACADA.png\" alt=\"BROOKLYN-BECKHAM-DAMON-BAKER-DESTACADA\" width=\"804\" height=\"513\" srcset=\"https:\/\/graziamagazine.com\/mx\/wp-content\/uploads\/sites\/13\/2017\/09\/BROOKLYN-BECKHAM-DAMON-BAKER-DESTACADA.png 804w, https:\/\/graziamagazine.com\/mx\/wp-content\/uploads\/sites\/13\/2017\/09\/BROOKLYN-BECKHAM-DAMON-BAKER-DESTACADA.png?resize=450,287 450w, https:\/\/graziamagazine.com\/mx\/wp-content\/uploads\/sites\/13\/2017\/09\/BROOKLYN-BECKHAM-DAMON-BAKER-DESTACADA.png?resize=768,490 768w, https:\/\/graziamagazine.com\/mx\/wp-content\/uploads\/sites\/13\/2017\/09\/BROOKLYN-BECKHAM-DAMON-BAKER-DESTACADA.png?resize=155,99 155w\" sizes=\"(max-width: 804px) 100vw, 804px\" \/><\/p>\n<h3><b>Por Grace Miramontes<\/b><\/h3>\n<p>&nbsp;<\/p>\n<p><span style=\"font-weight: 400;\">Por mucho tiempo, <\/span><b>Brooklyn Beckham<\/b><span style=\"font-weight: 400;\"> y sus hermanos se mantuvieron lejos de las cr\u00edticas de la industria del entretenimiento. Ahora, las cosas han cambiado.<\/span><\/p>\n<p><span style=\"font-weight: 400;\">Desde su publico romance con <\/span><b>Chloe Grace M\u00f6retz <\/b><span style=\"font-weight: 400;\">y luego de que <\/span><b>Burberry<\/b><span style=\"font-weight: 400;\"> le abriera las puertas en la parte creativa, el mundo se mantuvo m\u00e1s al pendiente de los pasos del primog\u00e9nito del astro de las canchas.<\/span><\/p>\n<p><span style=\"font-weight: 400;\">Tras ser duramente criticado por su incursi\u00f3n en la fotograf\u00eda, el estudiante de <\/span><b>Parsons<\/b><span style=\"font-weight: 400;\"> se ha vuelto a poner en el ojo del hurac\u00e1n tras publicar im\u00e1genes en su cuenta de <\/span><b>Instagram<\/b><span style=\"font-weight: 400;\"> de una sesi\u00f3n tomada por el aclamado <\/span><b>Damon Baker<\/b><span style=\"font-weight: 400;\">.<\/span><\/p>\n<p><span style=\"font-weight: 400;\">Con una est\u00e9tica similar a la de la famos\u00edsima serie de <\/span><b>James Dean<\/b><span style=\"font-weight: 400;\"> por <\/span><b>Roy Schatt<\/b><span style=\"font-weight: 400;\"> (<\/span><b>1954<\/b><span style=\"font-weight: 400;\">), <\/span><b>Brooklyn<\/b><span style=\"font-weight: 400;\"> aparece vistiendo una camiseta blanca, pantalones negros.<\/span><\/p>\n<p>&nbsp;<\/p>\n<p><img loading=\"lazy\" decoding=\"async\" class=\"alignnone size-full wp-image-30412\" src=\"https:\/\/graziamagazine.com\/mx\/wp-content\/uploads\/sites\/13\/2017\/09\/87a87945bb76f50fc75108d59b1df137-photos-anime\u0301es-jimmy-dean.jpg\" alt=\"BROOKLYN-BECKHAM-DAMON-BAKER-JAMES\" width=\"500\" height=\"500\" srcset=\"https:\/\/graziamagazine.com\/mx\/wp-content\/uploads\/sites\/13\/2017\/09\/87a87945bb76f50fc75108d59b1df137-photos-anime\u0301es-jimmy-dean.jpg 500w, https:\/\/graziamagazine.com\/mx\/wp-content\/uploads\/sites\/13\/2017\/09\/87a87945bb76f50fc75108d59b1df137-photos-anime\u0301es-jimmy-dean.jpg?resize=150,150 150w, https:\/\/graziamagazine.com\/mx\/wp-content\/uploads\/sites\/13\/2017\/09\/87a87945bb76f50fc75108d59b1df137-photos-anime\u0301es-jimmy-dean.jpg?resize=450,450 450w, https:\/\/graziamagazine.com\/mx\/wp-content\/uploads\/sites\/13\/2017\/09\/87a87945bb76f50fc75108d59b1df137-photos-anime\u0301es-jimmy-dean.jpg?resize=155,155 155w\" sizes=\"(max-width: 500px) 100vw, 500px\" \/><\/p>\n<p>&nbsp;<\/p>\n<p><img loading=\"lazy\" decoding=\"async\" class=\"alignnone size-large wp-image-30408\" src=\"https:\/\/graziamagazine.com\/mx\/wp-content\/uploads\/sites\/13\/2017\/09\/BROOKLYN-BECKHAM-DAMON-BAKER-2-681x1024.jpg\" alt=\"BROOKLYN-BECKHAM-DAMON-BAKER-2\" width=\"681\" height=\"1024\" \/><\/p>\n<p>&nbsp;<\/p>\n<p>Sin embargo, hubieron algunas que provocaron el descontento,\u00a0pues aparec\u00eda posando con un inusual <em>prop<\/em>.<\/p>\n<p><span style=\"font-weight: 400;\">Los comentarios, naturalmente, no se hicieron esperar, al grado de que tuvo que borrarlas e incluso, hasta su foto de perfil.<\/span><\/p>\n<p><span style=\"font-weight: 400;\">La defensa sali\u00f3 por parte de alguien cercano a \u00e9l afirmando que &#8220;<\/span><b><i>En retrospectiva, hacerlo fue inmaduro e impulsivo.\u201d<\/i><\/b><\/p>\n<p>&nbsp;<\/p>\n<p><span style=\"font-weight: 400;\">Aunque lo \u00fanico que ahora aparece en su perfil sea una imagen que agrupa todas las fotos,\u00a0las opiniones de sus seguidores contin\u00faan apareciendo.<\/span><\/p>\n<p>&nbsp;<\/p>\n<p><img loading=\"lazy\" decoding=\"async\" class=\"alignnone size-full wp-image-30406\" src=\"https:\/\/graziamagazine.com\/mx\/wp-content\/uploads\/sites\/13\/2017\/09\/BROOKLYN-BECKHAM-DAMON-BAKER-2.png\" alt=\"BROOKLYN-BECKHAM-DAMON-BAKER-2\" width=\"525\" height=\"655\" srcset=\"https:\/\/graziamagazine.com\/mx\/wp-content\/uploads\/sites\/13\/2017\/09\/BROOKLYN-BECKHAM-DAMON-BAKER-2.png 525w, https:\/\/graziamagazine.com\/mx\/wp-content\/uploads\/sites\/13\/2017\/09\/BROOKLYN-BECKHAM-DAMON-BAKER-2.png?resize=361,450 361w, https:\/\/graziamagazine.com\/mx\/wp-content\/uploads\/sites\/13\/2017\/09\/BROOKLYN-BECKHAM-DAMON-BAKER-2.png?resize=155,193 155w\" sizes=\"(max-width: 525px) 100vw, 525px\" \/><\/p>\n<h5><b><i>*IM\u00c1GENES: Damon Baker \/ @brooklynbeckham.<\/i><\/b><\/h5>\n","protected":false},"author":11636,"featured_media":30404,"template":"","format":"standard","categories":[114,2,10],"acf":[],"yoast_head":"<!-- This site is optimized with the Yoast SEO Premium plugin v18.5 (Yoast SEO v20.4) - https:\/\/yoast.com\/wordpress\/plugins\/seo\/ -->\n<title>INSTAGRAM NO EST\u00c1 FELIZ CON BROOKLYN BECKHAM | Grazia M\u00e9xico y Latinoam\u00e9rica<\/title>\n<meta name=\"description\" content=\"El d\u00eda de ayer, el aspirante a fot\u00f3grafo, Brooklyn Beckham, subi\u00f3 una serie de pol\u00e9micas im\u00e1genes que lo pusieron en el ojo del hurac\u00e1n.\" \/>\n<meta name=\"robots\" content=\"index, follow, max-snippet:-1, max-image-preview:large, max-video-preview:-1\" \/>\n<link rel=\"canonical\" href=\"https:\/\/graziamagazine.com\/mx\/articles\/instagram-no-esta-feliz-brooklyn-beckham\/\" \/>\n<meta property=\"og:locale\" content=\"es_MX\" \/>\n<meta property=\"og:type\" content=\"article\" \/>\n<meta property=\"og:title\" content=\"INSTAGRAM NO EST\u00c1 FELIZ CON BROOKLYN BECKHAM\" \/>\n<meta property=\"og:description\" content=\"El d\u00eda de ayer, el aspirante a fot\u00f3grafo, Brooklyn Beckham, subi\u00f3 una serie de pol\u00e9micas im\u00e1genes que lo pusieron en el ojo del hurac\u00e1n.\" \/>\n<meta property=\"og:url\" content=\"https:\/\/graziamagazine.com\/mx\/articles\/instagram-no-esta-feliz-brooklyn-beckham\/\" \/>\n<meta property=\"og:site_name\" content=\"Grazia M\u00e9xico y Latinoam\u00e9rica\" \/>\n<meta property=\"article:modified_time\" content=\"2017-09-30T03:43:06+00:00\" \/>\n<meta property=\"og:image\" content=\"https:\/\/graziamagazine.com\/mx\/wp-content\/uploads\/sites\/13\/2017\/09\/BROOKLYN-BECKHAM-DAMON-BAKER-DESTACADA.png?fit=804%2C513\" \/>\n\t<meta property=\"og:image:width\" content=\"804\" \/>\n\t<meta property=\"og:image:height\" content=\"513\" \/>\n\t<meta property=\"og:image:type\" content=\"image\/png\" \/>\n<meta name=\"twitter:card\" content=\"summary_large_image\" \/>\n<meta name=\"twitter:label1\" content=\"Est. reading time\" \/>\n\t<meta name=\"twitter:data1\" content=\"1 minuto\" \/>\n<script type=\"application\/ld+json\" class=\"yoast-schema-graph\">{\"@context\":\"https:\/\/schema.org\",\"@graph\":[{\"@type\":\"WebPage\",\"@id\":\"https:\/\/graziamagazine.com\/mx\/articles\/instagram-no-esta-feliz-brooklyn-beckham\/\",\"url\":\"https:\/\/graziamagazine.com\/mx\/articles\/instagram-no-esta-feliz-brooklyn-beckham\/\",\"name\":\"INSTAGRAM NO EST\u00c1 FELIZ CON BROOKLYN BECKHAM | Grazia M\u00e9xico y Latinoam\u00e9rica\",\"isPartOf\":{\"@id\":\"https:\/\/graziamagazine.com\/mx\/#website\"},\"datePublished\":\"2017-09-01T17:55:32+00:00\",\"dateModified\":\"2017-09-30T03:43:06+00:00\",\"description\":\"El d\u00eda de ayer, el aspirante a fot\u00f3grafo, Brooklyn Beckham, subi\u00f3 una serie de pol\u00e9micas im\u00e1genes que lo pusieron en el ojo del hurac\u00e1n.\",\"breadcrumb\":{\"@id\":\"https:\/\/graziamagazine.com\/mx\/articles\/instagram-no-esta-feliz-brooklyn-beckham\/#breadcrumb\"},\"inLanguage\":\"es-MX\",\"potentialAction\":[{\"@type\":\"ReadAction\",\"target\":[\"https:\/\/graziamagazine.com\/mx\/articles\/instagram-no-esta-feliz-brooklyn-beckham\/\"]}]},{\"@type\":\"BreadcrumbList\",\"@id\":\"https:\/\/graziamagazine.com\/mx\/articles\/instagram-no-esta-feliz-brooklyn-beckham\/#breadcrumb\",\"itemListElement\":[{\"@type\":\"ListItem\",\"position\":1,\"name\":\"Home\",\"item\":\"https:\/\/graziamagazine.com\/mx\/\"},{\"@type\":\"ListItem\",\"position\":2,\"name\":\"INSTAGRAM NO EST\u00c1 FELIZ CON BROOKLYN BECKHAM\"}]},{\"@type\":\"WebSite\",\"@id\":\"https:\/\/graziamagazine.com\/mx\/#website\",\"url\":\"https:\/\/graziamagazine.com\/mx\/\",\"name\":\"Grazia M\u00e9xico y Latinoam\u00e9rica\",\"description\":\"Grazia es moda, belleza y noticias  de actualidad \",\"potentialAction\":[{\"@type\":\"SearchAction\",\"target\":{\"@type\":\"EntryPoint\",\"urlTemplate\":\"https:\/\/graziamagazine.com\/mx\/?s={search_term_string}\"},\"query-input\":\"required name=search_term_string\"}],\"inLanguage\":\"es-MX\"}]}<\/script>\n<!-- \/ Yoast SEO Premium plugin. -->","yoast_head_json":{"title":"INSTAGRAM NO EST\u00c1 FELIZ CON BROOKLYN BECKHAM | Grazia M\u00e9xico y Latinoam\u00e9rica","description":"El d\u00eda de ayer, el aspirante a fot\u00f3grafo, Brooklyn Beckham, subi\u00f3 una serie de pol\u00e9micas im\u00e1genes que lo pusieron en el ojo del hurac\u00e1n.","robots":{"index":"index","follow":"follow","max-snippet":"max-snippet:-1","max-image-preview":"max-image-preview:large","max-video-preview":"max-video-preview:-1"},"canonical":"https:\/\/graziamagazine.com\/mx\/articles\/instagram-no-esta-feliz-brooklyn-beckham\/","og_locale":"es_MX","og_type":"article","og_title":"INSTAGRAM NO EST\u00c1 FELIZ CON BROOKLYN BECKHAM","og_description":"El d\u00eda de ayer, el aspirante a fot\u00f3grafo, Brooklyn Beckham, subi\u00f3 una serie de pol\u00e9micas im\u00e1genes que lo pusieron en el ojo del hurac\u00e1n.","og_url":"https:\/\/graziamagazine.com\/mx\/articles\/instagram-no-esta-feliz-brooklyn-beckham\/","og_site_name":"Grazia M\u00e9xico y Latinoam\u00e9rica","article_modified_time":"2017-09-30T03:43:06+00:00","og_image":[{"width":804,"height":513,"url":"https:\/\/graziamagazine.com\/mx\/wp-content\/uploads\/sites\/13\/2017\/09\/BROOKLYN-BECKHAM-DAMON-BAKER-DESTACADA.png?fit=804%2C513","type":"image\/png"}],"twitter_card":"summary_large_image","twitter_misc":{"Est. reading time":"1 minuto"},"schema":{"@context":"https:\/\/schema.org","@graph":[{"@type":"WebPage","@id":"https:\/\/graziamagazine.com\/mx\/articles\/instagram-no-esta-feliz-brooklyn-beckham\/","url":"https:\/\/graziamagazine.com\/mx\/articles\/instagram-no-esta-feliz-brooklyn-beckham\/","name":"INSTAGRAM NO EST\u00c1 FELIZ CON BROOKLYN BECKHAM | Grazia M\u00e9xico y Latinoam\u00e9rica","isPartOf":{"@id":"https:\/\/graziamagazine.com\/mx\/#website"},"datePublished":"2017-09-01T17:55:32+00:00","dateModified":"2017-09-30T03:43:06+00:00","description":"El d\u00eda de ayer, el aspirante a fot\u00f3grafo, Brooklyn Beckham, subi\u00f3 una serie de pol\u00e9micas im\u00e1genes que lo pusieron en el ojo del hurac\u00e1n.","breadcrumb":{"@id":"https:\/\/graziamagazine.com\/mx\/articles\/instagram-no-esta-feliz-brooklyn-beckham\/#breadcrumb"},"inLanguage":"es-MX","potentialAction":[{"@type":"ReadAction","target":["https:\/\/graziamagazine.com\/mx\/articles\/instagram-no-esta-feliz-brooklyn-beckham\/"]}]},{"@type":"BreadcrumbList","@id":"https:\/\/graziamagazine.com\/mx\/articles\/instagram-no-esta-feliz-brooklyn-beckham\/#breadcrumb","itemListElement":[{"@type":"ListItem","position":1,"name":"Home","item":"https:\/\/graziamagazine.com\/mx\/"},{"@type":"ListItem","position":2,"name":"INSTAGRAM NO EST\u00c1 FELIZ CON BROOKLYN BECKHAM"}]},{"@type":"WebSite","@id":"https:\/\/graziamagazine.com\/mx\/#website","url":"https:\/\/graziamagazine.com\/mx\/","name":"Grazia M\u00e9xico y Latinoam\u00e9rica","description":"Grazia es moda, belleza y noticias  de actualidad ","potentialAction":[{"@type":"SearchAction","target":{"@type":"EntryPoint","urlTemplate":"https:\/\/graziamagazine.com\/mx\/?s={search_term_string}"},"query-input":"required name=search_term_string"}],"inLanguage":"es-MX"}]}},"jetpack_sharing_enabled":true,"distributor_meta":false,"distributor_terms":false,"distributor_media":false,"distributor_original_site_name":"Grazia M\u00e9xico y Latinoam\u00e9rica","distributor_original_site_url":"https:\/\/graziamagazine.com\/mx","push-errors":false,"_links":{"self":[{"href":"https:\/\/graziamagazine.com\/mx\/wp-json\/wp\/v2\/articles\/30403"}],"collection":[{"href":"https:\/\/graziamagazine.com\/mx\/wp-json\/wp\/v2\/articles"}],"about":[{"href":"https:\/\/graziamagazine.com\/mx\/wp-json\/wp\/v2\/types\/articles"}],"author":[{"embeddable":true,"href":"https:\/\/graziamagazine.com\/mx\/wp-json\/wp\/v2\/users\/11636"}],"wp:featuredmedia":[{"embeddable":true,"href":"https:\/\/graziamagazine.com\/mx\/wp-json\/wp\/v2\/media\/30404"}],"wp:attachment":[{"href":"https:\/\/graziamagazine.com\/mx\/wp-json\/wp\/v2\/media?parent=30403"}],"wp:term":[{"taxonomy":"category","embeddable":true,"href":"https:\/\/graziamagazine.com\/mx\/wp-json\/wp\/v2\/categories?post=30403"}],"curies":[{"name":"wp","href":"https:\/\/api.w.org\/{rel}","templated":true}]}}