{"id":30112,"date":"2017-08-28T15:57:40","date_gmt":"2017-08-28T21:57:40","guid":{"rendered":"https:\/\/graziamagazine.com\/mx\/?p=30112"},"modified":"2017-08-28T15:57:40","modified_gmt":"2017-08-28T21:57:40","slug":"norma-kamali-traje-bano","status":"publish","type":"articles","link":"https:\/\/graziamagazine.com\/mx\/articles\/norma-kamali-traje-bano\/","title":{"rendered":"NORMA KAMALI Y \u201cEL\u201d TRAJE DE BA\u00d1O"},"content":{"rendered":"<p><b>Lo has visto puesto en Kourtney Kardashian y Chrissy Teigen: este traje de ba\u00f1o de Norma Kamali es la pieza it de las jetsetters.<\/b><\/p>\n<p><!--more--><\/p>\n<p>\u2013\u2013\u2013\u2013<\/p>\n<p><img loading=\"lazy\" decoding=\"async\" class=\"alignnone size-full wp-image-30113\" src=\"https:\/\/graziamagazine.com\/mx\/wp-content\/uploads\/sites\/13\/2017\/08\/NORMA-KAMALI-MIO-DESTACADA.png\" alt=\"NORMA-KAMALI-MIO-DESTACADA\" width=\"597\" height=\"378\" srcset=\"https:\/\/graziamagazine.com\/mx\/wp-content\/uploads\/sites\/13\/2017\/08\/NORMA-KAMALI-MIO-DESTACADA.png 597w, https:\/\/graziamagazine.com\/mx\/wp-content\/uploads\/sites\/13\/2017\/08\/NORMA-KAMALI-MIO-DESTACADA.png?resize=450,285 450w, https:\/\/graziamagazine.com\/mx\/wp-content\/uploads\/sites\/13\/2017\/08\/NORMA-KAMALI-MIO-DESTACADA.png?resize=155,98 155w\" sizes=\"(max-width: 597px) 100vw, 597px\" \/><\/p>\n<h3><b>Por Grace Miramontes<\/b><\/h3>\n<p>&nbsp;<\/p>\n<p><span style=\"font-weight: 400;\">Desde hace mucho tiempo, las celebridades han hecho de los trajes de cintura s\u00faper alta la pieza clave de su guardarropa de viaje.<\/span><\/p>\n<p><span style=\"font-weight: 400;\">Particularmente, hemos visto un <\/span><i><span style=\"font-weight: 400;\">bodysuit<\/span><\/i><span style=\"font-weight: 400;\"> en las historias de <\/span><b>Snapchat<\/b><span style=\"font-weight: 400;\"> de un par de ellas que nos tiene fascinadas. Por ello, nos dimos a la tarea de rastrearlo.<\/span><\/p>\n<p><span style=\"font-weight: 400;\">Hace unas semanas fue <\/span><b>Kourtney Kardashian <\/b><span style=\"font-weight: 400;\">y ahora, <\/span><b>Chrissy Teigen<\/b><span style=\"font-weight: 400;\"> salta al mar vestida en el. Hablamos del <\/span><b>Super Low Back Mio<\/b><span style=\"font-weight: 400;\">\u00a0de la dise\u00f1adora <\/span><b>Norma Kamali.<\/b><\/p>\n<p><img loading=\"lazy\" decoding=\"async\" class=\"alignnone size-full wp-image-30114\" src=\"https:\/\/graziamagazine.com\/mx\/wp-content\/uploads\/sites\/13\/2017\/08\/NORMA-KAMALI-MIO-GIF.gif\" alt=\"NORMA-KAMALI-MIO-GIF\" width=\"300\" height=\"480\" \/><\/p>\n<p><span style=\"font-weight: 400;\">Su nombre es sin\u00f3nimo de promesa cumplida, pues la pieza deja poco a la imaginaci\u00f3n revelando las caderas de quien lo porta, record\u00e1ndonos a la \u00e9poca en que <\/span><b>Pamela Anderson<\/b><span style=\"font-weight: 400;\"> era guardi\u00e1n de la Bah\u00eda.<\/span><\/p>\n<p><span style=\"font-weight: 400;\">El precio por esta pieza adornada con tachas es de <\/span><span style=\"text-decoration: underline;\"><b><a href=\"https:\/\/www.normakamali.com\/gold-stud-super-low-back-mio\" target=\"_blank\" target=\"_blank\">$605 d\u00f3lares<\/a><\/b><\/span><span style=\"font-weight: 400;\"> y lo puedes pedir con env\u00edos a <strong>M\u00e9xico<\/strong>.<\/span><\/p>\n<p>&nbsp;<\/p>\n<p><span style=\"font-weight: 400;\">Ya sea que elijas el de color negro de <\/span><b>Kourt<\/b><span style=\"font-weight: 400;\"> o el tono camello de la se\u00f1ora <\/span><b>Legend<\/b><span style=\"font-weight: 400;\">, te garantizamos que resaltar\u00e1 tus mejores atributos.<\/span><\/p>\n<p>&nbsp;<\/p>\n<p><img loading=\"lazy\" decoding=\"async\" class=\"alignnone size-full wp-image-30116\" src=\"https:\/\/graziamagazine.com\/mx\/wp-content\/uploads\/sites\/13\/2017\/08\/NORMA-KAMALI-MIO-KOURT.png\" alt=\"NORMA-KAMALI-MIO-KOURT\" width=\"527\" height=\"659\" srcset=\"https:\/\/graziamagazine.com\/mx\/wp-content\/uploads\/sites\/13\/2017\/08\/NORMA-KAMALI-MIO-KOURT.png 527w, https:\/\/graziamagazine.com\/mx\/wp-content\/uploads\/sites\/13\/2017\/08\/NORMA-KAMALI-MIO-KOURT.png?resize=360,450 360w, https:\/\/graziamagazine.com\/mx\/wp-content\/uploads\/sites\/13\/2017\/08\/NORMA-KAMALI-MIO-KOURT.png?resize=155,194 155w\" sizes=\"(max-width: 527px) 100vw, 527px\" \/><\/p>\n<p>&nbsp;<\/p>\n<p><img loading=\"lazy\" decoding=\"async\" class=\"alignnone size-full wp-image-30115\" src=\"https:\/\/graziamagazine.com\/mx\/wp-content\/uploads\/sites\/13\/2017\/08\/NORMA-KAMALI-MIO-CHRISSY.png\" alt=\"NORMA-KAMALI-MIO-CHRISSY\" width=\"570\" height=\"658\" srcset=\"https:\/\/graziamagazine.com\/mx\/wp-content\/uploads\/sites\/13\/2017\/08\/NORMA-KAMALI-MIO-CHRISSY.png 570w, https:\/\/graziamagazine.com\/mx\/wp-content\/uploads\/sites\/13\/2017\/08\/NORMA-KAMALI-MIO-CHRISSY.png?resize=390,450 390w, https:\/\/graziamagazine.com\/mx\/wp-content\/uploads\/sites\/13\/2017\/08\/NORMA-KAMALI-MIO-CHRISSY.png?resize=155,179 155w\" sizes=\"(max-width: 570px) 100vw, 570px\" \/><\/p>\n<h5><b><i>*IM\u00c1GENES: Splash News \/ @kourtneykardash \/ @chrissyteigen.<\/i><\/b><\/h5>\n","protected":false},"author":11636,"featured_media":30113,"template":"","format":"standard","categories":[5,4],"acf":[],"yoast_head":"<!-- This site is optimized with the Yoast SEO Premium plugin v18.5 (Yoast SEO v20.4) - https:\/\/yoast.com\/wordpress\/plugins\/seo\/ -->\n<title>NORMA KAMALI Y \u201cEL\u201d TRAJE DE BA\u00d1O | Grazia M\u00e9xico y Latinoam\u00e9rica<\/title>\n<meta name=\"description\" content=\"Lo has visto puesto en Kourtney Kardashian y Chrissy Teigen: este traje de ba\u00f1o de Norma Kamali es la pieza it de las jetsetters.\" \/>\n<meta name=\"robots\" content=\"index, follow, max-snippet:-1, max-image-preview:large, max-video-preview:-1\" \/>\n<link rel=\"canonical\" href=\"https:\/\/graziamagazine.com\/mx\/articles\/norma-kamali-traje-bano\/\" \/>\n<meta property=\"og:locale\" content=\"es_MX\" \/>\n<meta property=\"og:type\" content=\"article\" \/>\n<meta property=\"og:title\" content=\"NORMA KAMALI Y \u201cEL\u201d TRAJE DE BA\u00d1O\" \/>\n<meta property=\"og:description\" content=\"Lo has visto puesto en Kourtney Kardashian y Chrissy Teigen: este traje de ba\u00f1o de Norma Kamali es la pieza it de las jetsetters.\" \/>\n<meta property=\"og:url\" content=\"https:\/\/graziamagazine.com\/mx\/articles\/norma-kamali-traje-bano\/\" \/>\n<meta property=\"og:site_name\" content=\"Grazia M\u00e9xico y Latinoam\u00e9rica\" \/>\n<meta property=\"og:image\" content=\"https:\/\/graziamagazine.com\/mx\/wp-content\/uploads\/sites\/13\/2017\/08\/NORMA-KAMALI-MIO-DESTACADA.png?fit=597%2C378\" \/>\n\t<meta property=\"og:image:width\" content=\"597\" \/>\n\t<meta property=\"og:image:height\" content=\"378\" \/>\n\t<meta property=\"og:image:type\" content=\"image\/png\" \/>\n<meta name=\"twitter:card\" content=\"summary_large_image\" \/>\n<meta name=\"twitter:label1\" content=\"Est. reading time\" \/>\n\t<meta name=\"twitter:data1\" content=\"1 minuto\" \/>\n<script type=\"application\/ld+json\" class=\"yoast-schema-graph\">{\"@context\":\"https:\/\/schema.org\",\"@graph\":[{\"@type\":\"WebPage\",\"@id\":\"https:\/\/graziamagazine.com\/mx\/articles\/norma-kamali-traje-bano\/\",\"url\":\"https:\/\/graziamagazine.com\/mx\/articles\/norma-kamali-traje-bano\/\",\"name\":\"NORMA KAMALI Y \u201cEL\u201d TRAJE DE BA\u00d1O | Grazia M\u00e9xico y Latinoam\u00e9rica\",\"isPartOf\":{\"@id\":\"https:\/\/graziamagazine.com\/mx\/#website\"},\"datePublished\":\"2017-08-28T21:57:40+00:00\",\"dateModified\":\"2017-08-28T21:57:40+00:00\",\"description\":\"Lo has visto puesto en Kourtney Kardashian y Chrissy Teigen: este traje de ba\u00f1o de Norma Kamali es la pieza it de las jetsetters.\",\"breadcrumb\":{\"@id\":\"https:\/\/graziamagazine.com\/mx\/articles\/norma-kamali-traje-bano\/#breadcrumb\"},\"inLanguage\":\"es-MX\",\"potentialAction\":[{\"@type\":\"ReadAction\",\"target\":[\"https:\/\/graziamagazine.com\/mx\/articles\/norma-kamali-traje-bano\/\"]}]},{\"@type\":\"BreadcrumbList\",\"@id\":\"https:\/\/graziamagazine.com\/mx\/articles\/norma-kamali-traje-bano\/#breadcrumb\",\"itemListElement\":[{\"@type\":\"ListItem\",\"position\":1,\"name\":\"Home\",\"item\":\"https:\/\/graziamagazine.com\/mx\/\"},{\"@type\":\"ListItem\",\"position\":2,\"name\":\"NORMA KAMALI Y \u201cEL\u201d TRAJE DE BA\u00d1O\"}]},{\"@type\":\"WebSite\",\"@id\":\"https:\/\/graziamagazine.com\/mx\/#website\",\"url\":\"https:\/\/graziamagazine.com\/mx\/\",\"name\":\"Grazia M\u00e9xico y Latinoam\u00e9rica\",\"description\":\"Grazia es moda, belleza y noticias  de actualidad \",\"potentialAction\":[{\"@type\":\"SearchAction\",\"target\":{\"@type\":\"EntryPoint\",\"urlTemplate\":\"https:\/\/graziamagazine.com\/mx\/?s={search_term_string}\"},\"query-input\":\"required name=search_term_string\"}],\"inLanguage\":\"es-MX\"}]}<\/script>\n<!-- \/ Yoast SEO Premium plugin. -->","yoast_head_json":{"title":"NORMA KAMALI Y \u201cEL\u201d TRAJE DE BA\u00d1O | Grazia M\u00e9xico y Latinoam\u00e9rica","description":"Lo has visto puesto en Kourtney Kardashian y Chrissy Teigen: este traje de ba\u00f1o de Norma Kamali es la pieza it de las jetsetters.","robots":{"index":"index","follow":"follow","max-snippet":"max-snippet:-1","max-image-preview":"max-image-preview:large","max-video-preview":"max-video-preview:-1"},"canonical":"https:\/\/graziamagazine.com\/mx\/articles\/norma-kamali-traje-bano\/","og_locale":"es_MX","og_type":"article","og_title":"NORMA KAMALI Y \u201cEL\u201d TRAJE DE BA\u00d1O","og_description":"Lo has visto puesto en Kourtney Kardashian y Chrissy Teigen: este traje de ba\u00f1o de Norma Kamali es la pieza it de las jetsetters.","og_url":"https:\/\/graziamagazine.com\/mx\/articles\/norma-kamali-traje-bano\/","og_site_name":"Grazia M\u00e9xico y Latinoam\u00e9rica","og_image":[{"width":597,"height":378,"url":"https:\/\/graziamagazine.com\/mx\/wp-content\/uploads\/sites\/13\/2017\/08\/NORMA-KAMALI-MIO-DESTACADA.png?fit=597%2C378","type":"image\/png"}],"twitter_card":"summary_large_image","twitter_misc":{"Est. reading time":"1 minuto"},"schema":{"@context":"https:\/\/schema.org","@graph":[{"@type":"WebPage","@id":"https:\/\/graziamagazine.com\/mx\/articles\/norma-kamali-traje-bano\/","url":"https:\/\/graziamagazine.com\/mx\/articles\/norma-kamali-traje-bano\/","name":"NORMA KAMALI Y \u201cEL\u201d TRAJE DE BA\u00d1O | Grazia M\u00e9xico y Latinoam\u00e9rica","isPartOf":{"@id":"https:\/\/graziamagazine.com\/mx\/#website"},"datePublished":"2017-08-28T21:57:40+00:00","dateModified":"2017-08-28T21:57:40+00:00","description":"Lo has visto puesto en Kourtney Kardashian y Chrissy Teigen: este traje de ba\u00f1o de Norma Kamali es la pieza it de las jetsetters.","breadcrumb":{"@id":"https:\/\/graziamagazine.com\/mx\/articles\/norma-kamali-traje-bano\/#breadcrumb"},"inLanguage":"es-MX","potentialAction":[{"@type":"ReadAction","target":["https:\/\/graziamagazine.com\/mx\/articles\/norma-kamali-traje-bano\/"]}]},{"@type":"BreadcrumbList","@id":"https:\/\/graziamagazine.com\/mx\/articles\/norma-kamali-traje-bano\/#breadcrumb","itemListElement":[{"@type":"ListItem","position":1,"name":"Home","item":"https:\/\/graziamagazine.com\/mx\/"},{"@type":"ListItem","position":2,"name":"NORMA KAMALI Y \u201cEL\u201d TRAJE DE BA\u00d1O"}]},{"@type":"WebSite","@id":"https:\/\/graziamagazine.com\/mx\/#website","url":"https:\/\/graziamagazine.com\/mx\/","name":"Grazia M\u00e9xico y Latinoam\u00e9rica","description":"Grazia es moda, belleza y noticias  de actualidad ","potentialAction":[{"@type":"SearchAction","target":{"@type":"EntryPoint","urlTemplate":"https:\/\/graziamagazine.com\/mx\/?s={search_term_string}"},"query-input":"required name=search_term_string"}],"inLanguage":"es-MX"}]}},"jetpack_sharing_enabled":true,"distributor_meta":false,"distributor_terms":false,"distributor_media":false,"distributor_original_site_name":"Grazia M\u00e9xico y Latinoam\u00e9rica","distributor_original_site_url":"https:\/\/graziamagazine.com\/mx","push-errors":false,"_links":{"self":[{"href":"https:\/\/graziamagazine.com\/mx\/wp-json\/wp\/v2\/articles\/30112"}],"collection":[{"href":"https:\/\/graziamagazine.com\/mx\/wp-json\/wp\/v2\/articles"}],"about":[{"href":"https:\/\/graziamagazine.com\/mx\/wp-json\/wp\/v2\/types\/articles"}],"author":[{"embeddable":true,"href":"https:\/\/graziamagazine.com\/mx\/wp-json\/wp\/v2\/users\/11636"}],"wp:featuredmedia":[{"embeddable":true,"href":"https:\/\/graziamagazine.com\/mx\/wp-json\/wp\/v2\/media\/30113"}],"wp:attachment":[{"href":"https:\/\/graziamagazine.com\/mx\/wp-json\/wp\/v2\/media?parent=30112"}],"wp:term":[{"taxonomy":"category","embeddable":true,"href":"https:\/\/graziamagazine.com\/mx\/wp-json\/wp\/v2\/categories?post=30112"}],"curies":[{"name":"wp","href":"https:\/\/api.w.org\/{rel}","templated":true}]}}