{"id":29719,"date":"2017-08-21T11:08:12","date_gmt":"2017-08-21T17:08:12","guid":{"rendered":"https:\/\/graziamagazine.com\/mx\/?p=29719"},"modified":"2017-08-21T11:13:00","modified_gmt":"2017-08-21T17:13:00","slug":"blair-breitenstein-oda-labios-carnosos","status":"publish","type":"articles","link":"https:\/\/graziamagazine.com\/mx\/articles\/blair-breitenstein-oda-labios-carnosos\/","title":{"rendered":"BLAIR BREITENSTEIN Y SU ODA A LOS LABIOS CARNOSOS"},"content":{"rendered":"<p><b>La ilustradora Blair Breitenstein lo afirma as\u00ed en su cuenta personal. Su negocio est\u00e1 en celebrar con acuarela los labios y el pelo voluminosos.<\/b><\/p>\n<p><!--more--><\/p>\n<p>\u2013\u2013\u2013\u2013<\/p>\n<p><img loading=\"lazy\" decoding=\"async\" class=\"alignnone size-full wp-image-29720\" src=\"https:\/\/graziamagazine.com\/mx\/wp-content\/uploads\/sites\/13\/2017\/08\/BLAIR-BREITENSTEIN-ACUARELA-DESTACADA.png\" alt=\"BLAIR-BREITENSTEIN-ACUARELA-DESTACADA\" width=\"525\" height=\"359\" srcset=\"https:\/\/graziamagazine.com\/mx\/wp-content\/uploads\/sites\/13\/2017\/08\/BLAIR-BREITENSTEIN-ACUARELA-DESTACADA.png 525w, https:\/\/graziamagazine.com\/mx\/wp-content\/uploads\/sites\/13\/2017\/08\/BLAIR-BREITENSTEIN-ACUARELA-DESTACADA.png?resize=450,308 450w, https:\/\/graziamagazine.com\/mx\/wp-content\/uploads\/sites\/13\/2017\/08\/BLAIR-BREITENSTEIN-ACUARELA-DESTACADA.png?resize=155,106 155w\" sizes=\"(max-width: 525px) 100vw, 525px\" \/><\/p>\n<h3><b>Por Grace Miramontes<\/b><\/h3>\n<p>&nbsp;<\/p>\n<p><span style=\"font-weight: 400;\">Es seguro decir que los \u00faltimos a\u00f1os, hemos redefinido nuestra percepci\u00f3n de la belleza y esto tambi\u00e9n se ha visto reflejado en la forma en que la retratamos.<\/span><\/p>\n<p><span style=\"font-weight: 400;\">Del universo de artistas, resalta el trabajo de <\/span><b>Blair Breitenstein<\/b><span style=\"font-weight: 400;\">; ilustradora que promete labios carnosos y pelo voluminoso en su cuenta de Instagram, <\/span><a href=\"https:\/\/www.instagram.com\/BLAIRZ\/\" target=\"_blank\" target=\"_blank\"><span style=\"text-decoration: underline;\"><b><i>@Blairz<\/i><\/b><\/span><\/a><span style=\"font-weight: 400;\">. <\/span><\/p>\n<p><span style=\"font-weight: 400;\">Su proceso es<\/span><b><i> \u201cespont\u00e1neo\u201d<\/i><\/b><span style=\"font-weight: 400;\"> y cada una de sus piezas lo refleja as\u00ed. Su t\u00e9cnica es la acuarela y su misi\u00f3n,<\/span><b><i> \u201cllevar al espectador a su peculiar, abstracto y chic mundo de la moda\u201d.<\/i><\/b><\/p>\n<p><span style=\"font-weight: 400;\">De entre sus clientes resaltan varias <\/span><i><span style=\"font-weight: 400;\">maisons<\/span><\/i><span style=\"font-weight: 400;\"> como <\/span><b>Miu Miu<\/b><span style=\"font-weight: 400;\">, <\/span><b>Chanel<\/b><span style=\"font-weight: 400;\">, <\/span><b>Prada<\/b><span style=\"font-weight: 400;\">, <\/span><b>Coach<\/b><span style=\"font-weight: 400;\"> y <\/span><b>Christian Louboutin<\/b><span style=\"font-weight: 400;\">. M\u00e1s recientemente, fue convocada para intervenir una edici\u00f3n limitada de\u00a0<\/span><b>Hanes<\/b><span style=\"font-weight: 400;\"> para <\/span><b>Nordstrom<\/b><span style=\"font-weight: 400;\">\u00a0\u2013que ya est\u00e1 a la <strong><a href=\"http:\/\/shop.nordstrom.com\/sr?origin=keywordsearch&amp;keyword=Blair+Breitenstein\" target=\"_blank\" target=\"_blank\"><span style=\"text-decoration: underline;\">venta<\/span><\/a><\/strong>\u2013 y a intervenir algunas boutiques <strong><a href=\"https:\/\/www.instagram.com\/p\/BWjyytmF7L1\/?taken-by=blairz\" target=\"_blank\" target=\"_blank\"><span style=\"text-decoration: underline;\">MAC<\/span><\/a>,<\/strong> en Londres.<\/span><\/p>\n<p>&nbsp;<\/p>\n<p><img loading=\"lazy\" decoding=\"async\" class=\"alignnone size-full wp-image-29723\" src=\"https:\/\/graziamagazine.com\/mx\/wp-content\/uploads\/sites\/13\/2017\/08\/BLAIR-BREITENSTEIN-ACUARELA-HANES.png\" alt=\"BLAIR-BREITENSTEIN-ACUARELA-HANES\" width=\"658\" height=\"658\" srcset=\"https:\/\/graziamagazine.com\/mx\/wp-content\/uploads\/sites\/13\/2017\/08\/BLAIR-BREITENSTEIN-ACUARELA-HANES.png 658w, https:\/\/graziamagazine.com\/mx\/wp-content\/uploads\/sites\/13\/2017\/08\/BLAIR-BREITENSTEIN-ACUARELA-HANES.png?resize=150,150 150w, https:\/\/graziamagazine.com\/mx\/wp-content\/uploads\/sites\/13\/2017\/08\/BLAIR-BREITENSTEIN-ACUARELA-HANES.png?resize=450,450 450w, https:\/\/graziamagazine.com\/mx\/wp-content\/uploads\/sites\/13\/2017\/08\/BLAIR-BREITENSTEIN-ACUARELA-HANES.png?resize=155,155 155w\" sizes=\"(max-width: 658px) 100vw, 658px\" \/><\/p>\n<p>&nbsp;<\/p>\n<p><span style=\"font-weight: 400;\">Dando <\/span><i><span style=\"font-weight: 400;\">scroll<\/span><\/i><span style=\"font-weight: 400;\"> a su cuenta encontrar\u00e1s varias im\u00e1genes que te parecer\u00e1n familiares y reinterpretadas con sus peculiares trazos.<\/span><\/p>\n<p><span style=\"font-weight: 400;\">La campa\u00f1a <\/span><b>SS17<\/b><span style=\"font-weight: 400;\"> de eyewear con <\/span><b>Lottie Moss<\/b><span style=\"font-weight: 400;\"> para <\/span><b>Chanel<\/b><span style=\"font-weight: 400;\">, la de tinte fant\u00e1stico <strong><em>#BEYONDGUCCI<\/em><\/strong>, y los desfiles de <\/span><b>Miu Miu<\/b><span style=\"font-weight: 400;\">, <\/span><b>Jacquemus<\/b><span style=\"font-weight: 400;\"> y <\/span><b>Marni<\/b><span style=\"font-weight: 400;\">, por mencionar algunos.<\/span><\/p>\n<p>&nbsp;<\/p>\n<figure id=\"attachment_29725\" aria-describedby=\"caption-attachment-29725\" style=\"width: 528px\" class=\"wp-caption alignnone\"><img loading=\"lazy\" decoding=\"async\" class=\"size-full wp-image-29725\" src=\"https:\/\/graziamagazine.com\/mx\/wp-content\/uploads\/sites\/13\/2017\/08\/BLAIR-BREITENSTEIN-ACUARELA-LOTTIE.png\" alt=\"BLAIR-BREITENSTEIN-ACUARELA-LOTTIE\" width=\"528\" height=\"657\" srcset=\"https:\/\/graziamagazine.com\/mx\/wp-content\/uploads\/sites\/13\/2017\/08\/BLAIR-BREITENSTEIN-ACUARELA-LOTTIE.png 528w, https:\/\/graziamagazine.com\/mx\/wp-content\/uploads\/sites\/13\/2017\/08\/BLAIR-BREITENSTEIN-ACUARELA-LOTTIE.png?resize=362,450 362w, https:\/\/graziamagazine.com\/mx\/wp-content\/uploads\/sites\/13\/2017\/08\/BLAIR-BREITENSTEIN-ACUARELA-LOTTIE.png?resize=155,193 155w\" sizes=\"(max-width: 528px) 100vw, 528px\" \/><figcaption id=\"caption-attachment-29725\" class=\"wp-caption-text\">Chanel Eyewear SS17.<\/figcaption><\/figure>\n<p>&nbsp;<\/p>\n<figure id=\"attachment_29722\" aria-describedby=\"caption-attachment-29722\" style=\"width: 527px\" class=\"wp-caption alignnone\"><img loading=\"lazy\" decoding=\"async\" class=\"size-full wp-image-29722\" src=\"https:\/\/graziamagazine.com\/mx\/wp-content\/uploads\/sites\/13\/2017\/08\/BLAIR-BREITENSTEIN-ACUARELA-GUCCI.png\" alt=\"BLAIR-BREITENSTEIN-ACUARELA-GUCCI\" width=\"527\" height=\"659\" srcset=\"https:\/\/graziamagazine.com\/mx\/wp-content\/uploads\/sites\/13\/2017\/08\/BLAIR-BREITENSTEIN-ACUARELA-GUCCI.png 527w, https:\/\/graziamagazine.com\/mx\/wp-content\/uploads\/sites\/13\/2017\/08\/BLAIR-BREITENSTEIN-ACUARELA-GUCCI.png?resize=360,450 360w, https:\/\/graziamagazine.com\/mx\/wp-content\/uploads\/sites\/13\/2017\/08\/BLAIR-BREITENSTEIN-ACUARELA-GUCCI.png?resize=155,194 155w\" sizes=\"(max-width: 527px) 100vw, 527px\" \/><figcaption id=\"caption-attachment-29722\" class=\"wp-caption-text\">&#8220;Beyond Gucci&#8221;, Gucci Resort 2018.<\/figcaption><\/figure>\n<p>&nbsp;<\/p>\n<figure id=\"attachment_29727\" aria-describedby=\"caption-attachment-29727\" style=\"width: 527px\" class=\"wp-caption alignnone\"><img loading=\"lazy\" decoding=\"async\" class=\"size-full wp-image-29727\" src=\"https:\/\/graziamagazine.com\/mx\/wp-content\/uploads\/sites\/13\/2017\/08\/BLAIR-BREITENSTEIN-ACUARELA-MIU-MIU.png\" alt=\"BLAIR-BREITENSTEIN-ACUARELA-MIU-MIU\" width=\"527\" height=\"659\" srcset=\"https:\/\/graziamagazine.com\/mx\/wp-content\/uploads\/sites\/13\/2017\/08\/BLAIR-BREITENSTEIN-ACUARELA-MIU-MIU.png 527w, https:\/\/graziamagazine.com\/mx\/wp-content\/uploads\/sites\/13\/2017\/08\/BLAIR-BREITENSTEIN-ACUARELA-MIU-MIU.png?resize=360,450 360w, https:\/\/graziamagazine.com\/mx\/wp-content\/uploads\/sites\/13\/2017\/08\/BLAIR-BREITENSTEIN-ACUARELA-MIU-MIU.png?resize=155,194 155w\" sizes=\"(max-width: 527px) 100vw, 527px\" \/><figcaption id=\"caption-attachment-29727\" class=\"wp-caption-text\">Miu Miu SS17.<\/figcaption><\/figure>\n<p>&nbsp;<\/p>\n<figure id=\"attachment_29724\" aria-describedby=\"caption-attachment-29724\" style=\"width: 527px\" class=\"wp-caption alignnone\"><img loading=\"lazy\" decoding=\"async\" class=\"size-full wp-image-29724\" src=\"https:\/\/graziamagazine.com\/mx\/wp-content\/uploads\/sites\/13\/2017\/08\/BLAIR-BREITENSTEIN-ACUARELA-JACQUEMUS.png\" alt=\"BLAIR-BREITENSTEIN-ACUARELA-JACQUEMUS\" width=\"527\" height=\"659\" srcset=\"https:\/\/graziamagazine.com\/mx\/wp-content\/uploads\/sites\/13\/2017\/08\/BLAIR-BREITENSTEIN-ACUARELA-JACQUEMUS.png 527w, https:\/\/graziamagazine.com\/mx\/wp-content\/uploads\/sites\/13\/2017\/08\/BLAIR-BREITENSTEIN-ACUARELA-JACQUEMUS.png?resize=360,450 360w, https:\/\/graziamagazine.com\/mx\/wp-content\/uploads\/sites\/13\/2017\/08\/BLAIR-BREITENSTEIN-ACUARELA-JACQUEMUS.png?resize=155,194 155w\" sizes=\"(max-width: 527px) 100vw, 527px\" \/><figcaption id=\"caption-attachment-29724\" class=\"wp-caption-text\">Jacquemus SS17.<\/figcaption><\/figure>\n<p>&nbsp;<\/p>\n<figure id=\"attachment_29726\" aria-describedby=\"caption-attachment-29726\" style=\"width: 527px\" class=\"wp-caption alignnone\"><img loading=\"lazy\" decoding=\"async\" class=\"size-full wp-image-29726\" src=\"https:\/\/graziamagazine.com\/mx\/wp-content\/uploads\/sites\/13\/2017\/08\/BLAIR-BREITENSTEIN-ACUARELA-MARNI.png\" alt=\"BLAIR-BREITENSTEIN-ACUARELA-MARNI\" width=\"527\" height=\"658\" srcset=\"https:\/\/graziamagazine.com\/mx\/wp-content\/uploads\/sites\/13\/2017\/08\/BLAIR-BREITENSTEIN-ACUARELA-MARNI.png 527w, https:\/\/graziamagazine.com\/mx\/wp-content\/uploads\/sites\/13\/2017\/08\/BLAIR-BREITENSTEIN-ACUARELA-MARNI.png?resize=360,450 360w, https:\/\/graziamagazine.com\/mx\/wp-content\/uploads\/sites\/13\/2017\/08\/BLAIR-BREITENSTEIN-ACUARELA-MARNI.png?resize=155,194 155w\" sizes=\"(max-width: 527px) 100vw, 527px\" \/><figcaption id=\"caption-attachment-29726\" class=\"wp-caption-text\">Marni SS17.<\/figcaption><\/figure>\n<p>&nbsp;<\/p>\n<p><span style=\"font-weight: 400;\">Como toda artista, tiene a sus propias musas; mismas que suele revelar de vez en cuando. <\/span><b>Jane Birkin<\/b><span style=\"font-weight: 400;\">, <\/span><b>Bella Hadid<\/b><span style=\"font-weight: 400;\">, <\/span><b>Brigitte Bardot<\/b><span style=\"font-weight: 400;\">, y m\u00e1s.<\/span><\/p>\n<p><span style=\"font-weight: 400;\">SI al igual que nosotras, quedaste fascinada y no te conformas con darle like a sus posts, puedes comprar varios de sus prints a trav\u00e9s de su <strong><a href=\"http:\/\/www.blairabreitenstein.com\/\" target=\"_blank\" target=\"_blank\"><span style=\"text-decoration: underline;\"><em>sitio oficial<\/em><\/span><\/a><\/strong>.<\/span><\/p>\n<p>&nbsp;<\/p>\n<p><span style=\"font-weight: 400;\">Las ediciones especiales van de <\/span><b>$100 <\/b><span style=\"font-weight: 400;\">a <\/span><b>$175<\/b><span style=\"font-weight: 400;\"> y sus originales de los <\/span><b>$700<\/b><span style=\"font-weight: 400;\"> hasta los <\/span><b>$800<\/b><span style=\"font-weight: 400;\"> d\u00f3lares por un retrato de <\/span><b>Jackie Kennedy<\/b> vestida en\u00a0<strong>Supreme<\/strong><span style=\"font-weight: 400;\">.\u00a0<\/span><\/p>\n<p><strong><em>N-E-E-D!<\/em><\/strong><\/p>\n<p>&nbsp;<\/p>\n<figure id=\"attachment_29728\" aria-describedby=\"caption-attachment-29728\" style=\"width: 750px\" class=\"wp-caption alignnone\"><img loading=\"lazy\" decoding=\"async\" class=\"size-full wp-image-29728\" src=\"https:\/\/graziamagazine.com\/mx\/wp-content\/uploads\/sites\/13\/2017\/08\/Shoe.jpg\" alt=\"BLAIR-BREITENSTEIN-ACUARELA-YSL\" width=\"750\" height=\"948\" srcset=\"https:\/\/graziamagazine.com\/mx\/wp-content\/uploads\/sites\/13\/2017\/08\/Shoe.jpg 750w, https:\/\/graziamagazine.com\/mx\/wp-content\/uploads\/sites\/13\/2017\/08\/Shoe.jpg?resize=356,450 356w, https:\/\/graziamagazine.com\/mx\/wp-content\/uploads\/sites\/13\/2017\/08\/Shoe.jpg?resize=155,196 155w\" sizes=\"(max-width: 750px) 100vw, 750px\" \/><figcaption id=\"caption-attachment-29728\" class=\"wp-caption-text\">&#8220;Pump&#8221;. Blair Breitenstein.<\/figcaption><\/figure>\n<p>&nbsp;<\/p>\n<figure id=\"attachment_29729\" aria-describedby=\"caption-attachment-29729\" style=\"width: 750px\" class=\"wp-caption alignnone\"><img loading=\"lazy\" decoding=\"async\" class=\"size-full wp-image-29729\" src=\"https:\/\/graziamagazine.com\/mx\/wp-content\/uploads\/sites\/13\/2017\/08\/LVXSupreme.jpg\" alt=\"BLAIR-BREITENSTEIN-ACUARELA-SUPREME\" width=\"750\" height=\"1000\" srcset=\"https:\/\/graziamagazine.com\/mx\/wp-content\/uploads\/sites\/13\/2017\/08\/LVXSupreme.jpg 750w, https:\/\/graziamagazine.com\/mx\/wp-content\/uploads\/sites\/13\/2017\/08\/LVXSupreme.jpg?resize=338,450 338w, https:\/\/graziamagazine.com\/mx\/wp-content\/uploads\/sites\/13\/2017\/08\/LVXSupreme.jpg?resize=155,207 155w\" sizes=\"(max-width: 750px) 100vw, 750px\" \/><figcaption id=\"caption-attachment-29729\" class=\"wp-caption-text\">&#8220;Supreme x Jackie O&#8221;. Blair Breitenstein.<\/figcaption><\/figure>\n<h5><\/h5>\n<h5><b><i>*FOTOS: @blairz \/ blairabreitenstein.com.<\/i><\/b><\/h5>\n","protected":false},"author":11636,"featured_media":29720,"template":"","format":"standard","categories":[5,4,10],"acf":[],"yoast_head":"<!-- This site is optimized with the Yoast SEO Premium plugin v18.5 (Yoast SEO v20.4) - https:\/\/yoast.com\/wordpress\/plugins\/seo\/ -->\n<title>BLAIR BREITENSTEIN Y SU ODA A LOS LABIOS CARNOSOS | Grazia M\u00e9xico y Latinoam\u00e9rica<\/title>\n<meta name=\"description\" content=\"La ilustradora Blair Breitenstein lo afirma as\u00ed en su cuenta personal. Su negocio est\u00e1 en celebrar con acuarela los labios y el pelo voluminosos.\" \/>\n<meta name=\"robots\" content=\"index, follow, max-snippet:-1, max-image-preview:large, max-video-preview:-1\" \/>\n<link rel=\"canonical\" href=\"https:\/\/graziamagazine.com\/mx\/articles\/blair-breitenstein-oda-labios-carnosos\/\" \/>\n<meta property=\"og:locale\" content=\"es_MX\" \/>\n<meta property=\"og:type\" content=\"article\" \/>\n<meta property=\"og:title\" content=\"BLAIR BREITENSTEIN Y SU ODA A LOS LABIOS CARNOSOS\" \/>\n<meta property=\"og:description\" content=\"La ilustradora Blair Breitenstein lo afirma as\u00ed en su cuenta personal. Su negocio est\u00e1 en celebrar con acuarela los labios y el pelo voluminosos.\" \/>\n<meta property=\"og:url\" content=\"https:\/\/graziamagazine.com\/mx\/articles\/blair-breitenstein-oda-labios-carnosos\/\" \/>\n<meta property=\"og:site_name\" content=\"Grazia M\u00e9xico y Latinoam\u00e9rica\" \/>\n<meta property=\"article:modified_time\" content=\"2017-08-21T17:13:00+00:00\" \/>\n<meta property=\"og:image\" content=\"https:\/\/graziamagazine.com\/mx\/wp-content\/uploads\/sites\/13\/2017\/08\/BLAIR-BREITENSTEIN-ACUARELA-DESTACADA.png?fit=525%2C359\" \/>\n\t<meta property=\"og:image:width\" content=\"525\" \/>\n\t<meta property=\"og:image:height\" content=\"359\" \/>\n\t<meta property=\"og:image:type\" content=\"image\/png\" \/>\n<meta name=\"twitter:card\" content=\"summary_large_image\" \/>\n<meta name=\"twitter:label1\" content=\"Est. reading time\" \/>\n\t<meta name=\"twitter:data1\" content=\"2 minutos\" \/>\n<script type=\"application\/ld+json\" class=\"yoast-schema-graph\">{\"@context\":\"https:\/\/schema.org\",\"@graph\":[{\"@type\":\"WebPage\",\"@id\":\"https:\/\/graziamagazine.com\/mx\/articles\/blair-breitenstein-oda-labios-carnosos\/\",\"url\":\"https:\/\/graziamagazine.com\/mx\/articles\/blair-breitenstein-oda-labios-carnosos\/\",\"name\":\"BLAIR BREITENSTEIN Y SU ODA A LOS LABIOS CARNOSOS | Grazia M\u00e9xico y Latinoam\u00e9rica\",\"isPartOf\":{\"@id\":\"https:\/\/graziamagazine.com\/mx\/#website\"},\"datePublished\":\"2017-08-21T17:08:12+00:00\",\"dateModified\":\"2017-08-21T17:13:00+00:00\",\"description\":\"La ilustradora Blair Breitenstein lo afirma as\u00ed en su cuenta personal. Su negocio est\u00e1 en celebrar con acuarela los labios y el pelo voluminosos.\",\"breadcrumb\":{\"@id\":\"https:\/\/graziamagazine.com\/mx\/articles\/blair-breitenstein-oda-labios-carnosos\/#breadcrumb\"},\"inLanguage\":\"es-MX\",\"potentialAction\":[{\"@type\":\"ReadAction\",\"target\":[\"https:\/\/graziamagazine.com\/mx\/articles\/blair-breitenstein-oda-labios-carnosos\/\"]}]},{\"@type\":\"BreadcrumbList\",\"@id\":\"https:\/\/graziamagazine.com\/mx\/articles\/blair-breitenstein-oda-labios-carnosos\/#breadcrumb\",\"itemListElement\":[{\"@type\":\"ListItem\",\"position\":1,\"name\":\"Home\",\"item\":\"https:\/\/graziamagazine.com\/mx\/\"},{\"@type\":\"ListItem\",\"position\":2,\"name\":\"BLAIR BREITENSTEIN Y SU ODA A LOS LABIOS CARNOSOS\"}]},{\"@type\":\"WebSite\",\"@id\":\"https:\/\/graziamagazine.com\/mx\/#website\",\"url\":\"https:\/\/graziamagazine.com\/mx\/\",\"name\":\"Grazia M\u00e9xico y Latinoam\u00e9rica\",\"description\":\"Grazia es moda, belleza y noticias  de actualidad \",\"potentialAction\":[{\"@type\":\"SearchAction\",\"target\":{\"@type\":\"EntryPoint\",\"urlTemplate\":\"https:\/\/graziamagazine.com\/mx\/?s={search_term_string}\"},\"query-input\":\"required name=search_term_string\"}],\"inLanguage\":\"es-MX\"}]}<\/script>\n<!-- \/ Yoast SEO Premium plugin. -->","yoast_head_json":{"title":"BLAIR BREITENSTEIN Y SU ODA A LOS LABIOS CARNOSOS | Grazia M\u00e9xico y Latinoam\u00e9rica","description":"La ilustradora Blair Breitenstein lo afirma as\u00ed en su cuenta personal. Su negocio est\u00e1 en celebrar con acuarela los labios y el pelo voluminosos.","robots":{"index":"index","follow":"follow","max-snippet":"max-snippet:-1","max-image-preview":"max-image-preview:large","max-video-preview":"max-video-preview:-1"},"canonical":"https:\/\/graziamagazine.com\/mx\/articles\/blair-breitenstein-oda-labios-carnosos\/","og_locale":"es_MX","og_type":"article","og_title":"BLAIR BREITENSTEIN Y SU ODA A LOS LABIOS CARNOSOS","og_description":"La ilustradora Blair Breitenstein lo afirma as\u00ed en su cuenta personal. Su negocio est\u00e1 en celebrar con acuarela los labios y el pelo voluminosos.","og_url":"https:\/\/graziamagazine.com\/mx\/articles\/blair-breitenstein-oda-labios-carnosos\/","og_site_name":"Grazia M\u00e9xico y Latinoam\u00e9rica","article_modified_time":"2017-08-21T17:13:00+00:00","og_image":[{"width":525,"height":359,"url":"https:\/\/graziamagazine.com\/mx\/wp-content\/uploads\/sites\/13\/2017\/08\/BLAIR-BREITENSTEIN-ACUARELA-DESTACADA.png?fit=525%2C359","type":"image\/png"}],"twitter_card":"summary_large_image","twitter_misc":{"Est. reading time":"2 minutos"},"schema":{"@context":"https:\/\/schema.org","@graph":[{"@type":"WebPage","@id":"https:\/\/graziamagazine.com\/mx\/articles\/blair-breitenstein-oda-labios-carnosos\/","url":"https:\/\/graziamagazine.com\/mx\/articles\/blair-breitenstein-oda-labios-carnosos\/","name":"BLAIR BREITENSTEIN Y SU ODA A LOS LABIOS CARNOSOS | Grazia M\u00e9xico y Latinoam\u00e9rica","isPartOf":{"@id":"https:\/\/graziamagazine.com\/mx\/#website"},"datePublished":"2017-08-21T17:08:12+00:00","dateModified":"2017-08-21T17:13:00+00:00","description":"La ilustradora Blair Breitenstein lo afirma as\u00ed en su cuenta personal. Su negocio est\u00e1 en celebrar con acuarela los labios y el pelo voluminosos.","breadcrumb":{"@id":"https:\/\/graziamagazine.com\/mx\/articles\/blair-breitenstein-oda-labios-carnosos\/#breadcrumb"},"inLanguage":"es-MX","potentialAction":[{"@type":"ReadAction","target":["https:\/\/graziamagazine.com\/mx\/articles\/blair-breitenstein-oda-labios-carnosos\/"]}]},{"@type":"BreadcrumbList","@id":"https:\/\/graziamagazine.com\/mx\/articles\/blair-breitenstein-oda-labios-carnosos\/#breadcrumb","itemListElement":[{"@type":"ListItem","position":1,"name":"Home","item":"https:\/\/graziamagazine.com\/mx\/"},{"@type":"ListItem","position":2,"name":"BLAIR BREITENSTEIN Y SU ODA A LOS LABIOS CARNOSOS"}]},{"@type":"WebSite","@id":"https:\/\/graziamagazine.com\/mx\/#website","url":"https:\/\/graziamagazine.com\/mx\/","name":"Grazia M\u00e9xico y Latinoam\u00e9rica","description":"Grazia es moda, belleza y noticias  de actualidad ","potentialAction":[{"@type":"SearchAction","target":{"@type":"EntryPoint","urlTemplate":"https:\/\/graziamagazine.com\/mx\/?s={search_term_string}"},"query-input":"required name=search_term_string"}],"inLanguage":"es-MX"}]}},"jetpack_sharing_enabled":true,"distributor_meta":false,"distributor_terms":false,"distributor_media":false,"distributor_original_site_name":"Grazia M\u00e9xico y Latinoam\u00e9rica","distributor_original_site_url":"https:\/\/graziamagazine.com\/mx","push-errors":false,"_links":{"self":[{"href":"https:\/\/graziamagazine.com\/mx\/wp-json\/wp\/v2\/articles\/29719"}],"collection":[{"href":"https:\/\/graziamagazine.com\/mx\/wp-json\/wp\/v2\/articles"}],"about":[{"href":"https:\/\/graziamagazine.com\/mx\/wp-json\/wp\/v2\/types\/articles"}],"author":[{"embeddable":true,"href":"https:\/\/graziamagazine.com\/mx\/wp-json\/wp\/v2\/users\/11636"}],"wp:featuredmedia":[{"embeddable":true,"href":"https:\/\/graziamagazine.com\/mx\/wp-json\/wp\/v2\/media\/29720"}],"wp:attachment":[{"href":"https:\/\/graziamagazine.com\/mx\/wp-json\/wp\/v2\/media?parent=29719"}],"wp:term":[{"taxonomy":"category","embeddable":true,"href":"https:\/\/graziamagazine.com\/mx\/wp-json\/wp\/v2\/categories?post=29719"}],"curies":[{"name":"wp","href":"https:\/\/api.w.org\/{rel}","templated":true}]}}