{"id":29597,"date":"2017-08-17T10:31:33","date_gmt":"2017-08-17T16:31:33","guid":{"rendered":"https:\/\/graziamagazine.com\/mx\/?p=29597"},"modified":"2017-08-17T10:37:15","modified_gmt":"2017-08-17T16:37:15","slug":"alanis-morissette-colaborara-haim","status":"publish","type":"articles","link":"https:\/\/graziamagazine.com\/mx\/articles\/alanis-morissette-colaborara-haim\/","title":{"rendered":"\u00bfALANIS MORISSETTE COLABORAR\u00c1 CON HAIM?"},"content":{"rendered":"<p><b>El d\u00eda de ayer, las hermanas publicaron una foto que nos dej\u00f3 pensando en una posible colaboraci\u00f3n con Alanis Morissette. Yes please!<\/b><\/p>\n<p><!--more--><\/p>\n<p>\u2013\u2013\u2013\u2013<\/p>\n<p><img loading=\"lazy\" decoding=\"async\" class=\"alignnone size-full wp-image-29603\" src=\"https:\/\/graziamagazine.com\/mx\/wp-content\/uploads\/sites\/13\/2017\/08\/HAIM-ALANIS-MORISSETTE-GIF3.gif\" alt=\"HAIM-ALANIS-MORISSETTE-GIF3\" width=\"400\" height=\"208\" \/><\/p>\n<h3><b>Por Grace Miramontes<\/b><\/h3>\n<p>&nbsp;<\/p>\n<p><span style=\"font-weight: 400;\">Las <\/span><i><span style=\"font-weight: 400;\">millennials<\/span><\/i><span style=\"font-weight: 400;\"> llevamos el <\/span><b>Girl Power<\/b><span style=\"font-weight: 400;\"> en las venas, de all\u00ed que nuestras <\/span><i><span style=\"font-weight: 400;\">playlists<\/span><\/i><span style=\"font-weight: 400;\"> incluyan a las diosas musicales que tanto lo han profesado; <\/span><b>Alanis Morissette<\/b><span style=\"font-weight: 400;\">, por ejemplo.<\/span><\/p>\n<p><span style=\"font-weight: 400;\">Estamos en un momento en que la voz de nuestro g\u00e9nero se hace cada vez m\u00e1s fuerte y es preciso reconocer a las sucesoras del micr\u00f3fono que hoy, contin\u00faan con su misi\u00f3n de decirnos lo invencibles que somos.<\/span><\/p>\n<p><span style=\"font-weight: 400;\">\u00bfQui\u00e9n mejor que las hermanas <\/span><b>Haim<\/b><span style=\"font-weight: 400;\"> para representar a la generaci\u00f3n educada por <\/span><b><i>\u201cHands Clean\u201d<\/i><\/b><span style=\"font-weight: 400;\"> y <\/span><b><i>\u201cLittle Jagged Pill\u201d<\/i><\/b><span style=\"font-weight: 400;\">?<\/span><\/p>\n<p><span style=\"font-weight: 400;\">La buena noticia es que ambos \u00edconos parecen haberse encontrado, al menos as\u00ed parece indicarlo el \u00faltimo <\/span><i><span style=\"font-weight: 400;\">post<\/span><\/i><span style=\"font-weight: 400;\"> de la cuenta oficial de la banda y de la <a href=\"https:\/\/www.instagram.com\/p\/BX4TzXKhbKS\/?taken-by=alanis\" target=\"_blank\" target=\"_blank\"><span style=\"text-decoration: underline;\"><strong>cantante<\/strong><\/span><\/a>, respectivamente.<\/span><\/p>\n<p>&nbsp;<\/p>\n<p><img loading=\"lazy\" decoding=\"async\" class=\"alignnone size-full wp-image-29604\" src=\"https:\/\/graziamagazine.com\/mx\/wp-content\/uploads\/sites\/13\/2017\/08\/HAIM-ALANIS-MORISSETTE-FOTO.png\" alt=\"HAIM-ALANIS-MORISSETTE-FOTO\" width=\"697\" height=\"696\" srcset=\"https:\/\/graziamagazine.com\/mx\/wp-content\/uploads\/sites\/13\/2017\/08\/HAIM-ALANIS-MORISSETTE-FOTO.png 697w, https:\/\/graziamagazine.com\/mx\/wp-content\/uploads\/sites\/13\/2017\/08\/HAIM-ALANIS-MORISSETTE-FOTO.png?resize=150,150 150w, https:\/\/graziamagazine.com\/mx\/wp-content\/uploads\/sites\/13\/2017\/08\/HAIM-ALANIS-MORISSETTE-FOTO.png?resize=450,450 450w, https:\/\/graziamagazine.com\/mx\/wp-content\/uploads\/sites\/13\/2017\/08\/HAIM-ALANIS-MORISSETTE-FOTO.png?resize=155,155 155w\" sizes=\"(max-width: 697px) 100vw, 697px\" \/><\/p>\n<p>&nbsp;<\/p>\n<p><b><i>\u201cNew Band Alert\u201d <\/i><\/b><span style=\"font-weight: 400;\">es la descripci\u00f3n de la <a href=\"https:\/\/www.instagram.com\/p\/BX4IkyiFkJm\/?taken-by=haimtheband\" target=\"_blank\" target=\"_blank\"><span style=\"text-decoration: underline;\"><strong>imagen<\/strong><\/span><\/a> en donde <\/span><b>Alanis<\/b><span style=\"font-weight: 400;\"> \u2013quien ahora es rubia platinada\u2013 posa junto a <\/span><b>Este<\/b><span style=\"font-weight: 400;\">, <\/span><b>Danielle<\/b><span style=\"font-weight: 400;\"> y <\/span><b>Alana<\/b><span style=\"font-weight: 400;\"> y, naturalmente, la simple posibilidad nos emociona.<\/span><\/p>\n<p>\u00bfQu\u00e9 estar\u00e1n tramando? \u00bfSer\u00e1 acaso una nueva canci\u00f3n o tan s\u00f3lo un encuentro casual?<\/p>\n<p>&nbsp;<\/p>\n<p><span style=\"font-weight: 400;\">Honestamente, morimos porque sea la primer opci\u00f3n y el equipo que aparece en el fondo\u00a0podr\u00eda indicar que estamos en lo correcto.<\/span><\/p>\n<p><span style=\"font-weight: 400;\">\u00a1Imagina el himno que podr\u00edan crear!<\/span><\/p>\n<p>&nbsp;<\/p>\n<p><img loading=\"lazy\" decoding=\"async\" class=\"alignnone size-full wp-image-29599\" src=\"https:\/\/graziamagazine.com\/mx\/wp-content\/uploads\/sites\/13\/2017\/08\/HAIM-ALANIS-MORISSETTE-GIF.gif\" alt=\"HAIM-ALANIS-MORISSETTE-GIF\" width=\"480\" height=\"252\" \/><\/p>\n<h5><b><i>*FOTO: @haimtheband.<\/i><\/b><\/h5>\n","protected":false},"author":11636,"featured_media":29598,"template":"","format":"standard","categories":[2,10],"acf":[],"yoast_head":"<!-- This site is optimized with the Yoast SEO Premium plugin v18.5 (Yoast SEO v20.4) - https:\/\/yoast.com\/wordpress\/plugins\/seo\/ -->\n<title>\u00bfALANIS MORISSETTE COLABORAR\u00c1 CON HAIM? | Grazia M\u00e9xico y Latinoam\u00e9rica<\/title>\n<meta name=\"description\" content=\"El d\u00eda de ayer, las hermanas publicaron una foto que nos dej\u00f3 pensando en una posible colaboraci\u00f3n con Alanis Morissette. Yes please!\" \/>\n<meta name=\"robots\" content=\"index, follow, max-snippet:-1, max-image-preview:large, max-video-preview:-1\" \/>\n<link rel=\"canonical\" href=\"https:\/\/graziamagazine.com\/mx\/articles\/alanis-morissette-colaborara-haim\/\" \/>\n<meta property=\"og:locale\" content=\"es_MX\" \/>\n<meta property=\"og:type\" content=\"article\" \/>\n<meta property=\"og:title\" content=\"\u00bfALANIS MORISSETTE COLABORAR\u00c1 CON HAIM?\" \/>\n<meta property=\"og:description\" content=\"El d\u00eda de ayer, las hermanas publicaron una foto que nos dej\u00f3 pensando en una posible colaboraci\u00f3n con Alanis Morissette. Yes please!\" \/>\n<meta property=\"og:url\" content=\"https:\/\/graziamagazine.com\/mx\/articles\/alanis-morissette-colaborara-haim\/\" \/>\n<meta property=\"og:site_name\" content=\"Grazia M\u00e9xico y Latinoam\u00e9rica\" \/>\n<meta property=\"article:modified_time\" content=\"2017-08-17T16:37:15+00:00\" \/>\n<meta property=\"og:image\" content=\"https:\/\/graziamagazine.com\/mx\/wp-content\/uploads\/sites\/13\/2017\/08\/HAIM-ALANIS-MORISSETTE-DESTACADA.png?fit=863%2C526\" \/>\n\t<meta property=\"og:image:width\" content=\"863\" \/>\n\t<meta property=\"og:image:height\" content=\"526\" \/>\n\t<meta property=\"og:image:type\" content=\"image\/png\" \/>\n<meta name=\"twitter:card\" content=\"summary_large_image\" \/>\n<meta name=\"twitter:label1\" content=\"Est. reading time\" \/>\n\t<meta name=\"twitter:data1\" content=\"1 minuto\" \/>\n<script type=\"application\/ld+json\" class=\"yoast-schema-graph\">{\"@context\":\"https:\/\/schema.org\",\"@graph\":[{\"@type\":\"WebPage\",\"@id\":\"https:\/\/graziamagazine.com\/mx\/articles\/alanis-morissette-colaborara-haim\/\",\"url\":\"https:\/\/graziamagazine.com\/mx\/articles\/alanis-morissette-colaborara-haim\/\",\"name\":\"\u00bfALANIS MORISSETTE COLABORAR\u00c1 CON HAIM? | Grazia M\u00e9xico y Latinoam\u00e9rica\",\"isPartOf\":{\"@id\":\"https:\/\/graziamagazine.com\/mx\/#website\"},\"datePublished\":\"2017-08-17T16:31:33+00:00\",\"dateModified\":\"2017-08-17T16:37:15+00:00\",\"description\":\"El d\u00eda de ayer, las hermanas publicaron una foto que nos dej\u00f3 pensando en una posible colaboraci\u00f3n con Alanis Morissette. Yes please!\",\"breadcrumb\":{\"@id\":\"https:\/\/graziamagazine.com\/mx\/articles\/alanis-morissette-colaborara-haim\/#breadcrumb\"},\"inLanguage\":\"es-MX\",\"potentialAction\":[{\"@type\":\"ReadAction\",\"target\":[\"https:\/\/graziamagazine.com\/mx\/articles\/alanis-morissette-colaborara-haim\/\"]}]},{\"@type\":\"BreadcrumbList\",\"@id\":\"https:\/\/graziamagazine.com\/mx\/articles\/alanis-morissette-colaborara-haim\/#breadcrumb\",\"itemListElement\":[{\"@type\":\"ListItem\",\"position\":1,\"name\":\"Home\",\"item\":\"https:\/\/graziamagazine.com\/mx\/\"},{\"@type\":\"ListItem\",\"position\":2,\"name\":\"\u00bfALANIS MORISSETTE COLABORAR\u00c1 CON HAIM?\"}]},{\"@type\":\"WebSite\",\"@id\":\"https:\/\/graziamagazine.com\/mx\/#website\",\"url\":\"https:\/\/graziamagazine.com\/mx\/\",\"name\":\"Grazia M\u00e9xico y Latinoam\u00e9rica\",\"description\":\"Grazia es moda, belleza y noticias  de actualidad \",\"potentialAction\":[{\"@type\":\"SearchAction\",\"target\":{\"@type\":\"EntryPoint\",\"urlTemplate\":\"https:\/\/graziamagazine.com\/mx\/?s={search_term_string}\"},\"query-input\":\"required name=search_term_string\"}],\"inLanguage\":\"es-MX\"}]}<\/script>\n<!-- \/ Yoast SEO Premium plugin. -->","yoast_head_json":{"title":"\u00bfALANIS MORISSETTE COLABORAR\u00c1 CON HAIM? | Grazia M\u00e9xico y Latinoam\u00e9rica","description":"El d\u00eda de ayer, las hermanas publicaron una foto que nos dej\u00f3 pensando en una posible colaboraci\u00f3n con Alanis Morissette. Yes please!","robots":{"index":"index","follow":"follow","max-snippet":"max-snippet:-1","max-image-preview":"max-image-preview:large","max-video-preview":"max-video-preview:-1"},"canonical":"https:\/\/graziamagazine.com\/mx\/articles\/alanis-morissette-colaborara-haim\/","og_locale":"es_MX","og_type":"article","og_title":"\u00bfALANIS MORISSETTE COLABORAR\u00c1 CON HAIM?","og_description":"El d\u00eda de ayer, las hermanas publicaron una foto que nos dej\u00f3 pensando en una posible colaboraci\u00f3n con Alanis Morissette. Yes please!","og_url":"https:\/\/graziamagazine.com\/mx\/articles\/alanis-morissette-colaborara-haim\/","og_site_name":"Grazia M\u00e9xico y Latinoam\u00e9rica","article_modified_time":"2017-08-17T16:37:15+00:00","og_image":[{"width":863,"height":526,"url":"https:\/\/graziamagazine.com\/mx\/wp-content\/uploads\/sites\/13\/2017\/08\/HAIM-ALANIS-MORISSETTE-DESTACADA.png?fit=863%2C526","type":"image\/png"}],"twitter_card":"summary_large_image","twitter_misc":{"Est. reading time":"1 minuto"},"schema":{"@context":"https:\/\/schema.org","@graph":[{"@type":"WebPage","@id":"https:\/\/graziamagazine.com\/mx\/articles\/alanis-morissette-colaborara-haim\/","url":"https:\/\/graziamagazine.com\/mx\/articles\/alanis-morissette-colaborara-haim\/","name":"\u00bfALANIS MORISSETTE COLABORAR\u00c1 CON HAIM? | Grazia M\u00e9xico y Latinoam\u00e9rica","isPartOf":{"@id":"https:\/\/graziamagazine.com\/mx\/#website"},"datePublished":"2017-08-17T16:31:33+00:00","dateModified":"2017-08-17T16:37:15+00:00","description":"El d\u00eda de ayer, las hermanas publicaron una foto que nos dej\u00f3 pensando en una posible colaboraci\u00f3n con Alanis Morissette. Yes please!","breadcrumb":{"@id":"https:\/\/graziamagazine.com\/mx\/articles\/alanis-morissette-colaborara-haim\/#breadcrumb"},"inLanguage":"es-MX","potentialAction":[{"@type":"ReadAction","target":["https:\/\/graziamagazine.com\/mx\/articles\/alanis-morissette-colaborara-haim\/"]}]},{"@type":"BreadcrumbList","@id":"https:\/\/graziamagazine.com\/mx\/articles\/alanis-morissette-colaborara-haim\/#breadcrumb","itemListElement":[{"@type":"ListItem","position":1,"name":"Home","item":"https:\/\/graziamagazine.com\/mx\/"},{"@type":"ListItem","position":2,"name":"\u00bfALANIS MORISSETTE COLABORAR\u00c1 CON HAIM?"}]},{"@type":"WebSite","@id":"https:\/\/graziamagazine.com\/mx\/#website","url":"https:\/\/graziamagazine.com\/mx\/","name":"Grazia M\u00e9xico y Latinoam\u00e9rica","description":"Grazia es moda, belleza y noticias  de actualidad ","potentialAction":[{"@type":"SearchAction","target":{"@type":"EntryPoint","urlTemplate":"https:\/\/graziamagazine.com\/mx\/?s={search_term_string}"},"query-input":"required name=search_term_string"}],"inLanguage":"es-MX"}]}},"jetpack_sharing_enabled":true,"distributor_meta":false,"distributor_terms":false,"distributor_media":false,"distributor_original_site_name":"Grazia M\u00e9xico y Latinoam\u00e9rica","distributor_original_site_url":"https:\/\/graziamagazine.com\/mx","push-errors":false,"_links":{"self":[{"href":"https:\/\/graziamagazine.com\/mx\/wp-json\/wp\/v2\/articles\/29597"}],"collection":[{"href":"https:\/\/graziamagazine.com\/mx\/wp-json\/wp\/v2\/articles"}],"about":[{"href":"https:\/\/graziamagazine.com\/mx\/wp-json\/wp\/v2\/types\/articles"}],"author":[{"embeddable":true,"href":"https:\/\/graziamagazine.com\/mx\/wp-json\/wp\/v2\/users\/11636"}],"wp:featuredmedia":[{"embeddable":true,"href":"https:\/\/graziamagazine.com\/mx\/wp-json\/wp\/v2\/media\/29598"}],"wp:attachment":[{"href":"https:\/\/graziamagazine.com\/mx\/wp-json\/wp\/v2\/media?parent=29597"}],"wp:term":[{"taxonomy":"category","embeddable":true,"href":"https:\/\/graziamagazine.com\/mx\/wp-json\/wp\/v2\/categories?post=29597"}],"curies":[{"name":"wp","href":"https:\/\/api.w.org\/{rel}","templated":true}]}}