{"id":29519,"date":"2017-08-16T11:05:08","date_gmt":"2017-08-16T17:05:08","guid":{"rendered":"https:\/\/graziamagazine.com\/mx\/?p=29519"},"modified":"2017-10-20T13:16:41","modified_gmt":"2017-10-20T19:16:41","slug":"colorido-feed-josep-font","status":"publish","type":"articles","link":"https:\/\/graziamagazine.com\/mx\/articles\/colorido-feed-josep-font\/","title":{"rendered":"EL COLORIDO FEED DE JOSEP FONT"},"content":{"rendered":"<p><b>Josep Font, director creativo de Delpozo, inyect\u00f3 a la industria de color con opulentas siluetas. Adem\u00e1s, tiene el <\/b><b><i>feed<\/i><\/b><b> m\u00e1s colorido de Instagram.<\/b><\/p>\n<p><!--more--><\/p>\n<p>\u2013\u2013\u2013\u2013<\/p>\n<p><img loading=\"lazy\" decoding=\"async\" class=\"alignnone size-full wp-image-29520\" src=\"https:\/\/graziamagazine.com\/mx\/wp-content\/uploads\/sites\/13\/2017\/08\/JOSEP-FONT-INSTAGRAM-DELPOZO-DESTACADA.png\" alt=\"JOSEP-FONT-INSTAGRAM-DELPOZO-DESTACADA\" width=\"685\" height=\"383\" srcset=\"https:\/\/graziamagazine.com\/mx\/wp-content\/uploads\/sites\/13\/2017\/08\/JOSEP-FONT-INSTAGRAM-DELPOZO-DESTACADA.png 685w, https:\/\/graziamagazine.com\/mx\/wp-content\/uploads\/sites\/13\/2017\/08\/JOSEP-FONT-INSTAGRAM-DELPOZO-DESTACADA.png?resize=450,252 450w, https:\/\/graziamagazine.com\/mx\/wp-content\/uploads\/sites\/13\/2017\/08\/JOSEP-FONT-INSTAGRAM-DELPOZO-DESTACADA.png?resize=155,87 155w\" sizes=\"(max-width: 685px) 100vw, 685px\" \/><\/p>\n<h3><b>Por Mar\u00eda Jos\u00e9 Gonz\u00e1lvez<\/b><\/h3>\n<p>&nbsp;<\/p>\n<p><span style=\"font-weight: 400;\">La firma espa\u00f1ola <\/span><b>Delpozo<\/b><span style=\"font-weight: 400;\"> \u2014fundada por el espa\u00f1ol <\/span><b>Jes\u00fas del Pozo<\/b><span style=\"font-weight: 400;\"> en <\/span><b>1974<\/b><span style=\"font-weight: 400;\">\u2014 fue revivida y puesta en el ojo internacional por <\/span><b>Josep Font<\/b><span style=\"font-weight: 400;\">, quien hace algunos a\u00f1os presentaba su firma hom\u00f3nima en Barcelona, Tokio, Par\u00eds, y Mil\u00e1n.<\/span><\/p>\n<p><span style=\"font-weight: 400;\">Su formaci\u00f3n en arquitectura le ha permitido crear siluetas art\u00edsticas y opulentas que desaf\u00edan la gravedad. Con ello, se ha convertido en un maestro de la extra\u00f1a, pero \u00a0perfecta combinaci\u00f3n <\/span><i><span style=\"font-weight: 400;\">pr\u00eat-\u00e0-couture<\/span><\/i><span style=\"font-weight: 400;\">. <\/span><\/p>\n<p><span style=\"font-weight: 400;\">Son los colores vibrantes, que usualmente sobrepone como acentos y que complementa con tonalidades neutras, con los que el catal\u00e1n compone colecciones impactantes.<\/span><\/p>\n<p><span style=\"font-weight: 400;\">En <a href=\"https:\/\/www.instagram.com\/JOSEPFONTC\/\" target=\"_blank\" target=\"_blank\"><span style=\"text-decoration: underline;\"><strong>Instagram<\/strong><\/span><\/a>, la historia se repite. <\/span><\/p>\n<p><img loading=\"lazy\" decoding=\"async\" class=\"alignnone size-full wp-image-29525\" src=\"https:\/\/graziamagazine.com\/mx\/wp-content\/uploads\/sites\/13\/2017\/08\/JOSEP-FONT-INSTAGRAM-DELPOZO-4.jpg\" alt=\"JOSEP-FONT-INSTAGRAM-DELPOZO-4\" width=\"750\" height=\"750\" srcset=\"https:\/\/graziamagazine.com\/mx\/wp-content\/uploads\/sites\/13\/2017\/08\/JOSEP-FONT-INSTAGRAM-DELPOZO-4.jpg 750w, https:\/\/graziamagazine.com\/mx\/wp-content\/uploads\/sites\/13\/2017\/08\/JOSEP-FONT-INSTAGRAM-DELPOZO-4.jpg?resize=150,150 150w, https:\/\/graziamagazine.com\/mx\/wp-content\/uploads\/sites\/13\/2017\/08\/JOSEP-FONT-INSTAGRAM-DELPOZO-4.jpg?resize=450,450 450w, https:\/\/graziamagazine.com\/mx\/wp-content\/uploads\/sites\/13\/2017\/08\/JOSEP-FONT-INSTAGRAM-DELPOZO-4.jpg?resize=155,155 155w\" sizes=\"(max-width: 750px) 100vw, 750px\" \/><\/p>\n<p><span style=\"font-weight: 400;\">El <\/span><i><span style=\"font-weight: 400;\">feed<\/span><\/i><span style=\"font-weight: 400;\"> de <\/span><b>Josep<\/b><span style=\"font-weight: 400;\"> refleja su particular est\u00e9tica y es el <\/span><i><span style=\"font-weight: 400;\">moodboard<\/span><\/i><span style=\"font-weight: 400;\"> que muchos quisieran presumir. <\/span><\/p>\n<p><span style=\"font-weight: 400;\">Lo que lo hace un deleite son sus contrastes de piezas de la firma con salpicaduras de colores que detallan l\u00edneas sutiles y minimalistas. <\/span><\/p>\n<p><span style=\"font-weight: 400;\">Tambi\u00e9n, encontrar\u00e1s detalles arquitect\u00f3nicos y esculturas; piezas clave en su inspiraci\u00f3n. <\/span><\/p>\n<p><span style=\"font-weight: 400;\">Esto sin dejar de lado, el particular gusto del dise\u00f1ador por la naturaleza, mismas que se evidencian en sus m\u00e1s recientes colecciones estampadas con aves coloridas y flores que resaltan por sus intensas tonalidades.<\/span><\/p>\n<p><img loading=\"lazy\" decoding=\"async\" class=\"alignnone size-full wp-image-29524\" src=\"https:\/\/graziamagazine.com\/mx\/wp-content\/uploads\/sites\/13\/2017\/08\/JOSEP-FONT-INSTAGRAM-DELPOZO-5.jpg\" alt=\"JOSEP-FONT-INSTAGRAM-DELPOZO-5\" width=\"750\" height=\"750\" srcset=\"https:\/\/graziamagazine.com\/mx\/wp-content\/uploads\/sites\/13\/2017\/08\/JOSEP-FONT-INSTAGRAM-DELPOZO-5.jpg 750w, https:\/\/graziamagazine.com\/mx\/wp-content\/uploads\/sites\/13\/2017\/08\/JOSEP-FONT-INSTAGRAM-DELPOZO-5.jpg?resize=150,150 150w, https:\/\/graziamagazine.com\/mx\/wp-content\/uploads\/sites\/13\/2017\/08\/JOSEP-FONT-INSTAGRAM-DELPOZO-5.jpg?resize=450,450 450w, https:\/\/graziamagazine.com\/mx\/wp-content\/uploads\/sites\/13\/2017\/08\/JOSEP-FONT-INSTAGRAM-DELPOZO-5.jpg?resize=155,155 155w\" sizes=\"(max-width: 750px) 100vw, 750px\" \/><\/p>\n<p>&nbsp;<\/p>\n<p><span style=\"font-weight: 400;\">Su mundo visual encapsula todo aquello que lo inspira. Muestra de ello son algunas im\u00e1genes de \u00a0obras visuales que seguramente, traduce a los escaparates de su <\/span><i><span style=\"font-weight: 400;\">boutique<\/span><\/i><span style=\"font-weight: 400;\"> y a los escenarios que exhiben sus colecciones.<\/span><\/p>\n<p>Explosiones de color con una mezcla \u00fanica de arte, elementos y texturas.\u00a0<span style=\"font-weight: 400;\">Y, por si fuera poco, \u00a1es de los creativos que m\u00e1s interact\u00faa con sus <em>followers.<\/em><\/span><\/p>\n<p>&nbsp;<\/p>\n<p>Que no te extra\u00f1e recibir un like de su parte cuando lo etiquetes en la\u00a0ilustraci\u00f3n que hiciste de su vestido&#8230;<\/p>\n<p>&nbsp;<\/p>\n<p>&nbsp;<\/p>\n<p><img loading=\"lazy\" decoding=\"async\" class=\"alignnone size-full wp-image-29522\" src=\"https:\/\/graziamagazine.com\/mx\/wp-content\/uploads\/sites\/13\/2017\/08\/JOSEP-FONT-INSTAGRAM-DELPOZO-7.jpg\" alt=\"JOSEP-FONT-INSTAGRAM-DELPOZO-7\" width=\"750\" height=\"750\" srcset=\"https:\/\/graziamagazine.com\/mx\/wp-content\/uploads\/sites\/13\/2017\/08\/JOSEP-FONT-INSTAGRAM-DELPOZO-7.jpg 750w, https:\/\/graziamagazine.com\/mx\/wp-content\/uploads\/sites\/13\/2017\/08\/JOSEP-FONT-INSTAGRAM-DELPOZO-7.jpg?resize=150,150 150w, https:\/\/graziamagazine.com\/mx\/wp-content\/uploads\/sites\/13\/2017\/08\/JOSEP-FONT-INSTAGRAM-DELPOZO-7.jpg?resize=450,450 450w, https:\/\/graziamagazine.com\/mx\/wp-content\/uploads\/sites\/13\/2017\/08\/JOSEP-FONT-INSTAGRAM-DELPOZO-7.jpg?resize=155,155 155w\" sizes=\"(max-width: 750px) 100vw, 750px\" \/> <img loading=\"lazy\" decoding=\"async\" class=\"alignnone size-full wp-image-29528\" src=\"https:\/\/graziamagazine.com\/mx\/wp-content\/uploads\/sites\/13\/2017\/08\/JOSEP-FONT-INSTAGRAM-DELPOZO-1.jpg\" alt=\"JOSEP-FONT-INSTAGRAM-DELPOZO-1\" width=\"750\" height=\"750\" srcset=\"https:\/\/graziamagazine.com\/mx\/wp-content\/uploads\/sites\/13\/2017\/08\/JOSEP-FONT-INSTAGRAM-DELPOZO-1.jpg 750w, https:\/\/graziamagazine.com\/mx\/wp-content\/uploads\/sites\/13\/2017\/08\/JOSEP-FONT-INSTAGRAM-DELPOZO-1.jpg?resize=150,150 150w, https:\/\/graziamagazine.com\/mx\/wp-content\/uploads\/sites\/13\/2017\/08\/JOSEP-FONT-INSTAGRAM-DELPOZO-1.jpg?resize=450,450 450w, https:\/\/graziamagazine.com\/mx\/wp-content\/uploads\/sites\/13\/2017\/08\/JOSEP-FONT-INSTAGRAM-DELPOZO-1.jpg?resize=155,155 155w\" sizes=\"(max-width: 750px) 100vw, 750px\" \/> <img loading=\"lazy\" decoding=\"async\" class=\"alignnone size-full wp-image-29523\" src=\"https:\/\/graziamagazine.com\/mx\/wp-content\/uploads\/sites\/13\/2017\/08\/JOSEP-FONT-INSTAGRAM-DELPOZO-6.jpg\" alt=\"JOSEP-FONT-INSTAGRAM-DELPOZO-6\" width=\"750\" height=\"750\" srcset=\"https:\/\/graziamagazine.com\/mx\/wp-content\/uploads\/sites\/13\/2017\/08\/JOSEP-FONT-INSTAGRAM-DELPOZO-6.jpg 750w, https:\/\/graziamagazine.com\/mx\/wp-content\/uploads\/sites\/13\/2017\/08\/JOSEP-FONT-INSTAGRAM-DELPOZO-6.jpg?resize=150,150 150w, https:\/\/graziamagazine.com\/mx\/wp-content\/uploads\/sites\/13\/2017\/08\/JOSEP-FONT-INSTAGRAM-DELPOZO-6.jpg?resize=450,450 450w, https:\/\/graziamagazine.com\/mx\/wp-content\/uploads\/sites\/13\/2017\/08\/JOSEP-FONT-INSTAGRAM-DELPOZO-6.jpg?resize=155,155 155w\" sizes=\"(max-width: 750px) 100vw, 750px\" \/> <img loading=\"lazy\" decoding=\"async\" class=\"alignnone size-full wp-image-29527\" src=\"https:\/\/graziamagazine.com\/mx\/wp-content\/uploads\/sites\/13\/2017\/08\/JOSEP-FONT-INSTAGRAM-DELPOZO-2.jpg\" alt=\"JOSEP-FONT-INSTAGRAM-DELPOZO-2\" width=\"750\" height=\"750\" srcset=\"https:\/\/graziamagazine.com\/mx\/wp-content\/uploads\/sites\/13\/2017\/08\/JOSEP-FONT-INSTAGRAM-DELPOZO-2.jpg 750w, https:\/\/graziamagazine.com\/mx\/wp-content\/uploads\/sites\/13\/2017\/08\/JOSEP-FONT-INSTAGRAM-DELPOZO-2.jpg?resize=150,150 150w, https:\/\/graziamagazine.com\/mx\/wp-content\/uploads\/sites\/13\/2017\/08\/JOSEP-FONT-INSTAGRAM-DELPOZO-2.jpg?resize=450,450 450w, https:\/\/graziamagazine.com\/mx\/wp-content\/uploads\/sites\/13\/2017\/08\/JOSEP-FONT-INSTAGRAM-DELPOZO-2.jpg?resize=155,155 155w\" sizes=\"(max-width: 750px) 100vw, 750px\" \/> <img loading=\"lazy\" decoding=\"async\" class=\"alignnone size-full wp-image-29526\" src=\"https:\/\/graziamagazine.com\/mx\/wp-content\/uploads\/sites\/13\/2017\/08\/JOSEP-FONT-INSTAGRAM-DELPOZO-3.jpg\" alt=\"JOSEP-FONT-INSTAGRAM-DELPOZO-3\" width=\"750\" height=\"750\" srcset=\"https:\/\/graziamagazine.com\/mx\/wp-content\/uploads\/sites\/13\/2017\/08\/JOSEP-FONT-INSTAGRAM-DELPOZO-3.jpg 750w, https:\/\/graziamagazine.com\/mx\/wp-content\/uploads\/sites\/13\/2017\/08\/JOSEP-FONT-INSTAGRAM-DELPOZO-3.jpg?resize=150,150 150w, https:\/\/graziamagazine.com\/mx\/wp-content\/uploads\/sites\/13\/2017\/08\/JOSEP-FONT-INSTAGRAM-DELPOZO-3.jpg?resize=450,450 450w, https:\/\/graziamagazine.com\/mx\/wp-content\/uploads\/sites\/13\/2017\/08\/JOSEP-FONT-INSTAGRAM-DELPOZO-3.jpg?resize=155,155 155w\" sizes=\"(max-width: 750px) 100vw, 750px\" \/><\/p>\n<h5><b><i>*FOTOS: @josepfontc.<\/i><\/b><\/h5>\n","protected":false},"author":11641,"featured_media":29520,"template":"","format":"standard","categories":[5,4,10],"acf":[],"yoast_head":"<!-- This site is optimized with the Yoast SEO Premium plugin v18.5 (Yoast SEO v20.4) - https:\/\/yoast.com\/wordpress\/plugins\/seo\/ -->\n<title>EL COLORIDO FEED DE JOSEP FONT | Grazia M\u00e9xico y Latinoam\u00e9rica<\/title>\n<meta name=\"description\" content=\"Josep Font, director creativo de Delpozo, inyect\u00f3 a la industria de color con opulentas siluetas. Adem\u00e1s, tiene el feed m\u00e1s colorido de Instagram.\" \/>\n<meta name=\"robots\" content=\"index, follow, max-snippet:-1, max-image-preview:large, max-video-preview:-1\" \/>\n<link rel=\"canonical\" href=\"https:\/\/graziamagazine.com\/mx\/articles\/colorido-feed-josep-font\/\" \/>\n<meta property=\"og:locale\" content=\"es_MX\" \/>\n<meta property=\"og:type\" content=\"article\" \/>\n<meta property=\"og:title\" content=\"EL COLORIDO FEED DE JOSEP FONT\" \/>\n<meta property=\"og:description\" content=\"Josep Font, director creativo de Delpozo, inyect\u00f3 a la industria de color con opulentas siluetas. Adem\u00e1s, tiene el feed m\u00e1s colorido de Instagram.\" \/>\n<meta property=\"og:url\" content=\"https:\/\/graziamagazine.com\/mx\/articles\/colorido-feed-josep-font\/\" \/>\n<meta property=\"og:site_name\" content=\"Grazia M\u00e9xico y Latinoam\u00e9rica\" \/>\n<meta property=\"article:modified_time\" content=\"2017-10-20T19:16:41+00:00\" \/>\n<meta property=\"og:image\" content=\"https:\/\/graziamagazine.com\/mx\/wp-content\/uploads\/sites\/13\/2017\/08\/JOSEP-FONT-INSTAGRAM-DELPOZO-DESTACADA.png?fit=685%2C383\" \/>\n\t<meta property=\"og:image:width\" content=\"685\" \/>\n\t<meta property=\"og:image:height\" content=\"383\" \/>\n\t<meta property=\"og:image:type\" content=\"image\/png\" \/>\n<meta name=\"twitter:card\" content=\"summary_large_image\" \/>\n<meta name=\"twitter:label1\" content=\"Est. reading time\" \/>\n\t<meta name=\"twitter:data1\" content=\"2 minutos\" \/>\n<script type=\"application\/ld+json\" class=\"yoast-schema-graph\">{\"@context\":\"https:\/\/schema.org\",\"@graph\":[{\"@type\":\"WebPage\",\"@id\":\"https:\/\/graziamagazine.com\/mx\/articles\/colorido-feed-josep-font\/\",\"url\":\"https:\/\/graziamagazine.com\/mx\/articles\/colorido-feed-josep-font\/\",\"name\":\"EL COLORIDO FEED DE JOSEP FONT | Grazia M\u00e9xico y Latinoam\u00e9rica\",\"isPartOf\":{\"@id\":\"https:\/\/graziamagazine.com\/mx\/#website\"},\"datePublished\":\"2017-08-16T17:05:08+00:00\",\"dateModified\":\"2017-10-20T19:16:41+00:00\",\"description\":\"Josep Font, director creativo de Delpozo, inyect\u00f3 a la industria de color con opulentas siluetas. Adem\u00e1s, tiene el feed m\u00e1s colorido de Instagram.\",\"breadcrumb\":{\"@id\":\"https:\/\/graziamagazine.com\/mx\/articles\/colorido-feed-josep-font\/#breadcrumb\"},\"inLanguage\":\"es-MX\",\"potentialAction\":[{\"@type\":\"ReadAction\",\"target\":[\"https:\/\/graziamagazine.com\/mx\/articles\/colorido-feed-josep-font\/\"]}]},{\"@type\":\"BreadcrumbList\",\"@id\":\"https:\/\/graziamagazine.com\/mx\/articles\/colorido-feed-josep-font\/#breadcrumb\",\"itemListElement\":[{\"@type\":\"ListItem\",\"position\":1,\"name\":\"Home\",\"item\":\"https:\/\/graziamagazine.com\/mx\/\"},{\"@type\":\"ListItem\",\"position\":2,\"name\":\"EL COLORIDO FEED DE JOSEP FONT\"}]},{\"@type\":\"WebSite\",\"@id\":\"https:\/\/graziamagazine.com\/mx\/#website\",\"url\":\"https:\/\/graziamagazine.com\/mx\/\",\"name\":\"Grazia M\u00e9xico y Latinoam\u00e9rica\",\"description\":\"Grazia es moda, belleza y noticias  de actualidad \",\"potentialAction\":[{\"@type\":\"SearchAction\",\"target\":{\"@type\":\"EntryPoint\",\"urlTemplate\":\"https:\/\/graziamagazine.com\/mx\/?s={search_term_string}\"},\"query-input\":\"required name=search_term_string\"}],\"inLanguage\":\"es-MX\"}]}<\/script>\n<!-- \/ Yoast SEO Premium plugin. -->","yoast_head_json":{"title":"EL COLORIDO FEED DE JOSEP FONT | Grazia M\u00e9xico y Latinoam\u00e9rica","description":"Josep Font, director creativo de Delpozo, inyect\u00f3 a la industria de color con opulentas siluetas. Adem\u00e1s, tiene el feed m\u00e1s colorido de Instagram.","robots":{"index":"index","follow":"follow","max-snippet":"max-snippet:-1","max-image-preview":"max-image-preview:large","max-video-preview":"max-video-preview:-1"},"canonical":"https:\/\/graziamagazine.com\/mx\/articles\/colorido-feed-josep-font\/","og_locale":"es_MX","og_type":"article","og_title":"EL COLORIDO FEED DE JOSEP FONT","og_description":"Josep Font, director creativo de Delpozo, inyect\u00f3 a la industria de color con opulentas siluetas. Adem\u00e1s, tiene el feed m\u00e1s colorido de Instagram.","og_url":"https:\/\/graziamagazine.com\/mx\/articles\/colorido-feed-josep-font\/","og_site_name":"Grazia M\u00e9xico y Latinoam\u00e9rica","article_modified_time":"2017-10-20T19:16:41+00:00","og_image":[{"width":685,"height":383,"url":"https:\/\/graziamagazine.com\/mx\/wp-content\/uploads\/sites\/13\/2017\/08\/JOSEP-FONT-INSTAGRAM-DELPOZO-DESTACADA.png?fit=685%2C383","type":"image\/png"}],"twitter_card":"summary_large_image","twitter_misc":{"Est. reading time":"2 minutos"},"schema":{"@context":"https:\/\/schema.org","@graph":[{"@type":"WebPage","@id":"https:\/\/graziamagazine.com\/mx\/articles\/colorido-feed-josep-font\/","url":"https:\/\/graziamagazine.com\/mx\/articles\/colorido-feed-josep-font\/","name":"EL COLORIDO FEED DE JOSEP FONT | Grazia M\u00e9xico y Latinoam\u00e9rica","isPartOf":{"@id":"https:\/\/graziamagazine.com\/mx\/#website"},"datePublished":"2017-08-16T17:05:08+00:00","dateModified":"2017-10-20T19:16:41+00:00","description":"Josep Font, director creativo de Delpozo, inyect\u00f3 a la industria de color con opulentas siluetas. Adem\u00e1s, tiene el feed m\u00e1s colorido de Instagram.","breadcrumb":{"@id":"https:\/\/graziamagazine.com\/mx\/articles\/colorido-feed-josep-font\/#breadcrumb"},"inLanguage":"es-MX","potentialAction":[{"@type":"ReadAction","target":["https:\/\/graziamagazine.com\/mx\/articles\/colorido-feed-josep-font\/"]}]},{"@type":"BreadcrumbList","@id":"https:\/\/graziamagazine.com\/mx\/articles\/colorido-feed-josep-font\/#breadcrumb","itemListElement":[{"@type":"ListItem","position":1,"name":"Home","item":"https:\/\/graziamagazine.com\/mx\/"},{"@type":"ListItem","position":2,"name":"EL COLORIDO FEED DE JOSEP FONT"}]},{"@type":"WebSite","@id":"https:\/\/graziamagazine.com\/mx\/#website","url":"https:\/\/graziamagazine.com\/mx\/","name":"Grazia M\u00e9xico y Latinoam\u00e9rica","description":"Grazia es moda, belleza y noticias  de actualidad ","potentialAction":[{"@type":"SearchAction","target":{"@type":"EntryPoint","urlTemplate":"https:\/\/graziamagazine.com\/mx\/?s={search_term_string}"},"query-input":"required name=search_term_string"}],"inLanguage":"es-MX"}]}},"jetpack_sharing_enabled":true,"distributor_meta":false,"distributor_terms":false,"distributor_media":false,"distributor_original_site_name":"Grazia M\u00e9xico y Latinoam\u00e9rica","distributor_original_site_url":"https:\/\/graziamagazine.com\/mx","push-errors":false,"_links":{"self":[{"href":"https:\/\/graziamagazine.com\/mx\/wp-json\/wp\/v2\/articles\/29519"}],"collection":[{"href":"https:\/\/graziamagazine.com\/mx\/wp-json\/wp\/v2\/articles"}],"about":[{"href":"https:\/\/graziamagazine.com\/mx\/wp-json\/wp\/v2\/types\/articles"}],"author":[{"embeddable":true,"href":"https:\/\/graziamagazine.com\/mx\/wp-json\/wp\/v2\/users\/11641"}],"wp:featuredmedia":[{"embeddable":true,"href":"https:\/\/graziamagazine.com\/mx\/wp-json\/wp\/v2\/media\/29520"}],"wp:attachment":[{"href":"https:\/\/graziamagazine.com\/mx\/wp-json\/wp\/v2\/media?parent=29519"}],"wp:term":[{"taxonomy":"category","embeddable":true,"href":"https:\/\/graziamagazine.com\/mx\/wp-json\/wp\/v2\/categories?post=29519"}],"curies":[{"name":"wp","href":"https:\/\/api.w.org\/{rel}","templated":true}]}}