{"id":28632,"date":"2017-08-02T11:35:57","date_gmt":"2017-08-02T17:35:57","guid":{"rendered":"https:\/\/graziamagazine.com\/mx\/?p=28632"},"modified":"2017-08-02T11:38:15","modified_gmt":"2017-08-02T17:38:15","slug":"tavi-gevinson-mini-fashionista-editora","status":"publish","type":"articles","link":"https:\/\/graziamagazine.com\/mx\/articles\/tavi-gevinson-mini-fashionista-editora\/","title":{"rendered":"TAVI GEVINSON: DE MINI FASHIONISTA A EDITORA"},"content":{"rendered":"<p><b>Tavi Gevinson empez\u00f3 su blog de moda a\u00a0los 11 a\u00f1os . Ahora, como editora\u00a0de su propia revista expone temas culturales y sociales para <em>millennials<\/em>.<\/b><\/p>\n<p><!--more--><\/p>\n<p><img loading=\"lazy\" decoding=\"async\" class=\"alignnone size-full wp-image-28643\" src=\"https:\/\/graziamagazine.com\/mx\/wp-content\/uploads\/sites\/13\/2017\/08\/TAVI-GEVINSON-COOL-GRAZIA-5.png\" alt=\"TAVI-GEVINSON-COOL-GRAZIA-5\" width=\"748\" height=\"474\" srcset=\"https:\/\/graziamagazine.com\/mx\/wp-content\/uploads\/sites\/13\/2017\/08\/TAVI-GEVINSON-COOL-GRAZIA-5.png 748w, https:\/\/graziamagazine.com\/mx\/wp-content\/uploads\/sites\/13\/2017\/08\/TAVI-GEVINSON-COOL-GRAZIA-5.png?resize=450,285 450w, https:\/\/graziamagazine.com\/mx\/wp-content\/uploads\/sites\/13\/2017\/08\/TAVI-GEVINSON-COOL-GRAZIA-5.png?resize=155,98 155w\" sizes=\"(max-width: 748px) 100vw, 748px\" \/><\/p>\n<h3><b>Por Mar\u00eda Jos\u00e9 Gonz\u00e1lvez<\/b><\/h3>\n<p>&nbsp;<\/p>\n<p><span style=\"font-weight: 400;\">Mientras a los 11 a\u00f1os pensabas en ni\u00f1os y en sacar buenas calificaciones, <\/span><b>Tavi Gevinson<\/b><span style=\"font-weight: 400;\"> creaba su blog de moda <\/span><b><i>Style Rookie<\/i><\/b><span style=\"font-weight: 400;\">. <\/span><\/p>\n<p><span style=\"font-weight: 400;\">Ella fue una de las primeras <\/span><i><span style=\"font-weight: 400;\">bloggers<\/span><\/i><span style=\"font-weight: 400;\"> en la industria y hoy, es escritora, actriz y una de las voces m\u00e1s importantes en este mundo atado a la web. <\/span><\/p>\n<p><span style=\"font-weight: 400;\">Quiz\u00e1s, lo m\u00e1s parecido entre <\/span><b>Tavi<\/b><span style=\"font-weight: 400;\"> y nosotras es que creci\u00f3 viendo <\/span><b>\u201cFriends\u201d<\/b><span style=\"font-weight: 400;\"> y <\/span><b>\u201cThat \u201970s Show\u201d<\/b><span style=\"font-weight: 400;\">, pero ella puede presumir que a su corta edad, fue la portavoz de lo <\/span><i><span style=\"font-weight: 400;\">cool<\/span><\/i><span style=\"font-weight: 400;\"> que era ser una <\/span><i><span style=\"font-weight: 400;\">teen<\/span><\/i><span style=\"font-weight: 400;\">.<\/span><\/p>\n<p>&nbsp;<\/p>\n<p><img loading=\"lazy\" decoding=\"async\" class=\"alignnone size-full wp-image-28642\" src=\"https:\/\/graziamagazine.com\/mx\/wp-content\/uploads\/sites\/13\/2017\/08\/TAVI-GEVINSON-COOL-GRAZIA-1.jpg\" alt=\"TAVI-GEVINSON-COOL-GRAZIA-1\" width=\"503\" height=\"465\" srcset=\"https:\/\/graziamagazine.com\/mx\/wp-content\/uploads\/sites\/13\/2017\/08\/TAVI-GEVINSON-COOL-GRAZIA-1.jpg 503w, https:\/\/graziamagazine.com\/mx\/wp-content\/uploads\/sites\/13\/2017\/08\/TAVI-GEVINSON-COOL-GRAZIA-1.jpg?resize=450,416 450w, https:\/\/graziamagazine.com\/mx\/wp-content\/uploads\/sites\/13\/2017\/08\/TAVI-GEVINSON-COOL-GRAZIA-1.jpg?resize=155,143 155w\" sizes=\"(max-width: 503px) 100vw, 503px\" \/><\/p>\n<p>&nbsp;<\/p>\n<p><img loading=\"lazy\" decoding=\"async\" class=\"alignnone size-large wp-image-28640\" src=\"https:\/\/graziamagazine.com\/mx\/wp-content\/uploads\/sites\/13\/2017\/08\/TAVI-GEVINSON-COOL-GRAZIA-3-834x1024.jpg\" alt=\"TAVI-GEVINSON-COOL-GRAZIA-3\" width=\"834\" height=\"1024\" \/><\/p>\n<p>&nbsp;<\/p>\n<p><span style=\"font-weight: 400;\">La nacida en <\/span><b>Chicago<\/b><span style=\"font-weight: 400;\">, <\/span><b>Illinois<\/b><span style=\"font-weight: 400;\">, evolucion\u00f3 su sitio a la revista <em>online<\/em>\u00a0<\/span><a href=\"http:\/\/www.rookiemag.com\/\" target=\"_blank\" target=\"_blank\"><span style=\"text-decoration: underline;\"><strong><i>Rookie Mag<\/i><\/strong><\/span><\/a><span style=\"font-weight: 400;\">, la cual edita con su particular est\u00e9tica <\/span><i><span style=\"font-weight: 400;\">teen<\/span><\/i><span style=\"font-weight: 400;\"> y en donde expone todo tipo de temas culturales curados para la generaci\u00f3n <\/span><b><i>millennial<\/i><\/b><span style=\"font-weight: 400;\">. <\/span><\/p>\n<p><span style=\"font-weight: 400;\">Su blog est\u00e1 un tanto olvidado, pues en 2016 public\u00f3 una nota en la cual afirma no verle sentido a ese espacio, ya que hab\u00eda cambiado de plataforma a <\/span><a href=\"https:\/\/www.instagram.com\/rookiemag\/\" target=\"_blank\" target=\"_blank\"><span style=\"text-decoration: underline;\"><b>Instagram<\/b><\/span><\/a><span style=\"font-weight: 400;\">.<\/span><\/p>\n<p>&nbsp;<\/p>\n<p><img loading=\"lazy\" decoding=\"async\" class=\"alignnone size-full wp-image-28644\" src=\"https:\/\/graziamagazine.com\/mx\/wp-content\/uploads\/sites\/13\/2017\/08\/TAVI-GEVINSON-COOL-GRAZIA-6.png\" alt=\"TAVI-GEVINSON-COOL-GRAZIA-6\" width=\"659\" height=\"655\" srcset=\"https:\/\/graziamagazine.com\/mx\/wp-content\/uploads\/sites\/13\/2017\/08\/TAVI-GEVINSON-COOL-GRAZIA-6.png 659w, https:\/\/graziamagazine.com\/mx\/wp-content\/uploads\/sites\/13\/2017\/08\/TAVI-GEVINSON-COOL-GRAZIA-6.png?resize=150,150 150w, https:\/\/graziamagazine.com\/mx\/wp-content\/uploads\/sites\/13\/2017\/08\/TAVI-GEVINSON-COOL-GRAZIA-6.png?resize=450,447 450w, https:\/\/graziamagazine.com\/mx\/wp-content\/uploads\/sites\/13\/2017\/08\/TAVI-GEVINSON-COOL-GRAZIA-6.png?resize=155,154 155w\" sizes=\"(max-width: 659px) 100vw, 659px\" \/><\/p>\n<p>&nbsp;<\/p>\n<p><img loading=\"lazy\" decoding=\"async\" class=\"alignnone size-large wp-image-28638\" src=\"https:\/\/graziamagazine.com\/mx\/wp-content\/uploads\/sites\/13\/2017\/08\/TAVI-GEVINSON-COOL-GRAZIA-4-1024x851.jpg\" alt=\"TAVI-GEVINSON-COOL-GRAZIA-4\" width=\"1024\" height=\"851\" \/><\/p>\n<p>&nbsp;<\/p>\n<p><b>Tavi<\/b><span style=\"font-weight: 400;\"> atrap\u00f3 las miradas de la industria por su extravagante forma de combinar su cl\u00f3set con prendas de dise\u00f1ador y por ello, tuvo la posibilidad de conocer al mism\u00edsimo <\/span><b><i>k\u00e1iser<\/i><\/b> y a\u00a0<strong>Iris Apfel<\/strong><span style=\"font-weight: 400;\">.<\/span><\/p>\n<p><span style=\"font-weight: 400;\">Para una de sus primeras <\/span><b><i>fashion weeks<\/i><\/b><span style=\"font-weight: 400;\"> llev\u00f3 un enorme mo\u00f1o rosa sobre la cabeza, mismo que molest\u00f3 a los invitados. Sin embargo, a la adolescente le parecieron graciosos los comentarios eran y sin sentido.<\/span><\/p>\n<p><span style=\"font-weight: 400;\">En <a href=\"https:\/\/www.nytimes.com\/video\/t-magazine\/100000002898693\/tavi-gevinson.html\" target=\"_blank\" target=\"_blank\"><span style=\"text-decoration: underline;\"><strong>entrevista<\/strong><\/span><\/a> para <\/span><b><i>T: The New York Times Style Magazine<\/i><\/b><span style=\"font-weight: 400;\">, coment\u00f3 que su ojo por el detalle se atribuye a que empez\u00f3 a sumergirse en el mundo del lujo desde peque\u00f1a. <\/span><\/p>\n<p>&nbsp;<\/p>\n<p><img loading=\"lazy\" decoding=\"async\" class=\"alignnone size-full wp-image-28639\" src=\"https:\/\/graziamagazine.com\/mx\/wp-content\/uploads\/sites\/13\/2017\/08\/TAVI-GEVINSON-COOL-GRAZIA-IRIS.jpg\" alt=\"TAVI-GEVINSON-COOL-GRAZIA-IRIS\" width=\"500\" height=\"332\" srcset=\"https:\/\/graziamagazine.com\/mx\/wp-content\/uploads\/sites\/13\/2017\/08\/TAVI-GEVINSON-COOL-GRAZIA-IRIS.jpg 500w, https:\/\/graziamagazine.com\/mx\/wp-content\/uploads\/sites\/13\/2017\/08\/TAVI-GEVINSON-COOL-GRAZIA-IRIS.jpg?resize=450,299 450w, https:\/\/graziamagazine.com\/mx\/wp-content\/uploads\/sites\/13\/2017\/08\/TAVI-GEVINSON-COOL-GRAZIA-IRIS.jpg?resize=155,103 155w\" sizes=\"(max-width: 500px) 100vw, 500px\" \/><\/p>\n<p>&nbsp;<\/p>\n<p><span style=\"font-weight: 400;\">Con el tiempo, la ahora bestie de <\/span><b>Lena Dunham<\/b><span style=\"font-weight: 400;\"> es referente para las <\/span><i><span style=\"font-weight: 400;\">fashionistas<\/span><\/i><span style=\"font-weight: 400;\"> que no temen ser ellas mismas y que adem\u00e1s, tienen una postura ante el feminismo. <\/span><\/p>\n<p><span style=\"font-weight: 400;\">Para ella, escribir sobre moda es m\u00e1s que un tema fr\u00edvolo. Por el contrario, fue su arma para hacerse de un lugar propio; algo con lo que muchos so\u00f1amos \u00a1y antes de los 30!<\/span><\/p>\n<p>&nbsp;<\/p>\n<p>Por cierto, puedes adentrarte en su mundo a trav\u00e9s de los cuatro tomos de su <a href=\"http:\/\/www.rookiemag.com\/shop\/\" target=\"_blank\" target=\"_blank\"><span style=\"text-decoration: underline;\"><strong>Yearbook<\/strong><\/span><\/a>.<\/p>\n<p>&nbsp;<\/p>\n<p><img loading=\"lazy\" decoding=\"async\" class=\"alignnone size-large wp-image-28636\" src=\"https:\/\/graziamagazine.com\/mx\/wp-content\/uploads\/sites\/13\/2017\/08\/TAVI-GEVINSON-COOL-GRAZIA-6-1024x1024.jpg\" alt=\"TAVI-GEVINSON-COOL-GRAZIA-GIRLS\" width=\"1024\" height=\"1024\" \/><\/p>\n<p>&nbsp;<\/p>\n<p><img loading=\"lazy\" decoding=\"async\" class=\"alignnone size-full wp-image-28645\" src=\"https:\/\/graziamagazine.com\/mx\/wp-content\/uploads\/sites\/13\/2017\/08\/TAVI-GEVINSON-COOL-GRAZIA-7.png\" alt=\"TAVI-GEVINSON-COOL-GRAZIA-7\" width=\"658\" height=\"492\" srcset=\"https:\/\/graziamagazine.com\/mx\/wp-content\/uploads\/sites\/13\/2017\/08\/TAVI-GEVINSON-COOL-GRAZIA-7.png 658w, https:\/\/graziamagazine.com\/mx\/wp-content\/uploads\/sites\/13\/2017\/08\/TAVI-GEVINSON-COOL-GRAZIA-7.png?resize=450,336 450w, https:\/\/graziamagazine.com\/mx\/wp-content\/uploads\/sites\/13\/2017\/08\/TAVI-GEVINSON-COOL-GRAZIA-7.png?resize=155,116 155w\" sizes=\"(max-width: 658px) 100vw, 658px\" \/><\/p>\n<p>&nbsp;<\/p>\n<p><img loading=\"lazy\" decoding=\"async\" class=\"alignnone size-large wp-image-28634\" src=\"https:\/\/graziamagazine.com\/mx\/wp-content\/uploads\/sites\/13\/2017\/08\/TAVI-GEVINSON-COOL-GRAZIA-ROOKIEMAG-847x1024.jpg\" alt=\"TAVI-GEVINSON-COOL-GRAZIA-ROOKIEMAG\" width=\"847\" height=\"1024\" \/><\/p>\n<h5><strong><em>*IM\u00c1GENES: Style Rookie \/ @tavitulle \/ Getty Images.<\/em><\/strong><\/h5>\n","protected":false},"author":11636,"featured_media":28643,"template":"","format":"standard","categories":[2,4,10],"acf":[],"yoast_head":"<!-- This site is optimized with the Yoast SEO Premium plugin v18.5 (Yoast SEO v20.4) - https:\/\/yoast.com\/wordpress\/plugins\/seo\/ -->\n<title>TAVI GEVINSON: DE MINI FASHIONISTA A EDITORA | Grazia M\u00e9xico y Latinoam\u00e9rica<\/title>\n<meta name=\"description\" content=\"Tavi Gevinson empez\u00f3 su blog de moda a los 11 a\u00f1os . Ahora, como editora de su propia revista expone temas culturales y sociales para millennials.\" \/>\n<meta name=\"robots\" content=\"index, follow, max-snippet:-1, max-image-preview:large, max-video-preview:-1\" \/>\n<link rel=\"canonical\" href=\"https:\/\/graziamagazine.com\/mx\/articles\/tavi-gevinson-mini-fashionista-editora\/\" \/>\n<meta property=\"og:locale\" content=\"es_MX\" \/>\n<meta property=\"og:type\" content=\"article\" \/>\n<meta property=\"og:title\" content=\"TAVI GEVINSON: DE MINI FASHIONISTA A EDITORA\" \/>\n<meta property=\"og:description\" content=\"Tavi Gevinson empez\u00f3 su blog de moda a los 11 a\u00f1os . Ahora, como editora de su propia revista expone temas culturales y sociales para millennials.\" \/>\n<meta property=\"og:url\" content=\"https:\/\/graziamagazine.com\/mx\/articles\/tavi-gevinson-mini-fashionista-editora\/\" \/>\n<meta property=\"og:site_name\" content=\"Grazia M\u00e9xico y Latinoam\u00e9rica\" \/>\n<meta property=\"article:modified_time\" content=\"2017-08-02T17:38:15+00:00\" \/>\n<meta property=\"og:image\" content=\"https:\/\/graziamagazine.com\/mx\/wp-content\/uploads\/sites\/13\/2017\/08\/TAVI-GEVINSON-COOL-GRAZIA-5.png?fit=748%2C474\" \/>\n\t<meta property=\"og:image:width\" content=\"748\" \/>\n\t<meta property=\"og:image:height\" content=\"474\" \/>\n\t<meta property=\"og:image:type\" content=\"image\/png\" \/>\n<meta name=\"twitter:card\" content=\"summary_large_image\" \/>\n<meta name=\"twitter:label1\" content=\"Est. reading time\" \/>\n\t<meta name=\"twitter:data1\" content=\"2 minutos\" \/>\n<script type=\"application\/ld+json\" class=\"yoast-schema-graph\">{\"@context\":\"https:\/\/schema.org\",\"@graph\":[{\"@type\":\"WebPage\",\"@id\":\"https:\/\/graziamagazine.com\/mx\/articles\/tavi-gevinson-mini-fashionista-editora\/\",\"url\":\"https:\/\/graziamagazine.com\/mx\/articles\/tavi-gevinson-mini-fashionista-editora\/\",\"name\":\"TAVI GEVINSON: DE MINI FASHIONISTA A EDITORA | Grazia M\u00e9xico y Latinoam\u00e9rica\",\"isPartOf\":{\"@id\":\"https:\/\/graziamagazine.com\/mx\/#website\"},\"datePublished\":\"2017-08-02T17:35:57+00:00\",\"dateModified\":\"2017-08-02T17:38:15+00:00\",\"description\":\"Tavi Gevinson empez\u00f3 su blog de moda a los 11 a\u00f1os . Ahora, como editora de su propia revista expone temas culturales y sociales para millennials.\",\"breadcrumb\":{\"@id\":\"https:\/\/graziamagazine.com\/mx\/articles\/tavi-gevinson-mini-fashionista-editora\/#breadcrumb\"},\"inLanguage\":\"es-MX\",\"potentialAction\":[{\"@type\":\"ReadAction\",\"target\":[\"https:\/\/graziamagazine.com\/mx\/articles\/tavi-gevinson-mini-fashionista-editora\/\"]}]},{\"@type\":\"BreadcrumbList\",\"@id\":\"https:\/\/graziamagazine.com\/mx\/articles\/tavi-gevinson-mini-fashionista-editora\/#breadcrumb\",\"itemListElement\":[{\"@type\":\"ListItem\",\"position\":1,\"name\":\"Home\",\"item\":\"https:\/\/graziamagazine.com\/mx\/\"},{\"@type\":\"ListItem\",\"position\":2,\"name\":\"TAVI GEVINSON: DE MINI FASHIONISTA A EDITORA\"}]},{\"@type\":\"WebSite\",\"@id\":\"https:\/\/graziamagazine.com\/mx\/#website\",\"url\":\"https:\/\/graziamagazine.com\/mx\/\",\"name\":\"Grazia M\u00e9xico y Latinoam\u00e9rica\",\"description\":\"Grazia es moda, belleza y noticias  de actualidad \",\"potentialAction\":[{\"@type\":\"SearchAction\",\"target\":{\"@type\":\"EntryPoint\",\"urlTemplate\":\"https:\/\/graziamagazine.com\/mx\/?s={search_term_string}\"},\"query-input\":\"required name=search_term_string\"}],\"inLanguage\":\"es-MX\"}]}<\/script>\n<!-- \/ Yoast SEO Premium plugin. -->","yoast_head_json":{"title":"TAVI GEVINSON: DE MINI FASHIONISTA A EDITORA | Grazia M\u00e9xico y Latinoam\u00e9rica","description":"Tavi Gevinson empez\u00f3 su blog de moda a los 11 a\u00f1os . Ahora, como editora de su propia revista expone temas culturales y sociales para millennials.","robots":{"index":"index","follow":"follow","max-snippet":"max-snippet:-1","max-image-preview":"max-image-preview:large","max-video-preview":"max-video-preview:-1"},"canonical":"https:\/\/graziamagazine.com\/mx\/articles\/tavi-gevinson-mini-fashionista-editora\/","og_locale":"es_MX","og_type":"article","og_title":"TAVI GEVINSON: DE MINI FASHIONISTA A EDITORA","og_description":"Tavi Gevinson empez\u00f3 su blog de moda a los 11 a\u00f1os . Ahora, como editora de su propia revista expone temas culturales y sociales para millennials.","og_url":"https:\/\/graziamagazine.com\/mx\/articles\/tavi-gevinson-mini-fashionista-editora\/","og_site_name":"Grazia M\u00e9xico y Latinoam\u00e9rica","article_modified_time":"2017-08-02T17:38:15+00:00","og_image":[{"width":748,"height":474,"url":"https:\/\/graziamagazine.com\/mx\/wp-content\/uploads\/sites\/13\/2017\/08\/TAVI-GEVINSON-COOL-GRAZIA-5.png?fit=748%2C474","type":"image\/png"}],"twitter_card":"summary_large_image","twitter_misc":{"Est. reading time":"2 minutos"},"schema":{"@context":"https:\/\/schema.org","@graph":[{"@type":"WebPage","@id":"https:\/\/graziamagazine.com\/mx\/articles\/tavi-gevinson-mini-fashionista-editora\/","url":"https:\/\/graziamagazine.com\/mx\/articles\/tavi-gevinson-mini-fashionista-editora\/","name":"TAVI GEVINSON: DE MINI FASHIONISTA A EDITORA | Grazia M\u00e9xico y Latinoam\u00e9rica","isPartOf":{"@id":"https:\/\/graziamagazine.com\/mx\/#website"},"datePublished":"2017-08-02T17:35:57+00:00","dateModified":"2017-08-02T17:38:15+00:00","description":"Tavi Gevinson empez\u00f3 su blog de moda a los 11 a\u00f1os . Ahora, como editora de su propia revista expone temas culturales y sociales para millennials.","breadcrumb":{"@id":"https:\/\/graziamagazine.com\/mx\/articles\/tavi-gevinson-mini-fashionista-editora\/#breadcrumb"},"inLanguage":"es-MX","potentialAction":[{"@type":"ReadAction","target":["https:\/\/graziamagazine.com\/mx\/articles\/tavi-gevinson-mini-fashionista-editora\/"]}]},{"@type":"BreadcrumbList","@id":"https:\/\/graziamagazine.com\/mx\/articles\/tavi-gevinson-mini-fashionista-editora\/#breadcrumb","itemListElement":[{"@type":"ListItem","position":1,"name":"Home","item":"https:\/\/graziamagazine.com\/mx\/"},{"@type":"ListItem","position":2,"name":"TAVI GEVINSON: DE MINI FASHIONISTA A EDITORA"}]},{"@type":"WebSite","@id":"https:\/\/graziamagazine.com\/mx\/#website","url":"https:\/\/graziamagazine.com\/mx\/","name":"Grazia M\u00e9xico y Latinoam\u00e9rica","description":"Grazia es moda, belleza y noticias  de actualidad ","potentialAction":[{"@type":"SearchAction","target":{"@type":"EntryPoint","urlTemplate":"https:\/\/graziamagazine.com\/mx\/?s={search_term_string}"},"query-input":"required name=search_term_string"}],"inLanguage":"es-MX"}]}},"jetpack_sharing_enabled":true,"distributor_meta":false,"distributor_terms":false,"distributor_media":false,"distributor_original_site_name":"Grazia M\u00e9xico y Latinoam\u00e9rica","distributor_original_site_url":"https:\/\/graziamagazine.com\/mx","push-errors":false,"_links":{"self":[{"href":"https:\/\/graziamagazine.com\/mx\/wp-json\/wp\/v2\/articles\/28632"}],"collection":[{"href":"https:\/\/graziamagazine.com\/mx\/wp-json\/wp\/v2\/articles"}],"about":[{"href":"https:\/\/graziamagazine.com\/mx\/wp-json\/wp\/v2\/types\/articles"}],"author":[{"embeddable":true,"href":"https:\/\/graziamagazine.com\/mx\/wp-json\/wp\/v2\/users\/11636"}],"wp:featuredmedia":[{"embeddable":true,"href":"https:\/\/graziamagazine.com\/mx\/wp-json\/wp\/v2\/media\/28643"}],"wp:attachment":[{"href":"https:\/\/graziamagazine.com\/mx\/wp-json\/wp\/v2\/media?parent=28632"}],"wp:term":[{"taxonomy":"category","embeddable":true,"href":"https:\/\/graziamagazine.com\/mx\/wp-json\/wp\/v2\/categories?post=28632"}],"curies":[{"name":"wp","href":"https:\/\/api.w.org\/{rel}","templated":true}]}}