{"id":28400,"date":"2017-07-27T20:06:57","date_gmt":"2017-07-28T02:06:57","guid":{"rendered":"https:\/\/graziamagazine.com\/mx\/?p=28400"},"modified":"2017-07-27T20:07:52","modified_gmt":"2017-07-28T02:07:52","slug":"apple-descontinuara-dos-ipod","status":"publish","type":"articles","link":"https:\/\/graziamagazine.com\/mx\/articles\/apple-descontinuara-dos-ipod\/","title":{"rendered":"APPLE DESCONTINUAR\u00c1 DOS VERSIONES DEL IPOD"},"content":{"rendered":"<p><b>A partir de ahora, si conservas tu iPod Shuffle o Nano en buen estado, podr\u00edas tener oro molido en tus manos. O un artefacto cargado de nostalgia&#8230;<\/b><\/p>\n<p><!--more--><\/p>\n<p>\u2013\u2013\u2013\u2013<\/p>\n<p><img loading=\"lazy\" decoding=\"async\" class=\"alignnone size-large wp-image-28401\" src=\"https:\/\/graziamagazine.com\/mx\/wp-content\/uploads\/sites\/13\/2017\/07\/06nanofamily-1024x410.png\" alt=\"IPOD-APPLE-DESCONTINUADO-NANO\" width=\"1024\" height=\"410\" \/><\/p>\n<h3><b>Por Grace Miramontes<\/b><\/h3>\n<p>&nbsp;<\/p>\n<p><span style=\"font-weight: 400;\">Cuando eras adolescente y llegaba navidad, le rogabas al cielo encontrar un <strong>iPod<\/strong> bajo el \u00e1rbol. Abrir la cajita y descubrir que se trataba del <strong><em>shuffle<\/em><\/strong>, sol\u00eda ser una gran decepci\u00f3n.<\/span><\/p>\n<p><span style=\"font-weight: 400;\">Por fin, despu\u00e9s de 12 a\u00f1os de su lanzamiento, este peque\u00f1o obtuvo justicia. El d\u00eda de hoy, fue revelado que Apple descontinuar\u00e1 la producci\u00f3n de esta versi\u00f3n y del <strong>iPod nano<\/strong>.<\/span><\/p>\n<p>De repente, tienes en tus manos al patito feo pr\u00f3ximamente m\u00e1s codiciado.<\/p>\n<p><span style=\"font-weight: 400;\">A trav\u00e9s de un <a href=\"https:\/\/www.theverge.com\/circuitbreaker\/2017\/7\/27\/16050420\/apple-ipod-nano-shuffle-discontinued\" target=\"_blank\" target=\"_blank\"><span style=\"text-decoration: underline;\"><strong>comunicado<\/strong><\/span><\/a> oficial compartido a <strong>The Verge<\/strong>, la compa\u00f1\u00eda declar\u00f3:<\/span><\/p>\n<p>&nbsp;<\/p>\n<blockquote><p><b><i>\u201cHoy, estamos simplificando nuestra gama de iPod con dos modelos de iPod touch; ahora, con doble capacidad y empezando a partir de los $199 (USD). Estaremos descontinuando el iPod shuffle y el iPod nano.\u201d<\/i><\/b><\/p><\/blockquote>\n<p>&nbsp;<\/p>\n<p><span style=\"font-weight: 400;\">Con ello, convertimos nuestra intocable playlist que inclu\u00eda lo mejor de <strong>Britney Spears<\/strong> y las canciones nost\u00e1lgicas de<strong> James Blunt<\/strong>, en el m\u00e1s preciado tesoro. No importa que literalmente, jam\u00e1s pudi\u00e9ramos escuchar una en espec\u00edfico.<\/span><\/p>\n<p>&nbsp;<\/p>\n<p><strong><em>&#8220;Goodbye my lover. Goodbye my friend&#8221;&#8230;<\/em><\/strong><\/p>\n<p>&nbsp;<\/p>\n<p><img loading=\"lazy\" decoding=\"async\" class=\"alignnone size-full wp-image-28403\" src=\"https:\/\/graziamagazine.com\/mx\/wp-content\/uploads\/sites\/13\/2017\/07\/apple-inc-and-apple-ipod-nano-4th-generation-gallery.jpg\" alt=\"IPOD-APPLE-DESCONTINUADO-TAYLOR\" width=\"422\" height=\"650\" srcset=\"https:\/\/graziamagazine.com\/mx\/wp-content\/uploads\/sites\/13\/2017\/07\/apple-inc-and-apple-ipod-nano-4th-generation-gallery.jpg 422w, https:\/\/graziamagazine.com\/mx\/wp-content\/uploads\/sites\/13\/2017\/07\/apple-inc-and-apple-ipod-nano-4th-generation-gallery.jpg?resize=292,450 292w, https:\/\/graziamagazine.com\/mx\/wp-content\/uploads\/sites\/13\/2017\/07\/apple-inc-and-apple-ipod-nano-4th-generation-gallery.jpg?resize=140,215 140w\" sizes=\"(max-width: 422px) 100vw, 422px\" \/><\/p>\n<h5><strong><em>*IM\u00c1GENES: Cortes\u00eda.<\/em><\/strong><\/h5>\n","protected":false},"author":11636,"featured_media":28402,"template":"","format":"standard","categories":[5],"acf":[],"yoast_head":"<!-- This site is optimized with the Yoast SEO Premium plugin v18.5 (Yoast SEO v20.4) - https:\/\/yoast.com\/wordpress\/plugins\/seo\/ -->\n<title>APPLE DESCONTINUAR\u00c1 DOS VERSIONES DEL IPOD | Grazia M\u00e9xico y Latinoam\u00e9rica<\/title>\n<meta name=\"description\" content=\"A partir de ahora, si conservas tu iPod Shuffle o Nano en buen estado, podr\u00edas tener oro molido en tus manos. O un artefacto cargado de nostalgia...\" \/>\n<meta name=\"robots\" content=\"index, follow, max-snippet:-1, max-image-preview:large, max-video-preview:-1\" \/>\n<link rel=\"canonical\" href=\"https:\/\/graziamagazine.com\/mx\/articles\/apple-descontinuara-dos-ipod\/\" \/>\n<meta property=\"og:locale\" content=\"es_MX\" \/>\n<meta property=\"og:type\" content=\"article\" \/>\n<meta property=\"og:title\" content=\"APPLE DESCONTINUAR\u00c1 DOS VERSIONES DEL IPOD\" \/>\n<meta property=\"og:description\" content=\"A partir de ahora, si conservas tu iPod Shuffle o Nano en buen estado, podr\u00edas tener oro molido en tus manos. O un artefacto cargado de nostalgia...\" \/>\n<meta property=\"og:url\" content=\"https:\/\/graziamagazine.com\/mx\/articles\/apple-descontinuara-dos-ipod\/\" \/>\n<meta property=\"og:site_name\" content=\"Grazia M\u00e9xico y Latinoam\u00e9rica\" \/>\n<meta property=\"article:modified_time\" content=\"2017-07-28T02:07:52+00:00\" \/>\n<meta property=\"og:image\" content=\"https:\/\/graziamagazine.com\/mx\/wp-content\/uploads\/sites\/13\/2017\/07\/IPOD-APPLE-DESCONTINUADO-DESTACADA.png?fit=643%2C356\" \/>\n\t<meta property=\"og:image:width\" content=\"643\" \/>\n\t<meta property=\"og:image:height\" content=\"356\" \/>\n\t<meta property=\"og:image:type\" content=\"image\/png\" \/>\n<meta name=\"twitter:card\" content=\"summary_large_image\" \/>\n<meta name=\"twitter:label1\" content=\"Est. reading time\" \/>\n\t<meta name=\"twitter:data1\" content=\"1 minuto\" \/>\n<script type=\"application\/ld+json\" class=\"yoast-schema-graph\">{\"@context\":\"https:\/\/schema.org\",\"@graph\":[{\"@type\":\"WebPage\",\"@id\":\"https:\/\/graziamagazine.com\/mx\/articles\/apple-descontinuara-dos-ipod\/\",\"url\":\"https:\/\/graziamagazine.com\/mx\/articles\/apple-descontinuara-dos-ipod\/\",\"name\":\"APPLE DESCONTINUAR\u00c1 DOS VERSIONES DEL IPOD | Grazia M\u00e9xico y Latinoam\u00e9rica\",\"isPartOf\":{\"@id\":\"https:\/\/graziamagazine.com\/mx\/#website\"},\"datePublished\":\"2017-07-28T02:06:57+00:00\",\"dateModified\":\"2017-07-28T02:07:52+00:00\",\"description\":\"A partir de ahora, si conservas tu iPod Shuffle o Nano en buen estado, podr\u00edas tener oro molido en tus manos. O un artefacto cargado de nostalgia...\",\"breadcrumb\":{\"@id\":\"https:\/\/graziamagazine.com\/mx\/articles\/apple-descontinuara-dos-ipod\/#breadcrumb\"},\"inLanguage\":\"es-MX\",\"potentialAction\":[{\"@type\":\"ReadAction\",\"target\":[\"https:\/\/graziamagazine.com\/mx\/articles\/apple-descontinuara-dos-ipod\/\"]}]},{\"@type\":\"BreadcrumbList\",\"@id\":\"https:\/\/graziamagazine.com\/mx\/articles\/apple-descontinuara-dos-ipod\/#breadcrumb\",\"itemListElement\":[{\"@type\":\"ListItem\",\"position\":1,\"name\":\"Home\",\"item\":\"https:\/\/graziamagazine.com\/mx\/\"},{\"@type\":\"ListItem\",\"position\":2,\"name\":\"APPLE DESCONTINUAR\u00c1 DOS VERSIONES DEL IPOD\"}]},{\"@type\":\"WebSite\",\"@id\":\"https:\/\/graziamagazine.com\/mx\/#website\",\"url\":\"https:\/\/graziamagazine.com\/mx\/\",\"name\":\"Grazia M\u00e9xico y Latinoam\u00e9rica\",\"description\":\"Grazia es moda, belleza y noticias  de actualidad \",\"potentialAction\":[{\"@type\":\"SearchAction\",\"target\":{\"@type\":\"EntryPoint\",\"urlTemplate\":\"https:\/\/graziamagazine.com\/mx\/?s={search_term_string}\"},\"query-input\":\"required name=search_term_string\"}],\"inLanguage\":\"es-MX\"}]}<\/script>\n<!-- \/ Yoast SEO Premium plugin. -->","yoast_head_json":{"title":"APPLE DESCONTINUAR\u00c1 DOS VERSIONES DEL IPOD | Grazia M\u00e9xico y Latinoam\u00e9rica","description":"A partir de ahora, si conservas tu iPod Shuffle o Nano en buen estado, podr\u00edas tener oro molido en tus manos. O un artefacto cargado de nostalgia...","robots":{"index":"index","follow":"follow","max-snippet":"max-snippet:-1","max-image-preview":"max-image-preview:large","max-video-preview":"max-video-preview:-1"},"canonical":"https:\/\/graziamagazine.com\/mx\/articles\/apple-descontinuara-dos-ipod\/","og_locale":"es_MX","og_type":"article","og_title":"APPLE DESCONTINUAR\u00c1 DOS VERSIONES DEL IPOD","og_description":"A partir de ahora, si conservas tu iPod Shuffle o Nano en buen estado, podr\u00edas tener oro molido en tus manos. O un artefacto cargado de nostalgia...","og_url":"https:\/\/graziamagazine.com\/mx\/articles\/apple-descontinuara-dos-ipod\/","og_site_name":"Grazia M\u00e9xico y Latinoam\u00e9rica","article_modified_time":"2017-07-28T02:07:52+00:00","og_image":[{"width":643,"height":356,"url":"https:\/\/graziamagazine.com\/mx\/wp-content\/uploads\/sites\/13\/2017\/07\/IPOD-APPLE-DESCONTINUADO-DESTACADA.png?fit=643%2C356","type":"image\/png"}],"twitter_card":"summary_large_image","twitter_misc":{"Est. reading time":"1 minuto"},"schema":{"@context":"https:\/\/schema.org","@graph":[{"@type":"WebPage","@id":"https:\/\/graziamagazine.com\/mx\/articles\/apple-descontinuara-dos-ipod\/","url":"https:\/\/graziamagazine.com\/mx\/articles\/apple-descontinuara-dos-ipod\/","name":"APPLE DESCONTINUAR\u00c1 DOS VERSIONES DEL IPOD | Grazia M\u00e9xico y Latinoam\u00e9rica","isPartOf":{"@id":"https:\/\/graziamagazine.com\/mx\/#website"},"datePublished":"2017-07-28T02:06:57+00:00","dateModified":"2017-07-28T02:07:52+00:00","description":"A partir de ahora, si conservas tu iPod Shuffle o Nano en buen estado, podr\u00edas tener oro molido en tus manos. O un artefacto cargado de nostalgia...","breadcrumb":{"@id":"https:\/\/graziamagazine.com\/mx\/articles\/apple-descontinuara-dos-ipod\/#breadcrumb"},"inLanguage":"es-MX","potentialAction":[{"@type":"ReadAction","target":["https:\/\/graziamagazine.com\/mx\/articles\/apple-descontinuara-dos-ipod\/"]}]},{"@type":"BreadcrumbList","@id":"https:\/\/graziamagazine.com\/mx\/articles\/apple-descontinuara-dos-ipod\/#breadcrumb","itemListElement":[{"@type":"ListItem","position":1,"name":"Home","item":"https:\/\/graziamagazine.com\/mx\/"},{"@type":"ListItem","position":2,"name":"APPLE DESCONTINUAR\u00c1 DOS VERSIONES DEL IPOD"}]},{"@type":"WebSite","@id":"https:\/\/graziamagazine.com\/mx\/#website","url":"https:\/\/graziamagazine.com\/mx\/","name":"Grazia M\u00e9xico y Latinoam\u00e9rica","description":"Grazia es moda, belleza y noticias  de actualidad ","potentialAction":[{"@type":"SearchAction","target":{"@type":"EntryPoint","urlTemplate":"https:\/\/graziamagazine.com\/mx\/?s={search_term_string}"},"query-input":"required name=search_term_string"}],"inLanguage":"es-MX"}]}},"jetpack_sharing_enabled":true,"distributor_meta":false,"distributor_terms":false,"distributor_media":false,"distributor_original_site_name":"Grazia M\u00e9xico y Latinoam\u00e9rica","distributor_original_site_url":"https:\/\/graziamagazine.com\/mx","push-errors":false,"_links":{"self":[{"href":"https:\/\/graziamagazine.com\/mx\/wp-json\/wp\/v2\/articles\/28400"}],"collection":[{"href":"https:\/\/graziamagazine.com\/mx\/wp-json\/wp\/v2\/articles"}],"about":[{"href":"https:\/\/graziamagazine.com\/mx\/wp-json\/wp\/v2\/types\/articles"}],"author":[{"embeddable":true,"href":"https:\/\/graziamagazine.com\/mx\/wp-json\/wp\/v2\/users\/11636"}],"wp:featuredmedia":[{"embeddable":true,"href":"https:\/\/graziamagazine.com\/mx\/wp-json\/wp\/v2\/media\/28402"}],"wp:attachment":[{"href":"https:\/\/graziamagazine.com\/mx\/wp-json\/wp\/v2\/media?parent=28400"}],"wp:term":[{"taxonomy":"category","embeddable":true,"href":"https:\/\/graziamagazine.com\/mx\/wp-json\/wp\/v2\/categories?post=28400"}],"curies":[{"name":"wp","href":"https:\/\/api.w.org\/{rel}","templated":true}]}}