{"id":28349,"date":"2017-07-27T13:16:06","date_gmt":"2017-07-27T19:16:06","guid":{"rendered":"https:\/\/graziamagazine.com\/mx\/?p=28349"},"modified":"2017-07-27T13:16:30","modified_gmt":"2017-07-27T19:16:30","slug":"pedro-pascal-la-cara-diferente-loewe","status":"publish","type":"articles","link":"https:\/\/graziamagazine.com\/mx\/articles\/pedro-pascal-la-cara-diferente-loewe\/","title":{"rendered":"PEDRO PASCAL LA CARA \u201cDIFERENTE\u201d DE SOLO LOEWE"},"content":{"rendered":"<p><b>El actor de \u201cNarcos\u201d, Pedro Pascal, personifica con su actitud empoderadora la individualidad de la fragancia SOLO LOEWE.<\/b><\/p>\n<p><!--more--><img loading=\"lazy\" decoding=\"async\" class=\"alignnone size-large wp-image-28350\" src=\"https:\/\/graziamagazine.com\/mx\/wp-content\/uploads\/sites\/13\/2017\/07\/Double-Pag.-SOLO-LOEWE-ABR17-low-1024x663.jpg\" alt=\"PEDRO-PASCAL-SOLO-LOEWE-DESTACADA\" width=\"1024\" height=\"663\" \/><\/p>\n<h3><b>Por Mar\u00eda Jos\u00e9 Gonz\u00e1lvez<\/b><\/h3>\n<p>&nbsp;<\/p>\n<p><span style=\"font-weight: 400;\"><strong>Pedro Pascal<\/strong> \u2013quien da vida al detective <strong>Javier Pe\u00f1a<\/strong> en la serie de <strong>Netflix<\/strong>, <strong>&#8220;Narcos&#8221;<\/strong>\u2013 encara la nueva campa\u00f1a de <strong>SOLO LOEWE<\/strong>. Como \u00edcono en una \u00e9poca en que los artistas latinos hacen m\u00e1s ruido que nunca, el chileno se convierte en s\u00edmbolo de individualidad para la fragancia.<\/span><\/p>\n<p><span style=\"font-weight: 400;\">El equipo encargado de capturarla se conforma del fot\u00f3grafo <strong>Gonzalo Machado<\/strong>, y la direcci\u00f3n de video de <strong>Pablo Hermida<\/strong> en colaboraci\u00f3n con <strong>Kiko de la Rica.<\/strong><\/span><\/p>\n<p><span style=\"font-weight: 400;\"><strong>Pedro<\/strong> aparece como un hombre con actitud \u00fanica que al final, enfrasca su esencia en la botella de la fragancia. <\/span><\/p>\n<p><span style=\"font-weight: 400;\">El di\u00e1logo y la banda sonora, ambos compuestos por el rapero espa\u00f1ol <strong>Nach<\/strong>, son una manifestaci\u00f3n que conjunta los ideales de <strong>SOLO LOEWE<\/strong> y de aquellos involucrados. L\u00edrico e impactante.<\/span><\/p>\n<p>&nbsp;<\/p>\n<p><span style=\"font-weight: 400;\">La esencia se compone de notas h\u00famedas cargadas de especias. Con un ligero balance, este must have de la casa espa\u00f1ola\u00a0se convierte en el aroma de aquellos hombres que est\u00e1n destinados a romper con las barreras y que se atreven a ser solo ellos.<\/span><\/p>\n<p>&nbsp;<\/p>\n<p><iframe loading=\"lazy\" width=\"500\" height=\"281\" src=\"https:\/\/www.youtube.com\/embed\/8fLl7tSi4Kc?feature=oembed\" frameborder=\"0\" allowfullscreen><\/iframe><\/p>\n<h5><strong><em>*IM\u00c1GENES: Cortes\u00eda.<\/em><\/strong><\/h5>\n","protected":false},"author":11636,"featured_media":28350,"template":"","format":"standard","categories":[2,5],"acf":[],"yoast_head":"<!-- This site is optimized with the Yoast SEO Premium plugin v18.5 (Yoast SEO v20.4) - https:\/\/yoast.com\/wordpress\/plugins\/seo\/ -->\n<title>PEDRO PASCAL LA CARA \u201cDIFERENTE\u201d DE SOLO LOEWE | Grazia M\u00e9xico y Latinoam\u00e9rica<\/title>\n<meta name=\"description\" content=\"El actor de \u201cNarcos\u201d, Pedro Pascal, personifica con su actitud empoderadora la individualidad de la fragancia SOLO LOEWE.\" \/>\n<meta name=\"robots\" content=\"index, follow, max-snippet:-1, max-image-preview:large, max-video-preview:-1\" \/>\n<link rel=\"canonical\" href=\"https:\/\/graziamagazine.com\/mx\/articles\/pedro-pascal-la-cara-diferente-loewe\/\" \/>\n<meta property=\"og:locale\" content=\"es_MX\" \/>\n<meta property=\"og:type\" content=\"article\" \/>\n<meta property=\"og:title\" content=\"PEDRO PASCAL LA CARA \u201cDIFERENTE\u201d DE SOLO LOEWE\" \/>\n<meta property=\"og:description\" content=\"El actor de \u201cNarcos\u201d, Pedro Pascal, personifica con su actitud empoderadora la individualidad de la fragancia SOLO LOEWE.\" \/>\n<meta property=\"og:url\" content=\"https:\/\/graziamagazine.com\/mx\/articles\/pedro-pascal-la-cara-diferente-loewe\/\" \/>\n<meta property=\"og:site_name\" content=\"Grazia M\u00e9xico y Latinoam\u00e9rica\" \/>\n<meta property=\"article:modified_time\" content=\"2017-07-27T19:16:30+00:00\" \/>\n<meta property=\"og:image\" content=\"https:\/\/graziamagazine.com\/mx\/wp-content\/uploads\/sites\/13\/2017\/07\/Double-Pag.-SOLO-LOEWE-ABR17-low.jpg?fit=1191%2C771\" \/>\n\t<meta property=\"og:image:width\" content=\"1191\" \/>\n\t<meta property=\"og:image:height\" content=\"771\" \/>\n\t<meta property=\"og:image:type\" content=\"image\/jpeg\" \/>\n<meta name=\"twitter:card\" content=\"summary_large_image\" \/>\n<meta name=\"twitter:label1\" content=\"Est. reading time\" \/>\n\t<meta name=\"twitter:data1\" content=\"1 minuto\" \/>\n<script type=\"application\/ld+json\" class=\"yoast-schema-graph\">{\"@context\":\"https:\/\/schema.org\",\"@graph\":[{\"@type\":\"WebPage\",\"@id\":\"https:\/\/graziamagazine.com\/mx\/articles\/pedro-pascal-la-cara-diferente-loewe\/\",\"url\":\"https:\/\/graziamagazine.com\/mx\/articles\/pedro-pascal-la-cara-diferente-loewe\/\",\"name\":\"PEDRO PASCAL LA CARA \u201cDIFERENTE\u201d DE SOLO LOEWE | Grazia M\u00e9xico y Latinoam\u00e9rica\",\"isPartOf\":{\"@id\":\"https:\/\/graziamagazine.com\/mx\/#website\"},\"datePublished\":\"2017-07-27T19:16:06+00:00\",\"dateModified\":\"2017-07-27T19:16:30+00:00\",\"description\":\"El actor de \u201cNarcos\u201d, Pedro Pascal, personifica con su actitud empoderadora la individualidad de la fragancia SOLO LOEWE.\",\"breadcrumb\":{\"@id\":\"https:\/\/graziamagazine.com\/mx\/articles\/pedro-pascal-la-cara-diferente-loewe\/#breadcrumb\"},\"inLanguage\":\"es-MX\",\"potentialAction\":[{\"@type\":\"ReadAction\",\"target\":[\"https:\/\/graziamagazine.com\/mx\/articles\/pedro-pascal-la-cara-diferente-loewe\/\"]}]},{\"@type\":\"BreadcrumbList\",\"@id\":\"https:\/\/graziamagazine.com\/mx\/articles\/pedro-pascal-la-cara-diferente-loewe\/#breadcrumb\",\"itemListElement\":[{\"@type\":\"ListItem\",\"position\":1,\"name\":\"Home\",\"item\":\"https:\/\/graziamagazine.com\/mx\/\"},{\"@type\":\"ListItem\",\"position\":2,\"name\":\"PEDRO PASCAL LA CARA \u201cDIFERENTE\u201d DE SOLO LOEWE\"}]},{\"@type\":\"WebSite\",\"@id\":\"https:\/\/graziamagazine.com\/mx\/#website\",\"url\":\"https:\/\/graziamagazine.com\/mx\/\",\"name\":\"Grazia M\u00e9xico y Latinoam\u00e9rica\",\"description\":\"Grazia es moda, belleza y noticias  de actualidad \",\"potentialAction\":[{\"@type\":\"SearchAction\",\"target\":{\"@type\":\"EntryPoint\",\"urlTemplate\":\"https:\/\/graziamagazine.com\/mx\/?s={search_term_string}\"},\"query-input\":\"required name=search_term_string\"}],\"inLanguage\":\"es-MX\"}]}<\/script>\n<!-- \/ Yoast SEO Premium plugin. -->","yoast_head_json":{"title":"PEDRO PASCAL LA CARA \u201cDIFERENTE\u201d DE SOLO LOEWE | Grazia M\u00e9xico y Latinoam\u00e9rica","description":"El actor de \u201cNarcos\u201d, Pedro Pascal, personifica con su actitud empoderadora la individualidad de la fragancia SOLO LOEWE.","robots":{"index":"index","follow":"follow","max-snippet":"max-snippet:-1","max-image-preview":"max-image-preview:large","max-video-preview":"max-video-preview:-1"},"canonical":"https:\/\/graziamagazine.com\/mx\/articles\/pedro-pascal-la-cara-diferente-loewe\/","og_locale":"es_MX","og_type":"article","og_title":"PEDRO PASCAL LA CARA \u201cDIFERENTE\u201d DE SOLO LOEWE","og_description":"El actor de \u201cNarcos\u201d, Pedro Pascal, personifica con su actitud empoderadora la individualidad de la fragancia SOLO LOEWE.","og_url":"https:\/\/graziamagazine.com\/mx\/articles\/pedro-pascal-la-cara-diferente-loewe\/","og_site_name":"Grazia M\u00e9xico y Latinoam\u00e9rica","article_modified_time":"2017-07-27T19:16:30+00:00","og_image":[{"width":1191,"height":771,"url":"https:\/\/graziamagazine.com\/mx\/wp-content\/uploads\/sites\/13\/2017\/07\/Double-Pag.-SOLO-LOEWE-ABR17-low.jpg?fit=1191%2C771","type":"image\/jpeg"}],"twitter_card":"summary_large_image","twitter_misc":{"Est. reading time":"1 minuto"},"schema":{"@context":"https:\/\/schema.org","@graph":[{"@type":"WebPage","@id":"https:\/\/graziamagazine.com\/mx\/articles\/pedro-pascal-la-cara-diferente-loewe\/","url":"https:\/\/graziamagazine.com\/mx\/articles\/pedro-pascal-la-cara-diferente-loewe\/","name":"PEDRO PASCAL LA CARA \u201cDIFERENTE\u201d DE SOLO LOEWE | Grazia M\u00e9xico y Latinoam\u00e9rica","isPartOf":{"@id":"https:\/\/graziamagazine.com\/mx\/#website"},"datePublished":"2017-07-27T19:16:06+00:00","dateModified":"2017-07-27T19:16:30+00:00","description":"El actor de \u201cNarcos\u201d, Pedro Pascal, personifica con su actitud empoderadora la individualidad de la fragancia SOLO LOEWE.","breadcrumb":{"@id":"https:\/\/graziamagazine.com\/mx\/articles\/pedro-pascal-la-cara-diferente-loewe\/#breadcrumb"},"inLanguage":"es-MX","potentialAction":[{"@type":"ReadAction","target":["https:\/\/graziamagazine.com\/mx\/articles\/pedro-pascal-la-cara-diferente-loewe\/"]}]},{"@type":"BreadcrumbList","@id":"https:\/\/graziamagazine.com\/mx\/articles\/pedro-pascal-la-cara-diferente-loewe\/#breadcrumb","itemListElement":[{"@type":"ListItem","position":1,"name":"Home","item":"https:\/\/graziamagazine.com\/mx\/"},{"@type":"ListItem","position":2,"name":"PEDRO PASCAL LA CARA \u201cDIFERENTE\u201d DE SOLO LOEWE"}]},{"@type":"WebSite","@id":"https:\/\/graziamagazine.com\/mx\/#website","url":"https:\/\/graziamagazine.com\/mx\/","name":"Grazia M\u00e9xico y Latinoam\u00e9rica","description":"Grazia es moda, belleza y noticias  de actualidad ","potentialAction":[{"@type":"SearchAction","target":{"@type":"EntryPoint","urlTemplate":"https:\/\/graziamagazine.com\/mx\/?s={search_term_string}"},"query-input":"required name=search_term_string"}],"inLanguage":"es-MX"}]}},"jetpack_sharing_enabled":true,"distributor_meta":false,"distributor_terms":false,"distributor_media":false,"distributor_original_site_name":"Grazia M\u00e9xico y Latinoam\u00e9rica","distributor_original_site_url":"https:\/\/graziamagazine.com\/mx","push-errors":false,"_links":{"self":[{"href":"https:\/\/graziamagazine.com\/mx\/wp-json\/wp\/v2\/articles\/28349"}],"collection":[{"href":"https:\/\/graziamagazine.com\/mx\/wp-json\/wp\/v2\/articles"}],"about":[{"href":"https:\/\/graziamagazine.com\/mx\/wp-json\/wp\/v2\/types\/articles"}],"author":[{"embeddable":true,"href":"https:\/\/graziamagazine.com\/mx\/wp-json\/wp\/v2\/users\/11636"}],"wp:featuredmedia":[{"embeddable":true,"href":"https:\/\/graziamagazine.com\/mx\/wp-json\/wp\/v2\/media\/28350"}],"wp:attachment":[{"href":"https:\/\/graziamagazine.com\/mx\/wp-json\/wp\/v2\/media?parent=28349"}],"wp:term":[{"taxonomy":"category","embeddable":true,"href":"https:\/\/graziamagazine.com\/mx\/wp-json\/wp\/v2\/categories?post=28349"}],"curies":[{"name":"wp","href":"https:\/\/api.w.org\/{rel}","templated":true}]}}