{"id":28293,"date":"2017-07-26T17:18:58","date_gmt":"2017-07-26T23:18:58","guid":{"rendered":"https:\/\/graziamagazine.com\/mx\/?p=28293"},"modified":"2017-10-19T12:53:56","modified_gmt":"2017-10-19T18:53:56","slug":"millennial-pink-fashion-facts-5","status":"publish","type":"articles","link":"https:\/\/graziamagazine.com\/mx\/articles\/millennial-pink-fashion-facts-5\/","title":{"rendered":"MILLENNIAL PINK: 5 FASHION FACTS QUE DEBES CONOCER"},"content":{"rendered":"<p><b>El color atribuido a la feminidad est\u00e1 de vuelta y ahora, se llama <\/b><b><i>millennial pink<\/i><\/b><b>. Te revelamos 5 cosas que toda <\/b><b><i>fashionista<\/i><\/b><b> debe saber.<\/b><\/p>\n<p><!--more--><\/p>\n<p><b><i>\u201cOn Wednesdays we wear pink\u201d<\/i><\/b><span style=\"font-weight: 400;\">, fue la frase acu\u00f1ada por una de<\/span><b> \u201clas pl\u00e1sticas\u201d<\/b><span style=\"font-weight: 400;\"> que marc\u00f3 a toda una generaci\u00f3n. <\/span><\/p>\n<p><span style=\"font-weight: 400;\">En la actualidad, este color es percibido como un choque el\u00e9ctrico que da vida a siluetas y texturas brillantes que la resaltan de forma magn\u00edfica. <\/span><\/p>\n<p><span style=\"font-weight: 400;\">Da pie a combinaciones que alguna vez, consideramos totalmente desafortunadas.<\/span><\/p>\n<p>&nbsp;<\/p>\n<p><img loading=\"lazy\" decoding=\"async\" class=\"alignnone size-full wp-image-28296\" src=\"https:\/\/graziamagazine.com\/mx\/wp-content\/uploads\/sites\/13\/2017\/07\/MILLENNIAL-PINK-FASHION-FACTS-GIF.gif\" alt=\"MILLENNIAL-PINK-FASHION-FACTS-GIF\" width=\"500\" height=\"254\" \/><\/p>\n<p>&nbsp;<\/p>\n<p><span style=\"font-weight: 400;\">Es por ello que podemos pensar\u00a0que la industria ahora regida por <\/span><b><i>millennials<\/i><\/b><span style=\"font-weight: 400;\"> est\u00e1 preparada para vivir el rosa en sus distintos matices. <\/span><\/p>\n<p><span style=\"font-weight: 400;\">La historia de este color es dif\u00edcil de trazar y de explorar. Pero si nos remontamos al siglo XX, cuando la industria de la moda comenz\u00f3 a forjarse, podamos entender el panorama. <\/span><\/p>\n<p><span style=\"font-weight: 400;\">Desde las musas m\u00e1s ic\u00f3nicas \u2013como <\/span><b>Jackie Kennedy, Lady Di<\/b><span style=\"font-weight: 400;\">, y <\/span><b>Marilyn Monroe<\/b><span style=\"font-weight: 400;\">\u2013 hasta los distinguidos dise\u00f1adores del siglo pasado que lo definieron como el s\u00edmbolo de feminidad.<\/span><\/p>\n<p>&nbsp;<\/p>\n<p><span style=\"font-weight: 400;\"> Te compartimos 5 <\/span><i><span style=\"font-weight: 400;\">fun facts<\/span><\/i><span style=\"font-weight: 400;\"> que te encantar\u00e1 descubrir del tono <\/span><b><i>it<\/i><\/b><span style=\"font-weight: 400;\"> por excelencia.<\/span><\/p>\n<p>&nbsp;<\/p>\n<h2><b>1.<\/b><\/h2>\n<p><img loading=\"lazy\" decoding=\"async\" class=\"alignnone size-large wp-image-28297\" src=\"https:\/\/graziamagazine.com\/mx\/wp-content\/uploads\/sites\/13\/2017\/07\/10_4KELBY04272014_29361381-1024x757.jpg\" alt=\"MILLENNIAL-PINK-FASHION-FACTS-JACKIE\" width=\"1024\" height=\"757\" \/><\/p>\n<p>&nbsp;<\/p>\n<p><span style=\"font-weight: 400;\">El d\u00eda que asesinaron al presidente <\/span><b>John F. Kennedy<\/b><span style=\"font-weight: 400;\">, su esposa port\u00f3 el famoso <\/span><i><span style=\"font-weight: 400;\">Pink Suit<\/span><\/i><span style=\"font-weight: 400;\"> que pas\u00f3 a la historia y que permanece en resguardo hasta el a\u00f1o 2103. <\/span><\/p>\n<p><span style=\"font-weight: 400;\">Esta misma confecci\u00f3n inspir\u00f3 a <\/span><b>Versace<\/b><span style=\"font-weight: 400;\"> para crear un conjunto id\u00e9ntico para<em> \u201cla princesa del pueblo\u201d<\/em>, <\/span><b>Diana<\/b><span style=\"font-weight: 400;\">. <\/span><\/p>\n<p><span style=\"font-weight: 400;\">Finalmente, no podemos olvidar la rubia<\/span><b> Marilyn Monroe<\/b><span style=\"font-weight: 400;\"> y a su vestido para<\/span><b><i> \u201cDiamonds Are a Girl\u2019s Best Friend\u201d<\/i><\/b><span style=\"font-weight: 400;\">.<\/span><\/p>\n<p>&nbsp;<\/p>\n<h2><b>2.<\/b><\/h2>\n<figure id=\"attachment_28299\" aria-describedby=\"caption-attachment-28299\" style=\"width: 932px\" class=\"wp-caption alignnone\"><img loading=\"lazy\" decoding=\"async\" class=\"size-full wp-image-28299\" src=\"https:\/\/graziamagazine.com\/mx\/wp-content\/uploads\/sites\/13\/2017\/07\/photo-mark-shaw-model-in-pink-dior-paris-1960.jpg\" alt=\"MILLENNIAL-PINK-FASHION-FACTS-DIOR\" width=\"932\" height=\"1004\" srcset=\"https:\/\/graziamagazine.com\/mx\/wp-content\/uploads\/sites\/13\/2017\/07\/photo-mark-shaw-model-in-pink-dior-paris-1960.jpg 932w, https:\/\/graziamagazine.com\/mx\/wp-content\/uploads\/sites\/13\/2017\/07\/photo-mark-shaw-model-in-pink-dior-paris-1960.jpg?resize=418,450 418w, https:\/\/graziamagazine.com\/mx\/wp-content\/uploads\/sites\/13\/2017\/07\/photo-mark-shaw-model-in-pink-dior-paris-1960.jpg?resize=768,827 768w, https:\/\/graziamagazine.com\/mx\/wp-content\/uploads\/sites\/13\/2017\/07\/photo-mark-shaw-model-in-pink-dior-paris-1960.jpg?resize=155,167 155w\" sizes=\"(max-width: 932px) 100vw, 932px\" \/><figcaption id=\"caption-attachment-28299\" class=\"wp-caption-text\">Christian Dior, Par\u00eds,\u00a01960.<\/figcaption><\/figure>\n<p>&nbsp;<\/p>\n<p><b>Christian Dior<\/b><span style=\"font-weight: 400;\"> defini\u00f3 el color en su <\/span><b>\u201cLittle Dictionary Of Fashion\u201d<\/b><span style=\"font-weight: 400;\"> como <\/span><b><i>\u201cel color m\u00e1s dulce de todos\u201d<\/i><\/b><span style=\"font-weight: 400;\"> y a\u00f1adi\u00f3 que <\/span><b><i>\u201ctoda mujer debe tener algo rosa en su cl\u00f3set. Es el color de la alegr\u00eda y feminidad\u201d. <\/i><\/b><\/p>\n<p>&nbsp;<\/p>\n<h2><b>3.<\/b><\/h2>\n<figure id=\"attachment_28300\" aria-describedby=\"caption-attachment-28300\" style=\"width: 782px\" class=\"wp-caption alignnone\"><img loading=\"lazy\" decoding=\"async\" class=\"size-large wp-image-28300\" src=\"https:\/\/graziamagazine.com\/mx\/wp-content\/uploads\/sites\/13\/2017\/07\/b5cebf0b09e3d36a1126d267617c55a9-782x1024.jpg\" alt=\"MILLENNIAL-PINK-FASHION-FACTS-SCHIAPARELLI\" width=\"782\" height=\"1024\" \/><figcaption id=\"caption-attachment-28300\" class=\"wp-caption-text\">Anuncio de Cutex, 1945.<\/figcaption><\/figure>\n<p>&nbsp;<\/p>\n<p><b>Elsa Schiaparelli <\/b><span style=\"font-weight: 400;\">introdujo el <\/span><i><span style=\"font-weight: 400;\">shocking pink<\/span><\/i><span style=\"font-weight: 400;\">, una tonalidad que se volvi\u00f3 insignia para la <\/span><i><span style=\"font-weight: 400;\">maison<\/span><\/i><span style=\"font-weight: 400;\">, y que hoy, su director creativo, <\/span><b>Bertrand Guyon<\/b><span style=\"font-weight: 400;\">, no duda en utilizar para sus creaciones. <\/span><\/p>\n<p><span style=\"font-weight: 400;\">Se dice que Elsa pudo haberse inspirado en un regalo que recibi\u00f3 del artista surrealista, <\/span><b>Salvador Dal\u00ed. <\/b><span style=\"font-weight: 400;\">Un oso de peluche te\u00f1ido en rosa que utiliz\u00f3 como decoraci\u00f3n para su boutique, en la <\/span><i><span style=\"font-weight: 400;\">Place Vend\u00f4me<\/span><\/i><span style=\"font-weight: 400;\">. <\/span><\/p>\n<p><span style=\"font-weight: 400;\">Incluso, la campa\u00f1a publicitaria de su famoso perfume, dado a conocer en 1937,<\/span><b> \u201cShocking\u201d<\/b><span style=\"font-weight: 400;\"> se acompa\u00f1\u00f3 de la frase <\/span><b><i>\u201cIn the Pink of Fashion\u201d<\/i><\/b><span style=\"font-weight: 400;\">. <\/span><\/p>\n<p><b>Yves Saint Laurent<\/b><span style=\"font-weight: 400;\"> se refiri\u00f3 al color de <\/span><b>Schiap<\/b><span style=\"font-weight: 400;\"> como un<\/span><b><i> \u201crosa agresivo, ruidoso y guerrero\u201d<\/i><\/b><span style=\"font-weight: 400;\">, tanto, que lo utiliz\u00f3 para su colecci\u00f3n <\/span><b><i>haute couture<\/i><\/b><b> FW84<\/b><span style=\"font-weight: 400;\">, cuando Par\u00eds celebr\u00f3 a la <\/span><i><span style=\"font-weight: 400;\">couturier<\/span><\/i><span style=\"font-weight: 400;\"> con una retrospectiva.<\/span><\/p>\n<p>&nbsp;<\/p>\n<h2><b>4.<\/b><\/h2>\n<figure id=\"attachment_28301\" aria-describedby=\"caption-attachment-28301\" style=\"width: 683px\" class=\"wp-caption alignnone\"><img loading=\"lazy\" decoding=\"async\" class=\"size-large wp-image-28301\" src=\"https:\/\/graziamagazine.com\/mx\/wp-content\/uploads\/sites\/13\/2017\/07\/elsa_schiaparelli_meets_miuccia_prada_637942980-683x1024.jpg\" alt=\" MILLENNIAL-PINK-FASHION-FACTS-MIUCCIA\" width=\"683\" height=\"1024\" \/><figcaption id=\"caption-attachment-28301\" class=\"wp-caption-text\">Elsa Schiaparelli meets Miuccia Prada. 2012.<\/figcaption><\/figure>\n<p>&nbsp;<\/p>\n<p><span style=\"font-weight: 400;\">Para la exhibici\u00f3n que confront\u00f3 la est\u00e9tica de <\/span><b>Miuccia Prada<\/b><span style=\"font-weight: 400;\"> y <\/span><b>Elsa Schiaparell<\/b><span style=\"font-weight: 400;\">i, <\/span><b><i>\u201cSchiaparelli and Prada: Impossible Conversations\u201d<\/i><\/b><span style=\"font-weight: 400;\">, Miuccia habl\u00f3. Durante su entrevista para el cat\u00e1logo de la muestra, describi\u00f3 al <\/span><i><span style=\"font-weight: 400;\">shocking pink<\/span><\/i><span style=\"font-weight: 400;\"> como<\/span><b><i> \u201catrevido y agresivo\u201d,<\/i><\/b><span style=\"font-weight: 400;\"> agregando: <\/span><b><i>\u201cEs incorregible. Lo utilic\u00e9 para mi primera colecci\u00f3n como un s\u00edmbolo de feminidad positiva\u201d.<\/i><\/b><\/p>\n<p>&nbsp;<\/p>\n<h2><b>5.<\/b><\/h2>\n<figure id=\"attachment_28302\" aria-describedby=\"caption-attachment-28302\" style=\"width: 683px\" class=\"wp-caption alignnone\"><img loading=\"lazy\" decoding=\"async\" class=\"size-large wp-image-28302\" src=\"https:\/\/graziamagazine.com\/mx\/wp-content\/uploads\/sites\/13\/2017\/07\/Valentino-Red-Flap-Bag-with-Multicolor-Lipstick-Holder-Fall-2017-683x1024.jpg\" alt=\"MILLENNIAL-PINK-FASHION-FACTS-VALENTINO\" width=\"683\" height=\"1024\" \/><figcaption id=\"caption-attachment-28302\" class=\"wp-caption-text\">Valentino FW17.<\/figcaption><\/figure>\n<p>&nbsp;<\/p>\n<p><span style=\"font-weight: 400;\">El director creativo de la casa <\/span><b>Valentino<\/b><span style=\"font-weight: 400;\">, <\/span><b>Pierpaolo Piccioli<\/b><span style=\"font-weight: 400;\">, es fan\u00e1tico del rosa; o al menos, es lo que ha dejado ver con sus colecciones. <\/span><\/p>\n<p><span style=\"font-weight: 400;\">Desde su debut, derramando a la mayor\u00eda de las prendas en color rosa, y hasta su \u00faltima colecci\u00f3n <\/span><i><span style=\"font-weight: 400;\">haute couture<\/span><\/i><span style=\"font-weight: 400;\">, \u00e9ste se ha vuelto un color clave para el dise\u00f1ador. <\/span><\/p>\n<p><span style=\"font-weight: 400;\">Tal es el caso que para un cap\u00edtulo de la serie<\/span><b> \u201cArt of Style\u201d<\/b><span style=\"font-weight: 400;\"> del canal digital <\/span><b><i>M2M<\/i><\/b><span style=\"font-weight: 400;\">, dijo: <\/span><b><i>\u201cPara m\u00ed, el rosa es punk. No es dulce. No es un color dulce\u201d. <\/i><\/b><\/p>\n<p><span style=\"font-weight: 400;\">En resumen, el que siempre ha sido considerado una declaraci\u00f3n de romanticismo, tambi\u00e9n\u00a0simboliza rebeld\u00eda; una dualidad perceptible en la actual <\/span><b><i>maison<\/i><\/b><span style=\"font-weight: 400;\">.<\/span><\/p>\n<p>&nbsp;<\/p>\n<p><span style=\"font-weight: 400;\">Ahora que ya te los revelamos, \u00bfc\u00f3mo piensas incluirlo a tus <\/span><i><span style=\"font-weight: 400;\">looks<\/span><\/i><span style=\"font-weight: 400;\">? Te dejamos para que lo pienses&#8230;<\/span><\/p>\n<p>&nbsp;<\/p>\n<p><img loading=\"lazy\" decoding=\"async\" class=\"alignnone size-full wp-image-28305\" src=\"https:\/\/graziamagazine.com\/mx\/wp-content\/uploads\/sites\/13\/2017\/07\/ifajghejlgaf.gif\" alt=\" MILLENNIAL-PINK-FASHION-FACTS-gif2\" width=\"500\" height=\"258\" \/><\/p>\n<h5><strong><em>*FOTOS: Archivo \/ GTres\/ Mondadori Photo.<\/em><\/strong><\/h5>\n","protected":false},"author":11641,"featured_media":28295,"template":"","format":"standard","categories":[2,4,10],"acf":[],"yoast_head":"<!-- This site is optimized with the Yoast SEO Premium plugin v18.5 (Yoast SEO v20.4) - https:\/\/yoast.com\/wordpress\/plugins\/seo\/ -->\n<title>MILLENNIAL PINK: 5 FASHION FACTS QUE DEBES CONOCER | Grazia M\u00e9xico y Latinoam\u00e9rica<\/title>\n<meta name=\"description\" content=\"El color atribuido a la feminidad est\u00e1 de vuelta y ahora, se llama millennial pink. Te revelamos 5 cosas que toda fashionista debe saber. \u201cOn Wednesdays\" \/>\n<meta name=\"robots\" content=\"index, follow, max-snippet:-1, max-image-preview:large, max-video-preview:-1\" \/>\n<link rel=\"canonical\" href=\"https:\/\/graziamagazine.com\/mx\/articles\/millennial-pink-fashion-facts-5\/\" \/>\n<meta property=\"og:locale\" content=\"es_MX\" \/>\n<meta property=\"og:type\" content=\"article\" \/>\n<meta property=\"og:title\" content=\"MILLENNIAL PINK: 5 FASHION FACTS QUE DEBES CONOCER\" \/>\n<meta property=\"og:description\" content=\"El color atribuido a la feminidad est\u00e1 de vuelta y ahora, se llama millennial pink. Te revelamos 5 cosas que toda fashionista debe saber. \u201cOn Wednesdays\" \/>\n<meta property=\"og:url\" content=\"https:\/\/graziamagazine.com\/mx\/articles\/millennial-pink-fashion-facts-5\/\" \/>\n<meta property=\"og:site_name\" content=\"Grazia M\u00e9xico y Latinoam\u00e9rica\" \/>\n<meta property=\"article:modified_time\" content=\"2017-10-19T18:53:56+00:00\" \/>\n<meta property=\"og:image\" content=\"https:\/\/graziamagazine.com\/mx\/wp-content\/uploads\/sites\/13\/2017\/07\/635420157251401274951293125_MeanGirls_093Pyxurz.imgopt1400x60.jpg?fit=1400%2C880\" \/>\n\t<meta property=\"og:image:width\" content=\"1400\" \/>\n\t<meta property=\"og:image:height\" content=\"880\" \/>\n\t<meta property=\"og:image:type\" content=\"image\/jpeg\" \/>\n<meta name=\"twitter:card\" content=\"summary_large_image\" \/>\n<meta name=\"twitter:label1\" content=\"Est. reading time\" \/>\n\t<meta name=\"twitter:data1\" content=\"3 minutos\" \/>\n<script type=\"application\/ld+json\" class=\"yoast-schema-graph\">{\"@context\":\"https:\/\/schema.org\",\"@graph\":[{\"@type\":\"WebPage\",\"@id\":\"https:\/\/graziamagazine.com\/mx\/articles\/millennial-pink-fashion-facts-5\/\",\"url\":\"https:\/\/graziamagazine.com\/mx\/articles\/millennial-pink-fashion-facts-5\/\",\"name\":\"MILLENNIAL PINK: 5 FASHION FACTS QUE DEBES CONOCER | Grazia M\u00e9xico y Latinoam\u00e9rica\",\"isPartOf\":{\"@id\":\"https:\/\/graziamagazine.com\/mx\/#website\"},\"datePublished\":\"2017-07-26T23:18:58+00:00\",\"dateModified\":\"2017-10-19T18:53:56+00:00\",\"description\":\"El color atribuido a la feminidad est\u00e1 de vuelta y ahora, se llama millennial pink. Te revelamos 5 cosas que toda fashionista debe saber. \u201cOn Wednesdays\",\"breadcrumb\":{\"@id\":\"https:\/\/graziamagazine.com\/mx\/articles\/millennial-pink-fashion-facts-5\/#breadcrumb\"},\"inLanguage\":\"es-MX\",\"potentialAction\":[{\"@type\":\"ReadAction\",\"target\":[\"https:\/\/graziamagazine.com\/mx\/articles\/millennial-pink-fashion-facts-5\/\"]}]},{\"@type\":\"BreadcrumbList\",\"@id\":\"https:\/\/graziamagazine.com\/mx\/articles\/millennial-pink-fashion-facts-5\/#breadcrumb\",\"itemListElement\":[{\"@type\":\"ListItem\",\"position\":1,\"name\":\"Home\",\"item\":\"https:\/\/graziamagazine.com\/mx\/\"},{\"@type\":\"ListItem\",\"position\":2,\"name\":\"MILLENNIAL PINK: 5 FASHION FACTS QUE DEBES CONOCER\"}]},{\"@type\":\"WebSite\",\"@id\":\"https:\/\/graziamagazine.com\/mx\/#website\",\"url\":\"https:\/\/graziamagazine.com\/mx\/\",\"name\":\"Grazia M\u00e9xico y Latinoam\u00e9rica\",\"description\":\"Grazia es moda, belleza y noticias  de actualidad \",\"potentialAction\":[{\"@type\":\"SearchAction\",\"target\":{\"@type\":\"EntryPoint\",\"urlTemplate\":\"https:\/\/graziamagazine.com\/mx\/?s={search_term_string}\"},\"query-input\":\"required name=search_term_string\"}],\"inLanguage\":\"es-MX\"}]}<\/script>\n<!-- \/ Yoast SEO Premium plugin. -->","yoast_head_json":{"title":"MILLENNIAL PINK: 5 FASHION FACTS QUE DEBES CONOCER | Grazia M\u00e9xico y Latinoam\u00e9rica","description":"El color atribuido a la feminidad est\u00e1 de vuelta y ahora, se llama millennial pink. Te revelamos 5 cosas que toda fashionista debe saber. \u201cOn Wednesdays","robots":{"index":"index","follow":"follow","max-snippet":"max-snippet:-1","max-image-preview":"max-image-preview:large","max-video-preview":"max-video-preview:-1"},"canonical":"https:\/\/graziamagazine.com\/mx\/articles\/millennial-pink-fashion-facts-5\/","og_locale":"es_MX","og_type":"article","og_title":"MILLENNIAL PINK: 5 FASHION FACTS QUE DEBES CONOCER","og_description":"El color atribuido a la feminidad est\u00e1 de vuelta y ahora, se llama millennial pink. Te revelamos 5 cosas que toda fashionista debe saber. \u201cOn Wednesdays","og_url":"https:\/\/graziamagazine.com\/mx\/articles\/millennial-pink-fashion-facts-5\/","og_site_name":"Grazia M\u00e9xico y Latinoam\u00e9rica","article_modified_time":"2017-10-19T18:53:56+00:00","og_image":[{"width":1400,"height":880,"url":"https:\/\/graziamagazine.com\/mx\/wp-content\/uploads\/sites\/13\/2017\/07\/635420157251401274951293125_MeanGirls_093Pyxurz.imgopt1400x60.jpg?fit=1400%2C880","type":"image\/jpeg"}],"twitter_card":"summary_large_image","twitter_misc":{"Est. reading time":"3 minutos"},"schema":{"@context":"https:\/\/schema.org","@graph":[{"@type":"WebPage","@id":"https:\/\/graziamagazine.com\/mx\/articles\/millennial-pink-fashion-facts-5\/","url":"https:\/\/graziamagazine.com\/mx\/articles\/millennial-pink-fashion-facts-5\/","name":"MILLENNIAL PINK: 5 FASHION FACTS QUE DEBES CONOCER | Grazia M\u00e9xico y Latinoam\u00e9rica","isPartOf":{"@id":"https:\/\/graziamagazine.com\/mx\/#website"},"datePublished":"2017-07-26T23:18:58+00:00","dateModified":"2017-10-19T18:53:56+00:00","description":"El color atribuido a la feminidad est\u00e1 de vuelta y ahora, se llama millennial pink. Te revelamos 5 cosas que toda fashionista debe saber. \u201cOn Wednesdays","breadcrumb":{"@id":"https:\/\/graziamagazine.com\/mx\/articles\/millennial-pink-fashion-facts-5\/#breadcrumb"},"inLanguage":"es-MX","potentialAction":[{"@type":"ReadAction","target":["https:\/\/graziamagazine.com\/mx\/articles\/millennial-pink-fashion-facts-5\/"]}]},{"@type":"BreadcrumbList","@id":"https:\/\/graziamagazine.com\/mx\/articles\/millennial-pink-fashion-facts-5\/#breadcrumb","itemListElement":[{"@type":"ListItem","position":1,"name":"Home","item":"https:\/\/graziamagazine.com\/mx\/"},{"@type":"ListItem","position":2,"name":"MILLENNIAL PINK: 5 FASHION FACTS QUE DEBES CONOCER"}]},{"@type":"WebSite","@id":"https:\/\/graziamagazine.com\/mx\/#website","url":"https:\/\/graziamagazine.com\/mx\/","name":"Grazia M\u00e9xico y Latinoam\u00e9rica","description":"Grazia es moda, belleza y noticias  de actualidad ","potentialAction":[{"@type":"SearchAction","target":{"@type":"EntryPoint","urlTemplate":"https:\/\/graziamagazine.com\/mx\/?s={search_term_string}"},"query-input":"required name=search_term_string"}],"inLanguage":"es-MX"}]}},"jetpack_sharing_enabled":true,"distributor_meta":false,"distributor_terms":false,"distributor_media":false,"distributor_original_site_name":"Grazia M\u00e9xico y Latinoam\u00e9rica","distributor_original_site_url":"https:\/\/graziamagazine.com\/mx","push-errors":false,"_links":{"self":[{"href":"https:\/\/graziamagazine.com\/mx\/wp-json\/wp\/v2\/articles\/28293"}],"collection":[{"href":"https:\/\/graziamagazine.com\/mx\/wp-json\/wp\/v2\/articles"}],"about":[{"href":"https:\/\/graziamagazine.com\/mx\/wp-json\/wp\/v2\/types\/articles"}],"author":[{"embeddable":true,"href":"https:\/\/graziamagazine.com\/mx\/wp-json\/wp\/v2\/users\/11641"}],"wp:featuredmedia":[{"embeddable":true,"href":"https:\/\/graziamagazine.com\/mx\/wp-json\/wp\/v2\/media\/28295"}],"wp:attachment":[{"href":"https:\/\/graziamagazine.com\/mx\/wp-json\/wp\/v2\/media?parent=28293"}],"wp:term":[{"taxonomy":"category","embeddable":true,"href":"https:\/\/graziamagazine.com\/mx\/wp-json\/wp\/v2\/categories?post=28293"}],"curies":[{"name":"wp","href":"https:\/\/api.w.org\/{rel}","templated":true}]}}