{"id":27840,"date":"2017-07-20T14:55:22","date_gmt":"2017-07-20T20:55:22","guid":{"rendered":"https:\/\/graziamagazine.com\/mx\/?p=27840"},"modified":"2017-07-20T14:55:22","modified_gmt":"2017-07-20T20:55:22","slug":"los-10-mejores-looks-gisele-bundchen","status":"publish","type":"articles","link":"https:\/\/graziamagazine.com\/mx\/articles\/los-10-mejores-looks-gisele-bundchen\/","title":{"rendered":"LOS 10 MEJORES LOOKS DE GISELE B\u00dcNDCHEN"},"content":{"rendered":"<p><strong>La supermodelo brasile\u00f1a, Gisele B\u00fcndchen, nos ha dado varias lecciones en la <i>red carpet<\/i>\u00a0a lo largo de su carrera<i>.<\/i> Te presentamos nuestros favoritos.<\/strong><\/p>\n<p><!--more--><\/p>\n<p>\u2013\u2013\u2013\u2013<\/p>\n<p><img loading=\"lazy\" decoding=\"async\" class=\"alignnone size-full wp-image-27842\" src=\"https:\/\/graziamagazine.com\/mx\/wp-content\/uploads\/sites\/13\/2017\/07\/GISELE-BUNDCHEN-MEJORES-LOOKS-1.png\" alt=\"GISELE BUNDCHEN MEJORES LOOKS 1\" width=\"885\" height=\"526\" srcset=\"https:\/\/graziamagazine.com\/mx\/wp-content\/uploads\/sites\/13\/2017\/07\/GISELE-BUNDCHEN-MEJORES-LOOKS-1.png 885w, https:\/\/graziamagazine.com\/mx\/wp-content\/uploads\/sites\/13\/2017\/07\/GISELE-BUNDCHEN-MEJORES-LOOKS-1.png?resize=450,267 450w, https:\/\/graziamagazine.com\/mx\/wp-content\/uploads\/sites\/13\/2017\/07\/GISELE-BUNDCHEN-MEJORES-LOOKS-1.png?resize=768,456 768w, https:\/\/graziamagazine.com\/mx\/wp-content\/uploads\/sites\/13\/2017\/07\/GISELE-BUNDCHEN-MEJORES-LOOKS-1.png?resize=155,92 155w\" sizes=\"(max-width: 885px) 100vw, 885px\" \/><\/p>\n<h3><strong>Por Mar\u00eda Jos\u00e9 Gonz\u00e1lvez<\/strong><\/h3>\n<p>&nbsp;<\/p>\n<p><span style=\"font-weight: 400;\">Gisele, la modelo mejor pagada y una de las <\/span><i><span style=\"font-weight: 400;\">Angels<\/span><\/i><span style=\"font-weight: 400;\"> m\u00e1s reconocidas del <\/span><i><span style=\"font-weight: 400;\">Victoria\u2019s Secret Fashion Show<\/span><\/i><span style=\"font-weight: 400;\">, es una perfecta referencia cuando de dominar la <\/span><i><span style=\"font-weight: 400;\">red carpet<\/span><\/i><span style=\"font-weight: 400;\"> se trata. <\/span><\/p>\n<p><span style=\"font-weight: 400;\">Si bien, la brasile\u00f1a es reconocida por su forma de caminar sobre la pasarela \u2013y su manera de posar ante las lentes de los fot\u00f3grafos\u2013 no hay ninguna duda de que sus m\u00e1s memorables apariciones son casi siempre en la <\/span><i><span style=\"font-weight: 400;\">red<\/span><\/i><span style=\"font-weight: 400;\"> carpet.<\/span><\/p>\n<p><span style=\"font-weight: 400;\">\u00bfEl com\u00fan denominador? Los vestidos en tonos met\u00e1licos que muestran las piernas, o bien, largos con espalda descubierta.<\/span><\/p>\n<p>&nbsp;<\/p>\n<p><span style=\"font-weight: 400;\">Mientras nosotros seguimos so\u00f1ando en ser como nuestra <\/span><i><span style=\"font-weight: 400;\">role model,<\/span><\/i><span style=\"font-weight: 400;\"> aqu\u00ed te dejamos sus mejores <\/span><i><span style=\"font-weight: 400;\">red carpet looks<\/span><\/i><span style=\"font-weight: 400;\"> con un <\/span><i><span style=\"font-weight: 400;\">bonus<\/span><\/i><span style=\"font-weight: 400;\"> para que te inspires en su estilo casual.<\/span><\/p>\n<p>&nbsp;<\/p>\n<h2><strong><em>1. Alexander McQueen&#8230; para la Met Gala 2011<\/em><\/strong><\/h2>\n<p>&nbsp;<\/p>\n<p><img loading=\"lazy\" decoding=\"async\" class=\"alignnone size-large wp-image-27850\" src=\"https:\/\/graziamagazine.com\/mx\/wp-content\/uploads\/sites\/13\/2017\/07\/e2c93dee0ab02cab79c486c27027bcda-red-gowns-gala-gowns-688x1024.jpg\" alt=\"GISELE-BUNDCHEN-MEJORES-LOOKS-8\" width=\"688\" height=\"1024\" \/><\/p>\n<p>&nbsp;<\/p>\n<h2><strong><em>2. Dior Haute Couture&#8230; para la Met Gala 2006<\/em><\/strong><\/h2>\n<p>&nbsp;<\/p>\n<p><img loading=\"lazy\" decoding=\"async\" class=\"alignnone size-full wp-image-27843\" src=\"https:\/\/graziamagazine.com\/mx\/wp-content\/uploads\/sites\/13\/2017\/07\/1-gisele-bundchen-wearing-dior-haute-everett.jpg\" alt=\"GISELE-BUNDCHEN-MEJORES-LOOKS-2\" width=\"611\" height=\"900\" srcset=\"https:\/\/graziamagazine.com\/mx\/wp-content\/uploads\/sites\/13\/2017\/07\/1-gisele-bundchen-wearing-dior-haute-everett.jpg 611w, https:\/\/graziamagazine.com\/mx\/wp-content\/uploads\/sites\/13\/2017\/07\/1-gisele-bundchen-wearing-dior-haute-everett.jpg?resize=306,450 306w, https:\/\/graziamagazine.com\/mx\/wp-content\/uploads\/sites\/13\/2017\/07\/1-gisele-bundchen-wearing-dior-haute-everett.jpg?resize=146,215 146w\" sizes=\"(max-width: 611px) 100vw, 611px\" \/><\/p>\n<p>&nbsp;<\/p>\n<h2><strong><em>3. Alexandre Herchcovitch&#8230; para las Olimpiadas de Rio 2016<\/em><\/strong><\/h2>\n<p>&nbsp;<\/p>\n<p><img loading=\"lazy\" decoding=\"async\" class=\"alignnone size-full wp-image-27844\" src=\"https:\/\/graziamagazine.com\/mx\/wp-content\/uploads\/sites\/13\/2017\/07\/1ff0f01f646b76264628b0e004d0a112.jpg\" alt=\"GISELE-BUNDCHEN-MEJORES-LOOKS-3\" width=\"564\" height=\"910\" srcset=\"https:\/\/graziamagazine.com\/mx\/wp-content\/uploads\/sites\/13\/2017\/07\/1ff0f01f646b76264628b0e004d0a112.jpg 564w, https:\/\/graziamagazine.com\/mx\/wp-content\/uploads\/sites\/13\/2017\/07\/1ff0f01f646b76264628b0e004d0a112.jpg?resize=279,450 279w, https:\/\/graziamagazine.com\/mx\/wp-content\/uploads\/sites\/13\/2017\/07\/1ff0f01f646b76264628b0e004d0a112.jpg?resize=133,215 133w\" sizes=\"(max-width: 564px) 100vw, 564px\" \/><\/p>\n<p>&nbsp;<\/p>\n<h2><strong><em>4. Anthony Vaccarello&#8230; para la Met Gala<\/em><\/strong><\/h2>\n<p>&nbsp;<\/p>\n<p><img loading=\"lazy\" decoding=\"async\" class=\"alignnone size-full wp-image-27848\" src=\"https:\/\/graziamagazine.com\/mx\/wp-content\/uploads\/sites\/13\/2017\/07\/1367911853740.jpg\" alt=\"GISELE-BUNDCHEN-MEJORES-LOOKS-6\" width=\"526\" height=\"829\" srcset=\"https:\/\/graziamagazine.com\/mx\/wp-content\/uploads\/sites\/13\/2017\/07\/1367911853740.jpg 526w, https:\/\/graziamagazine.com\/mx\/wp-content\/uploads\/sites\/13\/2017\/07\/1367911853740.jpg?resize=286,450 286w, https:\/\/graziamagazine.com\/mx\/wp-content\/uploads\/sites\/13\/2017\/07\/1367911853740.jpg?resize=136,215 136w\" sizes=\"(max-width: 526px) 100vw, 526px\" \/><\/p>\n<p>&nbsp;<\/p>\n<h2><strong><em>5. Roberto Cavalli&#8230; en el Victoria\u2019s Secret Fashion Show<\/em><\/strong><\/h2>\n<p>&nbsp;<\/p>\n<p><img loading=\"lazy\" decoding=\"async\" class=\"alignnone size-full wp-image-27845\" src=\"https:\/\/graziamagazine.com\/mx\/wp-content\/uploads\/sites\/13\/2017\/07\/06-GettyImages-72588459.jpg\" alt=\"GISELE-BUNDCHEN-MEJORES-LOOKS-4\" width=\"600\" height=\"889\" srcset=\"https:\/\/graziamagazine.com\/mx\/wp-content\/uploads\/sites\/13\/2017\/07\/06-GettyImages-72588459.jpg 600w, https:\/\/graziamagazine.com\/mx\/wp-content\/uploads\/sites\/13\/2017\/07\/06-GettyImages-72588459.jpg?resize=304,450 304w, https:\/\/graziamagazine.com\/mx\/wp-content\/uploads\/sites\/13\/2017\/07\/06-GettyImages-72588459.jpg?resize=145,215 145w\" sizes=\"(max-width: 600px) 100vw, 600px\" \/><\/p>\n<p>&nbsp;<\/p>\n<h2><strong><em>6. Chanel&#8230; para la presentaci\u00f3n del perfume No. 5<\/em><\/strong><\/h2>\n<p>&nbsp;<\/p>\n<p><img loading=\"lazy\" decoding=\"async\" class=\"alignnone size-large wp-image-27849\" src=\"https:\/\/graziamagazine.com\/mx\/wp-content\/uploads\/sites\/13\/2017\/07\/1413842376491_Image_galleryImage_October_13_2014_New_York_-571x1024.jpg\" alt=\"GISELE-BUNDCHEN-MEJORES-LOOKS-7\" width=\"571\" height=\"1024\" \/><\/p>\n<p>&nbsp;<\/p>\n<h2><strong><em>7. Stella McCartney&#8230; para la Met Gala<\/em><\/strong><\/h2>\n<p>&nbsp;<\/p>\n<p><img loading=\"lazy\" decoding=\"async\" class=\"alignnone size-large wp-image-27853\" src=\"https:\/\/graziamagazine.com\/mx\/wp-content\/uploads\/sites\/13\/2017\/07\/Gisele-Bundchen-Stella-McCartney-Dress-Met-Gala-2017-714x1024.jpg\" alt=\"GISELE-BUNDCHEN-MEJORES-LOOKS-11\" width=\"714\" height=\"1024\" \/><\/p>\n<p>&nbsp;<\/p>\n<h2><strong><em>8. Louis Vuitton&#8230; para la Copa Mundial del Futbol 2014<\/em><\/strong><\/h2>\n<p>&nbsp;<\/p>\n<p><img loading=\"lazy\" decoding=\"async\" class=\"alignnone size-large wp-image-27851\" src=\"https:\/\/graziamagazine.com\/mx\/wp-content\/uploads\/sites\/13\/2017\/07\/fashion-2014-07-gisele-bundchen-fifa-world-cup-final-louis-vuitton-dress-main-652x1024.jpg\" alt=\"GISELE-BUNDCHEN-MEJORES-LOOKS-9\" width=\"652\" height=\"1024\" \/><\/p>\n<p>&nbsp;<\/p>\n<h2><strong><em>9. Atelier Versace&#8230; para WSJ Magazine Innovator Awards<\/em><\/strong><\/h2>\n<p>&nbsp;<\/p>\n<p><img loading=\"lazy\" decoding=\"async\" class=\"alignnone size-large wp-image-27854\" src=\"https:\/\/graziamagazine.com\/mx\/wp-content\/uploads\/sites\/13\/2017\/07\/Gisele-Bundchen-WSJ-Magazine-Innovator-Awards-New-York-11062013-2-752x1024.jpg\" alt=\"GISELE-BUNDCHEN-MEJORES-LOOKS-11\" width=\"752\" height=\"1024\" \/><\/p>\n<p>&nbsp;<\/p>\n<h2><strong><em>10. Julien MacDonald&#8230; para la firma de su libro \u201cGisele\u201d<\/em><\/strong><\/h2>\n<p>&nbsp;<\/p>\n<p><img loading=\"lazy\" decoding=\"async\" class=\"alignnone size-full wp-image-27847\" src=\"https:\/\/graziamagazine.com\/mx\/wp-content\/uploads\/sites\/13\/2017\/07\/050216-gisele-tom-embed-2.jpg\" alt=\"GISELE-BUNDCHEN-MEJORES-LOOKS-5\" width=\"480\" height=\"720\" srcset=\"https:\/\/graziamagazine.com\/mx\/wp-content\/uploads\/sites\/13\/2017\/07\/050216-gisele-tom-embed-2.jpg 480w, https:\/\/graziamagazine.com\/mx\/wp-content\/uploads\/sites\/13\/2017\/07\/050216-gisele-tom-embed-2.jpg?resize=300,450 300w, https:\/\/graziamagazine.com\/mx\/wp-content\/uploads\/sites\/13\/2017\/07\/050216-gisele-tom-embed-2.jpg?resize=143,215 143w\" sizes=\"(max-width: 480px) 100vw, 480px\" \/><\/p>\n<p>&nbsp;<\/p>\n<h2><em><strong>Y, finalmente&#8230;\u00a0En Anthony Vaccarello y bolso Chanel, en las calles de Nueva York.<\/strong><\/em><\/h2>\n<p>&nbsp;<\/p>\n<p><img loading=\"lazy\" decoding=\"async\" class=\"alignnone size-full wp-image-27838\" src=\"https:\/\/graziamagazine.com\/mx\/wp-content\/uploads\/sites\/13\/2017\/07\/3399CA1800000578-3562425-image-a-60_1461793655444-1.jpg\" alt=\"GISELE BUNDCHEN LOOK DEL DIA JULIO\" width=\"634\" height=\"935\" srcset=\"https:\/\/graziamagazine.com\/mx\/wp-content\/uploads\/sites\/13\/2017\/07\/3399CA1800000578-3562425-image-a-60_1461793655444-1.jpg 634w, https:\/\/graziamagazine.com\/mx\/wp-content\/uploads\/sites\/13\/2017\/07\/3399CA1800000578-3562425-image-a-60_1461793655444-1.jpg?resize=305,450 305w, https:\/\/graziamagazine.com\/mx\/wp-content\/uploads\/sites\/13\/2017\/07\/3399CA1800000578-3562425-image-a-60_1461793655444-1.jpg?resize=146,215 146w\" sizes=\"(max-width: 634px) 100vw, 634px\" \/><\/p>\n<h5><strong><em>*FOTOS: Getty Images \/ SplashNews \/ Polaris.<\/em><\/strong><\/h5>\n","protected":false},"author":11636,"featured_media":27841,"template":"","format":"standard","categories":[2,4,10],"acf":[],"yoast_head":"<!-- This site is optimized with the Yoast SEO Premium plugin v18.5 (Yoast SEO v20.4) - https:\/\/yoast.com\/wordpress\/plugins\/seo\/ -->\n<title>LOS 10 MEJORES LOOKS DE GISELE B\u00dcNDCHEN | Grazia M\u00e9xico y Latinoam\u00e9rica<\/title>\n<meta name=\"description\" content=\"La supermodelo brasile\u00f1a, Gisele B\u00fcndchen, nos ha dado varias lecciones en la red carpet a lo largo de su carrera. Te presentamos nuestros favoritos.\" \/>\n<meta name=\"robots\" content=\"index, follow, max-snippet:-1, max-image-preview:large, max-video-preview:-1\" \/>\n<link rel=\"canonical\" href=\"https:\/\/graziamagazine.com\/mx\/articles\/los-10-mejores-looks-gisele-bundchen\/\" \/>\n<meta property=\"og:locale\" content=\"es_MX\" \/>\n<meta property=\"og:type\" content=\"article\" \/>\n<meta property=\"og:title\" content=\"LOS 10 MEJORES LOOKS DE GISELE B\u00dcNDCHEN\" \/>\n<meta property=\"og:description\" content=\"La supermodelo brasile\u00f1a, Gisele B\u00fcndchen, nos ha dado varias lecciones en la red carpet a lo largo de su carrera. Te presentamos nuestros favoritos.\" \/>\n<meta property=\"og:url\" content=\"https:\/\/graziamagazine.com\/mx\/articles\/los-10-mejores-looks-gisele-bundchen\/\" \/>\n<meta property=\"og:site_name\" content=\"Grazia M\u00e9xico y Latinoam\u00e9rica\" \/>\n<meta property=\"og:image\" content=\"https:\/\/graziamagazine.com\/mx\/wp-content\/uploads\/sites\/13\/2017\/07\/GISELE-BUNDCHEN-MEJORES-LOOKS-DESTACADA.png?fit=725%2C457\" \/>\n\t<meta property=\"og:image:width\" content=\"725\" \/>\n\t<meta property=\"og:image:height\" content=\"457\" \/>\n\t<meta property=\"og:image:type\" content=\"image\/png\" \/>\n<meta name=\"twitter:card\" content=\"summary_large_image\" \/>\n<meta name=\"twitter:label1\" content=\"Est. reading time\" \/>\n\t<meta name=\"twitter:data1\" content=\"1 minuto\" \/>\n<script type=\"application\/ld+json\" class=\"yoast-schema-graph\">{\"@context\":\"https:\/\/schema.org\",\"@graph\":[{\"@type\":\"WebPage\",\"@id\":\"https:\/\/graziamagazine.com\/mx\/articles\/los-10-mejores-looks-gisele-bundchen\/\",\"url\":\"https:\/\/graziamagazine.com\/mx\/articles\/los-10-mejores-looks-gisele-bundchen\/\",\"name\":\"LOS 10 MEJORES LOOKS DE GISELE B\u00dcNDCHEN | Grazia M\u00e9xico y Latinoam\u00e9rica\",\"isPartOf\":{\"@id\":\"https:\/\/graziamagazine.com\/mx\/#website\"},\"datePublished\":\"2017-07-20T20:55:22+00:00\",\"dateModified\":\"2017-07-20T20:55:22+00:00\",\"description\":\"La supermodelo brasile\u00f1a, Gisele B\u00fcndchen, nos ha dado varias lecciones en la red carpet a lo largo de su carrera. Te presentamos nuestros favoritos.\",\"breadcrumb\":{\"@id\":\"https:\/\/graziamagazine.com\/mx\/articles\/los-10-mejores-looks-gisele-bundchen\/#breadcrumb\"},\"inLanguage\":\"es-MX\",\"potentialAction\":[{\"@type\":\"ReadAction\",\"target\":[\"https:\/\/graziamagazine.com\/mx\/articles\/los-10-mejores-looks-gisele-bundchen\/\"]}]},{\"@type\":\"BreadcrumbList\",\"@id\":\"https:\/\/graziamagazine.com\/mx\/articles\/los-10-mejores-looks-gisele-bundchen\/#breadcrumb\",\"itemListElement\":[{\"@type\":\"ListItem\",\"position\":1,\"name\":\"Home\",\"item\":\"https:\/\/graziamagazine.com\/mx\/\"},{\"@type\":\"ListItem\",\"position\":2,\"name\":\"LOS 10 MEJORES LOOKS DE GISELE B\u00dcNDCHEN\"}]},{\"@type\":\"WebSite\",\"@id\":\"https:\/\/graziamagazine.com\/mx\/#website\",\"url\":\"https:\/\/graziamagazine.com\/mx\/\",\"name\":\"Grazia M\u00e9xico y Latinoam\u00e9rica\",\"description\":\"Grazia es moda, belleza y noticias  de actualidad \",\"potentialAction\":[{\"@type\":\"SearchAction\",\"target\":{\"@type\":\"EntryPoint\",\"urlTemplate\":\"https:\/\/graziamagazine.com\/mx\/?s={search_term_string}\"},\"query-input\":\"required name=search_term_string\"}],\"inLanguage\":\"es-MX\"}]}<\/script>\n<!-- \/ Yoast SEO Premium plugin. -->","yoast_head_json":{"title":"LOS 10 MEJORES LOOKS DE GISELE B\u00dcNDCHEN | Grazia M\u00e9xico y Latinoam\u00e9rica","description":"La supermodelo brasile\u00f1a, Gisele B\u00fcndchen, nos ha dado varias lecciones en la red carpet a lo largo de su carrera. Te presentamos nuestros favoritos.","robots":{"index":"index","follow":"follow","max-snippet":"max-snippet:-1","max-image-preview":"max-image-preview:large","max-video-preview":"max-video-preview:-1"},"canonical":"https:\/\/graziamagazine.com\/mx\/articles\/los-10-mejores-looks-gisele-bundchen\/","og_locale":"es_MX","og_type":"article","og_title":"LOS 10 MEJORES LOOKS DE GISELE B\u00dcNDCHEN","og_description":"La supermodelo brasile\u00f1a, Gisele B\u00fcndchen, nos ha dado varias lecciones en la red carpet a lo largo de su carrera. Te presentamos nuestros favoritos.","og_url":"https:\/\/graziamagazine.com\/mx\/articles\/los-10-mejores-looks-gisele-bundchen\/","og_site_name":"Grazia M\u00e9xico y Latinoam\u00e9rica","og_image":[{"width":725,"height":457,"url":"https:\/\/graziamagazine.com\/mx\/wp-content\/uploads\/sites\/13\/2017\/07\/GISELE-BUNDCHEN-MEJORES-LOOKS-DESTACADA.png?fit=725%2C457","type":"image\/png"}],"twitter_card":"summary_large_image","twitter_misc":{"Est. reading time":"1 minuto"},"schema":{"@context":"https:\/\/schema.org","@graph":[{"@type":"WebPage","@id":"https:\/\/graziamagazine.com\/mx\/articles\/los-10-mejores-looks-gisele-bundchen\/","url":"https:\/\/graziamagazine.com\/mx\/articles\/los-10-mejores-looks-gisele-bundchen\/","name":"LOS 10 MEJORES LOOKS DE GISELE B\u00dcNDCHEN | Grazia M\u00e9xico y Latinoam\u00e9rica","isPartOf":{"@id":"https:\/\/graziamagazine.com\/mx\/#website"},"datePublished":"2017-07-20T20:55:22+00:00","dateModified":"2017-07-20T20:55:22+00:00","description":"La supermodelo brasile\u00f1a, Gisele B\u00fcndchen, nos ha dado varias lecciones en la red carpet a lo largo de su carrera. Te presentamos nuestros favoritos.","breadcrumb":{"@id":"https:\/\/graziamagazine.com\/mx\/articles\/los-10-mejores-looks-gisele-bundchen\/#breadcrumb"},"inLanguage":"es-MX","potentialAction":[{"@type":"ReadAction","target":["https:\/\/graziamagazine.com\/mx\/articles\/los-10-mejores-looks-gisele-bundchen\/"]}]},{"@type":"BreadcrumbList","@id":"https:\/\/graziamagazine.com\/mx\/articles\/los-10-mejores-looks-gisele-bundchen\/#breadcrumb","itemListElement":[{"@type":"ListItem","position":1,"name":"Home","item":"https:\/\/graziamagazine.com\/mx\/"},{"@type":"ListItem","position":2,"name":"LOS 10 MEJORES LOOKS DE GISELE B\u00dcNDCHEN"}]},{"@type":"WebSite","@id":"https:\/\/graziamagazine.com\/mx\/#website","url":"https:\/\/graziamagazine.com\/mx\/","name":"Grazia M\u00e9xico y Latinoam\u00e9rica","description":"Grazia es moda, belleza y noticias  de actualidad ","potentialAction":[{"@type":"SearchAction","target":{"@type":"EntryPoint","urlTemplate":"https:\/\/graziamagazine.com\/mx\/?s={search_term_string}"},"query-input":"required name=search_term_string"}],"inLanguage":"es-MX"}]}},"jetpack_sharing_enabled":true,"distributor_meta":false,"distributor_terms":false,"distributor_media":false,"distributor_original_site_name":"Grazia M\u00e9xico y Latinoam\u00e9rica","distributor_original_site_url":"https:\/\/graziamagazine.com\/mx","push-errors":false,"_links":{"self":[{"href":"https:\/\/graziamagazine.com\/mx\/wp-json\/wp\/v2\/articles\/27840"}],"collection":[{"href":"https:\/\/graziamagazine.com\/mx\/wp-json\/wp\/v2\/articles"}],"about":[{"href":"https:\/\/graziamagazine.com\/mx\/wp-json\/wp\/v2\/types\/articles"}],"author":[{"embeddable":true,"href":"https:\/\/graziamagazine.com\/mx\/wp-json\/wp\/v2\/users\/11636"}],"wp:featuredmedia":[{"embeddable":true,"href":"https:\/\/graziamagazine.com\/mx\/wp-json\/wp\/v2\/media\/27841"}],"wp:attachment":[{"href":"https:\/\/graziamagazine.com\/mx\/wp-json\/wp\/v2\/media?parent=27840"}],"wp:term":[{"taxonomy":"category","embeddable":true,"href":"https:\/\/graziamagazine.com\/mx\/wp-json\/wp\/v2\/categories?post=27840"}],"curies":[{"name":"wp","href":"https:\/\/api.w.org\/{rel}","templated":true}]}}