{"id":27435,"date":"2017-07-14T11:14:31","date_gmt":"2017-07-14T17:14:31","guid":{"rendered":"https:\/\/graziamagazine.com\/mx\/?p=27435"},"modified":"2017-07-14T11:15:06","modified_gmt":"2017-07-14T17:15:06","slug":"napoles-gianni-versace-magna-roma","status":"publish","type":"articles","link":"https:\/\/graziamagazine.com\/mx\/articles\/napoles-gianni-versace-magna-roma\/","title":{"rendered":"N\u00c1POLES CELEBRA LA PASI\u00d3N DE GIANNI VERSACE POR LA MAGNA ROMA"},"content":{"rendered":"<p><b>A trav\u00e9s de una exhibici\u00f3n que hoy abre sus puertas, la ciudad italiana hace un recorrido a trav\u00e9s de la carrera del talentoso Gianni Versace.<\/b><\/p>\n<p><!--more--><\/p>\n<p>\u2013\u2013\u2013\u2013<\/p>\n<p><img loading=\"lazy\" decoding=\"async\" class=\"alignnone size-large wp-image-27436\" src=\"https:\/\/graziamagazine.com\/mx\/wp-content\/uploads\/sites\/13\/2017\/07\/gianni-versace-1024x576.jpg\" alt=\"GIANNI VERSACE MAGNA ROMA DESTACADA\" width=\"1024\" height=\"576\" \/><\/p>\n<h3><b>Por Grace Miramontes<\/b><\/h3>\n<p>&nbsp;<\/p>\n<p><span style=\"font-weight: 400;\">Cuestra creer que han pasado 20 a\u00f1os de aqu\u00e9l fat\u00eddico d\u00eda en que la industria de la moda perdi\u00f3 al gran Gianni Versace.<\/span><\/p>\n<p><span style=\"font-weight: 400;\">Sus coloridas colecciones y poder de convocar a la crema y nata del modelaje, siempre persistir\u00e1 en los corazones de las amantes del lujo. <\/span><\/p>\n<p><span style=\"font-weight: 400;\">Hoy, una de las ciudades de su pa\u00eds natal celebra su legado y paso por esta tierra con la exhibici\u00f3n <\/span><b><i>\u201cDialoghi\/Dissing: Gianni Versace Magna Grecia Tribute\u201d.<\/i><\/b><\/p>\n<p><span style=\"font-weight: 400;\">El <\/span><i><span style=\"font-weight: 400;\">Museo Archeologico Nazionale di Napoli,<\/span><\/i><span style=\"font-weight: 400;\"> con la mano de la curadora Sabina Albano, presentar\u00e1 a partir de ma\u00f1ana \u2013fecha que marca su muerte\u2013 una selecci\u00f3n de las prendas m\u00e1s emblem\u00e1ticas del creativo que actualmente, son propiedad del coleccionista Antonio Caravano.<\/span><\/p>\n<p>&nbsp;<\/p>\n<figure id=\"attachment_27437\" aria-describedby=\"caption-attachment-27437\" style=\"width: 598px\" class=\"wp-caption alignnone\"><img loading=\"lazy\" decoding=\"async\" class=\"size-full wp-image-27437\" src=\"https:\/\/graziamagazine.com\/mx\/wp-content\/uploads\/sites\/13\/2017\/07\/Screen-Shot-2017-07-14-at-11.56.39-AM.png\" alt=\"GIANNI VERSACE MAGNA ROMA OPENING\" width=\"598\" height=\"748\" srcset=\"https:\/\/graziamagazine.com\/mx\/wp-content\/uploads\/sites\/13\/2017\/07\/Screen-Shot-2017-07-14-at-11.56.39-AM.png 598w, https:\/\/graziamagazine.com\/mx\/wp-content\/uploads\/sites\/13\/2017\/07\/Screen-Shot-2017-07-14-at-11.56.39-AM.png?resize=360,450 360w, https:\/\/graziamagazine.com\/mx\/wp-content\/uploads\/sites\/13\/2017\/07\/Screen-Shot-2017-07-14-at-11.56.39-AM.png?resize=155,194 155w\" sizes=\"(max-width: 598px) 100vw, 598px\" \/><figcaption id=\"caption-attachment-27437\" class=\"wp-caption-text\">@museoarcheologiconapoli.<\/figcaption><\/figure>\n<p>&nbsp;<\/p>\n<p><span style=\"font-weight: 400;\">Si bien, esta no es la primera vez que la maestra en artes y estilista le da su toque a algo relacionado con el <a href=\"https:\/\/youtu.be\/PHBx7QYz4XE\" target=\"_blank\" target=\"_blank\"><span style=\"text-decoration: underline;\"><strong>acervo<\/strong><\/span><\/a> de Gianni, s\u00ed es un momento especial el que conmemora a la cultura que tanto lo fascin\u00f3.<\/span><\/p>\n<p>&nbsp;<\/p>\n<blockquote><p><b><i>\u201cHablar de Gianni Versace y de la Magna Grecia, significa adentrarse en las ra\u00edces de la cultura. Uno de sus vestidos de los noventas, es una pieza de nuestra historia. Muchas veces, la moda es considerada como algo fr\u00edvolo, pero puede reinterpretar otras \u00e9pocas y por eso quise darle un significado hist\u00f3rico.\u201d<\/i><\/b><\/p><\/blockquote>\n<p>&nbsp;<\/p>\n<p><span style=\"font-weight: 400;\">Los 11 vestidos y 20 accesorios reflejan la fascinaci\u00f3n de Gianni por la investigaci\u00f3n de lo antiguo, tal y como asegura Sabina. <\/span><\/p>\n<p><span style=\"font-weight: 400;\"><strong><em>\u201cSus dise\u00f1os no eran superficiales, m\u00e1s bien, estaban basados en hallazgos arqueol\u00f3gicos\u201d<\/em><\/strong>, raz\u00f3n que justifica esta residencia en el museo dedicado a dicha ciencia.\u00a0<\/span><b><i>\u201cEl jam\u00e1s copi\u00f3 patrones, se inspir\u00f3 en ellos\u201d<\/i><\/b><span style=\"font-weight: 400;\">, detall\u00f3.<\/span><\/p>\n<p>&nbsp;<\/p>\n<p><span style=\"font-weight: 400;\">Tienes de aqu\u00ed al 20 de septiembre para formar parte de este di\u00e1logo que sucede entre colores, dorado, estampados y extravagancia. La forma en que Gianni hubiera querido ser siempre recordado.<\/span><\/p>\n<p>&nbsp;<\/p>\n<figure id=\"attachment_27438\" aria-describedby=\"caption-attachment-27438\" style=\"width: 748px\" class=\"wp-caption alignnone\"><img loading=\"lazy\" decoding=\"async\" class=\"size-full wp-image-27438\" src=\"https:\/\/graziamagazine.com\/mx\/wp-content\/uploads\/sites\/13\/2017\/07\/Screen-Shot-2017-07-14-at-12.12.05-PM.png\" alt=\"GIANNI VERSACE MAGNA ROMA OPENING 2\" width=\"748\" height=\"747\" srcset=\"https:\/\/graziamagazine.com\/mx\/wp-content\/uploads\/sites\/13\/2017\/07\/Screen-Shot-2017-07-14-at-12.12.05-PM.png 748w, https:\/\/graziamagazine.com\/mx\/wp-content\/uploads\/sites\/13\/2017\/07\/Screen-Shot-2017-07-14-at-12.12.05-PM.png?resize=150,150 150w, https:\/\/graziamagazine.com\/mx\/wp-content\/uploads\/sites\/13\/2017\/07\/Screen-Shot-2017-07-14-at-12.12.05-PM.png?resize=450,450 450w, https:\/\/graziamagazine.com\/mx\/wp-content\/uploads\/sites\/13\/2017\/07\/Screen-Shot-2017-07-14-at-12.12.05-PM.png?resize=155,155 155w\" sizes=\"(max-width: 748px) 100vw, 748px\" \/><figcaption id=\"caption-attachment-27438\" class=\"wp-caption-text\">@caramiello_studio_foto.<\/figcaption><\/figure>\n<p>&nbsp;<\/p>\n<h5><strong><em>*IM\u00c1GENES: Getty Images \/ Instagram.<\/em><\/strong><\/h5>\n","protected":false},"author":11636,"featured_media":27436,"template":"","format":"standard","categories":[5,4],"acf":[],"yoast_head":"<!-- This site is optimized with the Yoast SEO Premium plugin v18.5 (Yoast SEO v20.4) - https:\/\/yoast.com\/wordpress\/plugins\/seo\/ -->\n<title>N\u00c1POLES CELEBRA LA PASI\u00d3N DE GIANNI VERSACE POR LA MAGNA ROMA | Grazia M\u00e9xico y Latinoam\u00e9rica<\/title>\n<meta name=\"description\" content=\"A trav\u00e9s de una exhibici\u00f3n que hoy abre sus puertas, la ciudad italiana hace un recorrido a trav\u00e9s de la carrera del talentoso Gianni Versace.\" \/>\n<meta name=\"robots\" content=\"index, follow, max-snippet:-1, max-image-preview:large, max-video-preview:-1\" \/>\n<link rel=\"canonical\" href=\"https:\/\/graziamagazine.com\/mx\/articles\/napoles-gianni-versace-magna-roma\/\" \/>\n<meta property=\"og:locale\" content=\"es_MX\" \/>\n<meta property=\"og:type\" content=\"article\" \/>\n<meta property=\"og:title\" content=\"N\u00c1POLES CELEBRA LA PASI\u00d3N DE GIANNI VERSACE POR LA MAGNA ROMA\" \/>\n<meta property=\"og:description\" content=\"A trav\u00e9s de una exhibici\u00f3n que hoy abre sus puertas, la ciudad italiana hace un recorrido a trav\u00e9s de la carrera del talentoso Gianni Versace.\" \/>\n<meta property=\"og:url\" content=\"https:\/\/graziamagazine.com\/mx\/articles\/napoles-gianni-versace-magna-roma\/\" \/>\n<meta property=\"og:site_name\" content=\"Grazia M\u00e9xico y Latinoam\u00e9rica\" \/>\n<meta property=\"article:modified_time\" content=\"2017-07-14T17:15:06+00:00\" \/>\n<meta property=\"og:image\" content=\"https:\/\/graziamagazine.com\/mx\/wp-content\/uploads\/sites\/13\/2017\/07\/gianni-versace.jpg?fit=1400%2C788\" \/>\n\t<meta property=\"og:image:width\" content=\"1400\" \/>\n\t<meta property=\"og:image:height\" content=\"788\" \/>\n\t<meta property=\"og:image:type\" content=\"image\/jpeg\" \/>\n<meta name=\"twitter:card\" content=\"summary_large_image\" \/>\n<meta name=\"twitter:label1\" content=\"Est. reading time\" \/>\n\t<meta name=\"twitter:data1\" content=\"2 minutos\" \/>\n<script type=\"application\/ld+json\" class=\"yoast-schema-graph\">{\"@context\":\"https:\/\/schema.org\",\"@graph\":[{\"@type\":\"WebPage\",\"@id\":\"https:\/\/graziamagazine.com\/mx\/articles\/napoles-gianni-versace-magna-roma\/\",\"url\":\"https:\/\/graziamagazine.com\/mx\/articles\/napoles-gianni-versace-magna-roma\/\",\"name\":\"N\u00c1POLES CELEBRA LA PASI\u00d3N DE GIANNI VERSACE POR LA MAGNA ROMA | Grazia M\u00e9xico y Latinoam\u00e9rica\",\"isPartOf\":{\"@id\":\"https:\/\/graziamagazine.com\/mx\/#website\"},\"datePublished\":\"2017-07-14T17:14:31+00:00\",\"dateModified\":\"2017-07-14T17:15:06+00:00\",\"description\":\"A trav\u00e9s de una exhibici\u00f3n que hoy abre sus puertas, la ciudad italiana hace un recorrido a trav\u00e9s de la carrera del talentoso Gianni Versace.\",\"breadcrumb\":{\"@id\":\"https:\/\/graziamagazine.com\/mx\/articles\/napoles-gianni-versace-magna-roma\/#breadcrumb\"},\"inLanguage\":\"es-MX\",\"potentialAction\":[{\"@type\":\"ReadAction\",\"target\":[\"https:\/\/graziamagazine.com\/mx\/articles\/napoles-gianni-versace-magna-roma\/\"]}]},{\"@type\":\"BreadcrumbList\",\"@id\":\"https:\/\/graziamagazine.com\/mx\/articles\/napoles-gianni-versace-magna-roma\/#breadcrumb\",\"itemListElement\":[{\"@type\":\"ListItem\",\"position\":1,\"name\":\"Home\",\"item\":\"https:\/\/graziamagazine.com\/mx\/\"},{\"@type\":\"ListItem\",\"position\":2,\"name\":\"N\u00c1POLES CELEBRA LA PASI\u00d3N DE GIANNI VERSACE POR LA MAGNA ROMA\"}]},{\"@type\":\"WebSite\",\"@id\":\"https:\/\/graziamagazine.com\/mx\/#website\",\"url\":\"https:\/\/graziamagazine.com\/mx\/\",\"name\":\"Grazia M\u00e9xico y Latinoam\u00e9rica\",\"description\":\"Grazia es moda, belleza y noticias  de actualidad \",\"potentialAction\":[{\"@type\":\"SearchAction\",\"target\":{\"@type\":\"EntryPoint\",\"urlTemplate\":\"https:\/\/graziamagazine.com\/mx\/?s={search_term_string}\"},\"query-input\":\"required name=search_term_string\"}],\"inLanguage\":\"es-MX\"}]}<\/script>\n<!-- \/ Yoast SEO Premium plugin. -->","yoast_head_json":{"title":"N\u00c1POLES CELEBRA LA PASI\u00d3N DE GIANNI VERSACE POR LA MAGNA ROMA | Grazia M\u00e9xico y Latinoam\u00e9rica","description":"A trav\u00e9s de una exhibici\u00f3n que hoy abre sus puertas, la ciudad italiana hace un recorrido a trav\u00e9s de la carrera del talentoso Gianni Versace.","robots":{"index":"index","follow":"follow","max-snippet":"max-snippet:-1","max-image-preview":"max-image-preview:large","max-video-preview":"max-video-preview:-1"},"canonical":"https:\/\/graziamagazine.com\/mx\/articles\/napoles-gianni-versace-magna-roma\/","og_locale":"es_MX","og_type":"article","og_title":"N\u00c1POLES CELEBRA LA PASI\u00d3N DE GIANNI VERSACE POR LA MAGNA ROMA","og_description":"A trav\u00e9s de una exhibici\u00f3n que hoy abre sus puertas, la ciudad italiana hace un recorrido a trav\u00e9s de la carrera del talentoso Gianni Versace.","og_url":"https:\/\/graziamagazine.com\/mx\/articles\/napoles-gianni-versace-magna-roma\/","og_site_name":"Grazia M\u00e9xico y Latinoam\u00e9rica","article_modified_time":"2017-07-14T17:15:06+00:00","og_image":[{"width":1400,"height":788,"url":"https:\/\/graziamagazine.com\/mx\/wp-content\/uploads\/sites\/13\/2017\/07\/gianni-versace.jpg?fit=1400%2C788","type":"image\/jpeg"}],"twitter_card":"summary_large_image","twitter_misc":{"Est. reading time":"2 minutos"},"schema":{"@context":"https:\/\/schema.org","@graph":[{"@type":"WebPage","@id":"https:\/\/graziamagazine.com\/mx\/articles\/napoles-gianni-versace-magna-roma\/","url":"https:\/\/graziamagazine.com\/mx\/articles\/napoles-gianni-versace-magna-roma\/","name":"N\u00c1POLES CELEBRA LA PASI\u00d3N DE GIANNI VERSACE POR LA MAGNA ROMA | Grazia M\u00e9xico y Latinoam\u00e9rica","isPartOf":{"@id":"https:\/\/graziamagazine.com\/mx\/#website"},"datePublished":"2017-07-14T17:14:31+00:00","dateModified":"2017-07-14T17:15:06+00:00","description":"A trav\u00e9s de una exhibici\u00f3n que hoy abre sus puertas, la ciudad italiana hace un recorrido a trav\u00e9s de la carrera del talentoso Gianni Versace.","breadcrumb":{"@id":"https:\/\/graziamagazine.com\/mx\/articles\/napoles-gianni-versace-magna-roma\/#breadcrumb"},"inLanguage":"es-MX","potentialAction":[{"@type":"ReadAction","target":["https:\/\/graziamagazine.com\/mx\/articles\/napoles-gianni-versace-magna-roma\/"]}]},{"@type":"BreadcrumbList","@id":"https:\/\/graziamagazine.com\/mx\/articles\/napoles-gianni-versace-magna-roma\/#breadcrumb","itemListElement":[{"@type":"ListItem","position":1,"name":"Home","item":"https:\/\/graziamagazine.com\/mx\/"},{"@type":"ListItem","position":2,"name":"N\u00c1POLES CELEBRA LA PASI\u00d3N DE GIANNI VERSACE POR LA MAGNA ROMA"}]},{"@type":"WebSite","@id":"https:\/\/graziamagazine.com\/mx\/#website","url":"https:\/\/graziamagazine.com\/mx\/","name":"Grazia M\u00e9xico y Latinoam\u00e9rica","description":"Grazia es moda, belleza y noticias  de actualidad ","potentialAction":[{"@type":"SearchAction","target":{"@type":"EntryPoint","urlTemplate":"https:\/\/graziamagazine.com\/mx\/?s={search_term_string}"},"query-input":"required name=search_term_string"}],"inLanguage":"es-MX"}]}},"jetpack_sharing_enabled":true,"distributor_meta":false,"distributor_terms":false,"distributor_media":false,"distributor_original_site_name":"Grazia M\u00e9xico y Latinoam\u00e9rica","distributor_original_site_url":"https:\/\/graziamagazine.com\/mx","push-errors":false,"_links":{"self":[{"href":"https:\/\/graziamagazine.com\/mx\/wp-json\/wp\/v2\/articles\/27435"}],"collection":[{"href":"https:\/\/graziamagazine.com\/mx\/wp-json\/wp\/v2\/articles"}],"about":[{"href":"https:\/\/graziamagazine.com\/mx\/wp-json\/wp\/v2\/types\/articles"}],"author":[{"embeddable":true,"href":"https:\/\/graziamagazine.com\/mx\/wp-json\/wp\/v2\/users\/11636"}],"wp:featuredmedia":[{"embeddable":true,"href":"https:\/\/graziamagazine.com\/mx\/wp-json\/wp\/v2\/media\/27436"}],"wp:attachment":[{"href":"https:\/\/graziamagazine.com\/mx\/wp-json\/wp\/v2\/media?parent=27435"}],"wp:term":[{"taxonomy":"category","embeddable":true,"href":"https:\/\/graziamagazine.com\/mx\/wp-json\/wp\/v2\/categories?post=27435"}],"curies":[{"name":"wp","href":"https:\/\/api.w.org\/{rel}","templated":true}]}}