{"id":27279,"date":"2017-07-12T15:17:46","date_gmt":"2017-07-12T21:17:46","guid":{"rendered":"https:\/\/graziamagazine.com\/mx\/?p=27279"},"modified":"2020-01-09T10:58:51","modified_gmt":"2020-01-09T15:58:51","slug":"colette-cierra-sus-puertas","status":"publish","type":"articles","link":"https:\/\/graziamagazine.com\/mx\/articles\/colette-cierra-sus-puertas\/","title":{"rendered":"Colette cierra sus puertas luego de 20 a\u00f1os"},"content":{"rendered":"<p><strong>La visita\u00a0obligada en Par\u00eds, Colette, cierra sus puertas despu\u00e9s de ense\u00f1arnos una nueva forma de hacer shopping, durante veinte a\u00f1os.<\/strong><\/p>\n<p><!--more--><\/p>\n<p><span style=\"font-weight: 400;\">Esto no es un simulacro: la industria est\u00e1 de luto pues Colette, un destino forzoso durante <\/span><i><span style=\"font-weight: 400;\">Paris Fashion Week<\/span><\/i><span style=\"font-weight: 400;\">, cerrar\u00e1 sus puerta luego de dos d\u00e9cadas. <\/span><\/p>\n<p><span style=\"font-weight: 400;\">El anuncio <a href=\"https:\/\/www.instagram.com\/p\/BWcOgezAu5m\/?taken-by=sarahcolette\" target=\"_blank\" rel=\"noopener\" target=\"_blank\"><span style=\"text-decoration: underline;\"><strong>publicado<\/strong><\/span><\/a> por Sarah Andelman, a trav\u00e9s de su cuenta de Instagram, tom\u00f3\u00a0por sorpresa a todos quienes disfrutaban de hacer <em>shopping<\/em> durante sus viajes a la capital francesa.<\/span><\/p>\n<p><span style=\"font-weight: 400;\">Durante el resto del a\u00f1o, el primer piso de la <\/span><i><span style=\"font-weight: 400;\">concept store<\/span><\/i><span style=\"font-weight: 400;\"> ser\u00e1 <a href=\"https:\/\/www.businessoffashion.com\/articles\/intelligence\/colette-collaboration-20-years-balenciaga-sacai-lucien-pages\" target=\"_blank\"><span style=\"text-decoration: underline;\"><strong>tomado<\/strong><\/span><\/a> por m\u00faltiples firmas empezando con Balenciaga para seguir con Sacai, Thom Browne, Chanel, y concluir con Saint Laurent el 20 de diciembre, mismo d\u00eda que la tienda pondr\u00e1 fin a su traves\u00eda.<\/span><\/p>\n<p>&nbsp;<\/p>\n<figure id=\"attachment_27281\" aria-describedby=\"caption-attachment-27281\" style=\"width: 700px\" class=\"wp-caption alignnone\"><img loading=\"lazy\" decoding=\"async\" class=\"wp-image-27281 size-large\" title=\"Colette cierra sus puertas luego de 20 a\u00f1os\" src=\"https:\/\/graziamagazine.com\/mx\/wp-content\/uploads\/sites\/13\/2017\/07\/Chanel-Colette-Collaborate-Pop-Up-Store-Rue-St-Honore-Paris-700x1004.jpg\" alt=\"Colette cierra sus puertas luego de 20 a\u00f1os\" width=\"700\" height=\"1004\" \/><figcaption id=\"caption-attachment-27281\" class=\"wp-caption-text\">Pop-up Chanel, 2011.<\/figcaption><\/figure>\n<p><span style=\"font-weight: 400;\">El proyecto fundado por Sarah Andelman, Directora Creativa y Gerente de Compras, y su mam\u00e1, Colette Roussaux, revolucion\u00f3 la experiencia de hacer shopping. Los puntos azules se volvieron un \u00edcono y sus <\/span><i><span style=\"font-weight: 400;\">window displays<\/span><\/i><span style=\"font-weight: 400;\"> (que cambiaban cada semana) derramaron creatividad absoluta. <\/span><\/p>\n<p><span style=\"font-weight: 400;\">Con objetos de culto y colaboraciones a su disposici\u00f3n, fue posible encontrar un kit viajero o un encendedor de tus firmas preferidas. La f\u00f3rmula de Colette, seg\u00fan declar\u00f3 Karl Lagerfeld a <\/span><i><span style=\"font-weight: 400;\">The Business of Fashion<\/span><\/i><span style=\"font-weight: 400;\">, era imposible de emular y por ello, siempre se consider\u00f3 fan y cliente frecuente de la tienda.<\/span><\/p>\n<p><img loading=\"lazy\" decoding=\"async\" class=\"alignnone wp-image-27283 size-full\" title=\"Karl Lagerfeld en Colette\" src=\"https:\/\/graziamagazine.com\/mx\/wp-content\/uploads\/sites\/13\/2017\/07\/@karllagerfeld-candle-colette-KarlLagerfeld.jpg\" alt=\"Karl Lagerfeld en Colette\" width=\"640\" height=\"640\" srcset=\"https:\/\/graziamagazine.com\/mx\/wp-content\/uploads\/sites\/13\/2017\/07\/@karllagerfeld-candle-colette-KarlLagerfeld.jpg 640w, https:\/\/graziamagazine.com\/mx\/wp-content\/uploads\/sites\/13\/2017\/07\/@karllagerfeld-candle-colette-KarlLagerfeld.jpg?resize=150,150 150w, https:\/\/graziamagazine.com\/mx\/wp-content\/uploads\/sites\/13\/2017\/07\/@karllagerfeld-candle-colette-KarlLagerfeld.jpg?resize=450,450 450w, https:\/\/graziamagazine.com\/mx\/wp-content\/uploads\/sites\/13\/2017\/07\/@karllagerfeld-candle-colette-KarlLagerfeld.jpg?resize=155,155 155w\" sizes=\"(max-width: 640px) 100vw, 640px\" \/><\/p>\n<p>&nbsp;<\/p>\n<p><span style=\"font-weight: 400;\">Para los nuevos dise\u00f1adores, los 750 metros cuadrados ubicada en 213 rue Saint-Honor\u00e9, eran un oasis en donde su creatividad se expon\u00eda de manera colectiva. <\/span><\/p>\n<p><span style=\"font-weight: 400;\">No importaba si su nicho eran los productos de belleza, la tecnolog\u00eda, o la moda; en Colette siempre hab\u00eda lugar para quien demostrara tener una est\u00e9tica fuera de lo com\u00fan, pero el potencial para hacerlo comercial. <\/span><\/p>\n<p>&nbsp;<\/p>\n<figure id=\"attachment_27284\" aria-describedby=\"caption-attachment-27284\" style=\"width: 700px\" class=\"wp-caption alignnone\"><img loading=\"lazy\" decoding=\"async\" class=\"wp-image-27284 size-large\" title=\"Colette cierra sus puertas luego de 20 a\u00f1os\" src=\"https:\/\/graziamagazine.com\/mx\/wp-content\/uploads\/sites\/13\/2017\/07\/pharrell-teams-up-with-laduree-and-colette-for-a-limited-edition-macaron-box-1-700x466.jpg\" alt=\"Colette cierra sus puertas luego de 20 a\u00f1os\" width=\"700\" height=\"466\" \/><figcaption id=\"caption-attachment-27284\" class=\"wp-caption-text\">Colette y Pharrell para Ladure\u00e9, 2014.<\/figcaption><\/figure>\n<p>&nbsp;<\/p>\n<p><span style=\"font-weight: 400;\">Ahora, <strong><em>\u201cla luz de la Ciudad de la Luz\u201d<\/em><\/strong>, como el famoso DJ Michel Gaubert la llamo, se apaga.<\/span><\/p>\n<p><span style=\"font-weight: 400;\">Sin poder sanar esta herida, estaremos al pendiente del siguiente paso de Sarah, pues sabemos que parte del rotundo \u00e9xito fue gracias a su determinaci\u00f3n por crear un <\/span><i><span style=\"font-weight: 400;\">hot spot<\/span><\/i><span style=\"font-weight: 400;\"> \u00fanico en la capital de la moda.<\/span><\/p>\n<p>&nbsp;<\/p>\n<p><span style=\"font-weight: 400;\">Con el cierre de la tienda, el sitio<\/span><a href=\"http:\/\/colette.fr\" target=\"_blank\" rel=\"noopener\" target=\"_blank\"> <span style=\"font-weight: 400;\">colette.fr<\/span><\/a><span style=\"font-weight: 400;\"> tambi\u00e9n ser\u00e1 apagado en el espacio cibern\u00e9tico y sin ning\u00fan sobreviviente. Hasta siempre, Colette.<\/span><\/p>\n<p>&nbsp;<\/p>\n<figure id=\"attachment_27285\" aria-describedby=\"caption-attachment-27285\" style=\"width: 700px\" class=\"wp-caption alignnone\"><img loading=\"lazy\" decoding=\"async\" class=\"wp-image-27285 size-large\" title=\"Colette cierra sus puertas luego de 20 a\u00f1os\" src=\"https:\/\/graziamagazine.com\/mx\/wp-content\/uploads\/sites\/13\/2017\/07\/Untitled-2-1-1410x630-700x313.jpg\" alt=\"Colette cierra sus puertas luego de 20 a\u00f1os\" width=\"700\" height=\"313\" srcset=\"https:\/\/graziamagazine.com\/mx\/wp-content\/uploads\/sites\/13\/2017\/07\/Untitled-2-1-1410x630-700x313.jpg 700w, https:\/\/graziamagazine.com\/mx\/wp-content\/uploads\/sites\/13\/2017\/07\/Untitled-2-1-1410x630-250x112.jpg 250w, https:\/\/graziamagazine.com\/mx\/wp-content\/uploads\/sites\/13\/2017\/07\/Untitled-2-1-1410x630-768x343.jpg 768w, https:\/\/graziamagazine.com\/mx\/wp-content\/uploads\/sites\/13\/2017\/07\/Untitled-2-1-1410x630-120x54.jpg 120w, https:\/\/graziamagazine.com\/mx\/wp-content\/uploads\/sites\/13\/2017\/07\/Untitled-2-1-1410x630.jpg 1410w\" sizes=\"(max-width: 700px) 100vw, 700px\" \/><figcaption id=\"caption-attachment-27285\" class=\"wp-caption-text\">Esteban Cort\u00e1zar, 2016.<\/figcaption><\/figure>\n<p>&nbsp;<\/p>\n<h5><strong><em>*FOTOS: Colette Paris \/ @karllagerfeld.<\/em><\/strong><\/h5>\n","protected":false},"author":11636,"featured_media":27280,"template":"","format":"standard","categories":[5,4,10],"acf":[],"yoast_head":"<!-- This site is optimized with the Yoast SEO Premium plugin v18.5 (Yoast SEO v20.4) - https:\/\/yoast.com\/wordpress\/plugins\/seo\/ -->\n<title>Colette cierra sus puertas luego de 20 a\u00f1os | Grazia M\u00e9xico y Latinoam\u00e9rica<\/title>\n<meta name=\"description\" content=\"La visita obligada en Par\u00eds, Colette, cierra sus puertas despu\u00e9s de ense\u00f1arnos una nueva forma de hacer shopping, durante veinte a\u00f1os.\" \/>\n<meta name=\"robots\" content=\"index, follow, max-snippet:-1, max-image-preview:large, max-video-preview:-1\" \/>\n<link rel=\"canonical\" href=\"https:\/\/graziamagazine.com\/mx\/articles\/colette-cierra-sus-puertas\/\" \/>\n<meta property=\"og:locale\" content=\"es_MX\" \/>\n<meta property=\"og:type\" content=\"article\" \/>\n<meta property=\"og:title\" content=\"Colette cierra sus puertas luego de 20 a\u00f1os\" \/>\n<meta property=\"og:description\" content=\"La visita obligada en Par\u00eds, Colette, cierra sus puertas despu\u00e9s de ense\u00f1arnos una nueva forma de hacer shopping, durante veinte a\u00f1os.\" \/>\n<meta property=\"og:url\" content=\"https:\/\/graziamagazine.com\/mx\/articles\/colette-cierra-sus-puertas\/\" \/>\n<meta property=\"og:site_name\" content=\"Grazia M\u00e9xico y Latinoam\u00e9rica\" \/>\n<meta property=\"article:modified_time\" content=\"2020-01-09T15:58:51+00:00\" \/>\n<meta property=\"og:image\" content=\"https:\/\/graziamagazine.com\/mx\/wp-content\/uploads\/sites\/13\/2017\/07\/balenciagalogo-1650x930-e1578585521462.jpg?fit=900%2C507\" \/>\n\t<meta property=\"og:image:width\" content=\"900\" \/>\n\t<meta property=\"og:image:height\" content=\"507\" \/>\n\t<meta property=\"og:image:type\" content=\"image\/jpeg\" \/>\n<meta name=\"twitter:card\" content=\"summary_large_image\" \/>\n<meta name=\"twitter:label1\" content=\"Est. reading time\" \/>\n\t<meta name=\"twitter:data1\" content=\"2 minutos\" \/>\n<script type=\"application\/ld+json\" class=\"yoast-schema-graph\">{\"@context\":\"https:\/\/schema.org\",\"@graph\":[{\"@type\":\"WebPage\",\"@id\":\"https:\/\/graziamagazine.com\/mx\/articles\/colette-cierra-sus-puertas\/\",\"url\":\"https:\/\/graziamagazine.com\/mx\/articles\/colette-cierra-sus-puertas\/\",\"name\":\"Colette cierra sus puertas luego de 20 a\u00f1os | Grazia M\u00e9xico y Latinoam\u00e9rica\",\"isPartOf\":{\"@id\":\"https:\/\/graziamagazine.com\/mx\/#website\"},\"datePublished\":\"2017-07-12T21:17:46+00:00\",\"dateModified\":\"2020-01-09T15:58:51+00:00\",\"description\":\"La visita obligada en Par\u00eds, Colette, cierra sus puertas despu\u00e9s de ense\u00f1arnos una nueva forma de hacer shopping, durante veinte a\u00f1os.\",\"breadcrumb\":{\"@id\":\"https:\/\/graziamagazine.com\/mx\/articles\/colette-cierra-sus-puertas\/#breadcrumb\"},\"inLanguage\":\"es-MX\",\"potentialAction\":[{\"@type\":\"ReadAction\",\"target\":[\"https:\/\/graziamagazine.com\/mx\/articles\/colette-cierra-sus-puertas\/\"]}]},{\"@type\":\"BreadcrumbList\",\"@id\":\"https:\/\/graziamagazine.com\/mx\/articles\/colette-cierra-sus-puertas\/#breadcrumb\",\"itemListElement\":[{\"@type\":\"ListItem\",\"position\":1,\"name\":\"Home\",\"item\":\"https:\/\/graziamagazine.com\/mx\/\"},{\"@type\":\"ListItem\",\"position\":2,\"name\":\"Colette cierra sus puertas luego de 20 a\u00f1os\"}]},{\"@type\":\"WebSite\",\"@id\":\"https:\/\/graziamagazine.com\/mx\/#website\",\"url\":\"https:\/\/graziamagazine.com\/mx\/\",\"name\":\"Grazia M\u00e9xico y Latinoam\u00e9rica\",\"description\":\"Grazia es moda, belleza y noticias  de actualidad \",\"potentialAction\":[{\"@type\":\"SearchAction\",\"target\":{\"@type\":\"EntryPoint\",\"urlTemplate\":\"https:\/\/graziamagazine.com\/mx\/?s={search_term_string}\"},\"query-input\":\"required name=search_term_string\"}],\"inLanguage\":\"es-MX\"}]}<\/script>\n<!-- \/ Yoast SEO Premium plugin. -->","yoast_head_json":{"title":"Colette cierra sus puertas luego de 20 a\u00f1os | Grazia M\u00e9xico y Latinoam\u00e9rica","description":"La visita obligada en Par\u00eds, Colette, cierra sus puertas despu\u00e9s de ense\u00f1arnos una nueva forma de hacer shopping, durante veinte a\u00f1os.","robots":{"index":"index","follow":"follow","max-snippet":"max-snippet:-1","max-image-preview":"max-image-preview:large","max-video-preview":"max-video-preview:-1"},"canonical":"https:\/\/graziamagazine.com\/mx\/articles\/colette-cierra-sus-puertas\/","og_locale":"es_MX","og_type":"article","og_title":"Colette cierra sus puertas luego de 20 a\u00f1os","og_description":"La visita obligada en Par\u00eds, Colette, cierra sus puertas despu\u00e9s de ense\u00f1arnos una nueva forma de hacer shopping, durante veinte a\u00f1os.","og_url":"https:\/\/graziamagazine.com\/mx\/articles\/colette-cierra-sus-puertas\/","og_site_name":"Grazia M\u00e9xico y Latinoam\u00e9rica","article_modified_time":"2020-01-09T15:58:51+00:00","og_image":[{"width":900,"height":507,"url":"https:\/\/graziamagazine.com\/mx\/wp-content\/uploads\/sites\/13\/2017\/07\/balenciagalogo-1650x930-e1578585521462.jpg?fit=900%2C507","type":"image\/jpeg"}],"twitter_card":"summary_large_image","twitter_misc":{"Est. reading time":"2 minutos"},"schema":{"@context":"https:\/\/schema.org","@graph":[{"@type":"WebPage","@id":"https:\/\/graziamagazine.com\/mx\/articles\/colette-cierra-sus-puertas\/","url":"https:\/\/graziamagazine.com\/mx\/articles\/colette-cierra-sus-puertas\/","name":"Colette cierra sus puertas luego de 20 a\u00f1os | Grazia M\u00e9xico y Latinoam\u00e9rica","isPartOf":{"@id":"https:\/\/graziamagazine.com\/mx\/#website"},"datePublished":"2017-07-12T21:17:46+00:00","dateModified":"2020-01-09T15:58:51+00:00","description":"La visita obligada en Par\u00eds, Colette, cierra sus puertas despu\u00e9s de ense\u00f1arnos una nueva forma de hacer shopping, durante veinte a\u00f1os.","breadcrumb":{"@id":"https:\/\/graziamagazine.com\/mx\/articles\/colette-cierra-sus-puertas\/#breadcrumb"},"inLanguage":"es-MX","potentialAction":[{"@type":"ReadAction","target":["https:\/\/graziamagazine.com\/mx\/articles\/colette-cierra-sus-puertas\/"]}]},{"@type":"BreadcrumbList","@id":"https:\/\/graziamagazine.com\/mx\/articles\/colette-cierra-sus-puertas\/#breadcrumb","itemListElement":[{"@type":"ListItem","position":1,"name":"Home","item":"https:\/\/graziamagazine.com\/mx\/"},{"@type":"ListItem","position":2,"name":"Colette cierra sus puertas luego de 20 a\u00f1os"}]},{"@type":"WebSite","@id":"https:\/\/graziamagazine.com\/mx\/#website","url":"https:\/\/graziamagazine.com\/mx\/","name":"Grazia M\u00e9xico y Latinoam\u00e9rica","description":"Grazia es moda, belleza y noticias  de actualidad ","potentialAction":[{"@type":"SearchAction","target":{"@type":"EntryPoint","urlTemplate":"https:\/\/graziamagazine.com\/mx\/?s={search_term_string}"},"query-input":"required name=search_term_string"}],"inLanguage":"es-MX"}]}},"jetpack_sharing_enabled":true,"distributor_meta":false,"distributor_terms":false,"distributor_media":false,"distributor_original_site_name":"Grazia M\u00e9xico y Latinoam\u00e9rica","distributor_original_site_url":"https:\/\/graziamagazine.com\/mx","push-errors":false,"_links":{"self":[{"href":"https:\/\/graziamagazine.com\/mx\/wp-json\/wp\/v2\/articles\/27279"}],"collection":[{"href":"https:\/\/graziamagazine.com\/mx\/wp-json\/wp\/v2\/articles"}],"about":[{"href":"https:\/\/graziamagazine.com\/mx\/wp-json\/wp\/v2\/types\/articles"}],"author":[{"embeddable":true,"href":"https:\/\/graziamagazine.com\/mx\/wp-json\/wp\/v2\/users\/11636"}],"wp:featuredmedia":[{"embeddable":true,"href":"https:\/\/graziamagazine.com\/mx\/wp-json\/wp\/v2\/media\/27280"}],"wp:attachment":[{"href":"https:\/\/graziamagazine.com\/mx\/wp-json\/wp\/v2\/media?parent=27279"}],"wp:term":[{"taxonomy":"category","embeddable":true,"href":"https:\/\/graziamagazine.com\/mx\/wp-json\/wp\/v2\/categories?post=27279"}],"curies":[{"name":"wp","href":"https:\/\/api.w.org\/{rel}","templated":true}]}}