{"id":26924,"date":"2017-07-06T12:44:17","date_gmt":"2017-07-06T18:44:17","guid":{"rendered":"https:\/\/graziamagazine.com\/mx\/?p=26924"},"modified":"2017-07-06T12:51:28","modified_gmt":"2017-07-06T18:51:28","slug":"trend-alert-sombreros-haute-couture-fw17","status":"publish","type":"articles","link":"https:\/\/graziamagazine.com\/mx\/articles\/trend-alert-sombreros-haute-couture-fw17\/","title":{"rendered":"TREND ALERT: LOS SOMBREROS DE HAUTE COUTURE FW17"},"content":{"rendered":"<p><strong>Adem\u00e1s de las confecciones\u00a0de ensue\u00f1o, los sombreros dieron de qu\u00e9 hablar durante la semana de Haute Couture FW17. \u00a1Considera incluirlos en tu <em>look<\/em>!<\/strong><\/p>\n<p><!--more--><\/p>\n<p>\u2013\u2013\u2013\u2013<\/p>\n<p><img loading=\"lazy\" decoding=\"async\" class=\"alignnone size-large wp-image-26925\" src=\"https:\/\/graziamagazine.com\/mx\/wp-content\/uploads\/sites\/13\/2017\/07\/chanel-amb-070417-dm0767-1024x711.jpg\" alt=\"SOMBREROS HAUTE COUTURE FW17\" width=\"1024\" height=\"711\" \/><\/p>\n<h3><span style=\"font-weight: 400;\">Por Mar\u00eda Jos\u00e9 Gonz\u00e1lvez <\/span><\/h3>\n<p>&nbsp;<\/p>\n<p><span style=\"font-weight: 400;\">No es ning\u00fan secreto de que la semana de la alta costura en Par\u00eds, es el momento en el que los dise\u00f1adores se convierten en verdaderos artistas, y Haute Couture FW17 no fue\u00a0la excepci\u00f3n.<\/span><\/p>\n<p><span style=\"font-weight: 400;\">Esta temporada, las <\/span><i><span style=\"font-weight: 400;\">maisons<\/span><\/i><span style=\"font-weight: 400;\"> m\u00e1s exclusivas y aquellas firmas que tienen la fortuna de ser parte de esta agenda,<\/span><span style=\"font-weight: 400;\">\u00a0derramaron elegancia con su perfecci\u00f3n\u00a0al\u00a0confeccionar.<\/span><\/p>\n<p><span style=\"font-weight: 400;\">Sin dejar de lado de los vestidos y conjuntos que presentaron, los accesorios para el pelo brillaron como nunca. Varios\u00a0dise\u00f1adores incorporaron un arsenal de tocados y sombreros que hicieron de las propuestas lucieran completamente modernas. Aqu\u00ed te presentamos nuestras favoritas:<\/span><\/p>\n<p>&nbsp;<\/p>\n<h2><span style=\"font-weight: 400;\">Azzedine Ala\u00efa<\/span><\/h2>\n<p><span style=\"font-weight: 400;\">El <\/span><i><span style=\"font-weight: 400;\">couturier<\/span><\/i><span style=\"font-weight: 400;\"> que regres\u00f3 a las pasarelas con su colecci\u00f3n alta costura FW17, envolvi\u00f3 el cabello en turbantes de apariencia\u00a0pl\u00e1stica, concentrando el volumen en un chongo alto y dando pie a la piezas para resaltar por si solas.<\/span><\/p>\n<p>&nbsp;<\/p>\n<p><img loading=\"lazy\" decoding=\"async\" class=\"alignnone size-full wp-image-26932\" src=\"https:\/\/graziamagazine.com\/mx\/wp-content\/uploads\/sites\/13\/2017\/07\/Alaia-2.jpeg\" alt=\"SOMBREROS HAUTE COUTURE FW17 AZZEDINE ALAIA\" width=\"600\" height=\"900\" srcset=\"https:\/\/graziamagazine.com\/mx\/wp-content\/uploads\/sites\/13\/2017\/07\/Alaia-2.jpeg 600w, https:\/\/graziamagazine.com\/mx\/wp-content\/uploads\/sites\/13\/2017\/07\/Alaia-2.jpeg?resize=300,450 300w, https:\/\/graziamagazine.com\/mx\/wp-content\/uploads\/sites\/13\/2017\/07\/Alaia-2.jpeg?resize=143,215 143w\" sizes=\"(max-width: 600px) 100vw, 600px\" \/><\/p>\n<p>&nbsp;<\/p>\n<p><img loading=\"lazy\" decoding=\"async\" class=\"alignnone size-full wp-image-26933\" src=\"https:\/\/graziamagazine.com\/mx\/wp-content\/uploads\/sites\/13\/2017\/07\/Alaia.jpeg\" alt=\"SOMBREROS HAUTE COUTURE FW17 AZZEDINE ALAIA\" width=\"600\" height=\"900\" srcset=\"https:\/\/graziamagazine.com\/mx\/wp-content\/uploads\/sites\/13\/2017\/07\/Alaia.jpeg 600w, https:\/\/graziamagazine.com\/mx\/wp-content\/uploads\/sites\/13\/2017\/07\/Alaia.jpeg?resize=300,450 300w, https:\/\/graziamagazine.com\/mx\/wp-content\/uploads\/sites\/13\/2017\/07\/Alaia.jpeg?resize=143,215 143w\" sizes=\"(max-width: 600px) 100vw, 600px\" \/><\/p>\n<p>&nbsp;<\/p>\n<h2><span style=\"font-weight: 400;\">Chanel<\/span><\/h2>\n<p><span style=\"font-weight: 400;\">Los sombreros inspirados en Gabrielle Chanel fueron la cereza en el\u00a0pastel para la colecci\u00f3n de Karl. Hechos en la ic\u00f3nica tela <\/span><i><span style=\"font-weight: 400;\">tweed<\/span><\/i><span style=\"font-weight: 400;\"> y en cuero negro, son la motivaci\u00f3n que necesitas\u00a0para cubrirte de las bajas temperaturas.<\/span><\/p>\n<p>&nbsp;<\/p>\n<p><img loading=\"lazy\" decoding=\"async\" class=\"alignnone size-large wp-image-26929\" src=\"https:\/\/graziamagazine.com\/mx\/wp-content\/uploads\/sites\/13\/2017\/07\/Chanel-2-683x1024.jpeg\" alt=\"SOMBREROS HAUTE COUTURE FW17 CHANEL\" width=\"683\" height=\"1024\" \/><\/p>\n<p>&nbsp;<\/p>\n<p><img loading=\"lazy\" decoding=\"async\" class=\"alignnone size-large wp-image-26928\" src=\"https:\/\/graziamagazine.com\/mx\/wp-content\/uploads\/sites\/13\/2017\/07\/Chanel-683x1024.jpeg\" alt=\"SOMBREROS HAUTE COUTURE FW17 CHANEL\" width=\"683\" height=\"1024\" \/><\/p>\n<p>&nbsp;<\/p>\n<h2><span style=\"font-weight: 400;\">Alexandre Vauthier<\/span><\/h2>\n<p><span style=\"font-weight: 400;\">Para su colecci\u00f3n alta costura, Alexandre decidi\u00f3 agregar sombreros que nos remontaron al tiempo en el que el glamour y <\/span><i><span style=\"font-weight: 400;\">allure<\/span><\/i><span style=\"font-weight: 400;\"> eran parte de la atm\u00f3sfera lujosa. Ladeados, muy al estilo de Laura Bacall&#8230;<\/span><\/p>\n<p>&nbsp;<\/p>\n<p><img loading=\"lazy\" decoding=\"async\" class=\"alignnone size-large wp-image-26926\" src=\"https:\/\/graziamagazine.com\/mx\/wp-content\/uploads\/sites\/13\/2017\/07\/alexandre-vauthier-couture-fall-2017-paris-fashion-week-pfw-0011-682x1024.jpg\" alt=\"SOMBREROS HAUTE COUTURE FW17 ALEXANDRE VAUTHIER\" width=\"682\" height=\"1024\" \/><\/p>\n<p>&nbsp;<\/p>\n<p><img loading=\"lazy\" decoding=\"async\" class=\"alignnone size-large wp-image-26927\" src=\"https:\/\/graziamagazine.com\/mx\/wp-content\/uploads\/sites\/13\/2017\/07\/alexandre-vauthier-couture-fall-2017-paris-fashion-week-pfw-0051-682x1024.jpg\" alt=\"SOMBREROS HAUTE COUTURE FW17 ALEXANDRE VAUTHIER\" width=\"682\" height=\"1024\" \/><\/p>\n<p>&nbsp;<\/p>\n<h2><span style=\"font-weight: 400;\">Ralph &amp; Russo<\/span><\/h2>\n<p><span style=\"font-weight: 400;\">Los sombreros utilizados en la colecci\u00f3n del d\u00fao brit\u00e1nico, nos recordaron a aquella sesi\u00f3n de fotos de Audrey Hepburn que utiliz\u00f3 un sombrero ligeramente m\u00e1s corto que seguro fue mezclado con aquel de Andr\u00e9 Courr\u00e8ges<\/span><\/p>\n<p>&nbsp;<\/p>\n<p><img loading=\"lazy\" decoding=\"async\" class=\"alignnone size-full wp-image-26935\" src=\"https:\/\/graziamagazine.com\/mx\/wp-content\/uploads\/sites\/13\/2017\/07\/Ralph_Russo.jpeg\" alt=\"SOMBREROS HAUTE COUTURE FW17 RALPH RUSSO\" width=\"600\" height=\"900\" srcset=\"https:\/\/graziamagazine.com\/mx\/wp-content\/uploads\/sites\/13\/2017\/07\/Ralph_Russo.jpeg 600w, https:\/\/graziamagazine.com\/mx\/wp-content\/uploads\/sites\/13\/2017\/07\/Ralph_Russo.jpeg?resize=300,450 300w, https:\/\/graziamagazine.com\/mx\/wp-content\/uploads\/sites\/13\/2017\/07\/Ralph_Russo.jpeg?resize=143,215 143w\" sizes=\"(max-width: 600px) 100vw, 600px\" \/><\/p>\n<p>&nbsp;<\/p>\n<p><img loading=\"lazy\" decoding=\"async\" class=\"alignnone size-full wp-image-26934\" src=\"https:\/\/graziamagazine.com\/mx\/wp-content\/uploads\/sites\/13\/2017\/07\/Ralph_Russo-2.jpeg\" alt=\"SOMBREROS HAUTE COUTURE FW17 RALPH RUSSO\" width=\"600\" height=\"900\" srcset=\"https:\/\/graziamagazine.com\/mx\/wp-content\/uploads\/sites\/13\/2017\/07\/Ralph_Russo-2.jpeg 600w, https:\/\/graziamagazine.com\/mx\/wp-content\/uploads\/sites\/13\/2017\/07\/Ralph_Russo-2.jpeg?resize=300,450 300w, https:\/\/graziamagazine.com\/mx\/wp-content\/uploads\/sites\/13\/2017\/07\/Ralph_Russo-2.jpeg?resize=143,215 143w\" sizes=\"(max-width: 600px) 100vw, 600px\" \/><\/p>\n<p>&nbsp;<\/p>\n<h2><span style=\"font-weight: 400;\">Armani Priv\u00e9<\/span><\/h2>\n<p><span style=\"font-weight: 400;\">Giorgio Armani hizo su propia versi\u00f3n de gorros <\/span><i><span style=\"font-weight: 400;\">haute couture<\/span><\/i><span style=\"font-weight: 400;\"> en tulle bordado con ligeras franjas en contraste de texturas. El tocado fue perfecto para acompa\u00f1ar la colecci\u00f3n que inici\u00f3 con tonalidades rom\u00e1nticas y concluy\u00f3 con aires ligeramente m\u00e1s atrevidos.<\/span><\/p>\n<p>&nbsp;<\/p>\n<p><img loading=\"lazy\" decoding=\"async\" class=\"alignnone size-full wp-image-26931\" src=\"https:\/\/graziamagazine.com\/mx\/wp-content\/uploads\/sites\/13\/2017\/07\/Prive.jpeg\" alt=\"SOMBREROS HAUTE COUTURE FW17 ARMANI PRIV\u00c9\" width=\"480\" height=\"720\" srcset=\"https:\/\/graziamagazine.com\/mx\/wp-content\/uploads\/sites\/13\/2017\/07\/Prive.jpeg 480w, https:\/\/graziamagazine.com\/mx\/wp-content\/uploads\/sites\/13\/2017\/07\/Prive.jpeg?resize=300,450 300w, https:\/\/graziamagazine.com\/mx\/wp-content\/uploads\/sites\/13\/2017\/07\/Prive.jpeg?resize=143,215 143w\" sizes=\"(max-width: 480px) 100vw, 480px\" \/><\/p>\n<p>&nbsp;<\/p>\n<p><img loading=\"lazy\" decoding=\"async\" class=\"alignnone size-full wp-image-26930\" src=\"https:\/\/graziamagazine.com\/mx\/wp-content\/uploads\/sites\/13\/2017\/07\/Prive-2.jpeg\" alt=\"SOMBREROS HAUTE COUTURE FW17 ARMANI PRIV\u00c9\" width=\"480\" height=\"720\" srcset=\"https:\/\/graziamagazine.com\/mx\/wp-content\/uploads\/sites\/13\/2017\/07\/Prive-2.jpeg 480w, https:\/\/graziamagazine.com\/mx\/wp-content\/uploads\/sites\/13\/2017\/07\/Prive-2.jpeg?resize=300,450 300w, https:\/\/graziamagazine.com\/mx\/wp-content\/uploads\/sites\/13\/2017\/07\/Prive-2.jpeg?resize=143,215 143w\" sizes=\"(max-width: 480px) 100vw, 480px\" \/><\/p>\n<p>&nbsp;<\/p>\n<h5><strong><em>*FOTOS:\u00a0BoF \/ WWD.<\/em><\/strong><\/h5>\n","protected":false},"author":11636,"featured_media":26925,"template":"","format":"standard","categories":[5,4,10],"acf":[],"yoast_head":"<!-- This site is optimized with the Yoast SEO Premium plugin v18.5 (Yoast SEO v20.4) - https:\/\/yoast.com\/wordpress\/plugins\/seo\/ -->\n<title>TREND ALERT: LOS SOMBREROS DE HAUTE COUTURE FW17 | Grazia M\u00e9xico y Latinoam\u00e9rica<\/title>\n<meta name=\"description\" content=\"Adem\u00e1s de las confecciones de ensue\u00f1o, los sombreros dieron de qu\u00e9 hablar durante la semana de Haute Couture FW17. \u00a1Considera incluirlos en tu look!\" \/>\n<meta name=\"robots\" content=\"index, follow, max-snippet:-1, max-image-preview:large, max-video-preview:-1\" \/>\n<link rel=\"canonical\" href=\"https:\/\/graziamagazine.com\/mx\/articles\/trend-alert-sombreros-haute-couture-fw17\/\" \/>\n<meta property=\"og:locale\" content=\"es_MX\" \/>\n<meta property=\"og:type\" content=\"article\" \/>\n<meta property=\"og:title\" content=\"TREND ALERT: LOS SOMBREROS DE HAUTE COUTURE FW17\" \/>\n<meta property=\"og:description\" content=\"Adem\u00e1s de las confecciones de ensue\u00f1o, los sombreros dieron de qu\u00e9 hablar durante la semana de Haute Couture FW17. \u00a1Considera incluirlos en tu look!\" \/>\n<meta property=\"og:url\" content=\"https:\/\/graziamagazine.com\/mx\/articles\/trend-alert-sombreros-haute-couture-fw17\/\" \/>\n<meta property=\"og:site_name\" content=\"Grazia M\u00e9xico y Latinoam\u00e9rica\" \/>\n<meta property=\"article:modified_time\" content=\"2017-07-06T18:51:28+00:00\" \/>\n<meta property=\"og:image\" content=\"https:\/\/graziamagazine.com\/mx\/wp-content\/uploads\/sites\/13\/2017\/07\/chanel-amb-070417-dm0767.jpg?fit=1365%2C948\" \/>\n\t<meta property=\"og:image:width\" content=\"1365\" \/>\n\t<meta property=\"og:image:height\" content=\"948\" \/>\n\t<meta property=\"og:image:type\" content=\"image\/jpeg\" \/>\n<meta name=\"twitter:card\" content=\"summary_large_image\" \/>\n<meta name=\"twitter:label1\" content=\"Est. reading time\" \/>\n\t<meta name=\"twitter:data1\" content=\"2 minutos\" \/>\n<script type=\"application\/ld+json\" class=\"yoast-schema-graph\">{\"@context\":\"https:\/\/schema.org\",\"@graph\":[{\"@type\":\"WebPage\",\"@id\":\"https:\/\/graziamagazine.com\/mx\/articles\/trend-alert-sombreros-haute-couture-fw17\/\",\"url\":\"https:\/\/graziamagazine.com\/mx\/articles\/trend-alert-sombreros-haute-couture-fw17\/\",\"name\":\"TREND ALERT: LOS SOMBREROS DE HAUTE COUTURE FW17 | Grazia M\u00e9xico y Latinoam\u00e9rica\",\"isPartOf\":{\"@id\":\"https:\/\/graziamagazine.com\/mx\/#website\"},\"datePublished\":\"2017-07-06T18:44:17+00:00\",\"dateModified\":\"2017-07-06T18:51:28+00:00\",\"description\":\"Adem\u00e1s de las confecciones de ensue\u00f1o, los sombreros dieron de qu\u00e9 hablar durante la semana de Haute Couture FW17. \u00a1Considera incluirlos en tu look!\",\"breadcrumb\":{\"@id\":\"https:\/\/graziamagazine.com\/mx\/articles\/trend-alert-sombreros-haute-couture-fw17\/#breadcrumb\"},\"inLanguage\":\"es-MX\",\"potentialAction\":[{\"@type\":\"ReadAction\",\"target\":[\"https:\/\/graziamagazine.com\/mx\/articles\/trend-alert-sombreros-haute-couture-fw17\/\"]}]},{\"@type\":\"BreadcrumbList\",\"@id\":\"https:\/\/graziamagazine.com\/mx\/articles\/trend-alert-sombreros-haute-couture-fw17\/#breadcrumb\",\"itemListElement\":[{\"@type\":\"ListItem\",\"position\":1,\"name\":\"Home\",\"item\":\"https:\/\/graziamagazine.com\/mx\/\"},{\"@type\":\"ListItem\",\"position\":2,\"name\":\"TREND ALERT: LOS SOMBREROS DE HAUTE COUTURE FW17\"}]},{\"@type\":\"WebSite\",\"@id\":\"https:\/\/graziamagazine.com\/mx\/#website\",\"url\":\"https:\/\/graziamagazine.com\/mx\/\",\"name\":\"Grazia M\u00e9xico y Latinoam\u00e9rica\",\"description\":\"Grazia es moda, belleza y noticias  de actualidad \",\"potentialAction\":[{\"@type\":\"SearchAction\",\"target\":{\"@type\":\"EntryPoint\",\"urlTemplate\":\"https:\/\/graziamagazine.com\/mx\/?s={search_term_string}\"},\"query-input\":\"required name=search_term_string\"}],\"inLanguage\":\"es-MX\"}]}<\/script>\n<!-- \/ Yoast SEO Premium plugin. -->","yoast_head_json":{"title":"TREND ALERT: LOS SOMBREROS DE HAUTE COUTURE FW17 | Grazia M\u00e9xico y Latinoam\u00e9rica","description":"Adem\u00e1s de las confecciones de ensue\u00f1o, los sombreros dieron de qu\u00e9 hablar durante la semana de Haute Couture FW17. \u00a1Considera incluirlos en tu look!","robots":{"index":"index","follow":"follow","max-snippet":"max-snippet:-1","max-image-preview":"max-image-preview:large","max-video-preview":"max-video-preview:-1"},"canonical":"https:\/\/graziamagazine.com\/mx\/articles\/trend-alert-sombreros-haute-couture-fw17\/","og_locale":"es_MX","og_type":"article","og_title":"TREND ALERT: LOS SOMBREROS DE HAUTE COUTURE FW17","og_description":"Adem\u00e1s de las confecciones de ensue\u00f1o, los sombreros dieron de qu\u00e9 hablar durante la semana de Haute Couture FW17. \u00a1Considera incluirlos en tu look!","og_url":"https:\/\/graziamagazine.com\/mx\/articles\/trend-alert-sombreros-haute-couture-fw17\/","og_site_name":"Grazia M\u00e9xico y Latinoam\u00e9rica","article_modified_time":"2017-07-06T18:51:28+00:00","og_image":[{"width":1365,"height":948,"url":"https:\/\/graziamagazine.com\/mx\/wp-content\/uploads\/sites\/13\/2017\/07\/chanel-amb-070417-dm0767.jpg?fit=1365%2C948","type":"image\/jpeg"}],"twitter_card":"summary_large_image","twitter_misc":{"Est. reading time":"2 minutos"},"schema":{"@context":"https:\/\/schema.org","@graph":[{"@type":"WebPage","@id":"https:\/\/graziamagazine.com\/mx\/articles\/trend-alert-sombreros-haute-couture-fw17\/","url":"https:\/\/graziamagazine.com\/mx\/articles\/trend-alert-sombreros-haute-couture-fw17\/","name":"TREND ALERT: LOS SOMBREROS DE HAUTE COUTURE FW17 | Grazia M\u00e9xico y Latinoam\u00e9rica","isPartOf":{"@id":"https:\/\/graziamagazine.com\/mx\/#website"},"datePublished":"2017-07-06T18:44:17+00:00","dateModified":"2017-07-06T18:51:28+00:00","description":"Adem\u00e1s de las confecciones de ensue\u00f1o, los sombreros dieron de qu\u00e9 hablar durante la semana de Haute Couture FW17. \u00a1Considera incluirlos en tu look!","breadcrumb":{"@id":"https:\/\/graziamagazine.com\/mx\/articles\/trend-alert-sombreros-haute-couture-fw17\/#breadcrumb"},"inLanguage":"es-MX","potentialAction":[{"@type":"ReadAction","target":["https:\/\/graziamagazine.com\/mx\/articles\/trend-alert-sombreros-haute-couture-fw17\/"]}]},{"@type":"BreadcrumbList","@id":"https:\/\/graziamagazine.com\/mx\/articles\/trend-alert-sombreros-haute-couture-fw17\/#breadcrumb","itemListElement":[{"@type":"ListItem","position":1,"name":"Home","item":"https:\/\/graziamagazine.com\/mx\/"},{"@type":"ListItem","position":2,"name":"TREND ALERT: LOS SOMBREROS DE HAUTE COUTURE FW17"}]},{"@type":"WebSite","@id":"https:\/\/graziamagazine.com\/mx\/#website","url":"https:\/\/graziamagazine.com\/mx\/","name":"Grazia M\u00e9xico y Latinoam\u00e9rica","description":"Grazia es moda, belleza y noticias  de actualidad ","potentialAction":[{"@type":"SearchAction","target":{"@type":"EntryPoint","urlTemplate":"https:\/\/graziamagazine.com\/mx\/?s={search_term_string}"},"query-input":"required name=search_term_string"}],"inLanguage":"es-MX"}]}},"jetpack_sharing_enabled":true,"distributor_meta":false,"distributor_terms":false,"distributor_media":false,"distributor_original_site_name":"Grazia M\u00e9xico y Latinoam\u00e9rica","distributor_original_site_url":"https:\/\/graziamagazine.com\/mx","push-errors":false,"_links":{"self":[{"href":"https:\/\/graziamagazine.com\/mx\/wp-json\/wp\/v2\/articles\/26924"}],"collection":[{"href":"https:\/\/graziamagazine.com\/mx\/wp-json\/wp\/v2\/articles"}],"about":[{"href":"https:\/\/graziamagazine.com\/mx\/wp-json\/wp\/v2\/types\/articles"}],"author":[{"embeddable":true,"href":"https:\/\/graziamagazine.com\/mx\/wp-json\/wp\/v2\/users\/11636"}],"wp:featuredmedia":[{"embeddable":true,"href":"https:\/\/graziamagazine.com\/mx\/wp-json\/wp\/v2\/media\/26925"}],"wp:attachment":[{"href":"https:\/\/graziamagazine.com\/mx\/wp-json\/wp\/v2\/media?parent=26924"}],"wp:term":[{"taxonomy":"category","embeddable":true,"href":"https:\/\/graziamagazine.com\/mx\/wp-json\/wp\/v2\/categories?post=26924"}],"curies":[{"name":"wp","href":"https:\/\/api.w.org\/{rel}","templated":true}]}}