{"id":26819,"date":"2017-07-05T08:46:56","date_gmt":"2017-07-05T14:46:56","guid":{"rendered":"https:\/\/graziamagazine.com\/mx\/?p=26819"},"modified":"2020-01-17T12:09:29","modified_gmt":"2020-01-17T17:09:29","slug":"haute-couture-karl-gabrielle-chanel","status":"publish","type":"articles","link":"https:\/\/graziamagazine.com\/mx\/articles\/haute-couture-karl-gabrielle-chanel\/","title":{"rendered":"El tributo haute couture de Karl para Gabrielle Chanel"},"content":{"rendered":"<p><strong>Par\u00eds y Gabrielle\u00a0Chanel\u00a0se fusionaron sobre la pasarela parisina. Con la\u00a0colecci\u00f3n\u00a0<i>Haute Couture<\/i> FW17, Karl exalt\u00f3 las ra\u00edces de la <em>maison<\/em>.<\/strong><\/p>\n<p><!--more--><\/p>\n<p><span style=\"font-weight: 400;\">Ante una gigantesca r\u00e9plica de la Torre Eiffel, Karl Lagerfeld continu\u00f3 rindiendo tributo a la mujer antes de Coco y a la ciudad en donde todo fue posible, Par\u00eds.<\/span><\/p>\n<p>La colecci\u00f3n FW17 de alta costura revivi\u00f3\u00a0<span style=\"font-weight: 400;\">el estilo atemporal de Gabrielle Chanel, cuando apenas comenzaba a incursionar en la industria de la moda a principios del siglo XX.<\/span><\/p>\n<p><img loading=\"lazy\" decoding=\"async\" class=\"alignnone wp-image-26821 size-large\" title=\"El tributo haute couture de Karl para Gabrielle Chanel\" src=\"https:\/\/graziamagazine.com\/mx\/wp-content\/uploads\/sites\/13\/2017\/07\/01-700x1033.jpg\" alt=\"El tributo haute couture de Karl para Gabrielle Chanel\" width=\"694\" height=\"1024\" \/><\/p>\n<p>&nbsp;<\/p>\n<p><span style=\"font-weight: 400;\">La exquisita entrega narr\u00f3 la historia del \u00edcono parisino comenzando con conjuntos cl\u00e1sicos en <\/span><i><span style=\"font-weight: 400;\">tweed<\/span><\/i><span style=\"font-weight: 400;\">, para despu\u00e9s continuar con\u00a0el cl\u00e1sico\u00a0traje sastre de la casa en una silueta ligeramente redonda; las mangas <\/span><i><span style=\"font-weight: 400;\">cocoon<\/span><\/i><span style=\"font-weight: 400;\"> y los cuellos circulares.<\/span><\/p>\n<p><span style=\"font-weight: 400;\"> Karl exhibi\u00f3 el estilo de su musa con vestidos, sombreros, y aretes que detonan\u00a0perlas preciosas encapsuladas por la distintiva tela boucl\u00e9 y cuero negro. El estilo de la ciudad de la luz\u00a0se intercal\u00f3 con accesorios como las botas <\/span><i><span style=\"font-weight: 400;\">thigh-high<\/span><\/i><span style=\"font-weight: 400;\"> y las <\/span><i><span style=\"font-weight: 400;\">clutch bags<\/span><\/i><span style=\"font-weight: 400;\">.<\/span><\/p>\n<p>&nbsp;<\/p>\n<p><img loading=\"lazy\" decoding=\"async\" class=\"alignnone wp-image-26822 size-large\" title=\"El tributo haute couture de Karl para Gabrielle Chanel\" src=\"https:\/\/graziamagazine.com\/mx\/wp-content\/uploads\/sites\/13\/2017\/07\/50-700x1033.jpg\" alt=\"El tributo haute couture de Karl para Gabrielle Chanel\" width=\"694\" height=\"1024\" \/><\/p>\n<p>&nbsp;<\/p>\n<p><span style=\"font-weight: 400;\">Esta vez, la ic\u00f3nica flor camelia brot\u00f3 en plumas multicolor. Se convirti\u00f3 en\u00a0el complemento del psicod\u00e9lico maquillaje, \u00a0a\u00f1adi\u00f3 volumen a las confecciones m\u00e1s minimales, y cre\u00f3\u00a0un perfecto contraste de texturas con los delicados encajes bordados y telas satinadas. <\/span><\/p>\n<p><span style=\"font-weight: 400;\">As\u00ed mismo, algunos <\/span><i><span style=\"font-weight: 400;\">looks<\/span><\/i><span style=\"font-weight: 400;\">\u00a0nos remontaron\u00a0al estilo <\/span><i><span style=\"font-weight: 400;\">gar\u00e7on<\/span><\/i><span style=\"font-weight: 400;\"> de Gabrielle durante la d\u00e9cada de los veinte, con\u00a0el negro insignia de\u00a0la casa y las perlas como el complemento perfecto.<\/span><\/p>\n<p>&nbsp;<\/p>\n<p><img loading=\"lazy\" decoding=\"async\" class=\"alignnone wp-image-26823 size-large\" title=\"El tributo haute couture de Karl para Gabrielle Chanel\" src=\"https:\/\/graziamagazine.com\/mx\/wp-content\/uploads\/sites\/13\/2017\/07\/07-700x1033.jpg\" alt=\"El tributo haute couture de Karl para Gabrielle Chanel\" width=\"694\" height=\"1024\" \/><\/p>\n<p>&nbsp;<\/p>\n<p><span style=\"font-weight: 400;\">La <\/span><i><span style=\"font-weight: 400;\">maison<\/span><\/i><span style=\"font-weight: 400;\"> de Chanel nunca ha dejado de resaltar la herencia que la <\/span><i><span style=\"font-weight: 400;\">couturier<\/span><\/i><span style=\"font-weight: 400;\"> dej\u00f3.\u00a0<\/span>Sin embargo, el dise\u00f1ador ha incorporado\u00a0elementos que definen hoy a la casa, como la camelia y las \u201cCC\u201d entrelazadas.<\/p>\n<p>En uno de los m\u00faltiples videos de la casa, Karl declara:<\/p>\n<blockquote><p><strong><em>\u201cCoco fue alguien que no entend\u00eda nada, no obstante, todo. Eso quiere decir que se entendi\u00f3 a s\u00ed misma\u201d.<\/em><\/strong><\/p><\/blockquote>\n<p><span style=\"font-weight: 400;\">Para el k\u00e1iser, crear a trav\u00e9s de la mente de la <\/span><i><span style=\"font-weight: 400;\">couturier<\/span><\/i><span style=\"font-weight: 400;\"> es un talento completamente innato. Poe ello, y despu\u00e9s de haber tomado la pasarela, fue <a href=\"https:\/\/graziamagazine.com\/mx\/dia-paris-brillo-karl-lagerfeld\/\" target=\"_blank\" rel=\"noopener\"><span style=\"text-decoration: underline;\"><strong>galardonado<\/strong><\/span><\/a> por la alcaldesa de Par\u00eds, Anne Hidalgo, con la medalla <\/span><i><span style=\"font-weight: 400;\">Grand Vermeil de la Ville de Paris<\/span><\/i><span style=\"font-weight: 400;\">. <\/span><\/p>\n<p><span style=\"font-weight: 400;\">Lo que define a Karl como uno de los grandes, es su manera de comprender a Gabrielle, a Coco, \u00a0y a Chanel; tanto que cada una de sus creaciones habla por s\u00ed misma.\u00a0<\/span><\/p>\n<p><img loading=\"lazy\" decoding=\"async\" class=\"alignnone wp-image-26824 size-large\" title=\"El tributo haute couture de Karl para Gabrielle Chanel\" src=\"https:\/\/graziamagazine.com\/mx\/wp-content\/uploads\/sites\/13\/2017\/07\/60-700x1033.jpg\" alt=\"El tributo haute couture de Karl para Gabrielle Chanel\" width=\"694\" height=\"1024\" \/><\/p>\n<p>&nbsp;<\/p>\n<p><img loading=\"lazy\" decoding=\"async\" class=\"alignnone wp-image-26825 size-large\" title=\"El tributo haute couture de Karl para Gabrielle Chanel\" src=\"https:\/\/graziamagazine.com\/mx\/wp-content\/uploads\/sites\/13\/2017\/07\/57-700x1033.jpg\" alt=\"El tributo haute couture de Karl para Gabrielle Chanel\" width=\"694\" height=\"1024\" \/><\/p>\n<p>&nbsp;<\/p>\n<p><img loading=\"lazy\" decoding=\"async\" class=\"alignnone wp-image-26826 size-large\" title=\"El tributo haute couture de Karl para Gabrielle Chanel\" src=\"https:\/\/graziamagazine.com\/mx\/wp-content\/uploads\/sites\/13\/2017\/07\/40-700x1033.jpg\" alt=\"El tributo haute couture de Karl para Gabrielle Chanel\" width=\"694\" height=\"1024\" \/><\/p>\n<p>&nbsp;<\/p>\n<p><img loading=\"lazy\" decoding=\"async\" class=\"alignnone wp-image-26827 size-large\" title=\"El tributo haute couture de Karl para Gabrielle Chanel\" src=\"https:\/\/graziamagazine.com\/mx\/wp-content\/uploads\/sites\/13\/2017\/07\/34-700x1033.jpg\" alt=\"El tributo haute couture de Karl para Gabrielle Chanel\" width=\"694\" height=\"1024\" \/><\/p>\n<p>&nbsp;<\/p>\n<p><img loading=\"lazy\" decoding=\"async\" class=\"alignnone wp-image-26828 size-large\" title=\"El tributo haute couture de Karl para Gabrielle Chanel\" src=\"https:\/\/graziamagazine.com\/mx\/wp-content\/uploads\/sites\/13\/2017\/07\/28-700x1033.jpg\" alt=\"El tributo haute couture de Karl para Gabrielle Chanel\" width=\"694\" height=\"1024\" \/><\/p>\n<p>&nbsp;<\/p>\n<p><img loading=\"lazy\" decoding=\"async\" class=\"alignnone wp-image-26829 size-large\" title=\"El tributo haute couture de Karl para Gabrielle Chanel\" src=\"https:\/\/graziamagazine.com\/mx\/wp-content\/uploads\/sites\/13\/2017\/07\/29-700x1033.jpg\" alt=\"El tributo haute couture de Karl para Gabrielle Chanel\" width=\"694\" height=\"1024\" \/><\/p>\n<h5><em>*FOTOS: Cortes\u00eda.<\/em><\/h5>\n","protected":false},"author":11636,"featured_media":26820,"template":"","format":"standard","categories":[4],"acf":[],"yoast_head":"<!-- This site is optimized with the Yoast SEO Premium plugin v18.5 (Yoast SEO v20.4) - https:\/\/yoast.com\/wordpress\/plugins\/seo\/ -->\n<title>El tributo haute couture de Karl para Gabrielle Chanel | Grazia M\u00e9xico y Latinoam\u00e9rica<\/title>\n<meta name=\"description\" content=\"Par\u00eds y Gabrielle Chanel se fusionaron sobre la pasarela parisina. Con la colecci\u00f3n Haute Couture FW17, Karl exalt\u00f3 las ra\u00edces de la maison.\" \/>\n<meta name=\"robots\" content=\"index, follow, max-snippet:-1, max-image-preview:large, max-video-preview:-1\" \/>\n<link rel=\"canonical\" href=\"https:\/\/graziamagazine.com\/mx\/articles\/haute-couture-karl-gabrielle-chanel\/\" \/>\n<meta property=\"og:locale\" content=\"es_MX\" \/>\n<meta property=\"og:type\" content=\"article\" \/>\n<meta property=\"og:title\" content=\"El tributo haute couture de Karl para Gabrielle Chanel\" \/>\n<meta property=\"og:description\" content=\"Par\u00eds y Gabrielle Chanel se fusionaron sobre la pasarela parisina. Con la colecci\u00f3n Haute Couture FW17, Karl exalt\u00f3 las ra\u00edces de la maison.\" \/>\n<meta property=\"og:url\" content=\"https:\/\/graziamagazine.com\/mx\/articles\/haute-couture-karl-gabrielle-chanel\/\" \/>\n<meta property=\"og:site_name\" content=\"Grazia M\u00e9xico y Latinoam\u00e9rica\" \/>\n<meta property=\"article:modified_time\" content=\"2020-01-17T17:09:29+00:00\" \/>\n<meta property=\"og:image\" content=\"https:\/\/graziamagazine.com\/mx\/wp-content\/uploads\/sites\/13\/2017\/07\/29AAA-e1579280805836.jpg?fit=900%2C533\" \/>\n\t<meta property=\"og:image:width\" content=\"900\" \/>\n\t<meta property=\"og:image:height\" content=\"533\" \/>\n\t<meta property=\"og:image:type\" content=\"image\/jpeg\" \/>\n<meta name=\"twitter:card\" content=\"summary_large_image\" \/>\n<meta name=\"twitter:label1\" content=\"Est. reading time\" \/>\n\t<meta name=\"twitter:data1\" content=\"2 minutos\" \/>\n<script type=\"application\/ld+json\" class=\"yoast-schema-graph\">{\"@context\":\"https:\/\/schema.org\",\"@graph\":[{\"@type\":\"WebPage\",\"@id\":\"https:\/\/graziamagazine.com\/mx\/articles\/haute-couture-karl-gabrielle-chanel\/\",\"url\":\"https:\/\/graziamagazine.com\/mx\/articles\/haute-couture-karl-gabrielle-chanel\/\",\"name\":\"El tributo haute couture de Karl para Gabrielle Chanel | Grazia M\u00e9xico y Latinoam\u00e9rica\",\"isPartOf\":{\"@id\":\"https:\/\/graziamagazine.com\/mx\/#website\"},\"datePublished\":\"2017-07-05T14:46:56+00:00\",\"dateModified\":\"2020-01-17T17:09:29+00:00\",\"description\":\"Par\u00eds y Gabrielle Chanel se fusionaron sobre la pasarela parisina. Con la colecci\u00f3n Haute Couture FW17, Karl exalt\u00f3 las ra\u00edces de la maison.\",\"breadcrumb\":{\"@id\":\"https:\/\/graziamagazine.com\/mx\/articles\/haute-couture-karl-gabrielle-chanel\/#breadcrumb\"},\"inLanguage\":\"es-MX\",\"potentialAction\":[{\"@type\":\"ReadAction\",\"target\":[\"https:\/\/graziamagazine.com\/mx\/articles\/haute-couture-karl-gabrielle-chanel\/\"]}]},{\"@type\":\"BreadcrumbList\",\"@id\":\"https:\/\/graziamagazine.com\/mx\/articles\/haute-couture-karl-gabrielle-chanel\/#breadcrumb\",\"itemListElement\":[{\"@type\":\"ListItem\",\"position\":1,\"name\":\"Home\",\"item\":\"https:\/\/graziamagazine.com\/mx\/\"},{\"@type\":\"ListItem\",\"position\":2,\"name\":\"El tributo haute couture de Karl para Gabrielle Chanel\"}]},{\"@type\":\"WebSite\",\"@id\":\"https:\/\/graziamagazine.com\/mx\/#website\",\"url\":\"https:\/\/graziamagazine.com\/mx\/\",\"name\":\"Grazia M\u00e9xico y Latinoam\u00e9rica\",\"description\":\"Grazia es moda, belleza y noticias  de actualidad \",\"potentialAction\":[{\"@type\":\"SearchAction\",\"target\":{\"@type\":\"EntryPoint\",\"urlTemplate\":\"https:\/\/graziamagazine.com\/mx\/?s={search_term_string}\"},\"query-input\":\"required name=search_term_string\"}],\"inLanguage\":\"es-MX\"}]}<\/script>\n<!-- \/ Yoast SEO Premium plugin. -->","yoast_head_json":{"title":"El tributo haute couture de Karl para Gabrielle Chanel | Grazia M\u00e9xico y Latinoam\u00e9rica","description":"Par\u00eds y Gabrielle Chanel se fusionaron sobre la pasarela parisina. Con la colecci\u00f3n Haute Couture FW17, Karl exalt\u00f3 las ra\u00edces de la maison.","robots":{"index":"index","follow":"follow","max-snippet":"max-snippet:-1","max-image-preview":"max-image-preview:large","max-video-preview":"max-video-preview:-1"},"canonical":"https:\/\/graziamagazine.com\/mx\/articles\/haute-couture-karl-gabrielle-chanel\/","og_locale":"es_MX","og_type":"article","og_title":"El tributo haute couture de Karl para Gabrielle Chanel","og_description":"Par\u00eds y Gabrielle Chanel se fusionaron sobre la pasarela parisina. Con la colecci\u00f3n Haute Couture FW17, Karl exalt\u00f3 las ra\u00edces de la maison.","og_url":"https:\/\/graziamagazine.com\/mx\/articles\/haute-couture-karl-gabrielle-chanel\/","og_site_name":"Grazia M\u00e9xico y Latinoam\u00e9rica","article_modified_time":"2020-01-17T17:09:29+00:00","og_image":[{"width":900,"height":533,"url":"https:\/\/graziamagazine.com\/mx\/wp-content\/uploads\/sites\/13\/2017\/07\/29AAA-e1579280805836.jpg?fit=900%2C533","type":"image\/jpeg"}],"twitter_card":"summary_large_image","twitter_misc":{"Est. reading time":"2 minutos"},"schema":{"@context":"https:\/\/schema.org","@graph":[{"@type":"WebPage","@id":"https:\/\/graziamagazine.com\/mx\/articles\/haute-couture-karl-gabrielle-chanel\/","url":"https:\/\/graziamagazine.com\/mx\/articles\/haute-couture-karl-gabrielle-chanel\/","name":"El tributo haute couture de Karl para Gabrielle Chanel | Grazia M\u00e9xico y Latinoam\u00e9rica","isPartOf":{"@id":"https:\/\/graziamagazine.com\/mx\/#website"},"datePublished":"2017-07-05T14:46:56+00:00","dateModified":"2020-01-17T17:09:29+00:00","description":"Par\u00eds y Gabrielle Chanel se fusionaron sobre la pasarela parisina. Con la colecci\u00f3n Haute Couture FW17, Karl exalt\u00f3 las ra\u00edces de la maison.","breadcrumb":{"@id":"https:\/\/graziamagazine.com\/mx\/articles\/haute-couture-karl-gabrielle-chanel\/#breadcrumb"},"inLanguage":"es-MX","potentialAction":[{"@type":"ReadAction","target":["https:\/\/graziamagazine.com\/mx\/articles\/haute-couture-karl-gabrielle-chanel\/"]}]},{"@type":"BreadcrumbList","@id":"https:\/\/graziamagazine.com\/mx\/articles\/haute-couture-karl-gabrielle-chanel\/#breadcrumb","itemListElement":[{"@type":"ListItem","position":1,"name":"Home","item":"https:\/\/graziamagazine.com\/mx\/"},{"@type":"ListItem","position":2,"name":"El tributo haute couture de Karl para Gabrielle Chanel"}]},{"@type":"WebSite","@id":"https:\/\/graziamagazine.com\/mx\/#website","url":"https:\/\/graziamagazine.com\/mx\/","name":"Grazia M\u00e9xico y Latinoam\u00e9rica","description":"Grazia es moda, belleza y noticias  de actualidad ","potentialAction":[{"@type":"SearchAction","target":{"@type":"EntryPoint","urlTemplate":"https:\/\/graziamagazine.com\/mx\/?s={search_term_string}"},"query-input":"required name=search_term_string"}],"inLanguage":"es-MX"}]}},"jetpack_sharing_enabled":true,"distributor_meta":false,"distributor_terms":false,"distributor_media":false,"distributor_original_site_name":"Grazia M\u00e9xico y Latinoam\u00e9rica","distributor_original_site_url":"https:\/\/graziamagazine.com\/mx","push-errors":false,"_links":{"self":[{"href":"https:\/\/graziamagazine.com\/mx\/wp-json\/wp\/v2\/articles\/26819"}],"collection":[{"href":"https:\/\/graziamagazine.com\/mx\/wp-json\/wp\/v2\/articles"}],"about":[{"href":"https:\/\/graziamagazine.com\/mx\/wp-json\/wp\/v2\/types\/articles"}],"author":[{"embeddable":true,"href":"https:\/\/graziamagazine.com\/mx\/wp-json\/wp\/v2\/users\/11636"}],"wp:featuredmedia":[{"embeddable":true,"href":"https:\/\/graziamagazine.com\/mx\/wp-json\/wp\/v2\/media\/26820"}],"wp:attachment":[{"href":"https:\/\/graziamagazine.com\/mx\/wp-json\/wp\/v2\/media?parent=26819"}],"wp:term":[{"taxonomy":"category","embeddable":true,"href":"https:\/\/graziamagazine.com\/mx\/wp-json\/wp\/v2\/categories?post=26819"}],"curies":[{"name":"wp","href":"https:\/\/api.w.org\/{rel}","templated":true}]}}