{"id":26658,"date":"2017-07-03T09:37:32","date_gmt":"2017-07-03T15:37:32","guid":{"rendered":"https:\/\/graziamagazine.com\/mx\/?p=26658"},"modified":"2017-07-03T09:37:55","modified_gmt":"2017-07-03T15:37:55","slug":"beyonce-registrara-nombres-gemelos","status":"publish","type":"articles","link":"https:\/\/graziamagazine.com\/mx\/articles\/beyonce-registrara-nombres-gemelos\/","title":{"rendered":"\u00bfPOR QU\u00c9 BEYONC\u00c9 REGISTRAR\u00c1 LOS NOMBRES DE SUS GEMELOS?"},"content":{"rendered":"<p><b>Te explicamos por qu\u00e9 Beyonc\u00e9 y otras celebridades, acostumbran incluir el factor legal cuando sus beb\u00e9s llegan al mundo.<\/b><\/p>\n<p><!--more--><\/p>\n<p>\u2013\u2013\u2013\u2013<\/p>\n<p><img loading=\"lazy\" decoding=\"async\" class=\"alignnone size-large wp-image-26659\" src=\"https:\/\/graziamagazine.com\/mx\/wp-content\/uploads\/sites\/13\/2017\/07\/IMG_2423-1024x796.jpg\" alt=\"BEYONC\u00c9 GEMELOS REGISTRO\" width=\"1024\" height=\"796\" \/><\/p>\n<p>&nbsp;<\/p>\n<p><span style=\"font-weight: 400;\">Cuando eres Beyonc\u00e9, cada d\u00eda despiertas con much\u00edsimas responsabilidades; como cuidar tus bienes, por ejemplo.<\/span><\/p>\n<p><span style=\"font-weight: 400;\">Ahora que la cantante dio a luz a sus gemelos, comienza el proceso de verlos crecer, de protegerlos de los paparazzis y de registrar sus nombres.<\/span><\/p>\n<p><span style=\"font-weight: 400;\">Si te lo has preguntado, te damos la respuesta: las celebridades realizan este tr\u00e1mite legal de forma rutinaria desde el primer momento en que se vuelven famosos. <\/span><\/p>\n<p><span style=\"font-weight: 400;\">M\u00e1s all\u00e1 de ser \u201cel int\u00e9rprete de\u2026\u201d o \u201cla protagonista de\u2026\u201d, se transforman en marcas que hay que resguardar hasta de lo que menos podr\u00edas imaginarte. <\/span><\/p>\n<p><span style=\"font-weight: 400;\">Las celebridades pueden no s\u00f3lo registrar su nombre, sino a\u00f1adirle una secundaria en donde especifican su tipo de actividad. La raz\u00f3n por la que lo hacen, es para proteger el uso de su nombre con prop\u00f3sitos monetarios, algo que tambi\u00e9n sucede cuando mueren y alguien quiere lucrar con ello.<\/span><\/p>\n<p><span style=\"font-weight: 400;\">En 2011, Kim Kardashian <a href=\"http:\/\/www.dailymail.co.uk\/tvshowbiz\/article-2016932\/Melissa-Molinaro-Kim-Kardashian-sues-Old-Navy-ad-lookalike-Reggie-Bushs-new-girl.html\" target=\"_blank\" target=\"_blank\"><span style=\"text-decoration: underline;\"><strong>demand\u00f3<\/strong><\/span><\/a> a Old Navy por utilizar a una modelo en sus anuncios que se parec\u00eda bastante a ella. Luego, en febrero de este a\u00f1o, Kylie Minogue y Kylie Jenner se <a href=\"https:\/\/www.forbes.com\/sites\/legalentertainment\/2017\/02\/07\/kylie-minogue-and-kylie-jenner-spar-over-kylie-trademark\/#c2ccc382594b\" target=\"_blank\" target=\"_blank\"><span style=\"text-decoration: underline;\"><strong>enfrentaron<\/strong><\/span><\/a> por el uso del nombre que tienen en com\u00fan, luego de que en 2015 ambas emitieran su solicitud para registrarlo.<\/span><\/p>\n<p><span style=\"font-weight: 400;\">En el caso de Beyonc\u00e9 \u2013y seg\u00fan reporta TMZ\u2013 los nombres de sus gemelos Rumi y Sir, fueron registrados el 26 de este mes en la oficina de Marcas Registradas y Patentes de los Estados Unidos.<\/span><\/p>\n<p><span style=\"font-weight: 400;\">Sin embargo, su hermana mayor Blue Ivy ni ha podido concretar el proceso, pues hay una compa\u00f1\u00eda con la que comparte nombre.<\/span><\/p>\n<p>&nbsp;<\/p>\n<p><img loading=\"lazy\" decoding=\"async\" class=\"alignnone size-large wp-image-26660\" src=\"https:\/\/graziamagazine.com\/mx\/wp-content\/uploads\/sites\/13\/2017\/07\/3D25861000000578-4218428-Bump_debut_The_35_year_old_who_is_mother_to_five_year_old_daught-a-81_1486953127080-824x1024.jpg\" alt=\"BEYONC\u00c9 GEMELOS REGISTRO 2\" width=\"824\" height=\"1024\" \/><\/p>\n<h5><em>*FOTOS: Getty Images.<\/em><\/h5>\n","protected":false},"author":11636,"featured_media":26659,"template":"","format":"standard","categories":[2],"acf":[],"yoast_head":"<!-- This site is optimized with the Yoast SEO Premium plugin v18.5 (Yoast SEO v20.4) - https:\/\/yoast.com\/wordpress\/plugins\/seo\/ -->\n<title>\u00bfPOR QU\u00c9 BEYONC\u00c9 REGISTRAR\u00c1 LOS NOMBRES DE SUS GEMELOS? | Grazia M\u00e9xico y Latinoam\u00e9rica<\/title>\n<meta name=\"description\" content=\"Te explicamos por qu\u00e9 Beyonc\u00e9 y otras celebridades, acostumbran incluir el factor legal cuando sus beb\u00e9s llegan al mundo.\" \/>\n<meta name=\"robots\" content=\"index, follow, max-snippet:-1, max-image-preview:large, max-video-preview:-1\" \/>\n<link rel=\"canonical\" href=\"https:\/\/graziamagazine.com\/mx\/articles\/beyonce-registrara-nombres-gemelos\/\" \/>\n<meta property=\"og:locale\" content=\"es_MX\" \/>\n<meta property=\"og:type\" content=\"article\" \/>\n<meta property=\"og:title\" content=\"\u00bfPOR QU\u00c9 BEYONC\u00c9 REGISTRAR\u00c1 LOS NOMBRES DE SUS GEMELOS?\" \/>\n<meta property=\"og:description\" content=\"Te explicamos por qu\u00e9 Beyonc\u00e9 y otras celebridades, acostumbran incluir el factor legal cuando sus beb\u00e9s llegan al mundo.\" \/>\n<meta property=\"og:url\" content=\"https:\/\/graziamagazine.com\/mx\/articles\/beyonce-registrara-nombres-gemelos\/\" \/>\n<meta property=\"og:site_name\" content=\"Grazia M\u00e9xico y Latinoam\u00e9rica\" \/>\n<meta property=\"article:modified_time\" content=\"2017-07-03T15:37:55+00:00\" \/>\n<meta property=\"og:image\" content=\"https:\/\/graziamagazine.com\/mx\/wp-content\/uploads\/sites\/13\/2017\/07\/IMG_2423.jpg?fit=1800%2C1399\" \/>\n\t<meta property=\"og:image:width\" content=\"1800\" \/>\n\t<meta property=\"og:image:height\" content=\"1399\" \/>\n\t<meta property=\"og:image:type\" content=\"image\/jpeg\" \/>\n<meta name=\"twitter:card\" content=\"summary_large_image\" \/>\n<meta name=\"twitter:label1\" content=\"Est. reading time\" \/>\n\t<meta name=\"twitter:data1\" content=\"1 minuto\" \/>\n<script type=\"application\/ld+json\" class=\"yoast-schema-graph\">{\"@context\":\"https:\/\/schema.org\",\"@graph\":[{\"@type\":\"WebPage\",\"@id\":\"https:\/\/graziamagazine.com\/mx\/articles\/beyonce-registrara-nombres-gemelos\/\",\"url\":\"https:\/\/graziamagazine.com\/mx\/articles\/beyonce-registrara-nombres-gemelos\/\",\"name\":\"\u00bfPOR QU\u00c9 BEYONC\u00c9 REGISTRAR\u00c1 LOS NOMBRES DE SUS GEMELOS? | Grazia M\u00e9xico y Latinoam\u00e9rica\",\"isPartOf\":{\"@id\":\"https:\/\/graziamagazine.com\/mx\/#website\"},\"datePublished\":\"2017-07-03T15:37:32+00:00\",\"dateModified\":\"2017-07-03T15:37:55+00:00\",\"description\":\"Te explicamos por qu\u00e9 Beyonc\u00e9 y otras celebridades, acostumbran incluir el factor legal cuando sus beb\u00e9s llegan al mundo.\",\"breadcrumb\":{\"@id\":\"https:\/\/graziamagazine.com\/mx\/articles\/beyonce-registrara-nombres-gemelos\/#breadcrumb\"},\"inLanguage\":\"es-MX\",\"potentialAction\":[{\"@type\":\"ReadAction\",\"target\":[\"https:\/\/graziamagazine.com\/mx\/articles\/beyonce-registrara-nombres-gemelos\/\"]}]},{\"@type\":\"BreadcrumbList\",\"@id\":\"https:\/\/graziamagazine.com\/mx\/articles\/beyonce-registrara-nombres-gemelos\/#breadcrumb\",\"itemListElement\":[{\"@type\":\"ListItem\",\"position\":1,\"name\":\"Home\",\"item\":\"https:\/\/graziamagazine.com\/mx\/\"},{\"@type\":\"ListItem\",\"position\":2,\"name\":\"\u00bfPOR QU\u00c9 BEYONC\u00c9 REGISTRAR\u00c1 LOS NOMBRES DE SUS GEMELOS?\"}]},{\"@type\":\"WebSite\",\"@id\":\"https:\/\/graziamagazine.com\/mx\/#website\",\"url\":\"https:\/\/graziamagazine.com\/mx\/\",\"name\":\"Grazia M\u00e9xico y Latinoam\u00e9rica\",\"description\":\"Grazia es moda, belleza y noticias  de actualidad \",\"potentialAction\":[{\"@type\":\"SearchAction\",\"target\":{\"@type\":\"EntryPoint\",\"urlTemplate\":\"https:\/\/graziamagazine.com\/mx\/?s={search_term_string}\"},\"query-input\":\"required name=search_term_string\"}],\"inLanguage\":\"es-MX\"}]}<\/script>\n<!-- \/ Yoast SEO Premium plugin. -->","yoast_head_json":{"title":"\u00bfPOR QU\u00c9 BEYONC\u00c9 REGISTRAR\u00c1 LOS NOMBRES DE SUS GEMELOS? | Grazia M\u00e9xico y Latinoam\u00e9rica","description":"Te explicamos por qu\u00e9 Beyonc\u00e9 y otras celebridades, acostumbran incluir el factor legal cuando sus beb\u00e9s llegan al mundo.","robots":{"index":"index","follow":"follow","max-snippet":"max-snippet:-1","max-image-preview":"max-image-preview:large","max-video-preview":"max-video-preview:-1"},"canonical":"https:\/\/graziamagazine.com\/mx\/articles\/beyonce-registrara-nombres-gemelos\/","og_locale":"es_MX","og_type":"article","og_title":"\u00bfPOR QU\u00c9 BEYONC\u00c9 REGISTRAR\u00c1 LOS NOMBRES DE SUS GEMELOS?","og_description":"Te explicamos por qu\u00e9 Beyonc\u00e9 y otras celebridades, acostumbran incluir el factor legal cuando sus beb\u00e9s llegan al mundo.","og_url":"https:\/\/graziamagazine.com\/mx\/articles\/beyonce-registrara-nombres-gemelos\/","og_site_name":"Grazia M\u00e9xico y Latinoam\u00e9rica","article_modified_time":"2017-07-03T15:37:55+00:00","og_image":[{"width":1800,"height":1399,"url":"https:\/\/graziamagazine.com\/mx\/wp-content\/uploads\/sites\/13\/2017\/07\/IMG_2423.jpg?fit=1800%2C1399","type":"image\/jpeg"}],"twitter_card":"summary_large_image","twitter_misc":{"Est. reading time":"1 minuto"},"schema":{"@context":"https:\/\/schema.org","@graph":[{"@type":"WebPage","@id":"https:\/\/graziamagazine.com\/mx\/articles\/beyonce-registrara-nombres-gemelos\/","url":"https:\/\/graziamagazine.com\/mx\/articles\/beyonce-registrara-nombres-gemelos\/","name":"\u00bfPOR QU\u00c9 BEYONC\u00c9 REGISTRAR\u00c1 LOS NOMBRES DE SUS GEMELOS? | Grazia M\u00e9xico y Latinoam\u00e9rica","isPartOf":{"@id":"https:\/\/graziamagazine.com\/mx\/#website"},"datePublished":"2017-07-03T15:37:32+00:00","dateModified":"2017-07-03T15:37:55+00:00","description":"Te explicamos por qu\u00e9 Beyonc\u00e9 y otras celebridades, acostumbran incluir el factor legal cuando sus beb\u00e9s llegan al mundo.","breadcrumb":{"@id":"https:\/\/graziamagazine.com\/mx\/articles\/beyonce-registrara-nombres-gemelos\/#breadcrumb"},"inLanguage":"es-MX","potentialAction":[{"@type":"ReadAction","target":["https:\/\/graziamagazine.com\/mx\/articles\/beyonce-registrara-nombres-gemelos\/"]}]},{"@type":"BreadcrumbList","@id":"https:\/\/graziamagazine.com\/mx\/articles\/beyonce-registrara-nombres-gemelos\/#breadcrumb","itemListElement":[{"@type":"ListItem","position":1,"name":"Home","item":"https:\/\/graziamagazine.com\/mx\/"},{"@type":"ListItem","position":2,"name":"\u00bfPOR QU\u00c9 BEYONC\u00c9 REGISTRAR\u00c1 LOS NOMBRES DE SUS GEMELOS?"}]},{"@type":"WebSite","@id":"https:\/\/graziamagazine.com\/mx\/#website","url":"https:\/\/graziamagazine.com\/mx\/","name":"Grazia M\u00e9xico y Latinoam\u00e9rica","description":"Grazia es moda, belleza y noticias  de actualidad ","potentialAction":[{"@type":"SearchAction","target":{"@type":"EntryPoint","urlTemplate":"https:\/\/graziamagazine.com\/mx\/?s={search_term_string}"},"query-input":"required name=search_term_string"}],"inLanguage":"es-MX"}]}},"jetpack_sharing_enabled":true,"distributor_meta":false,"distributor_terms":false,"distributor_media":false,"distributor_original_site_name":"Grazia M\u00e9xico y Latinoam\u00e9rica","distributor_original_site_url":"https:\/\/graziamagazine.com\/mx","push-errors":false,"_links":{"self":[{"href":"https:\/\/graziamagazine.com\/mx\/wp-json\/wp\/v2\/articles\/26658"}],"collection":[{"href":"https:\/\/graziamagazine.com\/mx\/wp-json\/wp\/v2\/articles"}],"about":[{"href":"https:\/\/graziamagazine.com\/mx\/wp-json\/wp\/v2\/types\/articles"}],"author":[{"embeddable":true,"href":"https:\/\/graziamagazine.com\/mx\/wp-json\/wp\/v2\/users\/11636"}],"wp:featuredmedia":[{"embeddable":true,"href":"https:\/\/graziamagazine.com\/mx\/wp-json\/wp\/v2\/media\/26659"}],"wp:attachment":[{"href":"https:\/\/graziamagazine.com\/mx\/wp-json\/wp\/v2\/media?parent=26658"}],"wp:term":[{"taxonomy":"category","embeddable":true,"href":"https:\/\/graziamagazine.com\/mx\/wp-json\/wp\/v2\/categories?post=26658"}],"curies":[{"name":"wp","href":"https:\/\/api.w.org\/{rel}","templated":true}]}}