{"id":26545,"date":"2017-06-29T12:00:35","date_gmt":"2017-06-29T18:00:35","guid":{"rendered":"https:\/\/graziamagazine.com\/mx\/?p=26545"},"modified":"2017-08-08T08:34:53","modified_gmt":"2017-08-08T14:34:53","slug":"forever-21-versus-gucci-chamarra","status":"publish","type":"articles","link":"https:\/\/graziamagazine.com\/mx\/articles\/forever-21-versus-gucci-chamarra\/","title":{"rendered":"FOREVER 21 VERSUS GUCCI, POR UNA CHAMARRA"},"content":{"rendered":"<p><b>En un giro inesperado de hechos, Forever 21 se \u201cdefendi\u00f3\u201d de la firma italiana ante la corte de los Estados Unidos.Te platicamos la raz\u00f3n.<\/b><\/p>\n<p><!--more--><\/p>\n<p>\u2013\u2013\u2013\u2013<\/p>\n<h4><strong><em>*Esta nota fue actualizada.<\/em><\/strong><\/h4>\n<p><img loading=\"lazy\" decoding=\"async\" class=\"alignnone size-full wp-image-26548\" src=\"https:\/\/graziamagazine.com\/mx\/wp-content\/uploads\/sites\/13\/2017\/06\/Screen-Shot-2017-06-29-at-12.57.51-PM.png\" alt=\"GUCCI FOREVER 21 STRIPES DEMANDA 2\" width=\"914\" height=\"592\" srcset=\"https:\/\/graziamagazine.com\/mx\/wp-content\/uploads\/sites\/13\/2017\/06\/Screen-Shot-2017-06-29-at-12.57.51-PM.png 914w, https:\/\/graziamagazine.com\/mx\/wp-content\/uploads\/sites\/13\/2017\/06\/Screen-Shot-2017-06-29-at-12.57.51-PM.png?resize=450,291 450w, https:\/\/graziamagazine.com\/mx\/wp-content\/uploads\/sites\/13\/2017\/06\/Screen-Shot-2017-06-29-at-12.57.51-PM.png?resize=768,497 768w, https:\/\/graziamagazine.com\/mx\/wp-content\/uploads\/sites\/13\/2017\/06\/Screen-Shot-2017-06-29-at-12.57.51-PM.png?resize=155,100 155w\" sizes=\"(max-width: 914px) 100vw, 914px\" \/><\/p>\n<h3>Por Grace Miramontes<\/h3>\n<p>&nbsp;<\/p>\n<p><span style=\"font-weight: 400;\">El dise\u00f1o a rayas de una chamarra \u2013entre otras piezas\u2013 fueron la raz\u00f3n por la cual Gucci demand\u00f3 a Forever 21 en diciembre del a\u00f1o pasado, seguido de dos acusaciones legales m\u00e1s en enero y febrero.<\/span><\/p>\n<p><span style=\"font-weight: 400;\">Esta semana, la firma respondi\u00f3 al presentar una queja ante la corte del distrito central de la divisi\u00f3n del oeste de California para refutar lo denunciado.<\/span><\/p>\n<blockquote><p><b><i>\u201cForever 21 no est\u00e1 infringiendo ning\u00fan registro de Gucci. Aquellos que sean relevantes para esta disputa deber\u00edan ser cancelados. Las solicitudes pendientes de Gucci no deber\u00edan proceder a ser registradas. Esta situaci\u00f3n da lugar a un juicio declaratorio\u201d.<\/i><\/b><\/p><\/blockquote>\n<p><span style=\"font-weight: 400;\">Particularmente, se refieren al patr\u00f3n de triple raya \u2013caracter\u00edstico de la casa italiana\u2013 en rojo y azul ahumados que Alessandro Michele ha estampado en much\u00edsimas de las prendas y accesorios de las colecciones. <\/span><\/p>\n<p><span style=\"font-weight: 400;\">El argumento refiere que las interpretaciones en cuesti\u00f3n <\/span><b><i>\u201cen cualquier o total uso\u201d<\/i><\/b><span style=\"font-weight: 400;\"> deber\u00edan ser retiradas al ser <\/span><b><i>\u201cconfusamente similares\u201d<\/i><\/b><span style=\"font-weight: 400;\"> a las suyas.<\/span><\/p>\n<p>Aunque todav\u00eda no se ha girado en favor de ninguna de las partes, cabe la pena recalcar que las firmas de fast fashion siempre han servido como una forma de acercar a las fashionistas las tendencias fresh off the runway.<\/p>\n<p>Siendo Gucci una de las firmas m\u00e1s poderosas del momento, ha resultado imposible no replicarla en su versi\u00f3n<strong><em> low cost<\/em><\/strong>.<\/p>\n<p>&nbsp;<\/p>\n<p>Recientemente, sucedi\u00f3 lo mismo con Rihanna y su <em><a href=\"https:\/\/graziamagazine.com\/mx\/2017\/06\/26\/rihanna-puede-proteger-sus-sandalias\/\" target=\"_blank\"><strong>edit<\/strong><\/a><\/em> para Puma. Queremos saber tu opini\u00f3n: \u00bfqui\u00e9n crees que tenga la raz\u00f3n?<\/p>\n<p>&nbsp;<\/p>\n<p><img loading=\"lazy\" decoding=\"async\" class=\"alignnone size-large wp-image-26550\" src=\"https:\/\/graziamagazine.com\/mx\/wp-content\/uploads\/sites\/13\/2017\/06\/0ffbe7bdec14431c50edb152a8c0a7a6_small-1024x1024.jpg\" alt=\"0ffbe7bdec14431c50edb152a8c0a7a6_small\" width=\"1024\" height=\"1024\" \/><\/p>\n<p>&nbsp;<\/p>\n<p><img loading=\"lazy\" decoding=\"async\" class=\"alignnone size-full wp-image-26552\" src=\"https:\/\/graziamagazine.com\/mx\/wp-content\/uploads\/sites\/13\/2017\/06\/download.png\" alt=\"download\" width=\"1000\" height=\"810\" srcset=\"https:\/\/graziamagazine.com\/mx\/wp-content\/uploads\/sites\/13\/2017\/06\/download.png 1000w, https:\/\/graziamagazine.com\/mx\/wp-content\/uploads\/sites\/13\/2017\/06\/download.png?resize=450,365 450w, https:\/\/graziamagazine.com\/mx\/wp-content\/uploads\/sites\/13\/2017\/06\/download.png?resize=768,622 768w, https:\/\/graziamagazine.com\/mx\/wp-content\/uploads\/sites\/13\/2017\/06\/download.png?resize=155,126 155w\" sizes=\"(max-width: 1000px) 100vw, 1000px\" \/><\/p>\n<p>&nbsp;<\/p>\n<p><img loading=\"lazy\" decoding=\"async\" class=\"alignnone size-large wp-image-26549\" src=\"https:\/\/graziamagazine.com\/mx\/wp-content\/uploads\/sites\/13\/2017\/06\/4b6fa58f6f4219409aa12c10f9e07bec_small-1024x1024.jpg\" alt=\"4b6fa58f6f4219409aa12c10f9e07bec_small\" width=\"1024\" height=\"1024\" \/><\/p>\n<p>&nbsp;<\/p>\n<p><img loading=\"lazy\" decoding=\"async\" class=\"alignnone size-full wp-image-26551\" src=\"https:\/\/graziamagazine.com\/mx\/wp-content\/uploads\/sites\/13\/2017\/06\/download-1.png\" alt=\"download (1)\" width=\"1000\" height=\"803\" srcset=\"https:\/\/graziamagazine.com\/mx\/wp-content\/uploads\/sites\/13\/2017\/06\/download-1.png 1000w, https:\/\/graziamagazine.com\/mx\/wp-content\/uploads\/sites\/13\/2017\/06\/download-1.png?resize=450,361 450w, https:\/\/graziamagazine.com\/mx\/wp-content\/uploads\/sites\/13\/2017\/06\/download-1.png?resize=768,617 768w, https:\/\/graziamagazine.com\/mx\/wp-content\/uploads\/sites\/13\/2017\/06\/download-1.png?resize=155,124 155w\" sizes=\"(max-width: 1000px) 100vw, 1000px\" \/><\/p>\n<h5><em>*FUENTE: <span style=\"text-decoration: underline;\"><strong><a href=\"https:\/\/fashionista.com\/2017\/06\/gucci-forever-21-stripes-lawsuit\" target=\"_blank\" target=\"_blank\">fashionista.com<\/a>,<\/strong><\/span>\u00a0FOTOS: Getty Images \/ Cortes\u00eda.<\/em><\/h5>\n<p>&nbsp;<\/p>\n<p>\u2013\u2013\u2013\u2013<\/p>\n<h4><strong><em>*Agosto 8, 2017.\u00a0<\/em><\/strong><\/h4>\n<p>&nbsp;<\/p>\n<p>Esta ma\u00f1ana nos qued\u00f3 claro que Gucci no quitar\u00e1 el dedo del rengl\u00f3n. La firma italiana contin\u00faa en su defensa por proteger las rayas caracter\u00edsticas de la firma; ahora, con 2 demandas m\u00e1s.<\/p>\n<p>&nbsp;<\/p>\n<blockquote><p><strong><em>&#8220;Este d\u00eda, Gucci ha tomado acciones para finalmente, ponerle un alto al retailer masivo Forever 21 por la c\u00ednica explotaci\u00f3n de las famosas e ic\u00f3nicas rayas azul con rojo y verde con rojo&#8221;.<\/em><\/strong><\/p><\/blockquote>\n<p>&nbsp;<\/p>\n<p>Adem\u00e1s, la firma comparti\u00f3 a Fashionista que <strong><em>&#8220;a pesar del intento de Forever 21 de utilizar una demanda para intimidar a Gucci y desistir en los esfuerzos de reforzar su marca registrada, Gucci contin\u00faa comprometido a proteger sus derechos de propiedad intelectual&#8221;.<\/em><\/strong><\/p>\n<p>Sin embargo, s\u00ed es importante recalcar que a\u00fan y cuando la firma decida detener la producci\u00f3n de dichas piezas, no le impedir\u00e1 copiar otros de los dise\u00f1os.<\/p>\n<p>&nbsp;<\/p>\n<p>Literalmente, una guerra sin final&#8230;<\/p>\n<p>&nbsp;<\/p>\n<p><img loading=\"lazy\" decoding=\"async\" class=\"alignnone size-large wp-image-24878\" src=\"https:\/\/graziamagazine.com\/mx\/wp-content\/uploads\/sites\/13\/2017\/05\/gucci_look_6_2018_cruise-683x1024.jpeg\" alt=\"gucci_look_6_2018_cruise\" width=\"683\" height=\"1024\" \/><\/p>\n<h5><strong><em>*FUENTE: Fashionista.<\/em><\/strong><\/h5>\n","protected":false},"author":11636,"featured_media":26547,"template":"","format":"standard","categories":[4,10],"acf":[],"yoast_head":"<!-- This site is optimized with the Yoast SEO Premium plugin v18.5 (Yoast SEO v20.4) - https:\/\/yoast.com\/wordpress\/plugins\/seo\/ -->\n<title>FOREVER 21 VERSUS GUCCI, POR UNA CHAMARRA | Grazia M\u00e9xico y Latinoam\u00e9rica<\/title>\n<meta name=\"description\" content=\"En un giro inesperado de hechos, Forever 21 se \u201cdefendi\u00f3\u201d de la firma italiana ante la corte de los Estados Unidos.Te platicamos la raz\u00f3n.\" \/>\n<meta name=\"robots\" content=\"index, follow, max-snippet:-1, max-image-preview:large, max-video-preview:-1\" \/>\n<link rel=\"canonical\" href=\"https:\/\/graziamagazine.com\/mx\/articles\/forever-21-versus-gucci-chamarra\/\" \/>\n<meta property=\"og:locale\" content=\"es_MX\" \/>\n<meta property=\"og:type\" content=\"article\" \/>\n<meta property=\"og:title\" content=\"FOREVER 21 VERSUS GUCCI, POR UNA CHAMARRA\" \/>\n<meta property=\"og:description\" content=\"En un giro inesperado de hechos, Forever 21 se \u201cdefendi\u00f3\u201d de la firma italiana ante la corte de los Estados Unidos.Te platicamos la raz\u00f3n.\" \/>\n<meta property=\"og:url\" content=\"https:\/\/graziamagazine.com\/mx\/articles\/forever-21-versus-gucci-chamarra\/\" \/>\n<meta property=\"og:site_name\" content=\"Grazia M\u00e9xico y Latinoam\u00e9rica\" \/>\n<meta property=\"article:modified_time\" content=\"2017-08-08T14:34:53+00:00\" \/>\n<meta property=\"og:image\" content=\"https:\/\/graziamagazine.com\/mx\/wp-content\/uploads\/sites\/13\/2017\/06\/Screen-Shot-2017-06-29-at-12.56.22-PM.png?fit=1151%2C616\" \/>\n\t<meta property=\"og:image:width\" content=\"1151\" \/>\n\t<meta property=\"og:image:height\" content=\"616\" \/>\n\t<meta property=\"og:image:type\" content=\"image\/png\" \/>\n<meta name=\"twitter:card\" content=\"summary_large_image\" \/>\n<meta name=\"twitter:label1\" content=\"Est. reading time\" \/>\n\t<meta name=\"twitter:data1\" content=\"2 minutos\" \/>\n<script type=\"application\/ld+json\" class=\"yoast-schema-graph\">{\"@context\":\"https:\/\/schema.org\",\"@graph\":[{\"@type\":\"WebPage\",\"@id\":\"https:\/\/graziamagazine.com\/mx\/articles\/forever-21-versus-gucci-chamarra\/\",\"url\":\"https:\/\/graziamagazine.com\/mx\/articles\/forever-21-versus-gucci-chamarra\/\",\"name\":\"FOREVER 21 VERSUS GUCCI, POR UNA CHAMARRA | Grazia M\u00e9xico y Latinoam\u00e9rica\",\"isPartOf\":{\"@id\":\"https:\/\/graziamagazine.com\/mx\/#website\"},\"datePublished\":\"2017-06-29T18:00:35+00:00\",\"dateModified\":\"2017-08-08T14:34:53+00:00\",\"description\":\"En un giro inesperado de hechos, Forever 21 se \u201cdefendi\u00f3\u201d de la firma italiana ante la corte de los Estados Unidos.Te platicamos la raz\u00f3n.\",\"breadcrumb\":{\"@id\":\"https:\/\/graziamagazine.com\/mx\/articles\/forever-21-versus-gucci-chamarra\/#breadcrumb\"},\"inLanguage\":\"es-MX\",\"potentialAction\":[{\"@type\":\"ReadAction\",\"target\":[\"https:\/\/graziamagazine.com\/mx\/articles\/forever-21-versus-gucci-chamarra\/\"]}]},{\"@type\":\"BreadcrumbList\",\"@id\":\"https:\/\/graziamagazine.com\/mx\/articles\/forever-21-versus-gucci-chamarra\/#breadcrumb\",\"itemListElement\":[{\"@type\":\"ListItem\",\"position\":1,\"name\":\"Home\",\"item\":\"https:\/\/graziamagazine.com\/mx\/\"},{\"@type\":\"ListItem\",\"position\":2,\"name\":\"FOREVER 21 VERSUS GUCCI, POR UNA CHAMARRA\"}]},{\"@type\":\"WebSite\",\"@id\":\"https:\/\/graziamagazine.com\/mx\/#website\",\"url\":\"https:\/\/graziamagazine.com\/mx\/\",\"name\":\"Grazia M\u00e9xico y Latinoam\u00e9rica\",\"description\":\"Grazia es moda, belleza y noticias  de actualidad \",\"potentialAction\":[{\"@type\":\"SearchAction\",\"target\":{\"@type\":\"EntryPoint\",\"urlTemplate\":\"https:\/\/graziamagazine.com\/mx\/?s={search_term_string}\"},\"query-input\":\"required name=search_term_string\"}],\"inLanguage\":\"es-MX\"}]}<\/script>\n<!-- \/ Yoast SEO Premium plugin. -->","yoast_head_json":{"title":"FOREVER 21 VERSUS GUCCI, POR UNA CHAMARRA | Grazia M\u00e9xico y Latinoam\u00e9rica","description":"En un giro inesperado de hechos, Forever 21 se \u201cdefendi\u00f3\u201d de la firma italiana ante la corte de los Estados Unidos.Te platicamos la raz\u00f3n.","robots":{"index":"index","follow":"follow","max-snippet":"max-snippet:-1","max-image-preview":"max-image-preview:large","max-video-preview":"max-video-preview:-1"},"canonical":"https:\/\/graziamagazine.com\/mx\/articles\/forever-21-versus-gucci-chamarra\/","og_locale":"es_MX","og_type":"article","og_title":"FOREVER 21 VERSUS GUCCI, POR UNA CHAMARRA","og_description":"En un giro inesperado de hechos, Forever 21 se \u201cdefendi\u00f3\u201d de la firma italiana ante la corte de los Estados Unidos.Te platicamos la raz\u00f3n.","og_url":"https:\/\/graziamagazine.com\/mx\/articles\/forever-21-versus-gucci-chamarra\/","og_site_name":"Grazia M\u00e9xico y Latinoam\u00e9rica","article_modified_time":"2017-08-08T14:34:53+00:00","og_image":[{"width":1151,"height":616,"url":"https:\/\/graziamagazine.com\/mx\/wp-content\/uploads\/sites\/13\/2017\/06\/Screen-Shot-2017-06-29-at-12.56.22-PM.png?fit=1151%2C616","type":"image\/png"}],"twitter_card":"summary_large_image","twitter_misc":{"Est. reading time":"2 minutos"},"schema":{"@context":"https:\/\/schema.org","@graph":[{"@type":"WebPage","@id":"https:\/\/graziamagazine.com\/mx\/articles\/forever-21-versus-gucci-chamarra\/","url":"https:\/\/graziamagazine.com\/mx\/articles\/forever-21-versus-gucci-chamarra\/","name":"FOREVER 21 VERSUS GUCCI, POR UNA CHAMARRA | Grazia M\u00e9xico y Latinoam\u00e9rica","isPartOf":{"@id":"https:\/\/graziamagazine.com\/mx\/#website"},"datePublished":"2017-06-29T18:00:35+00:00","dateModified":"2017-08-08T14:34:53+00:00","description":"En un giro inesperado de hechos, Forever 21 se \u201cdefendi\u00f3\u201d de la firma italiana ante la corte de los Estados Unidos.Te platicamos la raz\u00f3n.","breadcrumb":{"@id":"https:\/\/graziamagazine.com\/mx\/articles\/forever-21-versus-gucci-chamarra\/#breadcrumb"},"inLanguage":"es-MX","potentialAction":[{"@type":"ReadAction","target":["https:\/\/graziamagazine.com\/mx\/articles\/forever-21-versus-gucci-chamarra\/"]}]},{"@type":"BreadcrumbList","@id":"https:\/\/graziamagazine.com\/mx\/articles\/forever-21-versus-gucci-chamarra\/#breadcrumb","itemListElement":[{"@type":"ListItem","position":1,"name":"Home","item":"https:\/\/graziamagazine.com\/mx\/"},{"@type":"ListItem","position":2,"name":"FOREVER 21 VERSUS GUCCI, POR UNA CHAMARRA"}]},{"@type":"WebSite","@id":"https:\/\/graziamagazine.com\/mx\/#website","url":"https:\/\/graziamagazine.com\/mx\/","name":"Grazia M\u00e9xico y Latinoam\u00e9rica","description":"Grazia es moda, belleza y noticias  de actualidad ","potentialAction":[{"@type":"SearchAction","target":{"@type":"EntryPoint","urlTemplate":"https:\/\/graziamagazine.com\/mx\/?s={search_term_string}"},"query-input":"required name=search_term_string"}],"inLanguage":"es-MX"}]}},"jetpack_sharing_enabled":true,"distributor_meta":false,"distributor_terms":false,"distributor_media":false,"distributor_original_site_name":"Grazia M\u00e9xico y Latinoam\u00e9rica","distributor_original_site_url":"https:\/\/graziamagazine.com\/mx","push-errors":false,"_links":{"self":[{"href":"https:\/\/graziamagazine.com\/mx\/wp-json\/wp\/v2\/articles\/26545"}],"collection":[{"href":"https:\/\/graziamagazine.com\/mx\/wp-json\/wp\/v2\/articles"}],"about":[{"href":"https:\/\/graziamagazine.com\/mx\/wp-json\/wp\/v2\/types\/articles"}],"author":[{"embeddable":true,"href":"https:\/\/graziamagazine.com\/mx\/wp-json\/wp\/v2\/users\/11636"}],"wp:featuredmedia":[{"embeddable":true,"href":"https:\/\/graziamagazine.com\/mx\/wp-json\/wp\/v2\/media\/26547"}],"wp:attachment":[{"href":"https:\/\/graziamagazine.com\/mx\/wp-json\/wp\/v2\/media?parent=26545"}],"wp:term":[{"taxonomy":"category","embeddable":true,"href":"https:\/\/graziamagazine.com\/mx\/wp-json\/wp\/v2\/categories?post=26545"}],"curies":[{"name":"wp","href":"https:\/\/api.w.org\/{rel}","templated":true}]}}