{"id":26427,"date":"2017-06-27T13:26:58","date_gmt":"2017-06-27T19:26:58","guid":{"rendered":"https:\/\/graziamagazine.com\/mx\/?p=26427"},"modified":"2020-02-25T13:59:47","modified_gmt":"2020-02-25T18:59:47","slug":"gucci-reimprime-libro-historia-natural","status":"publish","type":"articles","link":"https:\/\/graziamagazine.com\/mx\/articles\/gucci-reimprime-libro-historia-natural\/","title":{"rendered":"Gucci \u201creimprime\u201d el primer libro de historia natural"},"content":{"rendered":"<p><b>Impreso en el siglo XV, \u201cHortus Sanitatis\u201d cobra vida con el Ed\u00e9n m\u00edstico y fiesta funky de Pre fall 2017 de Gucci. Sale a la venta la pr\u00f3xima semana.<\/b><\/p>\n<p><!--more--><\/p>\n<p><span style=\"font-weight: 400;\">Gucci no es moda, es abrir una caja de Pandora de la cual jam\u00e1s sabr\u00e1s qu\u00e9 esperar. Alessandro Michele ha dirigido por poco m\u00e1s de dos a\u00f1os la nueva sinfon\u00eda de la casa italiana y la ha llevado por bosques, colores y hasta a las estrellas.<\/span><\/p>\n<p><span style=\"font-weight: 400;\">Adem\u00e1s de sus habituales colecciones, pre colecciones y <a href=\"https:\/\/graziamagazine.com\/mx\/guccighost-la-nueva-sensacion-del-street-style\/\" target=\"_blank\" rel=\"noopener\"><strong><span style=\"text-decoration: underline;\">colaboraciones<\/span><\/strong><\/a>, est\u00e1n los objetos que derivan de ellas y que nos permiten adentrarnos a su universo. Uno de los que m\u00e1s le apasionan al dise\u00f1ador, son los libros.<\/span><\/p>\n<p><span style=\"font-weight: 400;\">Hace algunos meses, colabor\u00f3 con la edici\u00f3n especial de una revista que posteriormente se tradujo en una <a href=\"https:\/\/graziamagazine.com\/mx\/la-revista-curada-por-alessandro-michele-va-a-asia\/\" target=\"_blank\" rel=\"noopener\"><span style=\"text-decoration: underline;\"><strong>exhibici\u00f3n<\/strong><\/span><\/a> en el continente asi\u00e1tico. Lo mismo sucedi\u00f3 en noviembre del a\u00f1o pasado, cuando el tras bambalinas de su show crucero deriv\u00f3 en el libro editado por Assouline, <a href=\"https:\/\/graziamagazine.com\/mx\/gucci-ya-tiene-su-libro-de-fotografia\/\" target=\"_blank\" rel=\"noopener\"><span style=\"text-decoration: underline;\"><strong><em>\u201cBlind for Love\u201d<\/em><\/strong><\/span><\/a>.<\/span><\/p>\n<figure id=\"attachment_26429\" aria-describedby=\"caption-attachment-26429\" style=\"width: 960px\" class=\"wp-caption alignnone\"><img loading=\"lazy\" decoding=\"async\" class=\"wp-image-26429 size-full\" title=\"Gucci \u201creimprime\u201d el primer libro de historia natural\" src=\"https:\/\/graziamagazine.com\/mx\/wp-content\/uploads\/sites\/13\/2017\/06\/f3921d1a1fa76c12c4edd44737080f96.jpg\" alt=\"Gucci \u201creimprime\u201d el primer libro de historia natural\" width=\"960\" height=\"796\" srcset=\"https:\/\/graziamagazine.com\/mx\/wp-content\/uploads\/sites\/13\/2017\/06\/f3921d1a1fa76c12c4edd44737080f96.jpg 960w, https:\/\/graziamagazine.com\/mx\/wp-content\/uploads\/sites\/13\/2017\/06\/f3921d1a1fa76c12c4edd44737080f96.jpg?resize=450,373 450w, https:\/\/graziamagazine.com\/mx\/wp-content\/uploads\/sites\/13\/2017\/06\/f3921d1a1fa76c12c4edd44737080f96.jpg?resize=768,637 768w, https:\/\/graziamagazine.com\/mx\/wp-content\/uploads\/sites\/13\/2017\/06\/f3921d1a1fa76c12c4edd44737080f96.jpg?resize=155,129 155w\" sizes=\"(max-width: 960px) 100vw, 960px\" \/><figcaption id=\"caption-attachment-26429\" class=\"wp-caption-text\">&#8220;Des Piscibus&#8221;, Cap\u00edtulo 83.<\/figcaption><\/figure>\n<p>&nbsp;<\/p>\n<p><span style=\"font-weight: 400;\">Ahora, es el Pre Fall 2017 el que se inmortaliza en otro t\u00edtulo que data del siglo XV. Tal y como lo lees, Lallo revive el primer libro impreso de historia natural, <strong><em>\u201cHortus Sanitatis\u201d<\/em><\/strong>, escrito por el m\u00e9dico alem\u00e1n <\/span><span style=\"font-weight: 400;\">Johann Wonnecke von Caub<\/span><span style=\"font-weight: 400;\">.<\/span><\/p>\n<p><span style=\"font-weight: 400;\">La publicaci\u00f3n original se divide en varios pasajes descritos a trav\u00e9s de leyendas y hablan de todo tipo de criaturas, hasta monstruos marinos y sirenas.\u00a0<\/span><span style=\"font-weight: 400;\">Gucci cuenta la propia con im\u00e1genes de la <a href=\"https:\/\/graziamagazine.com\/mx\/gucci-lanza-campana-modelos-color\/\" target=\"_blank\" rel=\"noopener\"><span style=\"text-decoration: underline;\"><strong>campa\u00f1a<\/strong><\/span><\/a> en (a color y blanco y negro) tomadas por el fot\u00f3grafo Derek Ridgers. <\/span><\/p>\n<p>S\u00f3lo se imprimir\u00e1n 1000 copias que saldr\u00e1n a la venta el pr\u00f3ximo 5 de julio y que podr\u00e1s conseguir directamente en el Comme des Gar\u00e7ons Trading Museum, en Par\u00eds.<\/p>\n<p><span style=\"font-weight: 400;\">Por el precio de 75 libras esterlinas (poco m\u00e1s de $1,700 pesos) tendr\u00e1s un cap\u00edtulo m\u00e1s de las f\u00e1bulas contadas por el director creativo.<\/span><\/p>\n<p><span style=\"font-weight: 400;\">El libro viene dentro de una funda roja bordada con un cr\u00e1neo dorado que contrasta con la tapa turquesa. <\/span><\/p>\n<p>&nbsp;<\/p>\n<p><span style=\"font-weight: 400;\">\u00bfQu\u00e9 m\u00e1s necesitas saber para convencerte de quererlo?&#8230;<\/span><\/p>\n<p>&nbsp;<\/p>\n<p><img loading=\"lazy\" decoding=\"async\" class=\"alignnone wp-image-26430 size-large\" title=\"Gucci \u201creimprime\u201d el primer libro de historia natural\" src=\"https:\/\/graziamagazine.com\/mx\/wp-content\/uploads\/sites\/13\/2017\/06\/screen-shot-2017-06-27-at-4-51-25-pm-700x466.png\" alt=\"Gucci \u201creimprime\u201d el primer libro de historia natural\" width=\"700\" height=\"466\" \/><\/p>\n<p>&nbsp;<\/p>\n<h5><em>*FOTOS: Cortes\u00eda.<\/em><\/h5>\n","protected":false},"author":11636,"featured_media":26428,"template":"","format":"standard","categories":[5,4,10],"acf":[],"yoast_head":"<!-- This site is optimized with the Yoast SEO Premium plugin v18.5 (Yoast SEO v20.4) - https:\/\/yoast.com\/wordpress\/plugins\/seo\/ -->\n<title>Gucci \u201creimprime\u201d el primer libro de historia natural | Grazia M\u00e9xico y Latinoam\u00e9rica<\/title>\n<meta name=\"description\" content=\"Impreso en el siglo XV, \u201cHortus Sanitatis\u201d cobra vida con el Ed\u00e9n m\u00edstico y fiesta funky de Pre fall 2017 de Gucci. Sale a la venta la pr\u00f3xima semana.\" \/>\n<meta name=\"robots\" content=\"index, follow, max-snippet:-1, max-image-preview:large, max-video-preview:-1\" \/>\n<link rel=\"canonical\" href=\"https:\/\/graziamagazine.com\/mx\/articles\/gucci-reimprime-libro-historia-natural\/\" \/>\n<meta property=\"og:locale\" content=\"es_MX\" \/>\n<meta property=\"og:type\" content=\"article\" \/>\n<meta property=\"og:title\" content=\"Gucci \u201creimprime\u201d el primer libro de historia natural\" \/>\n<meta property=\"og:description\" content=\"Impreso en el siglo XV, \u201cHortus Sanitatis\u201d cobra vida con el Ed\u00e9n m\u00edstico y fiesta funky de Pre fall 2017 de Gucci. Sale a la venta la pr\u00f3xima semana.\" \/>\n<meta property=\"og:url\" content=\"https:\/\/graziamagazine.com\/mx\/articles\/gucci-reimprime-libro-historia-natural\/\" \/>\n<meta property=\"og:site_name\" content=\"Grazia M\u00e9xico y Latinoam\u00e9rica\" \/>\n<meta property=\"article:modified_time\" content=\"2020-02-25T18:59:47+00:00\" \/>\n<meta property=\"og:image\" content=\"https:\/\/graziamagazine.com\/mx\/wp-content\/uploads\/sites\/13\/2017\/06\/screen-shot-2017-06-27-at-4-47-58-pm.png?fit=640%2C415\" \/>\n\t<meta property=\"og:image:width\" content=\"640\" \/>\n\t<meta property=\"og:image:height\" content=\"415\" \/>\n\t<meta property=\"og:image:type\" content=\"image\/png\" \/>\n<meta name=\"twitter:card\" content=\"summary_large_image\" \/>\n<meta name=\"twitter:label1\" content=\"Est. reading time\" \/>\n\t<meta name=\"twitter:data1\" content=\"2 minutos\" \/>\n<script type=\"application\/ld+json\" class=\"yoast-schema-graph\">{\"@context\":\"https:\/\/schema.org\",\"@graph\":[{\"@type\":\"WebPage\",\"@id\":\"https:\/\/graziamagazine.com\/mx\/articles\/gucci-reimprime-libro-historia-natural\/\",\"url\":\"https:\/\/graziamagazine.com\/mx\/articles\/gucci-reimprime-libro-historia-natural\/\",\"name\":\"Gucci \u201creimprime\u201d el primer libro de historia natural | Grazia M\u00e9xico y Latinoam\u00e9rica\",\"isPartOf\":{\"@id\":\"https:\/\/graziamagazine.com\/mx\/#website\"},\"datePublished\":\"2017-06-27T19:26:58+00:00\",\"dateModified\":\"2020-02-25T18:59:47+00:00\",\"description\":\"Impreso en el siglo XV, \u201cHortus Sanitatis\u201d cobra vida con el Ed\u00e9n m\u00edstico y fiesta funky de Pre fall 2017 de Gucci. Sale a la venta la pr\u00f3xima semana.\",\"breadcrumb\":{\"@id\":\"https:\/\/graziamagazine.com\/mx\/articles\/gucci-reimprime-libro-historia-natural\/#breadcrumb\"},\"inLanguage\":\"es-MX\",\"potentialAction\":[{\"@type\":\"ReadAction\",\"target\":[\"https:\/\/graziamagazine.com\/mx\/articles\/gucci-reimprime-libro-historia-natural\/\"]}]},{\"@type\":\"BreadcrumbList\",\"@id\":\"https:\/\/graziamagazine.com\/mx\/articles\/gucci-reimprime-libro-historia-natural\/#breadcrumb\",\"itemListElement\":[{\"@type\":\"ListItem\",\"position\":1,\"name\":\"Home\",\"item\":\"https:\/\/graziamagazine.com\/mx\/\"},{\"@type\":\"ListItem\",\"position\":2,\"name\":\"Gucci \u201creimprime\u201d el primer libro de historia natural\"}]},{\"@type\":\"WebSite\",\"@id\":\"https:\/\/graziamagazine.com\/mx\/#website\",\"url\":\"https:\/\/graziamagazine.com\/mx\/\",\"name\":\"Grazia M\u00e9xico y Latinoam\u00e9rica\",\"description\":\"Grazia es moda, belleza y noticias  de actualidad \",\"potentialAction\":[{\"@type\":\"SearchAction\",\"target\":{\"@type\":\"EntryPoint\",\"urlTemplate\":\"https:\/\/graziamagazine.com\/mx\/?s={search_term_string}\"},\"query-input\":\"required name=search_term_string\"}],\"inLanguage\":\"es-MX\"}]}<\/script>\n<!-- \/ Yoast SEO Premium plugin. -->","yoast_head_json":{"title":"Gucci \u201creimprime\u201d el primer libro de historia natural | Grazia M\u00e9xico y Latinoam\u00e9rica","description":"Impreso en el siglo XV, \u201cHortus Sanitatis\u201d cobra vida con el Ed\u00e9n m\u00edstico y fiesta funky de Pre fall 2017 de Gucci. Sale a la venta la pr\u00f3xima semana.","robots":{"index":"index","follow":"follow","max-snippet":"max-snippet:-1","max-image-preview":"max-image-preview:large","max-video-preview":"max-video-preview:-1"},"canonical":"https:\/\/graziamagazine.com\/mx\/articles\/gucci-reimprime-libro-historia-natural\/","og_locale":"es_MX","og_type":"article","og_title":"Gucci \u201creimprime\u201d el primer libro de historia natural","og_description":"Impreso en el siglo XV, \u201cHortus Sanitatis\u201d cobra vida con el Ed\u00e9n m\u00edstico y fiesta funky de Pre fall 2017 de Gucci. Sale a la venta la pr\u00f3xima semana.","og_url":"https:\/\/graziamagazine.com\/mx\/articles\/gucci-reimprime-libro-historia-natural\/","og_site_name":"Grazia M\u00e9xico y Latinoam\u00e9rica","article_modified_time":"2020-02-25T18:59:47+00:00","og_image":[{"width":640,"height":415,"url":"https:\/\/graziamagazine.com\/mx\/wp-content\/uploads\/sites\/13\/2017\/06\/screen-shot-2017-06-27-at-4-47-58-pm.png?fit=640%2C415","type":"image\/png"}],"twitter_card":"summary_large_image","twitter_misc":{"Est. reading time":"2 minutos"},"schema":{"@context":"https:\/\/schema.org","@graph":[{"@type":"WebPage","@id":"https:\/\/graziamagazine.com\/mx\/articles\/gucci-reimprime-libro-historia-natural\/","url":"https:\/\/graziamagazine.com\/mx\/articles\/gucci-reimprime-libro-historia-natural\/","name":"Gucci \u201creimprime\u201d el primer libro de historia natural | Grazia M\u00e9xico y Latinoam\u00e9rica","isPartOf":{"@id":"https:\/\/graziamagazine.com\/mx\/#website"},"datePublished":"2017-06-27T19:26:58+00:00","dateModified":"2020-02-25T18:59:47+00:00","description":"Impreso en el siglo XV, \u201cHortus Sanitatis\u201d cobra vida con el Ed\u00e9n m\u00edstico y fiesta funky de Pre fall 2017 de Gucci. Sale a la venta la pr\u00f3xima semana.","breadcrumb":{"@id":"https:\/\/graziamagazine.com\/mx\/articles\/gucci-reimprime-libro-historia-natural\/#breadcrumb"},"inLanguage":"es-MX","potentialAction":[{"@type":"ReadAction","target":["https:\/\/graziamagazine.com\/mx\/articles\/gucci-reimprime-libro-historia-natural\/"]}]},{"@type":"BreadcrumbList","@id":"https:\/\/graziamagazine.com\/mx\/articles\/gucci-reimprime-libro-historia-natural\/#breadcrumb","itemListElement":[{"@type":"ListItem","position":1,"name":"Home","item":"https:\/\/graziamagazine.com\/mx\/"},{"@type":"ListItem","position":2,"name":"Gucci \u201creimprime\u201d el primer libro de historia natural"}]},{"@type":"WebSite","@id":"https:\/\/graziamagazine.com\/mx\/#website","url":"https:\/\/graziamagazine.com\/mx\/","name":"Grazia M\u00e9xico y Latinoam\u00e9rica","description":"Grazia es moda, belleza y noticias  de actualidad ","potentialAction":[{"@type":"SearchAction","target":{"@type":"EntryPoint","urlTemplate":"https:\/\/graziamagazine.com\/mx\/?s={search_term_string}"},"query-input":"required name=search_term_string"}],"inLanguage":"es-MX"}]}},"jetpack_sharing_enabled":true,"distributor_meta":false,"distributor_terms":false,"distributor_media":false,"distributor_original_site_name":"Grazia M\u00e9xico y Latinoam\u00e9rica","distributor_original_site_url":"https:\/\/graziamagazine.com\/mx","push-errors":false,"_links":{"self":[{"href":"https:\/\/graziamagazine.com\/mx\/wp-json\/wp\/v2\/articles\/26427"}],"collection":[{"href":"https:\/\/graziamagazine.com\/mx\/wp-json\/wp\/v2\/articles"}],"about":[{"href":"https:\/\/graziamagazine.com\/mx\/wp-json\/wp\/v2\/types\/articles"}],"author":[{"embeddable":true,"href":"https:\/\/graziamagazine.com\/mx\/wp-json\/wp\/v2\/users\/11636"}],"wp:featuredmedia":[{"embeddable":true,"href":"https:\/\/graziamagazine.com\/mx\/wp-json\/wp\/v2\/media\/26428"}],"wp:attachment":[{"href":"https:\/\/graziamagazine.com\/mx\/wp-json\/wp\/v2\/media?parent=26427"}],"wp:term":[{"taxonomy":"category","embeddable":true,"href":"https:\/\/graziamagazine.com\/mx\/wp-json\/wp\/v2\/categories?post=26427"}],"curies":[{"name":"wp","href":"https:\/\/api.w.org\/{rel}","templated":true}]}}