{"id":26400,"date":"2017-06-26T20:22:02","date_gmt":"2017-06-27T02:22:02","guid":{"rendered":"https:\/\/graziamagazine.com\/mx\/?p=26400"},"modified":"2017-06-26T20:23:09","modified_gmt":"2017-06-27T02:23:09","slug":"las-mexicanas-segun-gianvito-rossi","status":"publish","type":"articles","link":"https:\/\/graziamagazine.com\/mx\/articles\/las-mexicanas-segun-gianvito-rossi\/","title":{"rendered":"AS\u00cd SOMOS LAS MEXICANAS SEG\u00daN GIANVITO ROSSI"},"content":{"rendered":"<p><b>El jueves\u00a0pasado, MyTheresa celebr\u00f3 a Gianvito Rossi con una cena en Italia. Aprovechamos para preguntarle algo que toda shoeholic quiere saber\u2026<\/b><\/p>\n<p><!--more--><\/p>\n<p>\u2013\u2013\u2013\u2013<\/p>\n<p><img loading=\"lazy\" decoding=\"async\" class=\"alignnone size-large wp-image-26401\" src=\"https:\/\/graziamagazine.com\/mx\/wp-content\/uploads\/sites\/13\/2017\/06\/A28_Gresy-Daniilidis-Virginia-Valsecchi-Vera-Arrivabene-Gonzaga-Viola-Arrivabene-Gonzaga-Ginevra-Rossini-1024x768.jpg\" alt=\"GIANVITO ROSSI MYTHERESA EXCLUSIVA MEXICANAS\" width=\"1024\" height=\"768\" \/><\/p>\n<h3><b>Por Grace Miramontes<\/b><\/h3>\n<h3><\/h3>\n<p>&nbsp;<\/p>\n<p><span style=\"font-weight: 400;\">Como much\u00edsimas mujeres, nos declaramos adictas a los zapatos y enamoradas de los dise\u00f1os de Gianvito Rossi.<\/span><\/p>\n<p><span style=\"font-weight: 400;\">El italiano ha hecho de ellos verdaderos objetos de deseo que varias firmas no han parado de replicar. La prueba est\u00e1 en sus <\/span><span style=\"text-decoration: underline;\"><b><i><a href=\"https:\/\/www.mytheresa.com\/en-de\/plexi-70-denim-and-transparent-pumps-521418.html\" target=\"_blank\" target=\"_blank\">transparent pumps<\/a><\/i><\/b><\/span><span style=\"font-weight: 400;\">, los mismos que las Kardashian llegaron a tener en todos los colores posibles.<\/span><\/p>\n<p>La semana pasada, MyTheresa celebr\u00f3 al italiano en una cena en il Grand Hotel di Rimini (en Rimini, Italia) junto a un grupo de <strong>socialit\u00e9s<\/strong> y apasionadas de la moda que ocuparon una mesa de 50 metros. Entre ellas, <a href=\"https:\/\/www.instagram.com\/renee_stewartt\/?hl=es\" target=\"_blank\" target=\"_blank\"><span style=\"text-decoration: underline;\"><strong>Renee Stewart<\/strong><\/span><\/a> \u2013hija de Rod Stewart\u2013 y dos\u00a0de las favoritas de los paparazzis de Grazia, <a href=\"https:\/\/www.instagram.com\/veronikaheilbrunner\" target=\"_blank\" target=\"_blank\"><strong><span style=\"text-decoration: underline;\">Veronika Heilbrunner<\/span><\/strong><\/a> y <a href=\"https:\/\/www.instagram.com\/carodaur\" target=\"_blank\" target=\"_blank\"><span style=\"text-decoration: underline;\"><strong>Caroline Daur<\/strong><\/span><\/a>.<\/p>\n<p>&nbsp;<\/p>\n<figure id=\"attachment_26402\" aria-describedby=\"caption-attachment-26402\" style=\"width: 820px\" class=\"wp-caption alignnone\"><img loading=\"lazy\" decoding=\"async\" class=\"size-large wp-image-26402\" src=\"https:\/\/graziamagazine.com\/mx\/wp-content\/uploads\/sites\/13\/2017\/06\/A12_Veronika-Heibrunner-820x1024.jpg\" alt=\"Veronika Heibrunner.\" width=\"820\" height=\"1024\" \/><figcaption id=\"caption-attachment-26402\" class=\"wp-caption-text\">Veronika Heibrunner.<\/figcaption><\/figure>\n<p>&nbsp;<\/p>\n<p><span style=\"font-weight: 400;\">Aprovechando la reuni\u00f3n que combin\u00f3 copas al aire y (por supuesto) las piezas <\/span><b><i>must<\/i><\/b><span style=\"font-weight: 400;\"> del dise\u00f1ador, aprovechamos para hacerle una pregunta a la cual respondi\u00f3.<\/span><\/p>\n<p><b>GRAZIA: Las mujeres mexicanas e italianas tienen algo en com\u00fan, su pasi\u00f3n por los zapatos. \u00bfConsiderar\u00edas hacer una colecci\u00f3n especial o una silueta inspirada en las latinas?<\/b><\/p>\n<p>&nbsp;<\/p>\n<p><b>GIANVITO: <\/b><\/p>\n<blockquote><p><b><i>\u201cMi inspiraci\u00f3n viene de las mujeres de todo el mundo. La cultura mexicana es muy viva y las mujeres siempre parecen bailar cuando caminan, eso es definitivamente interesante en t\u00e9rminos de siluetas\u2026\u201d<\/i><\/b><\/p><\/blockquote>\n<p><span style=\"font-weight: 400;\">\u00bfSer\u00e1 que acaso sembramos la curiosidad del artista? Ojal\u00e1 y pr\u00f3ximamente podamos tener nuestro propio homenaje de la mano de Gianvito.<\/span><\/p>\n<p>&nbsp;<\/p>\n<figure id=\"attachment_26403\" aria-describedby=\"caption-attachment-26403\" style=\"width: 820px\" class=\"wp-caption alignnone\"><img loading=\"lazy\" decoding=\"async\" class=\"size-large wp-image-26403\" src=\"https:\/\/graziamagazine.com\/mx\/wp-content\/uploads\/sites\/13\/2017\/06\/A19_Sofia-Rossi-Gianvito-Rossi-820x1024.jpg\" alt=\"Sofia Rossi y Gianvito Rossi\" width=\"820\" height=\"1024\" \/><figcaption id=\"caption-attachment-26403\" class=\"wp-caption-text\">Sofia Rossi y Gianvito Rossi<\/figcaption><\/figure>\n<p>&nbsp;<\/p>\n<h5><strong><em>*FOTOS: Cortes\u00eda.<\/em><\/strong><\/h5>\n","protected":false},"author":11636,"featured_media":26401,"template":"","format":"standard","categories":[2,5,4,10],"acf":[],"yoast_head":"<!-- This site is optimized with the Yoast SEO Premium plugin v18.5 (Yoast SEO v20.4) - https:\/\/yoast.com\/wordpress\/plugins\/seo\/ -->\n<title>AS\u00cd SOMOS LAS MEXICANAS SEG\u00daN GIANVITO ROSSI | Grazia M\u00e9xico y Latinoam\u00e9rica<\/title>\n<meta name=\"description\" content=\"El jueves pasado, MyTheresa celebr\u00f3 a Gianvito Rossi con una cena en Italia. Aprovechamos para preguntarle algo que toda shoeholic quiere saber\u2026\" \/>\n<meta name=\"robots\" content=\"index, follow, max-snippet:-1, max-image-preview:large, max-video-preview:-1\" \/>\n<link rel=\"canonical\" href=\"https:\/\/graziamagazine.com\/mx\/articles\/las-mexicanas-segun-gianvito-rossi\/\" \/>\n<meta property=\"og:locale\" content=\"es_MX\" \/>\n<meta property=\"og:type\" content=\"article\" \/>\n<meta property=\"og:title\" content=\"AS\u00cd SOMOS LAS MEXICANAS SEG\u00daN GIANVITO ROSSI\" \/>\n<meta property=\"og:description\" content=\"El jueves pasado, MyTheresa celebr\u00f3 a Gianvito Rossi con una cena en Italia. Aprovechamos para preguntarle algo que toda shoeholic quiere saber\u2026\" \/>\n<meta property=\"og:url\" content=\"https:\/\/graziamagazine.com\/mx\/articles\/las-mexicanas-segun-gianvito-rossi\/\" \/>\n<meta property=\"og:site_name\" content=\"Grazia M\u00e9xico y Latinoam\u00e9rica\" \/>\n<meta property=\"article:modified_time\" content=\"2017-06-27T02:23:09+00:00\" \/>\n<meta property=\"og:image\" content=\"https:\/\/graziamagazine.com\/mx\/wp-content\/uploads\/sites\/13\/2017\/06\/A28_Gresy-Daniilidis-Virginia-Valsecchi-Vera-Arrivabene-Gonzaga-Viola-Arrivabene-Gonzaga-Ginevra-Rossini.jpg?fit=1280%2C960\" \/>\n\t<meta property=\"og:image:width\" content=\"1280\" \/>\n\t<meta property=\"og:image:height\" content=\"960\" \/>\n\t<meta property=\"og:image:type\" content=\"image\/jpeg\" \/>\n<meta name=\"twitter:card\" content=\"summary_large_image\" \/>\n<meta name=\"twitter:label1\" content=\"Est. reading time\" \/>\n\t<meta name=\"twitter:data1\" content=\"1 minuto\" \/>\n<script type=\"application\/ld+json\" class=\"yoast-schema-graph\">{\"@context\":\"https:\/\/schema.org\",\"@graph\":[{\"@type\":\"WebPage\",\"@id\":\"https:\/\/graziamagazine.com\/mx\/articles\/las-mexicanas-segun-gianvito-rossi\/\",\"url\":\"https:\/\/graziamagazine.com\/mx\/articles\/las-mexicanas-segun-gianvito-rossi\/\",\"name\":\"AS\u00cd SOMOS LAS MEXICANAS SEG\u00daN GIANVITO ROSSI | Grazia M\u00e9xico y Latinoam\u00e9rica\",\"isPartOf\":{\"@id\":\"https:\/\/graziamagazine.com\/mx\/#website\"},\"datePublished\":\"2017-06-27T02:22:02+00:00\",\"dateModified\":\"2017-06-27T02:23:09+00:00\",\"description\":\"El jueves pasado, MyTheresa celebr\u00f3 a Gianvito Rossi con una cena en Italia. Aprovechamos para preguntarle algo que toda shoeholic quiere saber\u2026\",\"breadcrumb\":{\"@id\":\"https:\/\/graziamagazine.com\/mx\/articles\/las-mexicanas-segun-gianvito-rossi\/#breadcrumb\"},\"inLanguage\":\"es-MX\",\"potentialAction\":[{\"@type\":\"ReadAction\",\"target\":[\"https:\/\/graziamagazine.com\/mx\/articles\/las-mexicanas-segun-gianvito-rossi\/\"]}]},{\"@type\":\"BreadcrumbList\",\"@id\":\"https:\/\/graziamagazine.com\/mx\/articles\/las-mexicanas-segun-gianvito-rossi\/#breadcrumb\",\"itemListElement\":[{\"@type\":\"ListItem\",\"position\":1,\"name\":\"Home\",\"item\":\"https:\/\/graziamagazine.com\/mx\/\"},{\"@type\":\"ListItem\",\"position\":2,\"name\":\"AS\u00cd SOMOS LAS MEXICANAS SEG\u00daN GIANVITO ROSSI\"}]},{\"@type\":\"WebSite\",\"@id\":\"https:\/\/graziamagazine.com\/mx\/#website\",\"url\":\"https:\/\/graziamagazine.com\/mx\/\",\"name\":\"Grazia M\u00e9xico y Latinoam\u00e9rica\",\"description\":\"Grazia es moda, belleza y noticias  de actualidad \",\"potentialAction\":[{\"@type\":\"SearchAction\",\"target\":{\"@type\":\"EntryPoint\",\"urlTemplate\":\"https:\/\/graziamagazine.com\/mx\/?s={search_term_string}\"},\"query-input\":\"required name=search_term_string\"}],\"inLanguage\":\"es-MX\"}]}<\/script>\n<!-- \/ Yoast SEO Premium plugin. -->","yoast_head_json":{"title":"AS\u00cd SOMOS LAS MEXICANAS SEG\u00daN GIANVITO ROSSI | Grazia M\u00e9xico y Latinoam\u00e9rica","description":"El jueves pasado, MyTheresa celebr\u00f3 a Gianvito Rossi con una cena en Italia. Aprovechamos para preguntarle algo que toda shoeholic quiere saber\u2026","robots":{"index":"index","follow":"follow","max-snippet":"max-snippet:-1","max-image-preview":"max-image-preview:large","max-video-preview":"max-video-preview:-1"},"canonical":"https:\/\/graziamagazine.com\/mx\/articles\/las-mexicanas-segun-gianvito-rossi\/","og_locale":"es_MX","og_type":"article","og_title":"AS\u00cd SOMOS LAS MEXICANAS SEG\u00daN GIANVITO ROSSI","og_description":"El jueves pasado, MyTheresa celebr\u00f3 a Gianvito Rossi con una cena en Italia. Aprovechamos para preguntarle algo que toda shoeholic quiere saber\u2026","og_url":"https:\/\/graziamagazine.com\/mx\/articles\/las-mexicanas-segun-gianvito-rossi\/","og_site_name":"Grazia M\u00e9xico y Latinoam\u00e9rica","article_modified_time":"2017-06-27T02:23:09+00:00","og_image":[{"width":1280,"height":960,"url":"https:\/\/graziamagazine.com\/mx\/wp-content\/uploads\/sites\/13\/2017\/06\/A28_Gresy-Daniilidis-Virginia-Valsecchi-Vera-Arrivabene-Gonzaga-Viola-Arrivabene-Gonzaga-Ginevra-Rossini.jpg?fit=1280%2C960","type":"image\/jpeg"}],"twitter_card":"summary_large_image","twitter_misc":{"Est. reading time":"1 minuto"},"schema":{"@context":"https:\/\/schema.org","@graph":[{"@type":"WebPage","@id":"https:\/\/graziamagazine.com\/mx\/articles\/las-mexicanas-segun-gianvito-rossi\/","url":"https:\/\/graziamagazine.com\/mx\/articles\/las-mexicanas-segun-gianvito-rossi\/","name":"AS\u00cd SOMOS LAS MEXICANAS SEG\u00daN GIANVITO ROSSI | Grazia M\u00e9xico y Latinoam\u00e9rica","isPartOf":{"@id":"https:\/\/graziamagazine.com\/mx\/#website"},"datePublished":"2017-06-27T02:22:02+00:00","dateModified":"2017-06-27T02:23:09+00:00","description":"El jueves pasado, MyTheresa celebr\u00f3 a Gianvito Rossi con una cena en Italia. Aprovechamos para preguntarle algo que toda shoeholic quiere saber\u2026","breadcrumb":{"@id":"https:\/\/graziamagazine.com\/mx\/articles\/las-mexicanas-segun-gianvito-rossi\/#breadcrumb"},"inLanguage":"es-MX","potentialAction":[{"@type":"ReadAction","target":["https:\/\/graziamagazine.com\/mx\/articles\/las-mexicanas-segun-gianvito-rossi\/"]}]},{"@type":"BreadcrumbList","@id":"https:\/\/graziamagazine.com\/mx\/articles\/las-mexicanas-segun-gianvito-rossi\/#breadcrumb","itemListElement":[{"@type":"ListItem","position":1,"name":"Home","item":"https:\/\/graziamagazine.com\/mx\/"},{"@type":"ListItem","position":2,"name":"AS\u00cd SOMOS LAS MEXICANAS SEG\u00daN GIANVITO ROSSI"}]},{"@type":"WebSite","@id":"https:\/\/graziamagazine.com\/mx\/#website","url":"https:\/\/graziamagazine.com\/mx\/","name":"Grazia M\u00e9xico y Latinoam\u00e9rica","description":"Grazia es moda, belleza y noticias  de actualidad ","potentialAction":[{"@type":"SearchAction","target":{"@type":"EntryPoint","urlTemplate":"https:\/\/graziamagazine.com\/mx\/?s={search_term_string}"},"query-input":"required name=search_term_string"}],"inLanguage":"es-MX"}]}},"jetpack_sharing_enabled":true,"distributor_meta":false,"distributor_terms":false,"distributor_media":false,"distributor_original_site_name":"Grazia M\u00e9xico y Latinoam\u00e9rica","distributor_original_site_url":"https:\/\/graziamagazine.com\/mx","push-errors":false,"_links":{"self":[{"href":"https:\/\/graziamagazine.com\/mx\/wp-json\/wp\/v2\/articles\/26400"}],"collection":[{"href":"https:\/\/graziamagazine.com\/mx\/wp-json\/wp\/v2\/articles"}],"about":[{"href":"https:\/\/graziamagazine.com\/mx\/wp-json\/wp\/v2\/types\/articles"}],"author":[{"embeddable":true,"href":"https:\/\/graziamagazine.com\/mx\/wp-json\/wp\/v2\/users\/11636"}],"wp:featuredmedia":[{"embeddable":true,"href":"https:\/\/graziamagazine.com\/mx\/wp-json\/wp\/v2\/media\/26401"}],"wp:attachment":[{"href":"https:\/\/graziamagazine.com\/mx\/wp-json\/wp\/v2\/media?parent=26400"}],"wp:term":[{"taxonomy":"category","embeddable":true,"href":"https:\/\/graziamagazine.com\/mx\/wp-json\/wp\/v2\/categories?post=26400"}],"curies":[{"name":"wp","href":"https:\/\/api.w.org\/{rel}","templated":true}]}}