{"id":26296,"date":"2017-06-26T09:16:15","date_gmt":"2017-06-26T15:16:15","guid":{"rendered":"https:\/\/graziamagazine.com\/mx\/?p=26296"},"modified":"2020-03-10T13:12:19","modified_gmt":"2020-03-10T18:12:19","slug":"girlboss-la-maldicion-nasty-gal","status":"publish","type":"articles","link":"https:\/\/graziamagazine.com\/mx\/articles\/girlboss-la-maldicion-nasty-gal\/","title":{"rendered":"Girlboss: \u00bfla maldici\u00f3n de Nasty Gal?"},"content":{"rendered":"<p><em><b>Este fin de semana, Netflix anunci\u00f3 la cancelaci\u00f3n de su serie Girlboss en torno a la fundadora de la boutique online. \u00bfTe suena familiar?<\/b><\/em><\/p>\n<p><!--more--><\/p>\n<p><span style=\"font-weight: 400;\">Tras el \u00e9xito de pel\u00edculas como <strong><em>\u201cThe Devil Wears Prada\u201d<\/em><\/strong> y dem\u00e1s historias hechas para <\/span><i><span style=\"font-weight: 400;\">fashionistas<\/span><\/i><span style=\"font-weight: 400;\">, parec\u00eda l\u00f3gico que <em><strong>Girlboss<\/strong><\/em> se colocara entre las series preferidas. Sin embargo, la decisi\u00f3n de Netflix de retirarla tras s\u00f3lo una temporada, este fin de semana, desminti\u00f3 nuestra teor\u00eda.<\/span><\/p>\n<p>Contrario a lo que se pensar\u00eda, la trama inspirada en Sophia Amoruso \u2013fundadora de la boutique y firma de ropa indie, Nasty Gal\u2013 no fue del agrado de la audiencia y prueba de ello est\u00e1 en los n\u00fameros. <strong><span style=\"text-decoration: underline;\"><a href=\"https:\/\/www.rottentomatoes.com\/tv\/girlboss\/s01\/\" target=\"_blank\" rel=\"noopener\" target=\"_blank\">Rotten Tomatoes<\/a><\/span><\/strong> registr\u00f3 una preferencia de 32% y adem\u00e1s, los\u00a0usuarios calificaron a la protagonista de \u201cinsoportable\u201d.<\/p>\n<p>Naturalmente, la propia empresaria tom\u00f3 su cuenta oficial de Instagram para hacer una <a href=\"https:\/\/www.instagram.com\/p\/BVxcqTVDUo1\/?taken-by=sophiaamoruso\" target=\"_blank\" rel=\"noopener\" target=\"_blank\"><span style=\"text-decoration: underline;\"><strong>declaraci\u00f3n<\/strong><\/span><\/a> al respecto:<\/p>\n<p>&nbsp;<\/p>\n<blockquote><p><b><i>\u201cPues, la serie de Netflix sobre mi vida fue cancelada y aunque estoy orgullosa del trabajo que hicimos, tambi\u00e9n espero controlar mi narrativa a partir de ahora\u201d<\/i><\/b><span style=\"font-weight: 400;\">, escribi\u00f3.<\/span><\/p>\n<p>&nbsp;<\/p><\/blockquote>\n<p><span style=\"font-weight: 400;\">Adem\u00e1s, detall\u00f3 la parte no tan emocionante de vivir su vida <\/span><b><i>\u201ccomo una caricatura\u201d<\/i><\/b><span style=\"font-weight: 400;\"> y su deseo por <\/span><b><i>\u201ccontar la historia de lo que pas\u00f3 los \u00faltimos a\u00f1os, alg\u00fan d\u00eda\u201d.<\/i><\/b><\/p>\n<p><span style=\"font-weight: 400;\">Con ello se refiere al \u00e9xito y declive de la firma que se convirti\u00f3 en objeto de culto y que recientemente, concret\u00f3 su <a href=\"https:\/\/graziamagazine.com\/mx\/bye-bye-nasty-gal\/\" target=\"_blank\" rel=\"noopener\"><strong><span style=\"text-decoration: underline;\">bancarrota<\/span><\/strong><\/a>.<\/span><\/p>\n<p><span style=\"font-weight: 400;\">La raz\u00f3n descrita por los expertos fue que al final de la vida de la marca, la empresaria se distanci\u00f3 de su proyecto para enfocarse precisamente en la promoci\u00f3n de la autobiograf\u00eda (y negocio en torno suyo) de la cual la producci\u00f3n tom\u00f3 su nombre.<\/span><\/p>\n<p><span style=\"font-weight: 400;\">Las deudas a los proveedores crecieron y la baja en la calidad de los productos, decepcion\u00f3 a sus clientas.<\/span><\/p>\n<p><span style=\"font-weight: 400;\">En resumen, poco a poco, la que llegara a ser una de las marcas codiciadas por las m\u00e1s atrevidas \u2013que pod\u00edan encontrar velour y glitter al por mayor\u2013 lleg\u00f3 a su fin.<\/span><\/p>\n<p><span style=\"font-weight: 400;\">\u00bfSer\u00e1 que esta vez Sophia se redima con sus seguidoras? Una segunda parte y mucho m\u00e1s \u201cbasada en la realidad\u201d podr\u00eda servir para que el fen\u00f3meno reavivara el recuerdo de tiempos m\u00e1s felices.<\/span><\/p>\n<p>En pocas palabras, tomar las riendas suena a salvaci\u00f3n.<\/p>\n<p>&nbsp;<\/p>\n<p><img loading=\"lazy\" decoding=\"async\" class=\"alignnone wp-image-26298 size-full\" title=\"Girlboss: \u00bfla maldici\u00f3n de Nasty Gal?\" src=\"https:\/\/graziamagazine.com\/mx\/wp-content\/uploads\/sites\/13\/2017\/06\/Screen-Shot-2017-06-26-at-10.15.35-AM.png\" alt=\"Girlboss: \u00bfla maldici\u00f3n de Nasty Gal?\" width=\"714\" height=\"748\" srcset=\"https:\/\/graziamagazine.com\/mx\/wp-content\/uploads\/sites\/13\/2017\/06\/Screen-Shot-2017-06-26-at-10.15.35-AM.png 714w, https:\/\/graziamagazine.com\/mx\/wp-content\/uploads\/sites\/13\/2017\/06\/Screen-Shot-2017-06-26-at-10.15.35-AM.png?resize=430,450 430w, https:\/\/graziamagazine.com\/mx\/wp-content\/uploads\/sites\/13\/2017\/06\/Screen-Shot-2017-06-26-at-10.15.35-AM.png?resize=155,162 155w\" sizes=\"(max-width: 714px) 100vw, 714px\" \/><\/p>\n<h5><strong><em>*FOTO: Netflix \/ @sophiaamoruso.<\/em><\/strong><\/h5>\n","protected":false},"author":11634,"featured_media":26297,"template":"","format":"standard","categories":[2,4],"acf":[],"yoast_head":"<!-- This site is optimized with the Yoast SEO Premium plugin v18.5 (Yoast SEO v20.4) - https:\/\/yoast.com\/wordpress\/plugins\/seo\/ -->\n<title>Girlboss: \u00bfla maldici\u00f3n de Nasty Gal? | Grazia M\u00e9xico y Latinoam\u00e9rica<\/title>\n<meta name=\"description\" content=\"Este fin de semana, Netflix anunci\u00f3 la cancelaci\u00f3n de su serie Girlboss en torno a la fundadora de la boutique online. \u00bfTe suena familiar?\" \/>\n<meta name=\"robots\" content=\"index, follow, max-snippet:-1, max-image-preview:large, max-video-preview:-1\" \/>\n<link rel=\"canonical\" href=\"https:\/\/graziamagazine.com\/mx\/articles\/girlboss-la-maldicion-nasty-gal\/\" \/>\n<meta property=\"og:locale\" content=\"es_MX\" \/>\n<meta property=\"og:type\" content=\"article\" \/>\n<meta property=\"og:title\" content=\"Girlboss: \u00bfla maldici\u00f3n de Nasty Gal?\" \/>\n<meta property=\"og:description\" content=\"Este fin de semana, Netflix anunci\u00f3 la cancelaci\u00f3n de su serie Girlboss en torno a la fundadora de la boutique online. \u00bfTe suena familiar?\" \/>\n<meta property=\"og:url\" content=\"https:\/\/graziamagazine.com\/mx\/articles\/girlboss-la-maldicion-nasty-gal\/\" \/>\n<meta property=\"og:site_name\" content=\"Grazia M\u00e9xico y Latinoam\u00e9rica\" \/>\n<meta property=\"article:modified_time\" content=\"2020-03-10T18:12:19+00:00\" \/>\n<meta property=\"og:image\" content=\"https:\/\/graziamagazine.com\/mx\/wp-content\/uploads\/sites\/13\/2017\/06\/Screen-Shot-2017-06-26-at-10.10.30-AM-e1583861730567.png?fit=800%2C523\" \/>\n\t<meta property=\"og:image:width\" content=\"800\" \/>\n\t<meta property=\"og:image:height\" content=\"523\" \/>\n\t<meta property=\"og:image:type\" content=\"image\/png\" \/>\n<meta name=\"twitter:card\" content=\"summary_large_image\" \/>\n<meta name=\"twitter:label1\" content=\"Est. reading time\" \/>\n\t<meta name=\"twitter:data1\" content=\"2 minutos\" \/>\n<script type=\"application\/ld+json\" class=\"yoast-schema-graph\">{\"@context\":\"https:\/\/schema.org\",\"@graph\":[{\"@type\":\"WebPage\",\"@id\":\"https:\/\/graziamagazine.com\/mx\/articles\/girlboss-la-maldicion-nasty-gal\/\",\"url\":\"https:\/\/graziamagazine.com\/mx\/articles\/girlboss-la-maldicion-nasty-gal\/\",\"name\":\"Girlboss: \u00bfla maldici\u00f3n de Nasty Gal? | Grazia M\u00e9xico y Latinoam\u00e9rica\",\"isPartOf\":{\"@id\":\"https:\/\/graziamagazine.com\/mx\/#website\"},\"datePublished\":\"2017-06-26T15:16:15+00:00\",\"dateModified\":\"2020-03-10T18:12:19+00:00\",\"description\":\"Este fin de semana, Netflix anunci\u00f3 la cancelaci\u00f3n de su serie Girlboss en torno a la fundadora de la boutique online. \u00bfTe suena familiar?\",\"breadcrumb\":{\"@id\":\"https:\/\/graziamagazine.com\/mx\/articles\/girlboss-la-maldicion-nasty-gal\/#breadcrumb\"},\"inLanguage\":\"es-MX\",\"potentialAction\":[{\"@type\":\"ReadAction\",\"target\":[\"https:\/\/graziamagazine.com\/mx\/articles\/girlboss-la-maldicion-nasty-gal\/\"]}]},{\"@type\":\"BreadcrumbList\",\"@id\":\"https:\/\/graziamagazine.com\/mx\/articles\/girlboss-la-maldicion-nasty-gal\/#breadcrumb\",\"itemListElement\":[{\"@type\":\"ListItem\",\"position\":1,\"name\":\"Home\",\"item\":\"https:\/\/graziamagazine.com\/mx\/\"},{\"@type\":\"ListItem\",\"position\":2,\"name\":\"Girlboss: \u00bfla maldici\u00f3n de Nasty Gal?\"}]},{\"@type\":\"WebSite\",\"@id\":\"https:\/\/graziamagazine.com\/mx\/#website\",\"url\":\"https:\/\/graziamagazine.com\/mx\/\",\"name\":\"Grazia M\u00e9xico y Latinoam\u00e9rica\",\"description\":\"Grazia es moda, belleza y noticias  de actualidad \",\"potentialAction\":[{\"@type\":\"SearchAction\",\"target\":{\"@type\":\"EntryPoint\",\"urlTemplate\":\"https:\/\/graziamagazine.com\/mx\/?s={search_term_string}\"},\"query-input\":\"required name=search_term_string\"}],\"inLanguage\":\"es-MX\"}]}<\/script>\n<!-- \/ Yoast SEO Premium plugin. -->","yoast_head_json":{"title":"Girlboss: \u00bfla maldici\u00f3n de Nasty Gal? | Grazia M\u00e9xico y Latinoam\u00e9rica","description":"Este fin de semana, Netflix anunci\u00f3 la cancelaci\u00f3n de su serie Girlboss en torno a la fundadora de la boutique online. \u00bfTe suena familiar?","robots":{"index":"index","follow":"follow","max-snippet":"max-snippet:-1","max-image-preview":"max-image-preview:large","max-video-preview":"max-video-preview:-1"},"canonical":"https:\/\/graziamagazine.com\/mx\/articles\/girlboss-la-maldicion-nasty-gal\/","og_locale":"es_MX","og_type":"article","og_title":"Girlboss: \u00bfla maldici\u00f3n de Nasty Gal?","og_description":"Este fin de semana, Netflix anunci\u00f3 la cancelaci\u00f3n de su serie Girlboss en torno a la fundadora de la boutique online. \u00bfTe suena familiar?","og_url":"https:\/\/graziamagazine.com\/mx\/articles\/girlboss-la-maldicion-nasty-gal\/","og_site_name":"Grazia M\u00e9xico y Latinoam\u00e9rica","article_modified_time":"2020-03-10T18:12:19+00:00","og_image":[{"width":800,"height":523,"url":"https:\/\/graziamagazine.com\/mx\/wp-content\/uploads\/sites\/13\/2017\/06\/Screen-Shot-2017-06-26-at-10.10.30-AM-e1583861730567.png?fit=800%2C523","type":"image\/png"}],"twitter_card":"summary_large_image","twitter_misc":{"Est. reading time":"2 minutos"},"schema":{"@context":"https:\/\/schema.org","@graph":[{"@type":"WebPage","@id":"https:\/\/graziamagazine.com\/mx\/articles\/girlboss-la-maldicion-nasty-gal\/","url":"https:\/\/graziamagazine.com\/mx\/articles\/girlboss-la-maldicion-nasty-gal\/","name":"Girlboss: \u00bfla maldici\u00f3n de Nasty Gal? | Grazia M\u00e9xico y Latinoam\u00e9rica","isPartOf":{"@id":"https:\/\/graziamagazine.com\/mx\/#website"},"datePublished":"2017-06-26T15:16:15+00:00","dateModified":"2020-03-10T18:12:19+00:00","description":"Este fin de semana, Netflix anunci\u00f3 la cancelaci\u00f3n de su serie Girlboss en torno a la fundadora de la boutique online. \u00bfTe suena familiar?","breadcrumb":{"@id":"https:\/\/graziamagazine.com\/mx\/articles\/girlboss-la-maldicion-nasty-gal\/#breadcrumb"},"inLanguage":"es-MX","potentialAction":[{"@type":"ReadAction","target":["https:\/\/graziamagazine.com\/mx\/articles\/girlboss-la-maldicion-nasty-gal\/"]}]},{"@type":"BreadcrumbList","@id":"https:\/\/graziamagazine.com\/mx\/articles\/girlboss-la-maldicion-nasty-gal\/#breadcrumb","itemListElement":[{"@type":"ListItem","position":1,"name":"Home","item":"https:\/\/graziamagazine.com\/mx\/"},{"@type":"ListItem","position":2,"name":"Girlboss: \u00bfla maldici\u00f3n de Nasty Gal?"}]},{"@type":"WebSite","@id":"https:\/\/graziamagazine.com\/mx\/#website","url":"https:\/\/graziamagazine.com\/mx\/","name":"Grazia M\u00e9xico y Latinoam\u00e9rica","description":"Grazia es moda, belleza y noticias  de actualidad ","potentialAction":[{"@type":"SearchAction","target":{"@type":"EntryPoint","urlTemplate":"https:\/\/graziamagazine.com\/mx\/?s={search_term_string}"},"query-input":"required name=search_term_string"}],"inLanguage":"es-MX"}]}},"jetpack_sharing_enabled":true,"distributor_meta":false,"distributor_terms":false,"distributor_media":false,"distributor_original_site_name":"Grazia M\u00e9xico y Latinoam\u00e9rica","distributor_original_site_url":"https:\/\/graziamagazine.com\/mx","push-errors":false,"_links":{"self":[{"href":"https:\/\/graziamagazine.com\/mx\/wp-json\/wp\/v2\/articles\/26296"}],"collection":[{"href":"https:\/\/graziamagazine.com\/mx\/wp-json\/wp\/v2\/articles"}],"about":[{"href":"https:\/\/graziamagazine.com\/mx\/wp-json\/wp\/v2\/types\/articles"}],"author":[{"embeddable":true,"href":"https:\/\/graziamagazine.com\/mx\/wp-json\/wp\/v2\/users\/11634"}],"wp:featuredmedia":[{"embeddable":true,"href":"https:\/\/graziamagazine.com\/mx\/wp-json\/wp\/v2\/media\/26297"}],"wp:attachment":[{"href":"https:\/\/graziamagazine.com\/mx\/wp-json\/wp\/v2\/media?parent=26296"}],"wp:term":[{"taxonomy":"category","embeddable":true,"href":"https:\/\/graziamagazine.com\/mx\/wp-json\/wp\/v2\/categories?post=26296"}],"curies":[{"name":"wp","href":"https:\/\/api.w.org\/{rel}","templated":true}]}}