{"id":26071,"date":"2017-06-21T10:59:11","date_gmt":"2017-06-21T16:59:11","guid":{"rendered":"https:\/\/graziamagazine.com\/mx\/?p=26071"},"modified":"2019-12-23T12:42:17","modified_gmt":"2019-12-23T17:42:17","slug":"kim-kardashian-tendra-tercer-hijo","status":"publish","type":"articles","link":"https:\/\/graziamagazine.com\/mx\/articles\/kim-kardashian-tendra-tercer-hijo\/","title":{"rendered":"Kim Kardashian tendr\u00e1 un tercer hijo"},"content":{"rendered":"<p><b>Kim Kardashian y Kanye West agregan uno, dos, o hasta tres integrantes a su familia gracias a una surrogate mom. Te revelamos los detalles del contrato.<\/b><\/p>\n<p><!--more--><\/p>\n<h4><strong>*Esta nota fue actualizada.<\/strong><\/h4>\n<p><span style=\"font-weight: 400;\">\u00a1Es oficial! Kim Kardashian ser\u00e1 madre por tercera vez. \u00a1S\u00ed! Le\u00edste bien, d<\/span><span style=\"font-weight: 400;\">e acuerdo con el sitio <a href=\"http:\/\/www.tmz.com\/2017\/06\/21\/kim-and-kanye-hire-surrogate-child\/\" target=\"_blank\" rel=\"noopener\" target=\"_blank\"><strong><span style=\"text-decoration: underline;\">TMZ<\/span><\/strong><\/a> la pareja ha alquilado un vientre para el hermano (o hermana) de North y Saint. <\/span><\/p>\n<p><span style=\"font-weight: 400;\">Los detalles de la persona que llevar\u00e1\u00a0a\u00a0su hijo por nueve meses a\u00fan no se han dado a conocer, pero no es ning\u00fan secreto de que hace alg\u00fan tiempo Kim le pidi\u00f3 a su hermana Khlo\u00e9 que fuera su <strong><em>surrogate mom<\/em><\/strong>.<\/span><\/p>\n<p><span style=\"font-weight: 400;\"> La esposa del cantante, John Legend, Chrissy Teigen tambi\u00e9n se hab\u00eda ofrecido para el trato.<\/span><\/p>\n<p><span style=\"font-weight: 400;\">Seg\u00fan se detalla, el vientre fue alquilado por medio de una agencia. Kim y Kanye cerraron el acuerdo por la cantidad de $113,850 d\u00f3lares y es as\u00ed c\u00f3mo ser\u00e1n pagados:<\/span><\/p>\n<ul>\n<li style=\"font-weight: 400;\">\n<h4><span style=\"font-weight: 400;\">$45,000 d\u00f3lares en diez pagos, es decir, $4,500 d\u00f3lares mensuales.<\/span><\/h4>\n<\/li>\n<li style=\"font-weight: 400;\">\n<h4><span style=\"font-weight: 400;\">Si el embarazo involucra m\u00e1s ni\u00f1os, pagar\u00e1n $5,000 d\u00f3lares adicionales por beb\u00e9.<\/span><\/h4>\n<\/li>\n<li style=\"font-weight: 400;\">\n<h4><span style=\"font-weight: 400;\">Si la alquilada pierde la posibilidad de quedar embarazada, ella s\u00f3lo recibir\u00e1 $4,000 d\u00f3lares.<\/span><\/h4>\n<\/li>\n<\/ul>\n<p>&nbsp;<\/p>\n<p><img loading=\"lazy\" decoding=\"async\" class=\"alignnone wp-image-26073 size-large\" title=\"Kim Kardashian tendr\u00e1 un tercer hijo\" src=\"https:\/\/graziamagazine.com\/mx\/wp-content\/uploads\/sites\/13\/2017\/06\/north-west-1024-700x525.jpg\" alt=\"Kim Kardashian tendr\u00e1 un tercer hijo\" width=\"700\" height=\"525\" \/><\/p>\n<p>&nbsp;<\/p>\n<p><span style=\"font-weight: 400;\">Entre las cl\u00e1usulas del contrato se encuentran: <\/span><\/p>\n<ul>\n<li style=\"font-weight: 400;\">\n<h4><span style=\"font-weight: 400;\">No fumar, ingerir bebidas alcoh\u00f3licas, ni drogas durante el embarazo. <\/span><\/h4>\n<\/li>\n<li style=\"font-weight: 400;\">\n<h4><span style=\"font-weight: 400;\">Tambi\u00e9n est\u00e1 proh\u00edbe utilizar el sauna y darse ba\u00f1os de tina calientes.<\/span><\/h4>\n<\/li>\n<li style=\"font-weight: 400;\">\n<h4><span style=\"font-weight: 400;\">Solo puede ingerir una bebida con cafe\u00edna al d\u00eda.<\/span><\/h4>\n<\/li>\n<\/ul>\n<p><span style=\"font-weight: 400;\">Kim hizo p\u00fablico su deseo de tener un tercer hijo en la \u00faltima temporada de su <\/span><i><span style=\"font-weight: 400;\">reality show,\u00a0<\/span><\/i><span style=\"font-weight: 400;\"><strong><em>\u201cKeeping Up With the Kardashians\u201d<\/em><\/strong>. Luego de someterse a un tratamiento y de visitar a varios doctores, la estrella opt\u00f3 por la opci\u00f3n m\u00e1s sana, alquilar un vientre. <\/span><\/p>\n<p><span style=\"font-weight: 400;\">\u00a1No podemos esperar a conocer al nuevo integrante de la familia Kardashian West!<\/span><\/p>\n<h5><strong><em>*FOTOS: Getty Images.<\/em><\/strong><\/h5>\n<p>\u2013\u2013\u2013\u2013<\/p>\n<h4><strong>*Septiembre 6, 2017.<\/strong><\/h4>\n<p>Fuentes cercanas a la pareja confirmaron que la surrogate de los <strong>Kardashian-West<\/strong> no s\u00f3lo est\u00e1 embarazada, sino que el beb\u00e9 podr\u00eda nacer m\u00e1s pronto de lo que imaginabas.<\/p>\n<p><span style=\"text-decoration: underline;\"><strong><a href=\"http:\/\/www.tmz.com\/2017\/09\/06\/kim-kardashian-kanye-west-third-baby-girl\/\" target=\"_blank\" rel=\"noopener\" target=\"_blank\">TMZ<\/a><\/strong><\/span> public\u00f3 el d\u00eda de hoy que se trata de una ni\u00f1a y que la fecha de nacimiento ser\u00e1 en enero.<\/p>\n<p>Las noticias llegan en medio del buzz del mundo por el nuevo\u00a0<span style=\"text-decoration: underline;\"><strong><em><a href=\"https:\/\/graziamagazine.com\/mx\/kate-middleton-esta-embarazada\/\" target=\"_blank\" rel=\"noopener\">Royal Baby<\/a><\/em><\/strong><\/span> y luego de que hace algunos meses, <strong>Kim<\/strong> <a href=\"http:\/\/www.mirror.co.uk\/3am\/celebrity-news\/kim-kardashian-says-daughter-north-10313267\" target=\"_blank\" rel=\"noopener\" target=\"_blank\"><span style=\"text-decoration: underline;\"><strong>confesara<\/strong><\/span><\/a> que su hija mayor\u00a0no era la m\u00e1s grande fan de <strong>Sainty<\/strong>.<\/p>\n<p>Todo parece indicar que el periodo de ajuste tendr\u00e1 que ser m\u00e1s veloz ahora que la famosa mam\u00e1 tendr\u00e1 las manos llenas con una reci\u00e9n nacida y un beb\u00e9 de tan s\u00f3lo un a\u00f1o.<\/p>\n<p>&nbsp;<\/p>\n<p>La parte feliz de la historia es que\u00a0<strong>Northie,\u00a0<\/strong><strong>Penelope<\/strong>\u00a0y <strong>Dream\u00a0<\/strong>tendr\u00e1n un nuevo miembro en su <em>mini<\/em> <em>squad<\/em>, \u00a1al igual que <strong>Kiki<\/strong>, <strong>KoKo<\/strong> y <strong>Kourt<\/strong>!<\/p>\n<p>&nbsp;<\/p>\n<p><img loading=\"lazy\" decoding=\"async\" class=\"alignnone wp-image-30643 size-large\" title=\"Kim Kardashian tendr\u00e1 un tercer hijo\" src=\"https:\/\/graziamagazine.com\/mx\/wp-content\/uploads\/sites\/13\/2017\/06\/KIM-KARDASHIAN-KANYE-WEST-SURROGATE-7-700x952.jpg\" alt=\"Kim Kardashian tendr\u00e1 un tercer hijo\" width=\"700\" height=\"952\" \/><\/p>\n<h5><strong><em>*IMAGEN: Getty Images.<\/em><\/strong><\/h5>\n","protected":false},"author":11641,"featured_media":26072,"template":"","format":"standard","categories":[2,10],"acf":[],"yoast_head":"<!-- This site is optimized with the Yoast SEO Premium plugin v18.5 (Yoast SEO v20.4) - https:\/\/yoast.com\/wordpress\/plugins\/seo\/ -->\n<title>Kim Kardashian tendr\u00e1 un tercer hijo | Grazia M\u00e9xico y Latinoam\u00e9rica<\/title>\n<meta name=\"description\" content=\"Kim Kardashian y Kanye West agregan uno, dos, o hasta tres integrantes a su familia gracias a una surrogate mom. Te revelamos los detalles del contrato.\" \/>\n<meta name=\"robots\" content=\"index, follow, max-snippet:-1, max-image-preview:large, max-video-preview:-1\" \/>\n<link rel=\"canonical\" href=\"https:\/\/graziamagazine.com\/mx\/articles\/kim-kardashian-tendra-tercer-hijo\/\" \/>\n<meta property=\"og:locale\" content=\"es_MX\" \/>\n<meta property=\"og:type\" content=\"article\" \/>\n<meta property=\"og:title\" content=\"Kim Kardashian tendr\u00e1 un tercer hijo\" \/>\n<meta property=\"og:description\" content=\"Kim Kardashian y Kanye West agregan uno, dos, o hasta tres integrantes a su familia gracias a una surrogate mom. Te revelamos los detalles del contrato.\" \/>\n<meta property=\"og:url\" content=\"https:\/\/graziamagazine.com\/mx\/articles\/kim-kardashian-tendra-tercer-hijo\/\" \/>\n<meta property=\"og:site_name\" content=\"Grazia M\u00e9xico y Latinoam\u00e9rica\" \/>\n<meta property=\"article:modified_time\" content=\"2019-12-23T17:42:17+00:00\" \/>\n<meta property=\"og:image\" content=\"https:\/\/graziamagazine.com\/mx\/wp-content\/uploads\/sites\/13\/2017\/06\/kim-kardashian-kanye-west-11.jpg?fit=698%2C465\" \/>\n\t<meta property=\"og:image:width\" content=\"698\" \/>\n\t<meta property=\"og:image:height\" content=\"465\" \/>\n\t<meta property=\"og:image:type\" content=\"image\/jpeg\" \/>\n<meta name=\"twitter:card\" content=\"summary_large_image\" \/>\n<meta name=\"twitter:label1\" content=\"Est. reading time\" \/>\n\t<meta name=\"twitter:data1\" content=\"2 minutos\" \/>\n<script type=\"application\/ld+json\" class=\"yoast-schema-graph\">{\"@context\":\"https:\/\/schema.org\",\"@graph\":[{\"@type\":\"WebPage\",\"@id\":\"https:\/\/graziamagazine.com\/mx\/articles\/kim-kardashian-tendra-tercer-hijo\/\",\"url\":\"https:\/\/graziamagazine.com\/mx\/articles\/kim-kardashian-tendra-tercer-hijo\/\",\"name\":\"Kim Kardashian tendr\u00e1 un tercer hijo | Grazia M\u00e9xico y Latinoam\u00e9rica\",\"isPartOf\":{\"@id\":\"https:\/\/graziamagazine.com\/mx\/#website\"},\"datePublished\":\"2017-06-21T16:59:11+00:00\",\"dateModified\":\"2019-12-23T17:42:17+00:00\",\"description\":\"Kim Kardashian y Kanye West agregan uno, dos, o hasta tres integrantes a su familia gracias a una surrogate mom. Te revelamos los detalles del contrato.\",\"breadcrumb\":{\"@id\":\"https:\/\/graziamagazine.com\/mx\/articles\/kim-kardashian-tendra-tercer-hijo\/#breadcrumb\"},\"inLanguage\":\"es-MX\",\"potentialAction\":[{\"@type\":\"ReadAction\",\"target\":[\"https:\/\/graziamagazine.com\/mx\/articles\/kim-kardashian-tendra-tercer-hijo\/\"]}]},{\"@type\":\"BreadcrumbList\",\"@id\":\"https:\/\/graziamagazine.com\/mx\/articles\/kim-kardashian-tendra-tercer-hijo\/#breadcrumb\",\"itemListElement\":[{\"@type\":\"ListItem\",\"position\":1,\"name\":\"Home\",\"item\":\"https:\/\/graziamagazine.com\/mx\/\"},{\"@type\":\"ListItem\",\"position\":2,\"name\":\"Kim Kardashian tendr\u00e1 un tercer hijo\"}]},{\"@type\":\"WebSite\",\"@id\":\"https:\/\/graziamagazine.com\/mx\/#website\",\"url\":\"https:\/\/graziamagazine.com\/mx\/\",\"name\":\"Grazia M\u00e9xico y Latinoam\u00e9rica\",\"description\":\"Grazia es moda, belleza y noticias  de actualidad \",\"potentialAction\":[{\"@type\":\"SearchAction\",\"target\":{\"@type\":\"EntryPoint\",\"urlTemplate\":\"https:\/\/graziamagazine.com\/mx\/?s={search_term_string}\"},\"query-input\":\"required name=search_term_string\"}],\"inLanguage\":\"es-MX\"}]}<\/script>\n<!-- \/ Yoast SEO Premium plugin. -->","yoast_head_json":{"title":"Kim Kardashian tendr\u00e1 un tercer hijo | Grazia M\u00e9xico y Latinoam\u00e9rica","description":"Kim Kardashian y Kanye West agregan uno, dos, o hasta tres integrantes a su familia gracias a una surrogate mom. Te revelamos los detalles del contrato.","robots":{"index":"index","follow":"follow","max-snippet":"max-snippet:-1","max-image-preview":"max-image-preview:large","max-video-preview":"max-video-preview:-1"},"canonical":"https:\/\/graziamagazine.com\/mx\/articles\/kim-kardashian-tendra-tercer-hijo\/","og_locale":"es_MX","og_type":"article","og_title":"Kim Kardashian tendr\u00e1 un tercer hijo","og_description":"Kim Kardashian y Kanye West agregan uno, dos, o hasta tres integrantes a su familia gracias a una surrogate mom. Te revelamos los detalles del contrato.","og_url":"https:\/\/graziamagazine.com\/mx\/articles\/kim-kardashian-tendra-tercer-hijo\/","og_site_name":"Grazia M\u00e9xico y Latinoam\u00e9rica","article_modified_time":"2019-12-23T17:42:17+00:00","og_image":[{"width":698,"height":465,"url":"https:\/\/graziamagazine.com\/mx\/wp-content\/uploads\/sites\/13\/2017\/06\/kim-kardashian-kanye-west-11.jpg?fit=698%2C465","type":"image\/jpeg"}],"twitter_card":"summary_large_image","twitter_misc":{"Est. reading time":"2 minutos"},"schema":{"@context":"https:\/\/schema.org","@graph":[{"@type":"WebPage","@id":"https:\/\/graziamagazine.com\/mx\/articles\/kim-kardashian-tendra-tercer-hijo\/","url":"https:\/\/graziamagazine.com\/mx\/articles\/kim-kardashian-tendra-tercer-hijo\/","name":"Kim Kardashian tendr\u00e1 un tercer hijo | Grazia M\u00e9xico y Latinoam\u00e9rica","isPartOf":{"@id":"https:\/\/graziamagazine.com\/mx\/#website"},"datePublished":"2017-06-21T16:59:11+00:00","dateModified":"2019-12-23T17:42:17+00:00","description":"Kim Kardashian y Kanye West agregan uno, dos, o hasta tres integrantes a su familia gracias a una surrogate mom. Te revelamos los detalles del contrato.","breadcrumb":{"@id":"https:\/\/graziamagazine.com\/mx\/articles\/kim-kardashian-tendra-tercer-hijo\/#breadcrumb"},"inLanguage":"es-MX","potentialAction":[{"@type":"ReadAction","target":["https:\/\/graziamagazine.com\/mx\/articles\/kim-kardashian-tendra-tercer-hijo\/"]}]},{"@type":"BreadcrumbList","@id":"https:\/\/graziamagazine.com\/mx\/articles\/kim-kardashian-tendra-tercer-hijo\/#breadcrumb","itemListElement":[{"@type":"ListItem","position":1,"name":"Home","item":"https:\/\/graziamagazine.com\/mx\/"},{"@type":"ListItem","position":2,"name":"Kim Kardashian tendr\u00e1 un tercer hijo"}]},{"@type":"WebSite","@id":"https:\/\/graziamagazine.com\/mx\/#website","url":"https:\/\/graziamagazine.com\/mx\/","name":"Grazia M\u00e9xico y Latinoam\u00e9rica","description":"Grazia es moda, belleza y noticias  de actualidad ","potentialAction":[{"@type":"SearchAction","target":{"@type":"EntryPoint","urlTemplate":"https:\/\/graziamagazine.com\/mx\/?s={search_term_string}"},"query-input":"required name=search_term_string"}],"inLanguage":"es-MX"}]}},"jetpack_sharing_enabled":true,"distributor_meta":false,"distributor_terms":false,"distributor_media":false,"distributor_original_site_name":"Grazia M\u00e9xico y Latinoam\u00e9rica","distributor_original_site_url":"https:\/\/graziamagazine.com\/mx","push-errors":false,"_links":{"self":[{"href":"https:\/\/graziamagazine.com\/mx\/wp-json\/wp\/v2\/articles\/26071"}],"collection":[{"href":"https:\/\/graziamagazine.com\/mx\/wp-json\/wp\/v2\/articles"}],"about":[{"href":"https:\/\/graziamagazine.com\/mx\/wp-json\/wp\/v2\/types\/articles"}],"author":[{"embeddable":true,"href":"https:\/\/graziamagazine.com\/mx\/wp-json\/wp\/v2\/users\/11641"}],"wp:featuredmedia":[{"embeddable":true,"href":"https:\/\/graziamagazine.com\/mx\/wp-json\/wp\/v2\/media\/26072"}],"wp:attachment":[{"href":"https:\/\/graziamagazine.com\/mx\/wp-json\/wp\/v2\/media?parent=26071"}],"wp:term":[{"taxonomy":"category","embeddable":true,"href":"https:\/\/graziamagazine.com\/mx\/wp-json\/wp\/v2\/categories?post=26071"}],"curies":[{"name":"wp","href":"https:\/\/api.w.org\/{rel}","templated":true}]}}