{"id":25954,"date":"2017-06-20T10:15:18","date_gmt":"2017-06-20T16:15:18","guid":{"rendered":"https:\/\/graziamagazine.com\/mx\/?p=25954"},"modified":"2017-06-20T16:58:06","modified_gmt":"2017-06-20T22:58:06","slug":"5-lecciones-estilo-resort-2018","status":"publish","type":"articles","link":"https:\/\/graziamagazine.com\/mx\/articles\/5-lecciones-estilo-resort-2018\/","title":{"rendered":"5 LECCIONES DE ESTILO DE RESORT 2018"},"content":{"rendered":"<p><strong>Te compartimos nuestras tendencias favoritas de las pre-colecciones de 2018. Hay una para cada ocasi\u00f3n, \u00a1y distintas propuestas!<\/strong><!--more--><\/p>\n<h3><img loading=\"lazy\" decoding=\"async\" class=\"alignnone size-large wp-image-25955\" src=\"https:\/\/graziamagazine.com\/mx\/wp-content\/uploads\/sites\/13\/2017\/06\/19-monse-resort-2018aaa-1024x645.jpg\" alt=\"RESORT 2018 COLECCIONES\" width=\"1024\" height=\"645\" \/><\/h3>\n<h3><\/h3>\n<h3><span style=\"font-weight: 400;\">Por Mar\u00eda Jos\u00e9 Gonz\u00e1lvez<\/span><\/h3>\n<h3><\/h3>\n<p>&nbsp;<\/p>\n<p><span style=\"font-weight: 400;\">Las colecciones Resort 2018 siguen llegando. Desde la interpretaci\u00f3n de Dior por Maria Grazia Chiuri \u2013que se ha convertido en un <\/span><i><span style=\"font-weight: 400;\">must-show\u2013<\/span><\/i><span style=\"font-weight: 400;\">\u00a0hasta Issey Miyake con su innata est\u00e9tica y t\u00e9cnica que desaf\u00edan\u00a0la manipulaci\u00f3n de los textiles.<\/span><\/p>\n<p>Estas\u00a0entre-temporadas <span style=\"font-weight: 400;\">se han convertido en una demostraci\u00f3n de tendencias que ayudan a migrar. Sin embargo,\u00a0<\/span><span style=\"font-weight: 400;\">Jason Wu anunci\u00f3 que su firma dejar\u00eda de producirlas al asegurar que para \u00e9l, la moda lleva todo un proceso creativo y hacer m\u00e1s de seis colecciones al a\u00f1o, es un constante bombardeo sin raz\u00f3n. <\/span><\/p>\n<p><span style=\"font-weight: 400;\">\u00bfSer\u00e1 que el futuro de las pre-colecciones est\u00e9 en duda? Mientras tanto, hay\u00a0casas que siguen creyendo\u00a0en este movimiento y\u00a0contin\u00faan deleit\u00e1ndonos con sus exquisitas piezas.<\/span><\/p>\n<p><span style=\"font-weight: 400;\">Te compartimos\u00a0cinco tendencias de nuestros desfiles favoritos para que no pierdas el estilo mientras esperas la entrega de Primavera\/Verano 2018.<\/span><\/p>\n<p>&nbsp;<\/p>\n<h2><span style=\"font-weight: 400;\">Rojo Vivo<\/span><\/h2>\n<p>Elie Saab.<\/p>\n<p>&nbsp;<\/p>\n<p><img loading=\"lazy\" decoding=\"async\" class=\"alignnone size-large wp-image-25964\" src=\"https:\/\/graziamagazine.com\/mx\/wp-content\/uploads\/sites\/13\/2017\/06\/02-elie-saab-resort-2018-683x1024.jpg\" alt=\"02-elie-saab-resort-2018\" width=\"683\" height=\"1024\" \/><\/p>\n<p>&nbsp;<\/p>\n<p><span style=\"font-weight: 400;\">Pringle of Scotland. <\/span><\/p>\n<p>&nbsp;<\/p>\n<p><img loading=\"lazy\" decoding=\"async\" class=\"alignnone size-large wp-image-25963\" src=\"https:\/\/graziamagazine.com\/mx\/wp-content\/uploads\/sites\/13\/2017\/06\/01-Pringle-of-Scotland-Resort-18-683x1024.jpg\" alt=\"01-Pringle-of-Scotland-Resort-18\" width=\"683\" height=\"1024\" \/><\/p>\n<p>&nbsp;<\/p>\n<p><span style=\"font-weight: 400;\">Natasha Zinko.<\/span><\/p>\n<p>&nbsp;<\/p>\n<p><img loading=\"lazy\" decoding=\"async\" class=\"alignnone size-large wp-image-25961\" src=\"https:\/\/graziamagazine.com\/mx\/wp-content\/uploads\/sites\/13\/2017\/06\/09-natasha-zinko-resort-2018-683x1024.jpg\" alt=\"09-natasha-zinko-resort-2018\" width=\"683\" height=\"1024\" \/><\/p>\n<p>&nbsp;<\/p>\n<h2><span style=\"font-weight: 400;\">Un toque de glitter<\/span><\/h2>\n<p><span style=\"font-weight: 400;\">House of Holland.<\/span><\/p>\n<p>&nbsp;<\/p>\n<p><img loading=\"lazy\" decoding=\"async\" class=\"alignnone size-large wp-image-25962\" src=\"https:\/\/graziamagazine.com\/mx\/wp-content\/uploads\/sites\/13\/2017\/06\/26-House-of-Holland-Resort-18-768x1024.jpg\" alt=\"26-House-of-Holland-Resort-18\" width=\"768\" height=\"1024\" \/><\/p>\n<p>&nbsp;<\/p>\n<p><span style=\"font-weight: 400;\"> Stella McCartney.<\/span><\/p>\n<p>&nbsp;<\/p>\n<p><img loading=\"lazy\" decoding=\"async\" class=\"alignnone size-large wp-image-25957\" src=\"https:\/\/graziamagazine.com\/mx\/wp-content\/uploads\/sites\/13\/2017\/06\/06-stella-mccartney-resort-2018-683x1024.jpg\" alt=\"06-stella-mccartney-resort-2018\" width=\"683\" height=\"1024\" \/><\/p>\n<p>&nbsp;<\/p>\n<p><span style=\"font-weight: 400;\"> Alice + Olivia.<\/span><\/p>\n<p>&nbsp;<\/p>\n<p><img loading=\"lazy\" decoding=\"async\" class=\"alignnone size-large wp-image-25959\" src=\"https:\/\/graziamagazine.com\/mx\/wp-content\/uploads\/sites\/13\/2017\/06\/16-alice-and-olivia-resort-2018-683x1024.jpg\" alt=\"16-alice-and-olivia-resort-2018\" width=\"683\" height=\"1024\" \/><\/p>\n<p>&nbsp;<\/p>\n<h2><span style=\"font-weight: 400;\">El abrigo it<\/span><\/h2>\n<p><span style=\"font-weight: 400;\">Fendi.<\/span><\/p>\n<p>&nbsp;<\/p>\n<p><img loading=\"lazy\" decoding=\"async\" class=\"alignnone size-large wp-image-25968\" src=\"https:\/\/graziamagazine.com\/mx\/wp-content\/uploads\/sites\/13\/2017\/06\/18-fendi-resort-2018-683x1024.jpg\" alt=\"18-fendi-resort-2018\" width=\"683\" height=\"1024\" \/><\/p>\n<p>&nbsp;<\/p>\n<p><span style=\"font-weight: 400;\"> Victoria Beckham. <\/span><\/p>\n<p>&nbsp;<\/p>\n<p><img loading=\"lazy\" decoding=\"async\" class=\"alignnone size-large wp-image-25958\" src=\"https:\/\/graziamagazine.com\/mx\/wp-content\/uploads\/sites\/13\/2017\/06\/01-Victoria-Beckham-Resort-18-683x1024.jpg\" alt=\"01-Victoria-Beckham-Resort-18\" width=\"683\" height=\"1024\" \/><\/p>\n<p>&nbsp;<\/p>\n<p><span style=\"font-weight: 400;\">Monse.<\/span><\/p>\n<p>&nbsp;<\/p>\n<p><img loading=\"lazy\" decoding=\"async\" class=\"alignnone size-large wp-image-25965\" src=\"https:\/\/graziamagazine.com\/mx\/wp-content\/uploads\/sites\/13\/2017\/06\/19-monse-resort-2018-683x1024.jpg\" alt=\"19-monse-resort-2018\" width=\"683\" height=\"1024\" \/><\/p>\n<p>&nbsp;<\/p>\n<h2><span style=\"font-weight: 400;\">Los 20&#8217;s<\/span><\/h2>\n<p><span style=\"font-weight: 400;\">Marchesa.<\/span><\/p>\n<p>&nbsp;<\/p>\n<p><img loading=\"lazy\" decoding=\"async\" class=\"alignnone size-large wp-image-25966\" src=\"https:\/\/graziamagazine.com\/mx\/wp-content\/uploads\/sites\/13\/2017\/06\/22-marchesa-resort-2018-683x1024.jpg\" alt=\"22-marchesa-resort-2018\" width=\"683\" height=\"1024\" \/><\/p>\n<p>&nbsp;<\/p>\n<p><span style=\"font-weight: 400;\"> Marc Jacobs. <\/span><\/p>\n<p>&nbsp;<\/p>\n<p><img loading=\"lazy\" decoding=\"async\" class=\"alignnone size-large wp-image-25969\" src=\"https:\/\/graziamagazine.com\/mx\/wp-content\/uploads\/sites\/13\/2017\/06\/22-Marc-Jacobs-Resort-18-683x1024.jpg\" alt=\"22-Marc-Jacobs-Resort-18\" width=\"683\" height=\"1024\" \/><\/p>\n<p>&nbsp;<\/p>\n<p><span style=\"font-weight: 400;\">Missoni.<\/span><\/p>\n<p>&nbsp;<\/p>\n<p><img loading=\"lazy\" decoding=\"async\" class=\"alignnone size-large wp-image-25967\" src=\"https:\/\/graziamagazine.com\/mx\/wp-content\/uploads\/sites\/13\/2017\/06\/30-missoni-resort-18-676x1024.jpg\" alt=\"30-missoni-resort-18\" width=\"676\" height=\"1024\" \/><\/p>\n<h2><\/h2>\n<h2><span style=\"font-weight: 400;\">Volantes<\/span><\/h2>\n<p><span style=\"font-weight: 400;\">Rochas.<\/span><\/p>\n<p>&nbsp;<\/p>\n<p><img loading=\"lazy\" decoding=\"async\" class=\"alignnone size-large wp-image-25960\" src=\"https:\/\/graziamagazine.com\/mx\/wp-content\/uploads\/sites\/13\/2017\/06\/01-Rochas-Resort-18-683x1024.jpg\" alt=\"01-Rochas-Resort-18\" width=\"683\" height=\"1024\" \/><\/p>\n<p>&nbsp;<\/p>\n<p><span style=\"font-weight: 400;\"> Christopher Kane.<\/span><\/p>\n<p>&nbsp;<\/p>\n<p><img loading=\"lazy\" decoding=\"async\" class=\"alignnone size-large wp-image-25970\" src=\"https:\/\/graziamagazine.com\/mx\/wp-content\/uploads\/sites\/13\/2017\/06\/02-christopher-kane-resort-2018-683x1024.jpg\" alt=\"02-christopher-kane-resort-2018\" width=\"683\" height=\"1024\" \/><\/p>\n<p>&nbsp;<\/p>\n<p><span style=\"font-weight: 400;\">Prabal Gurung.<\/span><\/p>\n<p>&nbsp;<\/p>\n<p><img loading=\"lazy\" decoding=\"async\" class=\"alignnone size-large wp-image-25956\" src=\"https:\/\/graziamagazine.com\/mx\/wp-content\/uploads\/sites\/13\/2017\/06\/02-Prabal-Gurung-Resort-18-819x1024.jpg\" alt=\"02-Prabal-Gurung-Resort-18\" width=\"819\" height=\"1024\" \/><\/p>\n<p>&nbsp;<\/p>\n<h5><strong><em>*FOTOS: Cortes\u00eda.<\/em><\/strong><\/h5>\n","protected":false},"author":11636,"featured_media":25955,"template":"","format":"standard","categories":[4],"acf":[],"yoast_head":"<!-- This site is optimized with the Yoast SEO Premium plugin v18.5 (Yoast SEO v20.4) - https:\/\/yoast.com\/wordpress\/plugins\/seo\/ -->\n<title>5 LECCIONES DE ESTILO DE RESORT 2018 | Grazia M\u00e9xico y Latinoam\u00e9rica<\/title>\n<meta name=\"description\" content=\"Te compartimos nuestras tendencias favoritas de las pre-colecciones de 2018. Hay una para cada ocasi\u00f3n, \u00a1y distintas propuestas!\" \/>\n<meta name=\"robots\" content=\"index, follow, max-snippet:-1, max-image-preview:large, max-video-preview:-1\" \/>\n<link rel=\"canonical\" href=\"https:\/\/graziamagazine.com\/mx\/articles\/5-lecciones-estilo-resort-2018\/\" \/>\n<meta property=\"og:locale\" content=\"es_MX\" \/>\n<meta property=\"og:type\" content=\"article\" \/>\n<meta property=\"og:title\" content=\"5 LECCIONES DE ESTILO DE RESORT 2018\" \/>\n<meta property=\"og:description\" content=\"Te compartimos nuestras tendencias favoritas de las pre-colecciones de 2018. Hay una para cada ocasi\u00f3n, \u00a1y distintas propuestas!\" \/>\n<meta property=\"og:url\" content=\"https:\/\/graziamagazine.com\/mx\/articles\/5-lecciones-estilo-resort-2018\/\" \/>\n<meta property=\"og:site_name\" content=\"Grazia M\u00e9xico y Latinoam\u00e9rica\" \/>\n<meta property=\"article:modified_time\" content=\"2017-06-20T22:58:06+00:00\" \/>\n<meta property=\"og:image\" content=\"https:\/\/graziamagazine.com\/mx\/wp-content\/uploads\/sites\/13\/2017\/06\/19-monse-resort-2018aaa.jpg?fit=2002%2C1261\" \/>\n\t<meta property=\"og:image:width\" content=\"2002\" \/>\n\t<meta property=\"og:image:height\" content=\"1261\" \/>\n\t<meta property=\"og:image:type\" content=\"image\/jpeg\" \/>\n<meta name=\"twitter:card\" content=\"summary_large_image\" \/>\n<meta name=\"twitter:label1\" content=\"Est. reading time\" \/>\n\t<meta name=\"twitter:data1\" content=\"1 minuto\" \/>\n<script type=\"application\/ld+json\" class=\"yoast-schema-graph\">{\"@context\":\"https:\/\/schema.org\",\"@graph\":[{\"@type\":\"WebPage\",\"@id\":\"https:\/\/graziamagazine.com\/mx\/articles\/5-lecciones-estilo-resort-2018\/\",\"url\":\"https:\/\/graziamagazine.com\/mx\/articles\/5-lecciones-estilo-resort-2018\/\",\"name\":\"5 LECCIONES DE ESTILO DE RESORT 2018 | Grazia M\u00e9xico y Latinoam\u00e9rica\",\"isPartOf\":{\"@id\":\"https:\/\/graziamagazine.com\/mx\/#website\"},\"datePublished\":\"2017-06-20T16:15:18+00:00\",\"dateModified\":\"2017-06-20T22:58:06+00:00\",\"description\":\"Te compartimos nuestras tendencias favoritas de las pre-colecciones de 2018. Hay una para cada ocasi\u00f3n, \u00a1y distintas propuestas!\",\"breadcrumb\":{\"@id\":\"https:\/\/graziamagazine.com\/mx\/articles\/5-lecciones-estilo-resort-2018\/#breadcrumb\"},\"inLanguage\":\"es-MX\",\"potentialAction\":[{\"@type\":\"ReadAction\",\"target\":[\"https:\/\/graziamagazine.com\/mx\/articles\/5-lecciones-estilo-resort-2018\/\"]}]},{\"@type\":\"BreadcrumbList\",\"@id\":\"https:\/\/graziamagazine.com\/mx\/articles\/5-lecciones-estilo-resort-2018\/#breadcrumb\",\"itemListElement\":[{\"@type\":\"ListItem\",\"position\":1,\"name\":\"Home\",\"item\":\"https:\/\/graziamagazine.com\/mx\/\"},{\"@type\":\"ListItem\",\"position\":2,\"name\":\"5 LECCIONES DE ESTILO DE RESORT 2018\"}]},{\"@type\":\"WebSite\",\"@id\":\"https:\/\/graziamagazine.com\/mx\/#website\",\"url\":\"https:\/\/graziamagazine.com\/mx\/\",\"name\":\"Grazia M\u00e9xico y Latinoam\u00e9rica\",\"description\":\"Grazia es moda, belleza y noticias  de actualidad \",\"potentialAction\":[{\"@type\":\"SearchAction\",\"target\":{\"@type\":\"EntryPoint\",\"urlTemplate\":\"https:\/\/graziamagazine.com\/mx\/?s={search_term_string}\"},\"query-input\":\"required name=search_term_string\"}],\"inLanguage\":\"es-MX\"}]}<\/script>\n<!-- \/ Yoast SEO Premium plugin. -->","yoast_head_json":{"title":"5 LECCIONES DE ESTILO DE RESORT 2018 | Grazia M\u00e9xico y Latinoam\u00e9rica","description":"Te compartimos nuestras tendencias favoritas de las pre-colecciones de 2018. Hay una para cada ocasi\u00f3n, \u00a1y distintas propuestas!","robots":{"index":"index","follow":"follow","max-snippet":"max-snippet:-1","max-image-preview":"max-image-preview:large","max-video-preview":"max-video-preview:-1"},"canonical":"https:\/\/graziamagazine.com\/mx\/articles\/5-lecciones-estilo-resort-2018\/","og_locale":"es_MX","og_type":"article","og_title":"5 LECCIONES DE ESTILO DE RESORT 2018","og_description":"Te compartimos nuestras tendencias favoritas de las pre-colecciones de 2018. Hay una para cada ocasi\u00f3n, \u00a1y distintas propuestas!","og_url":"https:\/\/graziamagazine.com\/mx\/articles\/5-lecciones-estilo-resort-2018\/","og_site_name":"Grazia M\u00e9xico y Latinoam\u00e9rica","article_modified_time":"2017-06-20T22:58:06+00:00","og_image":[{"width":2002,"height":1261,"url":"https:\/\/graziamagazine.com\/mx\/wp-content\/uploads\/sites\/13\/2017\/06\/19-monse-resort-2018aaa.jpg?fit=2002%2C1261","type":"image\/jpeg"}],"twitter_card":"summary_large_image","twitter_misc":{"Est. reading time":"1 minuto"},"schema":{"@context":"https:\/\/schema.org","@graph":[{"@type":"WebPage","@id":"https:\/\/graziamagazine.com\/mx\/articles\/5-lecciones-estilo-resort-2018\/","url":"https:\/\/graziamagazine.com\/mx\/articles\/5-lecciones-estilo-resort-2018\/","name":"5 LECCIONES DE ESTILO DE RESORT 2018 | Grazia M\u00e9xico y Latinoam\u00e9rica","isPartOf":{"@id":"https:\/\/graziamagazine.com\/mx\/#website"},"datePublished":"2017-06-20T16:15:18+00:00","dateModified":"2017-06-20T22:58:06+00:00","description":"Te compartimos nuestras tendencias favoritas de las pre-colecciones de 2018. Hay una para cada ocasi\u00f3n, \u00a1y distintas propuestas!","breadcrumb":{"@id":"https:\/\/graziamagazine.com\/mx\/articles\/5-lecciones-estilo-resort-2018\/#breadcrumb"},"inLanguage":"es-MX","potentialAction":[{"@type":"ReadAction","target":["https:\/\/graziamagazine.com\/mx\/articles\/5-lecciones-estilo-resort-2018\/"]}]},{"@type":"BreadcrumbList","@id":"https:\/\/graziamagazine.com\/mx\/articles\/5-lecciones-estilo-resort-2018\/#breadcrumb","itemListElement":[{"@type":"ListItem","position":1,"name":"Home","item":"https:\/\/graziamagazine.com\/mx\/"},{"@type":"ListItem","position":2,"name":"5 LECCIONES DE ESTILO DE RESORT 2018"}]},{"@type":"WebSite","@id":"https:\/\/graziamagazine.com\/mx\/#website","url":"https:\/\/graziamagazine.com\/mx\/","name":"Grazia M\u00e9xico y Latinoam\u00e9rica","description":"Grazia es moda, belleza y noticias  de actualidad ","potentialAction":[{"@type":"SearchAction","target":{"@type":"EntryPoint","urlTemplate":"https:\/\/graziamagazine.com\/mx\/?s={search_term_string}"},"query-input":"required name=search_term_string"}],"inLanguage":"es-MX"}]}},"jetpack_sharing_enabled":true,"distributor_meta":false,"distributor_terms":false,"distributor_media":false,"distributor_original_site_name":"Grazia M\u00e9xico y Latinoam\u00e9rica","distributor_original_site_url":"https:\/\/graziamagazine.com\/mx","push-errors":false,"_links":{"self":[{"href":"https:\/\/graziamagazine.com\/mx\/wp-json\/wp\/v2\/articles\/25954"}],"collection":[{"href":"https:\/\/graziamagazine.com\/mx\/wp-json\/wp\/v2\/articles"}],"about":[{"href":"https:\/\/graziamagazine.com\/mx\/wp-json\/wp\/v2\/types\/articles"}],"author":[{"embeddable":true,"href":"https:\/\/graziamagazine.com\/mx\/wp-json\/wp\/v2\/users\/11636"}],"wp:featuredmedia":[{"embeddable":true,"href":"https:\/\/graziamagazine.com\/mx\/wp-json\/wp\/v2\/media\/25955"}],"wp:attachment":[{"href":"https:\/\/graziamagazine.com\/mx\/wp-json\/wp\/v2\/media?parent=25954"}],"wp:term":[{"taxonomy":"category","embeddable":true,"href":"https:\/\/graziamagazine.com\/mx\/wp-json\/wp\/v2\/categories?post=25954"}],"curies":[{"name":"wp","href":"https:\/\/api.w.org\/{rel}","templated":true}]}}