{"id":25867,"date":"2017-06-19T10:06:42","date_gmt":"2017-06-19T16:06:42","guid":{"rendered":"https:\/\/graziamagazine.com\/mx\/?p=25867"},"modified":"2017-06-20T12:04:52","modified_gmt":"2017-06-20T18:04:52","slug":"trend-alert-sherbet-hair-esta-regreso","status":"publish","type":"articles","link":"https:\/\/graziamagazine.com\/mx\/articles\/trend-alert-sherbet-hair-esta-regreso\/","title":{"rendered":"TREND ALERT: EL SHERBET HAIR EST\u00c1 DE REGRESO"},"content":{"rendered":"<p><b>Este fin de semana, Kaley Cuoco presumi\u00f3 su apetecible cambio de look, el Sherbet Hair. \u00bfTe atreves a transformarte este verano?<\/b><\/p>\n<p><!--more--><\/p>\n<p>\u2013\u2013\u2013\u2013<\/p>\n<p><img loading=\"lazy\" decoding=\"async\" class=\"alignnone size-full wp-image-25869\" src=\"https:\/\/graziamagazine.com\/mx\/wp-content\/uploads\/sites\/13\/2017\/06\/Screen-Shot-2017-06-19-at-10.58.15-AM.png\" alt=\"SHERBET HAIR KALEY CUOCO 2\" width=\"598\" height=\"748\" srcset=\"https:\/\/graziamagazine.com\/mx\/wp-content\/uploads\/sites\/13\/2017\/06\/Screen-Shot-2017-06-19-at-10.58.15-AM.png 598w, https:\/\/graziamagazine.com\/mx\/wp-content\/uploads\/sites\/13\/2017\/06\/Screen-Shot-2017-06-19-at-10.58.15-AM.png?resize=360,450 360w, https:\/\/graziamagazine.com\/mx\/wp-content\/uploads\/sites\/13\/2017\/06\/Screen-Shot-2017-06-19-at-10.58.15-AM.png?resize=155,194 155w\" sizes=\"(max-width: 598px) 100vw, 598px\" \/><\/p>\n<p>&nbsp;<\/p>\n<p><span style=\"font-weight: 400;\">No hay declaraci\u00f3n m\u00e1s grande de personalidad que un cambio radical de <em>look<\/em>, y Kaley Cuoco lo demostr\u00f3 el fin de semana. En vez de jugar con el largo de su pelo, prefiri\u00f3 colorearlo en la tendencia del Sherbet Hair que provoc\u00f3 conmoci\u00f3n en <a href=\"http:\/\/www.allure.com\/story\/sherbet-hair\" target=\"_blank\"><span style=\"text-decoration: underline;\"><strong>2015<\/strong><\/span><\/a>.<\/span><\/p>\n<p><span style=\"font-weight: 400;\">Tal y como lo dice su nombre, el ba\u00f1o que se le da a la melena pretende imitar la apariencia de los deliciosos postres veraniegos. Generalmente llevado en tonos de unicornio, la apuesta de la actriz de <strong>&#8220;The Big Bang Theory&#8221;<\/strong> fue una combinaci\u00f3n de azul y violeta, completamente deslavados.<\/span><\/p>\n<p><span style=\"font-weight: 400;\">Su estilista de cabecera <a href=\"https:\/\/www.instagram.com\/faye.woods\/\" target=\"_blank\"><strong><span style=\"text-decoration: underline;\">Faye Woods<\/span><\/strong><\/a>, fue la responsable de llevar la melena hasta el platinado para hacer el sutil cambio.<\/span><\/p>\n<p><span style=\"font-weight: 400;\">Katy Perry y <a href=\"https:\/\/graziamagazine.com\/mx\/2017\/01\/17\/trend-alert-pelo-blorange\/\"><strong><span style=\"text-decoration: underline;\">Georgia May Jagger<\/span><\/strong><\/a> ya nos han demostrado lo que un switch puede hacer por el look de las celebridades y sin duda alguna, nos inspira a atrevernos esta temporada. <\/span><\/p>\n<p><span style=\"font-weight: 400;\">Y t\u00fa, \u00bfprefieres los sorbetes como postre o en el pelo?<\/span><\/p>\n<p>&nbsp;<\/p>\n<p><img loading=\"lazy\" decoding=\"async\" class=\"alignnone size-full wp-image-25870\" src=\"https:\/\/graziamagazine.com\/mx\/wp-content\/uploads\/sites\/13\/2017\/06\/Screen-Shot-2017-06-19-at-11.05.48-AM.png\" alt=\"KATY PERRY SHERBET HAIR\" width=\"748\" height=\"747\" srcset=\"https:\/\/graziamagazine.com\/mx\/wp-content\/uploads\/sites\/13\/2017\/06\/Screen-Shot-2017-06-19-at-11.05.48-AM.png 748w, https:\/\/graziamagazine.com\/mx\/wp-content\/uploads\/sites\/13\/2017\/06\/Screen-Shot-2017-06-19-at-11.05.48-AM.png?resize=150,150 150w, https:\/\/graziamagazine.com\/mx\/wp-content\/uploads\/sites\/13\/2017\/06\/Screen-Shot-2017-06-19-at-11.05.48-AM.png?resize=450,450 450w, https:\/\/graziamagazine.com\/mx\/wp-content\/uploads\/sites\/13\/2017\/06\/Screen-Shot-2017-06-19-at-11.05.48-AM.png?resize=155,155 155w\" sizes=\"(max-width: 748px) 100vw, 748px\" \/><\/p>\n<p>&nbsp;<\/p>\n<p>*FOTOS: @chel.say \/ @normancook \/ @katyperry.<\/p>\n<p>&nbsp;<\/p>\n","protected":false},"author":11636,"featured_media":25868,"template":"","format":"standard","categories":[3,2],"acf":[],"yoast_head":"<!-- This site is optimized with the Yoast SEO Premium plugin v18.5 (Yoast SEO v20.4) - https:\/\/yoast.com\/wordpress\/plugins\/seo\/ -->\n<title>TREND ALERT: EL SHERBET HAIR EST\u00c1 DE REGRESO | Grazia M\u00e9xico y Latinoam\u00e9rica<\/title>\n<meta name=\"description\" content=\"Este fin de semana, Kaley Cuoco presumi\u00f3 su apetecible cambio de look, el Sherbet Hair. \u00bfTe atreves a transformarte este verano?\" \/>\n<meta name=\"robots\" content=\"index, follow, max-snippet:-1, max-image-preview:large, max-video-preview:-1\" \/>\n<link rel=\"canonical\" href=\"https:\/\/graziamagazine.com\/mx\/articles\/trend-alert-sherbet-hair-esta-regreso\/\" \/>\n<meta property=\"og:locale\" content=\"es_MX\" \/>\n<meta property=\"og:type\" content=\"article\" \/>\n<meta property=\"og:title\" content=\"TREND ALERT: EL SHERBET HAIR EST\u00c1 DE REGRESO\" \/>\n<meta property=\"og:description\" content=\"Este fin de semana, Kaley Cuoco presumi\u00f3 su apetecible cambio de look, el Sherbet Hair. \u00bfTe atreves a transformarte este verano?\" \/>\n<meta property=\"og:url\" content=\"https:\/\/graziamagazine.com\/mx\/articles\/trend-alert-sherbet-hair-esta-regreso\/\" \/>\n<meta property=\"og:site_name\" content=\"Grazia M\u00e9xico y Latinoam\u00e9rica\" \/>\n<meta property=\"article:modified_time\" content=\"2017-06-20T18:04:52+00:00\" \/>\n<meta property=\"og:image\" content=\"https:\/\/graziamagazine.com\/mx\/wp-content\/uploads\/sites\/13\/2017\/06\/Screen-Shot-2017-06-19-at-10.59.13-AM.png?fit=748%2C499\" \/>\n\t<meta property=\"og:image:width\" content=\"748\" \/>\n\t<meta property=\"og:image:height\" content=\"499\" \/>\n\t<meta property=\"og:image:type\" content=\"image\/png\" \/>\n<meta name=\"twitter:card\" content=\"summary_large_image\" \/>\n<meta name=\"twitter:label1\" content=\"Est. reading time\" \/>\n\t<meta name=\"twitter:data1\" content=\"1 minuto\" \/>\n<script type=\"application\/ld+json\" class=\"yoast-schema-graph\">{\"@context\":\"https:\/\/schema.org\",\"@graph\":[{\"@type\":\"WebPage\",\"@id\":\"https:\/\/graziamagazine.com\/mx\/articles\/trend-alert-sherbet-hair-esta-regreso\/\",\"url\":\"https:\/\/graziamagazine.com\/mx\/articles\/trend-alert-sherbet-hair-esta-regreso\/\",\"name\":\"TREND ALERT: EL SHERBET HAIR EST\u00c1 DE REGRESO | Grazia M\u00e9xico y Latinoam\u00e9rica\",\"isPartOf\":{\"@id\":\"https:\/\/graziamagazine.com\/mx\/#website\"},\"datePublished\":\"2017-06-19T16:06:42+00:00\",\"dateModified\":\"2017-06-20T18:04:52+00:00\",\"description\":\"Este fin de semana, Kaley Cuoco presumi\u00f3 su apetecible cambio de look, el Sherbet Hair. \u00bfTe atreves a transformarte este verano?\",\"breadcrumb\":{\"@id\":\"https:\/\/graziamagazine.com\/mx\/articles\/trend-alert-sherbet-hair-esta-regreso\/#breadcrumb\"},\"inLanguage\":\"es-MX\",\"potentialAction\":[{\"@type\":\"ReadAction\",\"target\":[\"https:\/\/graziamagazine.com\/mx\/articles\/trend-alert-sherbet-hair-esta-regreso\/\"]}]},{\"@type\":\"BreadcrumbList\",\"@id\":\"https:\/\/graziamagazine.com\/mx\/articles\/trend-alert-sherbet-hair-esta-regreso\/#breadcrumb\",\"itemListElement\":[{\"@type\":\"ListItem\",\"position\":1,\"name\":\"Home\",\"item\":\"https:\/\/graziamagazine.com\/mx\/\"},{\"@type\":\"ListItem\",\"position\":2,\"name\":\"TREND ALERT: EL SHERBET HAIR EST\u00c1 DE REGRESO\"}]},{\"@type\":\"WebSite\",\"@id\":\"https:\/\/graziamagazine.com\/mx\/#website\",\"url\":\"https:\/\/graziamagazine.com\/mx\/\",\"name\":\"Grazia M\u00e9xico y Latinoam\u00e9rica\",\"description\":\"Grazia es moda, belleza y noticias  de actualidad \",\"potentialAction\":[{\"@type\":\"SearchAction\",\"target\":{\"@type\":\"EntryPoint\",\"urlTemplate\":\"https:\/\/graziamagazine.com\/mx\/?s={search_term_string}\"},\"query-input\":\"required name=search_term_string\"}],\"inLanguage\":\"es-MX\"}]}<\/script>\n<!-- \/ Yoast SEO Premium plugin. -->","yoast_head_json":{"title":"TREND ALERT: EL SHERBET HAIR EST\u00c1 DE REGRESO | Grazia M\u00e9xico y Latinoam\u00e9rica","description":"Este fin de semana, Kaley Cuoco presumi\u00f3 su apetecible cambio de look, el Sherbet Hair. \u00bfTe atreves a transformarte este verano?","robots":{"index":"index","follow":"follow","max-snippet":"max-snippet:-1","max-image-preview":"max-image-preview:large","max-video-preview":"max-video-preview:-1"},"canonical":"https:\/\/graziamagazine.com\/mx\/articles\/trend-alert-sherbet-hair-esta-regreso\/","og_locale":"es_MX","og_type":"article","og_title":"TREND ALERT: EL SHERBET HAIR EST\u00c1 DE REGRESO","og_description":"Este fin de semana, Kaley Cuoco presumi\u00f3 su apetecible cambio de look, el Sherbet Hair. \u00bfTe atreves a transformarte este verano?","og_url":"https:\/\/graziamagazine.com\/mx\/articles\/trend-alert-sherbet-hair-esta-regreso\/","og_site_name":"Grazia M\u00e9xico y Latinoam\u00e9rica","article_modified_time":"2017-06-20T18:04:52+00:00","og_image":[{"width":748,"height":499,"url":"https:\/\/graziamagazine.com\/mx\/wp-content\/uploads\/sites\/13\/2017\/06\/Screen-Shot-2017-06-19-at-10.59.13-AM.png?fit=748%2C499","type":"image\/png"}],"twitter_card":"summary_large_image","twitter_misc":{"Est. reading time":"1 minuto"},"schema":{"@context":"https:\/\/schema.org","@graph":[{"@type":"WebPage","@id":"https:\/\/graziamagazine.com\/mx\/articles\/trend-alert-sherbet-hair-esta-regreso\/","url":"https:\/\/graziamagazine.com\/mx\/articles\/trend-alert-sherbet-hair-esta-regreso\/","name":"TREND ALERT: EL SHERBET HAIR EST\u00c1 DE REGRESO | Grazia M\u00e9xico y Latinoam\u00e9rica","isPartOf":{"@id":"https:\/\/graziamagazine.com\/mx\/#website"},"datePublished":"2017-06-19T16:06:42+00:00","dateModified":"2017-06-20T18:04:52+00:00","description":"Este fin de semana, Kaley Cuoco presumi\u00f3 su apetecible cambio de look, el Sherbet Hair. \u00bfTe atreves a transformarte este verano?","breadcrumb":{"@id":"https:\/\/graziamagazine.com\/mx\/articles\/trend-alert-sherbet-hair-esta-regreso\/#breadcrumb"},"inLanguage":"es-MX","potentialAction":[{"@type":"ReadAction","target":["https:\/\/graziamagazine.com\/mx\/articles\/trend-alert-sherbet-hair-esta-regreso\/"]}]},{"@type":"BreadcrumbList","@id":"https:\/\/graziamagazine.com\/mx\/articles\/trend-alert-sherbet-hair-esta-regreso\/#breadcrumb","itemListElement":[{"@type":"ListItem","position":1,"name":"Home","item":"https:\/\/graziamagazine.com\/mx\/"},{"@type":"ListItem","position":2,"name":"TREND ALERT: EL SHERBET HAIR EST\u00c1 DE REGRESO"}]},{"@type":"WebSite","@id":"https:\/\/graziamagazine.com\/mx\/#website","url":"https:\/\/graziamagazine.com\/mx\/","name":"Grazia M\u00e9xico y Latinoam\u00e9rica","description":"Grazia es moda, belleza y noticias  de actualidad ","potentialAction":[{"@type":"SearchAction","target":{"@type":"EntryPoint","urlTemplate":"https:\/\/graziamagazine.com\/mx\/?s={search_term_string}"},"query-input":"required name=search_term_string"}],"inLanguage":"es-MX"}]}},"jetpack_sharing_enabled":true,"distributor_meta":false,"distributor_terms":false,"distributor_media":false,"distributor_original_site_name":"Grazia M\u00e9xico y Latinoam\u00e9rica","distributor_original_site_url":"https:\/\/graziamagazine.com\/mx","push-errors":false,"_links":{"self":[{"href":"https:\/\/graziamagazine.com\/mx\/wp-json\/wp\/v2\/articles\/25867"}],"collection":[{"href":"https:\/\/graziamagazine.com\/mx\/wp-json\/wp\/v2\/articles"}],"about":[{"href":"https:\/\/graziamagazine.com\/mx\/wp-json\/wp\/v2\/types\/articles"}],"author":[{"embeddable":true,"href":"https:\/\/graziamagazine.com\/mx\/wp-json\/wp\/v2\/users\/11636"}],"wp:featuredmedia":[{"embeddable":true,"href":"https:\/\/graziamagazine.com\/mx\/wp-json\/wp\/v2\/media\/25868"}],"wp:attachment":[{"href":"https:\/\/graziamagazine.com\/mx\/wp-json\/wp\/v2\/media?parent=25867"}],"wp:term":[{"taxonomy":"category","embeddable":true,"href":"https:\/\/graziamagazine.com\/mx\/wp-json\/wp\/v2\/categories?post=25867"}],"curies":[{"name":"wp","href":"https:\/\/api.w.org\/{rel}","templated":true}]}}