{"id":2559,"date":"2016-06-07T09:52:41","date_gmt":"2016-06-07T15:52:41","guid":{"rendered":"https:\/\/graziamagazine.com\/mx\/?p=2559"},"modified":"2016-06-09T13:16:03","modified_gmt":"2016-06-09T19:16:03","slug":"el-aroma-ideal-para-el-hombre-de-mundo","status":"publish","type":"articles","link":"https:\/\/graziamagazine.com\/mx\/articles\/el-aroma-ideal-para-el-hombre-de-mundo\/","title":{"rendered":"La fragancia ideal para el hombre de mundo"},"content":{"rendered":"<p><span style=\"font-family: Times, serif;\"><span style=\"font-size: medium;\">Regalarle algo al hombre m\u00e1s importante de tu vida no tiene que ser complicado. <\/span><\/span><!--more--><\/p>\n<p><span style=\"font-family: Times, serif;\"><span style=\"font-size: medium;\">Qu\u00e9 pasa si te decimos que descubrimos una loci\u00f3n con detalles especiados, notas de whiskey y cuero, as\u00ed como con dejos de c\u00edtricos frescos, lavanda, cardamomo, salvia, tomillo rojo y toques \u00e1cidos de pomelo que, en conjunto, lo har\u00e1n inolvidable.<\/span><\/span><\/p>\n<p><span style=\"font-family: Times, serif;\"><span style=\"font-size: medium;\">Hablamos de <\/span><\/span><span style=\"font-family: Times, serif;\"><span style=\"font-size: medium;\"><i>CH Men Priv\u00e9<\/i><\/span><\/span><span style=\"font-family: Times, serif;\"><span style=\"font-size: medium;\">, de Carolina Herrera que nace de la idea de \u201c\u2026crear una fragancia diferente a las dem\u00e1s. Ante nosotros, un hombre con el mundo a sus pies. Posee el poder de cautivar a cualquier mujer que vea o desee gracias a su atractivo indiscutible\u201d, mencion\u00f3 Carolina Herrera de B\u00e1ez, responsable de tan rico jugo en equipo con el perfumista Christophe Raynaud.<\/span><\/span><\/p>\n<p><img loading=\"lazy\" decoding=\"async\" class=\"wp-image-2562 aligncenter\" src=\"https:\/\/graziamagazine.com\/mx\/wp-content\/uploads\/sites\/13\/2016\/06\/ch-hombre.jpg\" alt=\"ch-hombre\" width=\"306\" height=\"397\" srcset=\"https:\/\/graziamagazine.com\/mx\/wp-content\/uploads\/sites\/13\/2016\/06\/ch-hombre.jpg 912w, https:\/\/graziamagazine.com\/mx\/wp-content\/uploads\/sites\/13\/2016\/06\/ch-hombre.jpg?resize=347,450 347w, https:\/\/graziamagazine.com\/mx\/wp-content\/uploads\/sites\/13\/2016\/06\/ch-hombre.jpg?resize=768,995 768w, https:\/\/graziamagazine.com\/mx\/wp-content\/uploads\/sites\/13\/2016\/06\/ch-hombre.jpg?resize=790,1024 790w, https:\/\/graziamagazine.com\/mx\/wp-content\/uploads\/sites\/13\/2016\/06\/ch-hombre.jpg?resize=155,201 155w\" sizes=\"(max-width: 306px) 100vw, 306px\" \/><\/p>\n<p><span style=\"font-family: Times, serif;\"><span style=\"font-size: medium;\">La campa\u00f1a del <\/span><\/span><span style=\"font-family: Times, serif;\"><span style=\"font-size: medium;\"><i>CH Men Priv\u00e9<\/i><\/span><\/span><span style=\"font-family: Times, serif;\"><span style=\"font-size: medium;\"> la hizo Mario Testino, quien junto a Carolina imaginaron una historia de amor entre la loci\u00f3n masculina y el encanto del CH Carolina Herrera.<\/span><\/span><\/p>\n<p>\u201c<span style=\"font-family: Times, serif;\"><span style=\"font-size: medium;\">Mario sab\u00eda exactamente lo que est\u00e1bamos intentando crear: seducci\u00f3n, pasi\u00f3n y elegancia. No se puede subestimar lo brillante que es\u201d, asegur\u00f3 Carolina.<\/span><\/span><\/p>\n<p><span style=\"font-family: Times, serif;\"><span style=\"font-size: medium;\">Pensaron adem\u00e1s en Justice Joslin, el guap\u00edsimo ex jugador de futbol americano, hoy modelo profesional, como el hombre ideal para <\/span><\/span><span style=\"font-family: Times, serif;\"><span style=\"font-size: medium;\"><i>CH Men Priv\u00e9<\/i><\/span><\/span><span style=\"font-family: Times, serif;\"><span style=\"font-size: medium;\">.<\/span><\/span><\/p>\n<p><span style=\"font-family: Times, serif;\"><span style=\"font-size: medium;\">Inolvidable, seductor, fuerte, masculino, elegante es incre\u00edble como una fragancia te puede transportar a los brazos de aquel que adoras.<\/span><\/span><\/p>\n<p><iframe loading=\"lazy\" width=\"500\" height=\"281\" src=\"https:\/\/www.youtube.com\/embed\/KJwflBwY4jw?feature=oembed\" frameborder=\"0\" allowfullscreen><\/iframe><\/p>\n","protected":false},"author":11629,"featured_media":2560,"template":"","format":"standard","categories":[5],"acf":[],"yoast_head":"<!-- This site is optimized with the Yoast SEO Premium plugin v18.5 (Yoast SEO v20.4) - https:\/\/yoast.com\/wordpress\/plugins\/seo\/ -->\n<title>La fragancia ideal para el hombre de mundo | Grazia M\u00e9xico y Latinoam\u00e9rica<\/title>\n<meta name=\"description\" content=\"Regalarle algo al hombre m\u00e1s importante de tu vida no tiene que ser complicado. Qu\u00e9 pasa si te decimos que descubrimos una loci\u00f3n con detalles especiados,\" \/>\n<meta name=\"robots\" content=\"index, follow, max-snippet:-1, max-image-preview:large, max-video-preview:-1\" \/>\n<link rel=\"canonical\" href=\"https:\/\/graziamagazine.com\/mx\/articles\/el-aroma-ideal-para-el-hombre-de-mundo\/\" \/>\n<meta property=\"og:locale\" content=\"es_MX\" \/>\n<meta property=\"og:type\" content=\"article\" \/>\n<meta property=\"og:title\" content=\"La fragancia ideal para el hombre de mundo\" \/>\n<meta property=\"og:description\" content=\"Regalarle algo al hombre m\u00e1s importante de tu vida no tiene que ser complicado. Qu\u00e9 pasa si te decimos que descubrimos una loci\u00f3n con detalles especiados,\" \/>\n<meta property=\"og:url\" content=\"https:\/\/graziamagazine.com\/mx\/articles\/el-aroma-ideal-para-el-hombre-de-mundo\/\" \/>\n<meta property=\"og:site_name\" content=\"Grazia M\u00e9xico y Latinoam\u00e9rica\" \/>\n<meta property=\"article:modified_time\" content=\"2016-06-09T19:16:03+00:00\" \/>\n<meta property=\"og:image\" content=\"https:\/\/graziamagazine.com\/mx\/wp-content\/uploads\/sites\/13\/2016\/06\/ch-carrusel.jpg?fit=970%2C600\" \/>\n\t<meta property=\"og:image:width\" content=\"970\" \/>\n\t<meta property=\"og:image:height\" content=\"600\" \/>\n\t<meta property=\"og:image:type\" content=\"image\/jpeg\" \/>\n<meta name=\"twitter:card\" content=\"summary_large_image\" \/>\n<meta name=\"twitter:label1\" content=\"Est. reading time\" \/>\n\t<meta name=\"twitter:data1\" content=\"1 minuto\" \/>\n<script type=\"application\/ld+json\" class=\"yoast-schema-graph\">{\"@context\":\"https:\/\/schema.org\",\"@graph\":[{\"@type\":\"WebPage\",\"@id\":\"https:\/\/graziamagazine.com\/mx\/articles\/el-aroma-ideal-para-el-hombre-de-mundo\/\",\"url\":\"https:\/\/graziamagazine.com\/mx\/articles\/el-aroma-ideal-para-el-hombre-de-mundo\/\",\"name\":\"La fragancia ideal para el hombre de mundo | Grazia M\u00e9xico y Latinoam\u00e9rica\",\"isPartOf\":{\"@id\":\"https:\/\/graziamagazine.com\/mx\/#website\"},\"datePublished\":\"2016-06-07T15:52:41+00:00\",\"dateModified\":\"2016-06-09T19:16:03+00:00\",\"description\":\"Regalarle algo al hombre m\u00e1s importante de tu vida no tiene que ser complicado. Qu\u00e9 pasa si te decimos que descubrimos una loci\u00f3n con detalles especiados,\",\"breadcrumb\":{\"@id\":\"https:\/\/graziamagazine.com\/mx\/articles\/el-aroma-ideal-para-el-hombre-de-mundo\/#breadcrumb\"},\"inLanguage\":\"es-MX\",\"potentialAction\":[{\"@type\":\"ReadAction\",\"target\":[\"https:\/\/graziamagazine.com\/mx\/articles\/el-aroma-ideal-para-el-hombre-de-mundo\/\"]}]},{\"@type\":\"BreadcrumbList\",\"@id\":\"https:\/\/graziamagazine.com\/mx\/articles\/el-aroma-ideal-para-el-hombre-de-mundo\/#breadcrumb\",\"itemListElement\":[{\"@type\":\"ListItem\",\"position\":1,\"name\":\"Home\",\"item\":\"https:\/\/graziamagazine.com\/mx\/\"},{\"@type\":\"ListItem\",\"position\":2,\"name\":\"La fragancia ideal para el hombre de mundo\"}]},{\"@type\":\"WebSite\",\"@id\":\"https:\/\/graziamagazine.com\/mx\/#website\",\"url\":\"https:\/\/graziamagazine.com\/mx\/\",\"name\":\"Grazia M\u00e9xico y Latinoam\u00e9rica\",\"description\":\"Grazia es moda, belleza y noticias  de actualidad \",\"potentialAction\":[{\"@type\":\"SearchAction\",\"target\":{\"@type\":\"EntryPoint\",\"urlTemplate\":\"https:\/\/graziamagazine.com\/mx\/?s={search_term_string}\"},\"query-input\":\"required name=search_term_string\"}],\"inLanguage\":\"es-MX\"}]}<\/script>\n<!-- \/ Yoast SEO Premium plugin. -->","yoast_head_json":{"title":"La fragancia ideal para el hombre de mundo | Grazia M\u00e9xico y Latinoam\u00e9rica","description":"Regalarle algo al hombre m\u00e1s importante de tu vida no tiene que ser complicado. Qu\u00e9 pasa si te decimos que descubrimos una loci\u00f3n con detalles especiados,","robots":{"index":"index","follow":"follow","max-snippet":"max-snippet:-1","max-image-preview":"max-image-preview:large","max-video-preview":"max-video-preview:-1"},"canonical":"https:\/\/graziamagazine.com\/mx\/articles\/el-aroma-ideal-para-el-hombre-de-mundo\/","og_locale":"es_MX","og_type":"article","og_title":"La fragancia ideal para el hombre de mundo","og_description":"Regalarle algo al hombre m\u00e1s importante de tu vida no tiene que ser complicado. Qu\u00e9 pasa si te decimos que descubrimos una loci\u00f3n con detalles especiados,","og_url":"https:\/\/graziamagazine.com\/mx\/articles\/el-aroma-ideal-para-el-hombre-de-mundo\/","og_site_name":"Grazia M\u00e9xico y Latinoam\u00e9rica","article_modified_time":"2016-06-09T19:16:03+00:00","og_image":[{"width":970,"height":600,"url":"https:\/\/graziamagazine.com\/mx\/wp-content\/uploads\/sites\/13\/2016\/06\/ch-carrusel.jpg?fit=970%2C600","type":"image\/jpeg"}],"twitter_card":"summary_large_image","twitter_misc":{"Est. reading time":"1 minuto"},"schema":{"@context":"https:\/\/schema.org","@graph":[{"@type":"WebPage","@id":"https:\/\/graziamagazine.com\/mx\/articles\/el-aroma-ideal-para-el-hombre-de-mundo\/","url":"https:\/\/graziamagazine.com\/mx\/articles\/el-aroma-ideal-para-el-hombre-de-mundo\/","name":"La fragancia ideal para el hombre de mundo | Grazia M\u00e9xico y Latinoam\u00e9rica","isPartOf":{"@id":"https:\/\/graziamagazine.com\/mx\/#website"},"datePublished":"2016-06-07T15:52:41+00:00","dateModified":"2016-06-09T19:16:03+00:00","description":"Regalarle algo al hombre m\u00e1s importante de tu vida no tiene que ser complicado. Qu\u00e9 pasa si te decimos que descubrimos una loci\u00f3n con detalles especiados,","breadcrumb":{"@id":"https:\/\/graziamagazine.com\/mx\/articles\/el-aroma-ideal-para-el-hombre-de-mundo\/#breadcrumb"},"inLanguage":"es-MX","potentialAction":[{"@type":"ReadAction","target":["https:\/\/graziamagazine.com\/mx\/articles\/el-aroma-ideal-para-el-hombre-de-mundo\/"]}]},{"@type":"BreadcrumbList","@id":"https:\/\/graziamagazine.com\/mx\/articles\/el-aroma-ideal-para-el-hombre-de-mundo\/#breadcrumb","itemListElement":[{"@type":"ListItem","position":1,"name":"Home","item":"https:\/\/graziamagazine.com\/mx\/"},{"@type":"ListItem","position":2,"name":"La fragancia ideal para el hombre de mundo"}]},{"@type":"WebSite","@id":"https:\/\/graziamagazine.com\/mx\/#website","url":"https:\/\/graziamagazine.com\/mx\/","name":"Grazia M\u00e9xico y Latinoam\u00e9rica","description":"Grazia es moda, belleza y noticias  de actualidad ","potentialAction":[{"@type":"SearchAction","target":{"@type":"EntryPoint","urlTemplate":"https:\/\/graziamagazine.com\/mx\/?s={search_term_string}"},"query-input":"required name=search_term_string"}],"inLanguage":"es-MX"}]}},"jetpack_sharing_enabled":true,"distributor_meta":false,"distributor_terms":false,"distributor_media":false,"distributor_original_site_name":"Grazia M\u00e9xico y Latinoam\u00e9rica","distributor_original_site_url":"https:\/\/graziamagazine.com\/mx","push-errors":false,"_links":{"self":[{"href":"https:\/\/graziamagazine.com\/mx\/wp-json\/wp\/v2\/articles\/2559"}],"collection":[{"href":"https:\/\/graziamagazine.com\/mx\/wp-json\/wp\/v2\/articles"}],"about":[{"href":"https:\/\/graziamagazine.com\/mx\/wp-json\/wp\/v2\/types\/articles"}],"author":[{"embeddable":true,"href":"https:\/\/graziamagazine.com\/mx\/wp-json\/wp\/v2\/users\/11629"}],"wp:featuredmedia":[{"embeddable":true,"href":"https:\/\/graziamagazine.com\/mx\/wp-json\/wp\/v2\/media\/2560"}],"wp:attachment":[{"href":"https:\/\/graziamagazine.com\/mx\/wp-json\/wp\/v2\/media?parent=2559"}],"wp:term":[{"taxonomy":"category","embeddable":true,"href":"https:\/\/graziamagazine.com\/mx\/wp-json\/wp\/v2\/categories?post=2559"}],"curies":[{"name":"wp","href":"https:\/\/api.w.org\/{rel}","templated":true}]}}