{"id":25492,"date":"2017-06-07T15:45:53","date_gmt":"2017-06-07T21:45:53","guid":{"rendered":"https:\/\/graziamagazine.com\/mx\/?p=25492"},"modified":"2020-03-10T13:56:19","modified_gmt":"2020-03-10T18:56:19","slug":"tienes-23-dias-comprar-este-edit-dior","status":"publish","type":"articles","link":"https:\/\/graziamagazine.com\/mx\/articles\/tienes-23-dias-comprar-este-edit-dior\/","title":{"rendered":"Tienes 23 d\u00edas para comprar este edit de Dior"},"content":{"rendered":"<p><b>Bergdorf Goodman y Dior se unieron para crear una pop-up store en l\u00ednea con una selecci\u00f3n de los zapatos m\u00e1s chic de la pr\u00f3xima temporada.<\/b><\/p>\n<p><!--more--><\/p>\n<p><img loading=\"lazy\" decoding=\"async\" class=\"alignnone wp-image-25494 size-full\" title=\"Tienes 23 d\u00edas para comprar este edit de Dior\" src=\"https:\/\/graziamagazine.com\/mx\/wp-content\/uploads\/sites\/13\/2017\/06\/5931b506e4b0c9f1e24fb9a0_960x800.jpeg\" alt=\"BERGDORF GOODMAN X DIOR YOYO CAO\" width=\"959\" height=\"566\" srcset=\"https:\/\/graziamagazine.com\/mx\/wp-content\/uploads\/sites\/13\/2017\/06\/5931b506e4b0c9f1e24fb9a0_960x800.jpeg 959w, https:\/\/graziamagazine.com\/mx\/wp-content\/uploads\/sites\/13\/2017\/06\/5931b506e4b0c9f1e24fb9a0_960x800.jpeg?resize=450,266 450w, https:\/\/graziamagazine.com\/mx\/wp-content\/uploads\/sites\/13\/2017\/06\/5931b506e4b0c9f1e24fb9a0_960x800.jpeg?resize=768,453 768w, https:\/\/graziamagazine.com\/mx\/wp-content\/uploads\/sites\/13\/2017\/06\/5931b506e4b0c9f1e24fb9a0_960x800.jpeg?resize=155,91 155w\" sizes=\"(max-width: 959px) 100vw, 959px\" \/><\/p>\n<p>&nbsp;<\/p>\n<p><span style=\"font-weight: 400;\">Tras descubrir lo que Dior y Bergdorf Goodman planearon para este mes, te sentir\u00e1s como Rebecca Bloomwood cuando pele\u00f3 por su par de botas Emilio Pucci o como Emily Charlton cuando aniquil\u00f3 a Andy Sachs con la mirada por sus Chanel.<\/span><\/p>\n<p>A partir del d\u00eda de hoy, quienes visiten el sitio oficial de la tienda neoyorquina encontrar\u00e1n un <a href=\"http:\/\/www.bergdorfgoodman.com\/Designers-A-Z\/Dior-Shoes-pop-up-shop-6-7-6-28\/cat491705_cat262800\/c.cat?ecid=BGEM__D060717&amp;ncx=n&amp;uEm=&amp;utm_medium=email&amp;utm_source=BGEM__D060717\" target=\"_blank\" rel=\"noopener\" target=\"_blank\"><strong><span style=\"text-decoration: underline;\">micrositio<\/span><\/strong><\/a> dedicado a la firma dirigida por Maria Grazia Chiuri.<\/p>\n<p><span style=\"font-weight: 400;\">15 pares de zapatos de la colecci\u00f3n <span style=\"text-decoration: underline;\"><strong><a href=\"https:\/\/graziamagazine.com\/mx\/dior-aw17-y-sus-cadetes-chic\/\" target=\"_blank\" rel=\"noopener\">AW17<\/a><\/strong><\/span> estar\u00e1n disponibles hasta el 26 de junio con 4 embajadoras <\/span><b><i>instacool<\/i><\/b><span style=\"font-weight: 400;\">. <a href=\"https:\/\/www.instagram.com\/camilacoelho\/\" target=\"_blank\" rel=\"noopener\" target=\"_blank\"><span style=\"text-decoration: underline;\"><strong>Camila Coelho<\/strong><\/span><\/a>,<a href=\"https:\/\/www.instagram.com\/yoyokulala\/\" target=\"_blank\" rel=\"noopener\" target=\"_blank\"><span style=\"text-decoration: underline;\"><strong> Yoyo Cao<\/strong><\/span><\/a>, <a href=\"https:\/\/www.instagram.com\/msmelina\/\" target=\"_blank\" rel=\"noopener\" target=\"_blank\"><span style=\"text-decoration: underline;\"><strong>Melina Matsoukas<\/strong><\/span><\/a> y <a href=\"https:\/\/www.instagram.com\/miamoretti\/\" target=\"_blank\" rel=\"noopener\" target=\"_blank\"><span style=\"text-decoration: underline;\"><strong>Mia Moretti<\/strong><\/span><\/a>, protagonizan la campa\u00f1a especial para la ocasi\u00f3n.<\/span><\/p>\n<p><span style=\"font-weight: 400;\">El <\/span><b><i>edit<\/i><\/b><span style=\"font-weight: 400;\"> incluye las Plumetis Boots, sus famosos <strong><em>slingbacks<\/em><\/strong>, los <strong><em>mule pumps<\/em><\/strong> y los codiciados <strong><em>knee high sneakers<\/em><\/strong>, entre otros.<\/span><\/p>\n<p>Cada una de estas<strong><em> it girls<\/em><\/strong> revela sus diarios con su par favorito y es hora de que tu armes el tuyo.<\/p>\n<p>Te quedan 23 d\u00edas, \u00a1empieza la cuenta regresiva!<\/p>\n<p>&nbsp;<\/p>\n<p><img loading=\"lazy\" decoding=\"async\" class=\"alignnone wp-image-25495 size-full\" title=\"Tienes 23 d\u00edas para comprar este edit de Dior\" src=\"https:\/\/graziamagazine.com\/mx\/wp-content\/uploads\/sites\/13\/2017\/06\/Screen-Shot-2017-06-07-at-4.43.08-PM.png\" alt=\"BERGDORF GOODMAN X DIOR plumetis boot\" width=\"600\" height=\"489\" srcset=\"https:\/\/graziamagazine.com\/mx\/wp-content\/uploads\/sites\/13\/2017\/06\/Screen-Shot-2017-06-07-at-4.43.08-PM.png 600w, https:\/\/graziamagazine.com\/mx\/wp-content\/uploads\/sites\/13\/2017\/06\/Screen-Shot-2017-06-07-at-4.43.08-PM.png?resize=450,367 450w, https:\/\/graziamagazine.com\/mx\/wp-content\/uploads\/sites\/13\/2017\/06\/Screen-Shot-2017-06-07-at-4.43.08-PM.png?resize=155,126 155w\" sizes=\"(max-width: 600px) 100vw, 600px\" \/><\/p>\n<p><img loading=\"lazy\" decoding=\"async\" class=\"alignnone wp-image-25496 size-full\" title=\"Tienes 23 d\u00edas para comprar este edit de Dior\" src=\"https:\/\/graziamagazine.com\/mx\/wp-content\/uploads\/sites\/13\/2017\/06\/Screen-Shot-2017-06-07-at-4.43.26-PM.png\" alt=\"BERGDORF GOODMAN X DIOR SLINGBACK\" width=\"598\" height=\"432\" srcset=\"https:\/\/graziamagazine.com\/mx\/wp-content\/uploads\/sites\/13\/2017\/06\/Screen-Shot-2017-06-07-at-4.43.26-PM.png 598w, https:\/\/graziamagazine.com\/mx\/wp-content\/uploads\/sites\/13\/2017\/06\/Screen-Shot-2017-06-07-at-4.43.26-PM.png?resize=450,325 450w, https:\/\/graziamagazine.com\/mx\/wp-content\/uploads\/sites\/13\/2017\/06\/Screen-Shot-2017-06-07-at-4.43.26-PM.png?resize=155,112 155w\" sizes=\"(max-width: 598px) 100vw, 598px\" \/><\/p>\n<p><img loading=\"lazy\" decoding=\"async\" class=\"alignnone wp-image-25497 size-full\" title=\"Tienes 23 d\u00edas para comprar este edit de Dior\" src=\"https:\/\/graziamagazine.com\/mx\/wp-content\/uploads\/sites\/13\/2017\/06\/Screen-Shot-2017-06-07-at-4.43.39-PM.png\" alt=\"BERGDORF GOODMAN X DIOR MULE PUMP\" width=\"599\" height=\"296\" srcset=\"https:\/\/graziamagazine.com\/mx\/wp-content\/uploads\/sites\/13\/2017\/06\/Screen-Shot-2017-06-07-at-4.43.39-PM.png 599w, https:\/\/graziamagazine.com\/mx\/wp-content\/uploads\/sites\/13\/2017\/06\/Screen-Shot-2017-06-07-at-4.43.39-PM.png?resize=450,222 450w, https:\/\/graziamagazine.com\/mx\/wp-content\/uploads\/sites\/13\/2017\/06\/Screen-Shot-2017-06-07-at-4.43.39-PM.png?resize=155,77 155w\" sizes=\"(max-width: 599px) 100vw, 599px\" \/><\/p>\n<p><img loading=\"lazy\" decoding=\"async\" class=\"alignnone wp-image-25498 size-full\" title=\"Tienes 23 d\u00edas para comprar este edit de Dior\" src=\"https:\/\/graziamagazine.com\/mx\/wp-content\/uploads\/sites\/13\/2017\/06\/Screen-Shot-2017-06-07-at-4.44.01-PM.png\" alt=\"BERGDORF GOODMAN X DIOR KNEE HIGH SNEAKER\" width=\"507\" height=\"683\" srcset=\"https:\/\/graziamagazine.com\/mx\/wp-content\/uploads\/sites\/13\/2017\/06\/Screen-Shot-2017-06-07-at-4.44.01-PM.png 507w, https:\/\/graziamagazine.com\/mx\/wp-content\/uploads\/sites\/13\/2017\/06\/Screen-Shot-2017-06-07-at-4.44.01-PM.png?resize=334,450 334w, https:\/\/graziamagazine.com\/mx\/wp-content\/uploads\/sites\/13\/2017\/06\/Screen-Shot-2017-06-07-at-4.44.01-PM.png?resize=155,209 155w\" sizes=\"(max-width: 507px) 100vw, 507px\" \/><\/p>\n<p>&nbsp;<\/p>\n<p>&nbsp;<\/p>\n<h5><em><strong>*FOTOS: Cortes\u00eda Bergdorf Goodman.<\/strong><\/em><\/h5>\n","protected":false},"author":11636,"featured_media":25493,"template":"","format":"standard","categories":[2,4],"acf":[],"yoast_head":"<!-- This site is optimized with the Yoast SEO Premium plugin v18.5 (Yoast SEO v20.4) - https:\/\/yoast.com\/wordpress\/plugins\/seo\/ -->\n<title>Tienes 23 d\u00edas para comprar este edit de Dior | Grazia M\u00e9xico y Latinoam\u00e9rica<\/title>\n<meta name=\"description\" content=\"Bergdorf Goodman y Dior se unieron para crear una pop-up store en l\u00ednea con una selecci\u00f3n de los zapatos m\u00e1s chic de la pr\u00f3xima temporada.\" \/>\n<meta name=\"robots\" content=\"index, follow, max-snippet:-1, max-image-preview:large, max-video-preview:-1\" \/>\n<link rel=\"canonical\" href=\"https:\/\/graziamagazine.com\/mx\/articles\/tienes-23-dias-comprar-este-edit-dior\/\" \/>\n<meta property=\"og:locale\" content=\"es_MX\" \/>\n<meta property=\"og:type\" content=\"article\" \/>\n<meta property=\"og:title\" content=\"Tienes 23 d\u00edas para comprar este edit de Dior\" \/>\n<meta property=\"og:description\" content=\"Bergdorf Goodman y Dior se unieron para crear una pop-up store en l\u00ednea con una selecci\u00f3n de los zapatos m\u00e1s chic de la pr\u00f3xima temporada.\" \/>\n<meta property=\"og:url\" content=\"https:\/\/graziamagazine.com\/mx\/articles\/tienes-23-dias-comprar-este-edit-dior\/\" \/>\n<meta property=\"og:site_name\" content=\"Grazia M\u00e9xico y Latinoam\u00e9rica\" \/>\n<meta property=\"article:modified_time\" content=\"2020-03-10T18:56:19+00:00\" \/>\n<meta property=\"og:image\" content=\"https:\/\/graziamagazine.com\/mx\/wp-content\/uploads\/sites\/13\/2017\/06\/5931b4e9e4b0c9f1e24fb982_960x800.jpeg?fit=959%2C566\" \/>\n\t<meta property=\"og:image:width\" content=\"959\" \/>\n\t<meta property=\"og:image:height\" content=\"566\" \/>\n\t<meta property=\"og:image:type\" content=\"image\/jpeg\" \/>\n<meta name=\"twitter:card\" content=\"summary_large_image\" \/>\n<meta name=\"twitter:label1\" content=\"Est. reading time\" \/>\n\t<meta name=\"twitter:data1\" content=\"1 minuto\" \/>\n<script type=\"application\/ld+json\" class=\"yoast-schema-graph\">{\"@context\":\"https:\/\/schema.org\",\"@graph\":[{\"@type\":\"WebPage\",\"@id\":\"https:\/\/graziamagazine.com\/mx\/articles\/tienes-23-dias-comprar-este-edit-dior\/\",\"url\":\"https:\/\/graziamagazine.com\/mx\/articles\/tienes-23-dias-comprar-este-edit-dior\/\",\"name\":\"Tienes 23 d\u00edas para comprar este edit de Dior | Grazia M\u00e9xico y Latinoam\u00e9rica\",\"isPartOf\":{\"@id\":\"https:\/\/graziamagazine.com\/mx\/#website\"},\"datePublished\":\"2017-06-07T21:45:53+00:00\",\"dateModified\":\"2020-03-10T18:56:19+00:00\",\"description\":\"Bergdorf Goodman y Dior se unieron para crear una pop-up store en l\u00ednea con una selecci\u00f3n de los zapatos m\u00e1s chic de la pr\u00f3xima temporada.\",\"breadcrumb\":{\"@id\":\"https:\/\/graziamagazine.com\/mx\/articles\/tienes-23-dias-comprar-este-edit-dior\/#breadcrumb\"},\"inLanguage\":\"es-MX\",\"potentialAction\":[{\"@type\":\"ReadAction\",\"target\":[\"https:\/\/graziamagazine.com\/mx\/articles\/tienes-23-dias-comprar-este-edit-dior\/\"]}]},{\"@type\":\"BreadcrumbList\",\"@id\":\"https:\/\/graziamagazine.com\/mx\/articles\/tienes-23-dias-comprar-este-edit-dior\/#breadcrumb\",\"itemListElement\":[{\"@type\":\"ListItem\",\"position\":1,\"name\":\"Home\",\"item\":\"https:\/\/graziamagazine.com\/mx\/\"},{\"@type\":\"ListItem\",\"position\":2,\"name\":\"Tienes 23 d\u00edas para comprar este edit de Dior\"}]},{\"@type\":\"WebSite\",\"@id\":\"https:\/\/graziamagazine.com\/mx\/#website\",\"url\":\"https:\/\/graziamagazine.com\/mx\/\",\"name\":\"Grazia M\u00e9xico y Latinoam\u00e9rica\",\"description\":\"Grazia es moda, belleza y noticias  de actualidad \",\"potentialAction\":[{\"@type\":\"SearchAction\",\"target\":{\"@type\":\"EntryPoint\",\"urlTemplate\":\"https:\/\/graziamagazine.com\/mx\/?s={search_term_string}\"},\"query-input\":\"required name=search_term_string\"}],\"inLanguage\":\"es-MX\"}]}<\/script>\n<!-- \/ Yoast SEO Premium plugin. -->","yoast_head_json":{"title":"Tienes 23 d\u00edas para comprar este edit de Dior | Grazia M\u00e9xico y Latinoam\u00e9rica","description":"Bergdorf Goodman y Dior se unieron para crear una pop-up store en l\u00ednea con una selecci\u00f3n de los zapatos m\u00e1s chic de la pr\u00f3xima temporada.","robots":{"index":"index","follow":"follow","max-snippet":"max-snippet:-1","max-image-preview":"max-image-preview:large","max-video-preview":"max-video-preview:-1"},"canonical":"https:\/\/graziamagazine.com\/mx\/articles\/tienes-23-dias-comprar-este-edit-dior\/","og_locale":"es_MX","og_type":"article","og_title":"Tienes 23 d\u00edas para comprar este edit de Dior","og_description":"Bergdorf Goodman y Dior se unieron para crear una pop-up store en l\u00ednea con una selecci\u00f3n de los zapatos m\u00e1s chic de la pr\u00f3xima temporada.","og_url":"https:\/\/graziamagazine.com\/mx\/articles\/tienes-23-dias-comprar-este-edit-dior\/","og_site_name":"Grazia M\u00e9xico y Latinoam\u00e9rica","article_modified_time":"2020-03-10T18:56:19+00:00","og_image":[{"width":959,"height":566,"url":"https:\/\/graziamagazine.com\/mx\/wp-content\/uploads\/sites\/13\/2017\/06\/5931b4e9e4b0c9f1e24fb982_960x800.jpeg?fit=959%2C566","type":"image\/jpeg"}],"twitter_card":"summary_large_image","twitter_misc":{"Est. reading time":"1 minuto"},"schema":{"@context":"https:\/\/schema.org","@graph":[{"@type":"WebPage","@id":"https:\/\/graziamagazine.com\/mx\/articles\/tienes-23-dias-comprar-este-edit-dior\/","url":"https:\/\/graziamagazine.com\/mx\/articles\/tienes-23-dias-comprar-este-edit-dior\/","name":"Tienes 23 d\u00edas para comprar este edit de Dior | Grazia M\u00e9xico y Latinoam\u00e9rica","isPartOf":{"@id":"https:\/\/graziamagazine.com\/mx\/#website"},"datePublished":"2017-06-07T21:45:53+00:00","dateModified":"2020-03-10T18:56:19+00:00","description":"Bergdorf Goodman y Dior se unieron para crear una pop-up store en l\u00ednea con una selecci\u00f3n de los zapatos m\u00e1s chic de la pr\u00f3xima temporada.","breadcrumb":{"@id":"https:\/\/graziamagazine.com\/mx\/articles\/tienes-23-dias-comprar-este-edit-dior\/#breadcrumb"},"inLanguage":"es-MX","potentialAction":[{"@type":"ReadAction","target":["https:\/\/graziamagazine.com\/mx\/articles\/tienes-23-dias-comprar-este-edit-dior\/"]}]},{"@type":"BreadcrumbList","@id":"https:\/\/graziamagazine.com\/mx\/articles\/tienes-23-dias-comprar-este-edit-dior\/#breadcrumb","itemListElement":[{"@type":"ListItem","position":1,"name":"Home","item":"https:\/\/graziamagazine.com\/mx\/"},{"@type":"ListItem","position":2,"name":"Tienes 23 d\u00edas para comprar este edit de Dior"}]},{"@type":"WebSite","@id":"https:\/\/graziamagazine.com\/mx\/#website","url":"https:\/\/graziamagazine.com\/mx\/","name":"Grazia M\u00e9xico y Latinoam\u00e9rica","description":"Grazia es moda, belleza y noticias  de actualidad ","potentialAction":[{"@type":"SearchAction","target":{"@type":"EntryPoint","urlTemplate":"https:\/\/graziamagazine.com\/mx\/?s={search_term_string}"},"query-input":"required name=search_term_string"}],"inLanguage":"es-MX"}]}},"jetpack_sharing_enabled":true,"distributor_meta":false,"distributor_terms":false,"distributor_media":false,"distributor_original_site_name":"Grazia M\u00e9xico y Latinoam\u00e9rica","distributor_original_site_url":"https:\/\/graziamagazine.com\/mx","push-errors":false,"_links":{"self":[{"href":"https:\/\/graziamagazine.com\/mx\/wp-json\/wp\/v2\/articles\/25492"}],"collection":[{"href":"https:\/\/graziamagazine.com\/mx\/wp-json\/wp\/v2\/articles"}],"about":[{"href":"https:\/\/graziamagazine.com\/mx\/wp-json\/wp\/v2\/types\/articles"}],"author":[{"embeddable":true,"href":"https:\/\/graziamagazine.com\/mx\/wp-json\/wp\/v2\/users\/11636"}],"wp:featuredmedia":[{"embeddable":true,"href":"https:\/\/graziamagazine.com\/mx\/wp-json\/wp\/v2\/media\/25493"}],"wp:attachment":[{"href":"https:\/\/graziamagazine.com\/mx\/wp-json\/wp\/v2\/media?parent=25492"}],"wp:term":[{"taxonomy":"category","embeddable":true,"href":"https:\/\/graziamagazine.com\/mx\/wp-json\/wp\/v2\/categories?post=25492"}],"curies":[{"name":"wp","href":"https:\/\/api.w.org\/{rel}","templated":true}]}}