{"id":24786,"date":"2017-05-29T08:03:50","date_gmt":"2017-05-29T14:03:50","guid":{"rendered":"https:\/\/graziamagazine.com\/mx\/?p=24786"},"modified":"2020-02-20T11:16:03","modified_gmt":"2020-02-20T16:16:03","slug":"lisa-storey-makeup-artist-miranda-kerr","status":"publish","type":"articles","link":"https:\/\/graziamagazine.com\/mx\/articles\/lisa-storey-makeup-artist-miranda-kerr\/","title":{"rendered":"Lisa Storey: la makeup-artist de Miranda Kerr"},"content":{"rendered":"<p><b>Este fin de semana, Miranda Kerr camin\u00f3 hacia el altar y su maquillista de cabecera estuvo all\u00ed. Te platicamos todo sobre ella.<\/b><\/p>\n<p><!--more--><\/p>\n<p><span style=\"font-weight: 400;\">Las historias de amor que terminan en boda nos fascinan y este fin de semana, Miranda Kerr vivi\u00f3 la suya cuando camin\u00f3 hacia el altar junto a <a href=\"https:\/\/graziamagazine.com\/mx\/miranda-kerr-se-comprometio\/\" target=\"_blank\" rel=\"noopener\"><span style=\"text-decoration: underline;\">Evan Spiegel<\/span><\/a>.<\/span><\/p>\n<p><span style=\"font-weight: 400;\">El CEO de Snapchat y la modelo se casaron en una ceremonia privada para 50 personas que a decir de los invitados fue<\/span><b><i> \u201celegante\u201d<\/i><\/b><span style=\"font-weight: 400;\"> e <\/span><span style=\"text-decoration: underline;\"><b><i><a href=\"http:\/\/www.eonline.com\/news\/851550\/miranda-kerr-marries-snapchat-s-evan-spiegel-in-intimate-ceremony\" target=\"_blank\">\u201c\u00edntima\u201d<\/a><\/i><\/b><\/span><span style=\"font-weight: 400;\">. Por supuesto que el factor secreto ha hecho imposible que cualquier informaci\u00f3n se filtre y mucho menos pensar en fotos, al menos, hasta el momento.<\/span><\/p>\n<p><span style=\"font-weight: 400;\">Sin embargo, lo que s\u00ed sabemos es que Lisa Storey fue quien se encarg\u00f3 del maquillaje de la australiana y es que desde hace mucho tiempo, la makeup artist es la responsable de sus <\/span><b><i>beauty looks<\/i><\/b><span style=\"font-weight: 400;\">.<\/span><\/p>\n<p>&nbsp;<\/p>\n<p><img loading=\"lazy\" decoding=\"async\" class=\"alignnone wp-image-24788 size-full\" title=\"Lisa Storey: la makeup-artist de Miranda Kerr\" src=\"https:\/\/graziamagazine.com\/mx\/wp-content\/uploads\/sites\/13\/2017\/05\/Screen-Shot-2017-05-29-at-8.57.16-AM.jpg\" alt=\"Lisa Storey: la makeup-artist de Miranda Kerr\" width=\"752\" height=\"749\" srcset=\"https:\/\/graziamagazine.com\/mx\/wp-content\/uploads\/sites\/13\/2017\/05\/Screen-Shot-2017-05-29-at-8.57.16-AM.jpg 752w, https:\/\/graziamagazine.com\/mx\/wp-content\/uploads\/sites\/13\/2017\/05\/Screen-Shot-2017-05-29-at-8.57.16-AM.jpg?resize=150,150 150w, https:\/\/graziamagazine.com\/mx\/wp-content\/uploads\/sites\/13\/2017\/05\/Screen-Shot-2017-05-29-at-8.57.16-AM.jpg?resize=450,448 450w, https:\/\/graziamagazine.com\/mx\/wp-content\/uploads\/sites\/13\/2017\/05\/Screen-Shot-2017-05-29-at-8.57.16-AM.jpg?resize=155,154 155w\" sizes=\"(max-width: 752px) 100vw, 752px\" \/><\/p>\n<p>&nbsp;<\/p>\n<p><span style=\"font-weight: 400;\">La inglesa tiene una cartera de clientes de envidia, apenas para la alfombra roja de la MET Gala firm\u00f3 no s\u00f3lo el <\/span><i><span style=\"font-weight: 400;\">makeup<\/span><\/i><span style=\"font-weight: 400;\"> de Miranda, sino el de <a href=\"https:\/\/www.instagram.com\/p\/BTkdVjzjpM4\/?taken-by=lisastoreymakeup\" target=\"_blank\"><span style=\"text-decoration: underline;\">Dakota Johnson<\/span><\/a> quien nos dej\u00f3 sin palabras en una confecci\u00f3n de Gucci. Dakota Fanning y Kate Bosworth son otras de sus favoritas y de esta \u00faltima y de la ahora se\u00f1ora Spiegel, tiene una forma peculiar de describirlas.<\/span><\/p>\n<p><b><i>\u201cHay muchas mujeres con las que trabajo que me inspiran y me intrigan, como Miranda Kerr y Kate Bosworth y algunas con quienes me encantar\u00eda trabajar\u201d<\/i><\/b><span style=\"font-weight: 400;\">, describi\u00f3 en <a href=\"https:\/\/www.violetgrey.com\/violet-files\/artist-profile\/lisa-storey\" target=\"_blank\"><span style=\"text-decoration: underline;\">entrevista<\/span><\/a>. Adem\u00e1s de sus musas, la artista reconoce el trabajo de sus colegas e incluso tiene a un grupo de ellos a los que admira: Pat McGrath, Patty Dubroff, Val Garland y Charlotte Tilbury <\/span><b><i>\u201cpor mencionar algunas\u201d<\/i><\/b><span style=\"font-weight: 400;\">.<\/span><\/p>\n<p>&nbsp;<\/p>\n<p><img loading=\"lazy\" decoding=\"async\" class=\"alignnone wp-image-24789 size-full\" title=\"Lisa Storey: la makeup-artist de Miranda Kerr\" src=\"https:\/\/graziamagazine.com\/mx\/wp-content\/uploads\/sites\/13\/2017\/05\/Screen-Shot-2017-05-29-at-8.57.33-AM.jpg\" alt=\"Lisa Storey: la makeup-artist de Miranda Kerr\" width=\"749\" height=\"747\" srcset=\"https:\/\/graziamagazine.com\/mx\/wp-content\/uploads\/sites\/13\/2017\/05\/Screen-Shot-2017-05-29-at-8.57.33-AM.jpg 749w, https:\/\/graziamagazine.com\/mx\/wp-content\/uploads\/sites\/13\/2017\/05\/Screen-Shot-2017-05-29-at-8.57.33-AM.jpg?resize=150,150 150w, https:\/\/graziamagazine.com\/mx\/wp-content\/uploads\/sites\/13\/2017\/05\/Screen-Shot-2017-05-29-at-8.57.33-AM.jpg?resize=450,450 450w, https:\/\/graziamagazine.com\/mx\/wp-content\/uploads\/sites\/13\/2017\/05\/Screen-Shot-2017-05-29-at-8.57.33-AM.jpg?resize=155,155 155w\" sizes=\"(max-width: 749px) 100vw, 749px\" \/><\/p>\n<p>&nbsp;<\/p>\n<p><span style=\"font-weight: 400;\">Por supuesto que tener a estas mujeres rode\u00e1ndola y por la naturaleza de su profesi\u00f3n, resulta natural preguntarle lo que muchas morimos por saber: \u00bfcual es el secreto para combatir el envejecimiento? Su respuesta te encantar\u00e1:<\/span><\/p>\n<p>&nbsp;<\/p>\n<blockquote><p><b><i>\u201cCreo que el anti-enjevecimiento empieza con la salud. He hecho yoga por 25 a\u00f1os, como alimentos org\u00e1nicos y no complico demasiado mi r\u00e9gimen de belleza. Es importante sentirte bien, entonces te ver\u00e1s bien\u201d<\/i><\/b><span style=\"font-weight: 400;\">, detall\u00f3.<\/span><\/p>\n<p>&nbsp;<\/p><\/blockquote>\n<p><span style=\"font-weight: 400;\">Finalmente \u2013y esta es nuestra parte favorita\u2013 hace apenas unos d\u00edas la modelo mexicana Mariana Zaragoza se puso en sus manos para un proyecto sin nombre y demostr\u00f3 que su talento para resaltar las miradas m\u00e1s hipnotizantes es nato. Bast\u00f3 un cat eye bien marcado para que la jalisciense nos dejara sin habla, \u00a1literalmente!<\/span><\/p>\n<p>&nbsp;<\/p>\n<p><img loading=\"lazy\" decoding=\"async\" class=\"alignnone wp-image-24790 size-full\" title=\"Lisa Storey: la makeup-artist de Miranda Kerr\" src=\"https:\/\/graziamagazine.com\/mx\/wp-content\/uploads\/sites\/13\/2017\/05\/Screen-Shot-2017-05-29-at-8.57.42-AM.jpg\" alt=\"Lisa Storey: la makeup-artist de Miranda Kerr\" width=\"774\" height=\"748\" srcset=\"https:\/\/graziamagazine.com\/mx\/wp-content\/uploads\/sites\/13\/2017\/05\/Screen-Shot-2017-05-29-at-8.57.42-AM.jpg 774w, https:\/\/graziamagazine.com\/mx\/wp-content\/uploads\/sites\/13\/2017\/05\/Screen-Shot-2017-05-29-at-8.57.42-AM.jpg?resize=450,435 450w, https:\/\/graziamagazine.com\/mx\/wp-content\/uploads\/sites\/13\/2017\/05\/Screen-Shot-2017-05-29-at-8.57.42-AM.jpg?resize=768,742 768w, https:\/\/graziamagazine.com\/mx\/wp-content\/uploads\/sites\/13\/2017\/05\/Screen-Shot-2017-05-29-at-8.57.42-AM.jpg?resize=155,150 155w\" sizes=\"(max-width: 774px) 100vw, 774px\" \/><\/p>\n<h6><strong><em>*FOTOS: @lisastoreymakeup.<\/em><\/strong><\/h6>\n","protected":false},"author":11636,"featured_media":24787,"template":"","format":"standard","categories":[3,2,4,10],"acf":[],"yoast_head":"<!-- This site is optimized with the Yoast SEO Premium plugin v18.5 (Yoast SEO v20.4) - https:\/\/yoast.com\/wordpress\/plugins\/seo\/ -->\n<title>Lisa Storey: la makeup-artist de Miranda Kerr | Grazia M\u00e9xico y Latinoam\u00e9rica<\/title>\n<meta name=\"description\" content=\"Este fin de semana, Miranda Kerr camin\u00f3 hacia el altar y su maquillista de cabecera estuvo all\u00ed. Te platicamos todo sobre ella.\" \/>\n<meta name=\"robots\" content=\"index, follow, max-snippet:-1, max-image-preview:large, max-video-preview:-1\" \/>\n<link rel=\"canonical\" href=\"https:\/\/graziamagazine.com\/mx\/articles\/lisa-storey-makeup-artist-miranda-kerr\/\" \/>\n<meta property=\"og:locale\" content=\"es_MX\" \/>\n<meta property=\"og:type\" content=\"article\" \/>\n<meta property=\"og:title\" content=\"Lisa Storey: la makeup-artist de Miranda Kerr\" \/>\n<meta property=\"og:description\" content=\"Este fin de semana, Miranda Kerr camin\u00f3 hacia el altar y su maquillista de cabecera estuvo all\u00ed. Te platicamos todo sobre ella.\" \/>\n<meta property=\"og:url\" content=\"https:\/\/graziamagazine.com\/mx\/articles\/lisa-storey-makeup-artist-miranda-kerr\/\" \/>\n<meta property=\"og:site_name\" content=\"Grazia M\u00e9xico y Latinoam\u00e9rica\" \/>\n<meta property=\"article:modified_time\" content=\"2020-02-20T16:16:03+00:00\" \/>\n<meta property=\"og:image\" content=\"https:\/\/graziamagazine.com\/mx\/wp-content\/uploads\/sites\/13\/2017\/05\/Screen-Shot-2017-05-29-at-8.53.49-AM.jpg?fit=728%2C478\" \/>\n\t<meta property=\"og:image:width\" content=\"728\" \/>\n\t<meta property=\"og:image:height\" content=\"478\" \/>\n\t<meta property=\"og:image:type\" content=\"image\/jpeg\" \/>\n<meta name=\"twitter:card\" content=\"summary_large_image\" \/>\n<meta name=\"twitter:label1\" content=\"Est. reading time\" \/>\n\t<meta name=\"twitter:data1\" content=\"2 minutos\" \/>\n<script type=\"application\/ld+json\" class=\"yoast-schema-graph\">{\"@context\":\"https:\/\/schema.org\",\"@graph\":[{\"@type\":\"WebPage\",\"@id\":\"https:\/\/graziamagazine.com\/mx\/articles\/lisa-storey-makeup-artist-miranda-kerr\/\",\"url\":\"https:\/\/graziamagazine.com\/mx\/articles\/lisa-storey-makeup-artist-miranda-kerr\/\",\"name\":\"Lisa Storey: la makeup-artist de Miranda Kerr | Grazia M\u00e9xico y Latinoam\u00e9rica\",\"isPartOf\":{\"@id\":\"https:\/\/graziamagazine.com\/mx\/#website\"},\"datePublished\":\"2017-05-29T14:03:50+00:00\",\"dateModified\":\"2020-02-20T16:16:03+00:00\",\"description\":\"Este fin de semana, Miranda Kerr camin\u00f3 hacia el altar y su maquillista de cabecera estuvo all\u00ed. Te platicamos todo sobre ella.\",\"breadcrumb\":{\"@id\":\"https:\/\/graziamagazine.com\/mx\/articles\/lisa-storey-makeup-artist-miranda-kerr\/#breadcrumb\"},\"inLanguage\":\"es-MX\",\"potentialAction\":[{\"@type\":\"ReadAction\",\"target\":[\"https:\/\/graziamagazine.com\/mx\/articles\/lisa-storey-makeup-artist-miranda-kerr\/\"]}]},{\"@type\":\"BreadcrumbList\",\"@id\":\"https:\/\/graziamagazine.com\/mx\/articles\/lisa-storey-makeup-artist-miranda-kerr\/#breadcrumb\",\"itemListElement\":[{\"@type\":\"ListItem\",\"position\":1,\"name\":\"Home\",\"item\":\"https:\/\/graziamagazine.com\/mx\/\"},{\"@type\":\"ListItem\",\"position\":2,\"name\":\"Lisa Storey: la makeup-artist de Miranda Kerr\"}]},{\"@type\":\"WebSite\",\"@id\":\"https:\/\/graziamagazine.com\/mx\/#website\",\"url\":\"https:\/\/graziamagazine.com\/mx\/\",\"name\":\"Grazia M\u00e9xico y Latinoam\u00e9rica\",\"description\":\"Grazia es moda, belleza y noticias  de actualidad \",\"potentialAction\":[{\"@type\":\"SearchAction\",\"target\":{\"@type\":\"EntryPoint\",\"urlTemplate\":\"https:\/\/graziamagazine.com\/mx\/?s={search_term_string}\"},\"query-input\":\"required name=search_term_string\"}],\"inLanguage\":\"es-MX\"}]}<\/script>\n<!-- \/ Yoast SEO Premium plugin. -->","yoast_head_json":{"title":"Lisa Storey: la makeup-artist de Miranda Kerr | Grazia M\u00e9xico y Latinoam\u00e9rica","description":"Este fin de semana, Miranda Kerr camin\u00f3 hacia el altar y su maquillista de cabecera estuvo all\u00ed. Te platicamos todo sobre ella.","robots":{"index":"index","follow":"follow","max-snippet":"max-snippet:-1","max-image-preview":"max-image-preview:large","max-video-preview":"max-video-preview:-1"},"canonical":"https:\/\/graziamagazine.com\/mx\/articles\/lisa-storey-makeup-artist-miranda-kerr\/","og_locale":"es_MX","og_type":"article","og_title":"Lisa Storey: la makeup-artist de Miranda Kerr","og_description":"Este fin de semana, Miranda Kerr camin\u00f3 hacia el altar y su maquillista de cabecera estuvo all\u00ed. Te platicamos todo sobre ella.","og_url":"https:\/\/graziamagazine.com\/mx\/articles\/lisa-storey-makeup-artist-miranda-kerr\/","og_site_name":"Grazia M\u00e9xico y Latinoam\u00e9rica","article_modified_time":"2020-02-20T16:16:03+00:00","og_image":[{"width":728,"height":478,"url":"https:\/\/graziamagazine.com\/mx\/wp-content\/uploads\/sites\/13\/2017\/05\/Screen-Shot-2017-05-29-at-8.53.49-AM.jpg?fit=728%2C478","type":"image\/jpeg"}],"twitter_card":"summary_large_image","twitter_misc":{"Est. reading time":"2 minutos"},"schema":{"@context":"https:\/\/schema.org","@graph":[{"@type":"WebPage","@id":"https:\/\/graziamagazine.com\/mx\/articles\/lisa-storey-makeup-artist-miranda-kerr\/","url":"https:\/\/graziamagazine.com\/mx\/articles\/lisa-storey-makeup-artist-miranda-kerr\/","name":"Lisa Storey: la makeup-artist de Miranda Kerr | Grazia M\u00e9xico y Latinoam\u00e9rica","isPartOf":{"@id":"https:\/\/graziamagazine.com\/mx\/#website"},"datePublished":"2017-05-29T14:03:50+00:00","dateModified":"2020-02-20T16:16:03+00:00","description":"Este fin de semana, Miranda Kerr camin\u00f3 hacia el altar y su maquillista de cabecera estuvo all\u00ed. Te platicamos todo sobre ella.","breadcrumb":{"@id":"https:\/\/graziamagazine.com\/mx\/articles\/lisa-storey-makeup-artist-miranda-kerr\/#breadcrumb"},"inLanguage":"es-MX","potentialAction":[{"@type":"ReadAction","target":["https:\/\/graziamagazine.com\/mx\/articles\/lisa-storey-makeup-artist-miranda-kerr\/"]}]},{"@type":"BreadcrumbList","@id":"https:\/\/graziamagazine.com\/mx\/articles\/lisa-storey-makeup-artist-miranda-kerr\/#breadcrumb","itemListElement":[{"@type":"ListItem","position":1,"name":"Home","item":"https:\/\/graziamagazine.com\/mx\/"},{"@type":"ListItem","position":2,"name":"Lisa Storey: la makeup-artist de Miranda Kerr"}]},{"@type":"WebSite","@id":"https:\/\/graziamagazine.com\/mx\/#website","url":"https:\/\/graziamagazine.com\/mx\/","name":"Grazia M\u00e9xico y Latinoam\u00e9rica","description":"Grazia es moda, belleza y noticias  de actualidad ","potentialAction":[{"@type":"SearchAction","target":{"@type":"EntryPoint","urlTemplate":"https:\/\/graziamagazine.com\/mx\/?s={search_term_string}"},"query-input":"required name=search_term_string"}],"inLanguage":"es-MX"}]}},"jetpack_sharing_enabled":true,"distributor_meta":false,"distributor_terms":false,"distributor_media":false,"distributor_original_site_name":"Grazia M\u00e9xico y Latinoam\u00e9rica","distributor_original_site_url":"https:\/\/graziamagazine.com\/mx","push-errors":false,"_links":{"self":[{"href":"https:\/\/graziamagazine.com\/mx\/wp-json\/wp\/v2\/articles\/24786"}],"collection":[{"href":"https:\/\/graziamagazine.com\/mx\/wp-json\/wp\/v2\/articles"}],"about":[{"href":"https:\/\/graziamagazine.com\/mx\/wp-json\/wp\/v2\/types\/articles"}],"author":[{"embeddable":true,"href":"https:\/\/graziamagazine.com\/mx\/wp-json\/wp\/v2\/users\/11636"}],"wp:featuredmedia":[{"embeddable":true,"href":"https:\/\/graziamagazine.com\/mx\/wp-json\/wp\/v2\/media\/24787"}],"wp:attachment":[{"href":"https:\/\/graziamagazine.com\/mx\/wp-json\/wp\/v2\/media?parent=24786"}],"wp:term":[{"taxonomy":"category","embeddable":true,"href":"https:\/\/graziamagazine.com\/mx\/wp-json\/wp\/v2\/categories?post=24786"}],"curies":[{"name":"wp","href":"https:\/\/api.w.org\/{rel}","templated":true}]}}