{"id":24669,"date":"2017-05-24T14:50:19","date_gmt":"2017-05-24T20:50:19","guid":{"rendered":"https:\/\/graziamagazine.com\/mx\/?p=24669"},"modified":"2020-03-11T11:34:32","modified_gmt":"2020-03-11T16:34:32","slug":"kourtney-kardashian-vs-scott-disick","status":"publish","type":"articles","link":"https:\/\/graziamagazine.com\/mx\/articles\/kourtney-kardashian-vs-scott-disick\/","title":{"rendered":"Kourtney Kardashian vs Scott Disick"},"content":{"rendered":"<p><b>La llegada de Scott Disick a Cannes d\u00edas despu\u00e9s de la hermana de Kim, podr\u00eda desatar\u00a0una guerra. \u00bfC\u00f3mo terminar\u00e1 esta historia?<\/b><\/p>\n<p><!--more--><\/p>\n<p><img loading=\"lazy\" decoding=\"async\" class=\"alignnone wp-image-24671 size-large\" title=\"Kourtney Kardashian vs Scott Disick\" src=\"https:\/\/graziamagazine.com\/mx\/wp-content\/uploads\/sites\/13\/2017\/05\/1280_kourtney_kardashian_younes_bendjima_splash2_spl1505750_018-700x486.jpg\" alt=\"Kourtney Kardashian vs Scott Disick\" width=\"700\" height=\"486\" \/><\/p>\n<p><span style=\"font-weight: 400;\">La historia de amor (y desamor) entre Kourtney Kardashian y Scott Disick es un cuento de nunca acabar. Sin embargo, parece que ahora s\u00ed est\u00e1n listos para separarse.<\/span><\/p>\n<p>Kourt no ha mostrado pena alguna tras destaparse su nuevo romance con un <a href=\"https:\/\/graziamagazine.com\/mx\/kourtney-kardashian-sexy-segundo-aire\/\" target=\"_blank\" rel=\"noopener\"><span style=\"text-decoration: underline;\">guapo modelo<\/span><\/a>. La hermana mayor de Kim y Khlo\u00e9 ha dejado muy en claro que est\u00e1 lista para cerrar su cap\u00edtulo y la m\u00e1s reciente prueba es su viaje a Cannes.<\/p>\n<p>Es bien sabido que Scott le sigue los pasos de cerca y que adem\u00e1s, sus reacciones ante cualquier movimiento de su ex evidencian su molestia. Esta ocasi\u00f3n y tan s\u00f3lo a d\u00edas de ser captados por primera vez, el autonombrado Lord y la actriz Bella Thorne volaron al destino franc\u00e9s.<\/p>\n<p>&nbsp;<\/p>\n<p><img loading=\"lazy\" decoding=\"async\" class=\"alignnone wp-image-24672 size-large\" title=\"Kourtney Kardashian vs Scott Disick\" src=\"https:\/\/graziamagazine.com\/mx\/wp-content\/uploads\/sites\/13\/2017\/05\/scott-disick-bella-thorne1-700x761.jpg\" alt=\"Kourtney Kardashian vs Scott Disick\" width=\"700\" height=\"761\" \/><\/p>\n<p><span style=\"font-weight: 400;\">Una fuente cercana a Kourtney asegur\u00f3 a E! News que se encuentra mejor que nunca:<\/span><\/p>\n<blockquote><p><span style=\"font-weight: 400;\"><strong><em>&#8220;Kourtney y Younes se divierten mucho. Ella aprecia lo responsable que es y que no le gusta ir a fiestas. \u00c9l es lo opuesto a Scott de muchas manera y esa ha sido una experiencia genial para Kourtney&#8221;, relat\u00f3. &#8220;A pesar de que Younes es m\u00e1s joven, ella siente que es un alma vieja&#8221;<\/em><\/strong>, a\u00f1adi\u00f3.<\/span><\/p><\/blockquote>\n<p><span style=\"font-weight: 400;\">Tras ver los dram\u00e1ticos episodios de la ex pareja en televisi\u00f3n, nos queda muy claro que lo mejor es que no lo sigan intentando. Lo \u00fanico que nos sigue dando curiosidad es si realmente Scott la ha superado o se trata de otro berrinche con la intenci\u00f3n de arruinar la escapada de Kourtney con su crush, pues la verdad la vemos muy feliz.<\/span><\/p>\n<p>&nbsp;<\/p>\n<p><iframe loading=\"lazy\" src=\"https:\/\/giphy.com\/embed\/ogVrA5UmmRg9q\" width=\"480\" height=\"266\" frameborder=\"0\"><\/iframe><\/p>\n<p>&nbsp;<\/p>\n<p><strong><em>*FOTOS: SPLASHNEWS.<\/em><\/strong><\/p>\n","protected":false},"author":11634,"featured_media":24670,"template":"","format":"standard","categories":[2,10],"acf":[],"yoast_head":"<!-- This site is optimized with the Yoast SEO Premium plugin v18.5 (Yoast SEO v20.4) - https:\/\/yoast.com\/wordpress\/plugins\/seo\/ -->\n<title>Kourtney Kardashian vs Scott Disick | Grazia M\u00e9xico y Latinoam\u00e9rica<\/title>\n<meta name=\"description\" content=\"La llegada de Scott Disick a Cannes d\u00edas despu\u00e9s de la hermana de Kim, podr\u00eda desatar una guerra. \u00bfC\u00f3mo terminar\u00e1 esta historia?\" \/>\n<meta name=\"robots\" content=\"index, follow, max-snippet:-1, max-image-preview:large, max-video-preview:-1\" \/>\n<link rel=\"canonical\" href=\"https:\/\/graziamagazine.com\/mx\/articles\/kourtney-kardashian-vs-scott-disick\/\" \/>\n<meta property=\"og:locale\" content=\"es_MX\" \/>\n<meta property=\"og:type\" content=\"article\" \/>\n<meta property=\"og:title\" content=\"Kourtney Kardashian vs Scott Disick\" \/>\n<meta property=\"og:description\" content=\"La llegada de Scott Disick a Cannes d\u00edas despu\u00e9s de la hermana de Kim, podr\u00eda desatar una guerra. \u00bfC\u00f3mo terminar\u00e1 esta historia?\" \/>\n<meta property=\"og:url\" content=\"https:\/\/graziamagazine.com\/mx\/articles\/kourtney-kardashian-vs-scott-disick\/\" \/>\n<meta property=\"og:site_name\" content=\"Grazia M\u00e9xico y Latinoam\u00e9rica\" \/>\n<meta property=\"article:modified_time\" content=\"2020-03-11T16:34:32+00:00\" \/>\n<meta property=\"og:image\" content=\"https:\/\/graziamagazine.com\/mx\/wp-content\/uploads\/sites\/13\/2017\/05\/kourtney-kardashian-y-scott-disick-e1583944388532.jpg?fit=1000%2C724\" \/>\n\t<meta property=\"og:image:width\" content=\"1000\" \/>\n\t<meta property=\"og:image:height\" content=\"724\" \/>\n\t<meta property=\"og:image:type\" content=\"image\/jpeg\" \/>\n<meta name=\"twitter:card\" content=\"summary_large_image\" \/>\n<meta name=\"twitter:label1\" content=\"Est. reading time\" \/>\n\t<meta name=\"twitter:data1\" content=\"1 minuto\" \/>\n<script type=\"application\/ld+json\" class=\"yoast-schema-graph\">{\"@context\":\"https:\/\/schema.org\",\"@graph\":[{\"@type\":\"WebPage\",\"@id\":\"https:\/\/graziamagazine.com\/mx\/articles\/kourtney-kardashian-vs-scott-disick\/\",\"url\":\"https:\/\/graziamagazine.com\/mx\/articles\/kourtney-kardashian-vs-scott-disick\/\",\"name\":\"Kourtney Kardashian vs Scott Disick | Grazia M\u00e9xico y Latinoam\u00e9rica\",\"isPartOf\":{\"@id\":\"https:\/\/graziamagazine.com\/mx\/#website\"},\"datePublished\":\"2017-05-24T20:50:19+00:00\",\"dateModified\":\"2020-03-11T16:34:32+00:00\",\"description\":\"La llegada de Scott Disick a Cannes d\u00edas despu\u00e9s de la hermana de Kim, podr\u00eda desatar una guerra. \u00bfC\u00f3mo terminar\u00e1 esta historia?\",\"breadcrumb\":{\"@id\":\"https:\/\/graziamagazine.com\/mx\/articles\/kourtney-kardashian-vs-scott-disick\/#breadcrumb\"},\"inLanguage\":\"es-MX\",\"potentialAction\":[{\"@type\":\"ReadAction\",\"target\":[\"https:\/\/graziamagazine.com\/mx\/articles\/kourtney-kardashian-vs-scott-disick\/\"]}]},{\"@type\":\"BreadcrumbList\",\"@id\":\"https:\/\/graziamagazine.com\/mx\/articles\/kourtney-kardashian-vs-scott-disick\/#breadcrumb\",\"itemListElement\":[{\"@type\":\"ListItem\",\"position\":1,\"name\":\"Home\",\"item\":\"https:\/\/graziamagazine.com\/mx\/\"},{\"@type\":\"ListItem\",\"position\":2,\"name\":\"Kourtney Kardashian vs Scott Disick\"}]},{\"@type\":\"WebSite\",\"@id\":\"https:\/\/graziamagazine.com\/mx\/#website\",\"url\":\"https:\/\/graziamagazine.com\/mx\/\",\"name\":\"Grazia M\u00e9xico y Latinoam\u00e9rica\",\"description\":\"Grazia es moda, belleza y noticias  de actualidad \",\"potentialAction\":[{\"@type\":\"SearchAction\",\"target\":{\"@type\":\"EntryPoint\",\"urlTemplate\":\"https:\/\/graziamagazine.com\/mx\/?s={search_term_string}\"},\"query-input\":\"required name=search_term_string\"}],\"inLanguage\":\"es-MX\"}]}<\/script>\n<!-- \/ Yoast SEO Premium plugin. -->","yoast_head_json":{"title":"Kourtney Kardashian vs Scott Disick | Grazia M\u00e9xico y Latinoam\u00e9rica","description":"La llegada de Scott Disick a Cannes d\u00edas despu\u00e9s de la hermana de Kim, podr\u00eda desatar una guerra. \u00bfC\u00f3mo terminar\u00e1 esta historia?","robots":{"index":"index","follow":"follow","max-snippet":"max-snippet:-1","max-image-preview":"max-image-preview:large","max-video-preview":"max-video-preview:-1"},"canonical":"https:\/\/graziamagazine.com\/mx\/articles\/kourtney-kardashian-vs-scott-disick\/","og_locale":"es_MX","og_type":"article","og_title":"Kourtney Kardashian vs Scott Disick","og_description":"La llegada de Scott Disick a Cannes d\u00edas despu\u00e9s de la hermana de Kim, podr\u00eda desatar una guerra. \u00bfC\u00f3mo terminar\u00e1 esta historia?","og_url":"https:\/\/graziamagazine.com\/mx\/articles\/kourtney-kardashian-vs-scott-disick\/","og_site_name":"Grazia M\u00e9xico y Latinoam\u00e9rica","article_modified_time":"2020-03-11T16:34:32+00:00","og_image":[{"width":1000,"height":724,"url":"https:\/\/graziamagazine.com\/mx\/wp-content\/uploads\/sites\/13\/2017\/05\/kourtney-kardashian-y-scott-disick-e1583944388532.jpg?fit=1000%2C724","type":"image\/jpeg"}],"twitter_card":"summary_large_image","twitter_misc":{"Est. reading time":"1 minuto"},"schema":{"@context":"https:\/\/schema.org","@graph":[{"@type":"WebPage","@id":"https:\/\/graziamagazine.com\/mx\/articles\/kourtney-kardashian-vs-scott-disick\/","url":"https:\/\/graziamagazine.com\/mx\/articles\/kourtney-kardashian-vs-scott-disick\/","name":"Kourtney Kardashian vs Scott Disick | Grazia M\u00e9xico y Latinoam\u00e9rica","isPartOf":{"@id":"https:\/\/graziamagazine.com\/mx\/#website"},"datePublished":"2017-05-24T20:50:19+00:00","dateModified":"2020-03-11T16:34:32+00:00","description":"La llegada de Scott Disick a Cannes d\u00edas despu\u00e9s de la hermana de Kim, podr\u00eda desatar una guerra. \u00bfC\u00f3mo terminar\u00e1 esta historia?","breadcrumb":{"@id":"https:\/\/graziamagazine.com\/mx\/articles\/kourtney-kardashian-vs-scott-disick\/#breadcrumb"},"inLanguage":"es-MX","potentialAction":[{"@type":"ReadAction","target":["https:\/\/graziamagazine.com\/mx\/articles\/kourtney-kardashian-vs-scott-disick\/"]}]},{"@type":"BreadcrumbList","@id":"https:\/\/graziamagazine.com\/mx\/articles\/kourtney-kardashian-vs-scott-disick\/#breadcrumb","itemListElement":[{"@type":"ListItem","position":1,"name":"Home","item":"https:\/\/graziamagazine.com\/mx\/"},{"@type":"ListItem","position":2,"name":"Kourtney Kardashian vs Scott Disick"}]},{"@type":"WebSite","@id":"https:\/\/graziamagazine.com\/mx\/#website","url":"https:\/\/graziamagazine.com\/mx\/","name":"Grazia M\u00e9xico y Latinoam\u00e9rica","description":"Grazia es moda, belleza y noticias  de actualidad ","potentialAction":[{"@type":"SearchAction","target":{"@type":"EntryPoint","urlTemplate":"https:\/\/graziamagazine.com\/mx\/?s={search_term_string}"},"query-input":"required name=search_term_string"}],"inLanguage":"es-MX"}]}},"jetpack_sharing_enabled":true,"distributor_meta":false,"distributor_terms":false,"distributor_media":false,"distributor_original_site_name":"Grazia M\u00e9xico y Latinoam\u00e9rica","distributor_original_site_url":"https:\/\/graziamagazine.com\/mx","push-errors":false,"_links":{"self":[{"href":"https:\/\/graziamagazine.com\/mx\/wp-json\/wp\/v2\/articles\/24669"}],"collection":[{"href":"https:\/\/graziamagazine.com\/mx\/wp-json\/wp\/v2\/articles"}],"about":[{"href":"https:\/\/graziamagazine.com\/mx\/wp-json\/wp\/v2\/types\/articles"}],"author":[{"embeddable":true,"href":"https:\/\/graziamagazine.com\/mx\/wp-json\/wp\/v2\/users\/11634"}],"wp:featuredmedia":[{"embeddable":true,"href":"https:\/\/graziamagazine.com\/mx\/wp-json\/wp\/v2\/media\/24670"}],"wp:attachment":[{"href":"https:\/\/graziamagazine.com\/mx\/wp-json\/wp\/v2\/media?parent=24669"}],"wp:term":[{"taxonomy":"category","embeddable":true,"href":"https:\/\/graziamagazine.com\/mx\/wp-json\/wp\/v2\/categories?post=24669"}],"curies":[{"name":"wp","href":"https:\/\/api.w.org\/{rel}","templated":true}]}}