{"id":24400,"date":"2017-05-19T10:26:28","date_gmt":"2017-05-19T16:26:28","guid":{"rendered":"https:\/\/graziamagazine.com\/mx\/?p=24400"},"modified":"2020-03-05T14:22:59","modified_gmt":"2020-03-05T19:22:59","slug":"ryan-gosling-eva-mendes-hijas","status":"publish","type":"articles","link":"https:\/\/graziamagazine.com\/mx\/articles\/ryan-gosling-eva-mendes-hijas\/","title":{"rendered":"Ryan Gosling y Eva Mendes en p\u00fablico con sus hijas"},"content":{"rendered":"<p><b>Justo cuando pens\u00e1bamos que ser\u00eda pr\u00e1cticamente imposible captarlos, Eva Mendes y su familia no se le escaparon a los paparazzis.<\/b><\/p>\n<p><!--more--><\/p>\n<p><span style=\"font-weight: 400;\">Si hay algo que debes de saber de la relaci\u00f3n entre Eva Mendes y Ryan Gosling, es que ser\u00e1 muy dif\u00edcil que puedas seguirles el paso. Mientras much\u00edsimas familias no le temen al ojo p\u00fablico (\u00a1Hola Kardashians!) est\u00e1n otros que prefieren un perfil bajo.<\/span><\/p>\n<p>Hace apenas semanas, la esposa del actor fue <a href=\"https:\/\/graziamagazine.com\/mx\/eva-mendes-compras-hija-mayor\/\" target=\"_blank\" rel=\"noopener\"><span style=\"text-decoration: underline;\">captada<\/span><\/a> en un d\u00eda de compras con su primer hija, Esmeralda, a quien poco se le hab\u00eda visto. Ni que decir de Amada, la beb\u00e9 de la que el mundo se enter\u00f3 dos semanas antes de nacer, que fue cuando se anunci\u00f3 su llegada.<\/p>\n<p>Es bien sabido que los paparazzis son cazadores furtivos y m\u00e1s, cuando se trata de aquellos quienes se reh\u00fasan a revelar su vida privada. Esta semana, la familia Gosling entera no se les escap\u00f3, ni con todo y sus hijas.<\/p>\n<p>Te mostramos\u00a0la foto compartida por TMZ.<\/p>\n<p>&nbsp;<\/p>\n<p><img loading=\"lazy\" decoding=\"async\" class=\"alignnone wp-image-24409 size-full\" title=\"Ryan Gosling y Eva Mendes en p\u00fablico con sus hijas\" src=\"https:\/\/graziamagazine.com\/mx\/wp-content\/uploads\/sites\/13\/2017\/05\/0519-eva-mendes-ryan-gosling-kids-backgrid-4.jpg\" alt=\"Ryan Gosling y Eva Mendes en p\u00fablico con sus hijas\" width=\"718\" height=\"559\" srcset=\"https:\/\/graziamagazine.com\/mx\/wp-content\/uploads\/sites\/13\/2017\/05\/0519-eva-mendes-ryan-gosling-kids-backgrid-4.jpg 718w, https:\/\/graziamagazine.com\/mx\/wp-content\/uploads\/sites\/13\/2017\/05\/0519-eva-mendes-ryan-gosling-kids-backgrid-4.jpg?resize=450,350 450w, https:\/\/graziamagazine.com\/mx\/wp-content\/uploads\/sites\/13\/2017\/05\/0519-eva-mendes-ryan-gosling-kids-backgrid-4.jpg?resize=155,121 155w\" sizes=\"(max-width: 718px) 100vw, 718px\" \/><\/p>\n<p>&nbsp;<\/p>\n<p>*FOTOS: AKM-GSI \/ BACKGRID<\/p>\n","protected":false},"author":11636,"featured_media":24407,"template":"","format":"standard","categories":[2,10],"acf":[],"yoast_head":"<!-- This site is optimized with the Yoast SEO Premium plugin v18.5 (Yoast SEO v20.4) - https:\/\/yoast.com\/wordpress\/plugins\/seo\/ -->\n<title>Ryan Gosling y Eva Mendes en p\u00fablico con sus hijas | Grazia M\u00e9xico y Latinoam\u00e9rica<\/title>\n<meta name=\"description\" content=\"Justo cuando pens\u00e1bamos que ser\u00eda pr\u00e1cticamente imposible captarlos, Eva Mendes y su familia no se le escaparon a los paparazzis.\" \/>\n<meta name=\"robots\" content=\"index, follow, max-snippet:-1, max-image-preview:large, max-video-preview:-1\" \/>\n<link rel=\"canonical\" href=\"https:\/\/graziamagazine.com\/mx\/articles\/ryan-gosling-eva-mendes-hijas\/\" \/>\n<meta property=\"og:locale\" content=\"es_MX\" \/>\n<meta property=\"og:type\" content=\"article\" \/>\n<meta property=\"og:title\" content=\"Ryan Gosling y Eva Mendes en p\u00fablico con sus hijas\" \/>\n<meta property=\"og:description\" content=\"Justo cuando pens\u00e1bamos que ser\u00eda pr\u00e1cticamente imposible captarlos, Eva Mendes y su familia no se le escaparon a los paparazzis.\" \/>\n<meta property=\"og:url\" content=\"https:\/\/graziamagazine.com\/mx\/articles\/ryan-gosling-eva-mendes-hijas\/\" \/>\n<meta property=\"og:site_name\" content=\"Grazia M\u00e9xico y Latinoam\u00e9rica\" \/>\n<meta property=\"article:modified_time\" content=\"2020-03-05T19:22:59+00:00\" \/>\n<meta property=\"og:image\" content=\"https:\/\/graziamagazine.com\/mx\/wp-content\/uploads\/sites\/13\/2017\/05\/ryan-gosling-eva-mendes-family-outing-miami-feature-e1579020228702.jpg?fit=800%2C398\" \/>\n\t<meta property=\"og:image:width\" content=\"800\" \/>\n\t<meta property=\"og:image:height\" content=\"398\" \/>\n\t<meta property=\"og:image:type\" content=\"image\/jpeg\" \/>\n<meta name=\"twitter:card\" content=\"summary_large_image\" \/>\n<meta name=\"twitter:label1\" content=\"Est. reading time\" \/>\n\t<meta name=\"twitter:data1\" content=\"1 minuto\" \/>\n<script type=\"application\/ld+json\" class=\"yoast-schema-graph\">{\"@context\":\"https:\/\/schema.org\",\"@graph\":[{\"@type\":\"WebPage\",\"@id\":\"https:\/\/graziamagazine.com\/mx\/articles\/ryan-gosling-eva-mendes-hijas\/\",\"url\":\"https:\/\/graziamagazine.com\/mx\/articles\/ryan-gosling-eva-mendes-hijas\/\",\"name\":\"Ryan Gosling y Eva Mendes en p\u00fablico con sus hijas | Grazia M\u00e9xico y Latinoam\u00e9rica\",\"isPartOf\":{\"@id\":\"https:\/\/graziamagazine.com\/mx\/#website\"},\"datePublished\":\"2017-05-19T16:26:28+00:00\",\"dateModified\":\"2020-03-05T19:22:59+00:00\",\"description\":\"Justo cuando pens\u00e1bamos que ser\u00eda pr\u00e1cticamente imposible captarlos, Eva Mendes y su familia no se le escaparon a los paparazzis.\",\"breadcrumb\":{\"@id\":\"https:\/\/graziamagazine.com\/mx\/articles\/ryan-gosling-eva-mendes-hijas\/#breadcrumb\"},\"inLanguage\":\"es-MX\",\"potentialAction\":[{\"@type\":\"ReadAction\",\"target\":[\"https:\/\/graziamagazine.com\/mx\/articles\/ryan-gosling-eva-mendes-hijas\/\"]}]},{\"@type\":\"BreadcrumbList\",\"@id\":\"https:\/\/graziamagazine.com\/mx\/articles\/ryan-gosling-eva-mendes-hijas\/#breadcrumb\",\"itemListElement\":[{\"@type\":\"ListItem\",\"position\":1,\"name\":\"Home\",\"item\":\"https:\/\/graziamagazine.com\/mx\/\"},{\"@type\":\"ListItem\",\"position\":2,\"name\":\"Ryan Gosling y Eva Mendes en p\u00fablico con sus hijas\"}]},{\"@type\":\"WebSite\",\"@id\":\"https:\/\/graziamagazine.com\/mx\/#website\",\"url\":\"https:\/\/graziamagazine.com\/mx\/\",\"name\":\"Grazia M\u00e9xico y Latinoam\u00e9rica\",\"description\":\"Grazia es moda, belleza y noticias  de actualidad \",\"potentialAction\":[{\"@type\":\"SearchAction\",\"target\":{\"@type\":\"EntryPoint\",\"urlTemplate\":\"https:\/\/graziamagazine.com\/mx\/?s={search_term_string}\"},\"query-input\":\"required name=search_term_string\"}],\"inLanguage\":\"es-MX\"}]}<\/script>\n<!-- \/ Yoast SEO Premium plugin. -->","yoast_head_json":{"title":"Ryan Gosling y Eva Mendes en p\u00fablico con sus hijas | Grazia M\u00e9xico y Latinoam\u00e9rica","description":"Justo cuando pens\u00e1bamos que ser\u00eda pr\u00e1cticamente imposible captarlos, Eva Mendes y su familia no se le escaparon a los paparazzis.","robots":{"index":"index","follow":"follow","max-snippet":"max-snippet:-1","max-image-preview":"max-image-preview:large","max-video-preview":"max-video-preview:-1"},"canonical":"https:\/\/graziamagazine.com\/mx\/articles\/ryan-gosling-eva-mendes-hijas\/","og_locale":"es_MX","og_type":"article","og_title":"Ryan Gosling y Eva Mendes en p\u00fablico con sus hijas","og_description":"Justo cuando pens\u00e1bamos que ser\u00eda pr\u00e1cticamente imposible captarlos, Eva Mendes y su familia no se le escaparon a los paparazzis.","og_url":"https:\/\/graziamagazine.com\/mx\/articles\/ryan-gosling-eva-mendes-hijas\/","og_site_name":"Grazia M\u00e9xico y Latinoam\u00e9rica","article_modified_time":"2020-03-05T19:22:59+00:00","og_image":[{"width":800,"height":398,"url":"https:\/\/graziamagazine.com\/mx\/wp-content\/uploads\/sites\/13\/2017\/05\/ryan-gosling-eva-mendes-family-outing-miami-feature-e1579020228702.jpg?fit=800%2C398","type":"image\/jpeg"}],"twitter_card":"summary_large_image","twitter_misc":{"Est. reading time":"1 minuto"},"schema":{"@context":"https:\/\/schema.org","@graph":[{"@type":"WebPage","@id":"https:\/\/graziamagazine.com\/mx\/articles\/ryan-gosling-eva-mendes-hijas\/","url":"https:\/\/graziamagazine.com\/mx\/articles\/ryan-gosling-eva-mendes-hijas\/","name":"Ryan Gosling y Eva Mendes en p\u00fablico con sus hijas | Grazia M\u00e9xico y Latinoam\u00e9rica","isPartOf":{"@id":"https:\/\/graziamagazine.com\/mx\/#website"},"datePublished":"2017-05-19T16:26:28+00:00","dateModified":"2020-03-05T19:22:59+00:00","description":"Justo cuando pens\u00e1bamos que ser\u00eda pr\u00e1cticamente imposible captarlos, Eva Mendes y su familia no se le escaparon a los paparazzis.","breadcrumb":{"@id":"https:\/\/graziamagazine.com\/mx\/articles\/ryan-gosling-eva-mendes-hijas\/#breadcrumb"},"inLanguage":"es-MX","potentialAction":[{"@type":"ReadAction","target":["https:\/\/graziamagazine.com\/mx\/articles\/ryan-gosling-eva-mendes-hijas\/"]}]},{"@type":"BreadcrumbList","@id":"https:\/\/graziamagazine.com\/mx\/articles\/ryan-gosling-eva-mendes-hijas\/#breadcrumb","itemListElement":[{"@type":"ListItem","position":1,"name":"Home","item":"https:\/\/graziamagazine.com\/mx\/"},{"@type":"ListItem","position":2,"name":"Ryan Gosling y Eva Mendes en p\u00fablico con sus hijas"}]},{"@type":"WebSite","@id":"https:\/\/graziamagazine.com\/mx\/#website","url":"https:\/\/graziamagazine.com\/mx\/","name":"Grazia M\u00e9xico y Latinoam\u00e9rica","description":"Grazia es moda, belleza y noticias  de actualidad ","potentialAction":[{"@type":"SearchAction","target":{"@type":"EntryPoint","urlTemplate":"https:\/\/graziamagazine.com\/mx\/?s={search_term_string}"},"query-input":"required name=search_term_string"}],"inLanguage":"es-MX"}]}},"jetpack_sharing_enabled":true,"distributor_meta":false,"distributor_terms":false,"distributor_media":false,"distributor_original_site_name":"Grazia M\u00e9xico y Latinoam\u00e9rica","distributor_original_site_url":"https:\/\/graziamagazine.com\/mx","push-errors":false,"_links":{"self":[{"href":"https:\/\/graziamagazine.com\/mx\/wp-json\/wp\/v2\/articles\/24400"}],"collection":[{"href":"https:\/\/graziamagazine.com\/mx\/wp-json\/wp\/v2\/articles"}],"about":[{"href":"https:\/\/graziamagazine.com\/mx\/wp-json\/wp\/v2\/types\/articles"}],"author":[{"embeddable":true,"href":"https:\/\/graziamagazine.com\/mx\/wp-json\/wp\/v2\/users\/11636"}],"wp:featuredmedia":[{"embeddable":true,"href":"https:\/\/graziamagazine.com\/mx\/wp-json\/wp\/v2\/media\/24407"}],"wp:attachment":[{"href":"https:\/\/graziamagazine.com\/mx\/wp-json\/wp\/v2\/media?parent=24400"}],"wp:term":[{"taxonomy":"category","embeddable":true,"href":"https:\/\/graziamagazine.com\/mx\/wp-json\/wp\/v2\/categories?post=24400"}],"curies":[{"name":"wp","href":"https:\/\/api.w.org\/{rel}","templated":true}]}}