{"id":23891,"date":"2017-05-12T07:21:59","date_gmt":"2017-05-12T13:21:59","guid":{"rendered":"https:\/\/graziamagazine.com\/mx\/?p=23891"},"modified":"2020-03-11T11:41:34","modified_gmt":"2020-03-11T16:41:34","slug":"katy-perry-en-mexico-en-missoni","status":"publish","type":"articles","link":"https:\/\/graziamagazine.com\/mx\/articles\/katy-perry-en-mexico-en-missoni\/","title":{"rendered":"Katy Perry se asolea en M\u00e9xico en Missoni"},"content":{"rendered":"<p><b>Sol, arena y un colorido bikini son la f\u00f3rmula perfecta para unas vacaciones al estilo de Katy Perry. \u00a1Copia su look este fin de semana!<\/b><\/p>\n<p><!--more--><\/p>\n<p><img loading=\"lazy\" decoding=\"async\" class=\"alignnone wp-image-23892 size-full\" title=\"Katy Perry se asolea en M\u00e9xico en Missoni\" src=\"https:\/\/graziamagazine.com\/mx\/wp-content\/uploads\/sites\/13\/2017\/05\/Screen-Shot-2017-05-12-at-8.06.58-AM.jpg\" alt=\"Katy Perry se asolea en M\u00e9xico en Missoni\" width=\"747\" height=\"441\" srcset=\"https:\/\/graziamagazine.com\/mx\/wp-content\/uploads\/sites\/13\/2017\/05\/Screen-Shot-2017-05-12-at-8.06.58-AM.jpg 747w, https:\/\/graziamagazine.com\/mx\/wp-content\/uploads\/sites\/13\/2017\/05\/Screen-Shot-2017-05-12-at-8.06.58-AM.jpg?resize=450,266 450w, https:\/\/graziamagazine.com\/mx\/wp-content\/uploads\/sites\/13\/2017\/05\/Screen-Shot-2017-05-12-at-8.06.58-AM.jpg?resize=155,92 155w\" sizes=\"(max-width: 747px) 100vw, 747px\" \/><\/p>\n<p><span style=\"font-weight: 400;\">Las playas de M\u00e9xico tienen un encanto que hace imposible resistirse a ellas y <strong>Katy Perry<\/strong>\u00a0es una de las <a href=\"https:\/\/graziamagazine.com\/mx\/bella-hadid-spring-break-en-mexico\/\" target=\"_blank\" rel=\"noopener\"><span style=\"text-decoration: underline;\">celebridades<\/span><\/a> que cay\u00f3 ante \u00e9l.<\/span><\/p>\n<p>Tras su impactante aparici\u00f3n en la alfombra roja de la MET Gala, la cantante se tom\u00f3 un merecido break y cambi\u00f3 su <a href=\"https:\/\/graziamagazine.com\/mx\/met-gala-2017-nuestro-veredicto\/\" target=\"_blank\" rel=\"noopener\"><span style=\"text-decoration: underline;\">Maison Margiela<\/span><\/a> por algo m\u00e1s ligero para atrapar todos los rayos del sol.<\/p>\n<p>De su divertida sesi\u00f3n de fotos tirada junto a sus amigas en la arena \u2013con un delicioso coco\u2013 fue su diminuto bikini el que nos enamor\u00f3. Se trata de un dise\u00f1o <strong>Missoni<\/strong> en tonos pastel que no pudimos evitar rastrear.<\/p>\n<p>La triste noticia es que no encontramos ese en espec\u00edfico, pero s\u00ed descubrimos otras alternativas de <em>beachwear<\/em> que la firma propone para esta temporada de vacaciones y que te van a encantar.<\/p>\n<p>Monokinis, bikinis y hasta propuestas retro\u2026 Estamos seguras de que encontrar\u00e1s uno que te robe el coraz\u00f3n y que una ves que lo hagas, no tendr\u00e1s pretexto alguno para no comprar ese boleto de avi\u00f3n y empezar a hacer tu maleta.<\/p>\n<p><strong><em>Beach, please!<\/em><\/strong><\/p>\n<p><iframe loading=\"lazy\" src=\"https:\/\/giphy.com\/embed\/tNHJnLPE9O3zW\" width=\"480\" height=\"313\" frameborder=\"0\"><\/iframe><\/p>\n<p>&nbsp;<\/p>\n<p><img loading=\"lazy\" decoding=\"async\" class=\"alignnone wp-image-23898 size-large\" title=\"Katy Perry se asolea en M\u00e9xico en Missoni\" src=\"https:\/\/graziamagazine.com\/mx\/wp-content\/uploads\/sites\/13\/2017\/05\/47192780qp_14_fa-700x699.jpg\" alt=\"Katy Perry se asolea en M\u00e9xico en Missoni\" width=\"700\" height=\"699\" \/><\/p>\n<p><img loading=\"lazy\" decoding=\"async\" class=\"alignnone wp-image-23899 size-large\" title=\"Katy Perry se asolea en M\u00e9xico en Missoni\" src=\"https:\/\/graziamagazine.com\/mx\/wp-content\/uploads\/sites\/13\/2017\/05\/47193924xn_14_fa-700x700.jpg\" alt=\"Katy Perry se asolea en M\u00e9xico en Missoni\" width=\"700\" height=\"700\" \/><\/p>\n<p><img loading=\"lazy\" decoding=\"async\" class=\"alignnone wp-image-23897 size-large\" title=\"Katy Perry se asolea en M\u00e9xico en Missoni\" src=\"https:\/\/graziamagazine.com\/mx\/wp-content\/uploads\/sites\/13\/2017\/05\/47192776ql_14_fa-700x700.jpg\" alt=\"Katy Perry se asolea en M\u00e9xico en Missoni\" width=\"700\" height=\"700\" \/>\u00a0<img loading=\"lazy\" decoding=\"async\" class=\"alignnone wp-image-23900 size-large\" title=\"Katy Perry se asolea en M\u00e9xico en Missoni\" src=\"https:\/\/graziamagazine.com\/mx\/wp-content\/uploads\/sites\/13\/2017\/05\/47195642ae_14_fa-700x700.jpg\" alt=\"Katy Perry se asolea en M\u00e9xico en Missoni\" width=\"700\" height=\"700\" \/><\/p>\n<p>&nbsp;<\/p>\n<p><strong><em>*Todos Missoni, (con env\u00edos a M\u00e9xico); <span style=\"text-decoration: underline;\"><a href=\"http:\/\/www.missoni.com\/mx\/women\/swimsuits_gid31682?agerange=Adult&amp;menuseason=main\" target=\"_blank\">missoni.com.<\/a><\/span><\/em><\/strong><\/p>\n","protected":false},"author":11636,"featured_media":23892,"template":"","format":"standard","categories":[2,5,4,10],"acf":[],"yoast_head":"<!-- This site is optimized with the Yoast SEO Premium plugin v18.5 (Yoast SEO v20.4) - https:\/\/yoast.com\/wordpress\/plugins\/seo\/ -->\n<title>Katy Perry se asolea en M\u00e9xico en Missoni | Grazia M\u00e9xico y Latinoam\u00e9rica<\/title>\n<meta name=\"description\" content=\"Sol, arena y un colorido bikini son la f\u00f3rmula perfecta para unas vacaciones al estilo de Katy Perry. \u00a1Copia su look este fin de semana!\" \/>\n<meta name=\"robots\" content=\"index, follow, max-snippet:-1, max-image-preview:large, max-video-preview:-1\" \/>\n<link rel=\"canonical\" href=\"https:\/\/graziamagazine.com\/mx\/articles\/katy-perry-en-mexico-en-missoni\/\" \/>\n<meta property=\"og:locale\" content=\"es_MX\" \/>\n<meta property=\"og:type\" content=\"article\" \/>\n<meta property=\"og:title\" content=\"Katy Perry se asolea en M\u00e9xico en Missoni\" \/>\n<meta property=\"og:description\" content=\"Sol, arena y un colorido bikini son la f\u00f3rmula perfecta para unas vacaciones al estilo de Katy Perry. \u00a1Copia su look este fin de semana!\" \/>\n<meta property=\"og:url\" content=\"https:\/\/graziamagazine.com\/mx\/articles\/katy-perry-en-mexico-en-missoni\/\" \/>\n<meta property=\"og:site_name\" content=\"Grazia M\u00e9xico y Latinoam\u00e9rica\" \/>\n<meta property=\"article:modified_time\" content=\"2020-03-11T16:41:34+00:00\" \/>\n<meta property=\"og:image\" content=\"https:\/\/graziamagazine.com\/mx\/wp-content\/uploads\/sites\/13\/2017\/05\/Screen-Shot-2017-05-12-at-8.06.58-AM.jpg?fit=747%2C441\" \/>\n\t<meta property=\"og:image:width\" content=\"747\" \/>\n\t<meta property=\"og:image:height\" content=\"441\" \/>\n\t<meta property=\"og:image:type\" content=\"image\/jpeg\" \/>\n<meta name=\"twitter:card\" content=\"summary_large_image\" \/>\n<meta name=\"twitter:label1\" content=\"Est. reading time\" \/>\n\t<meta name=\"twitter:data1\" content=\"1 minuto\" \/>\n<script type=\"application\/ld+json\" class=\"yoast-schema-graph\">{\"@context\":\"https:\/\/schema.org\",\"@graph\":[{\"@type\":\"WebPage\",\"@id\":\"https:\/\/graziamagazine.com\/mx\/articles\/katy-perry-en-mexico-en-missoni\/\",\"url\":\"https:\/\/graziamagazine.com\/mx\/articles\/katy-perry-en-mexico-en-missoni\/\",\"name\":\"Katy Perry se asolea en M\u00e9xico en Missoni | Grazia M\u00e9xico y Latinoam\u00e9rica\",\"isPartOf\":{\"@id\":\"https:\/\/graziamagazine.com\/mx\/#website\"},\"datePublished\":\"2017-05-12T13:21:59+00:00\",\"dateModified\":\"2020-03-11T16:41:34+00:00\",\"description\":\"Sol, arena y un colorido bikini son la f\u00f3rmula perfecta para unas vacaciones al estilo de Katy Perry. \u00a1Copia su look este fin de semana!\",\"breadcrumb\":{\"@id\":\"https:\/\/graziamagazine.com\/mx\/articles\/katy-perry-en-mexico-en-missoni\/#breadcrumb\"},\"inLanguage\":\"es-MX\",\"potentialAction\":[{\"@type\":\"ReadAction\",\"target\":[\"https:\/\/graziamagazine.com\/mx\/articles\/katy-perry-en-mexico-en-missoni\/\"]}]},{\"@type\":\"BreadcrumbList\",\"@id\":\"https:\/\/graziamagazine.com\/mx\/articles\/katy-perry-en-mexico-en-missoni\/#breadcrumb\",\"itemListElement\":[{\"@type\":\"ListItem\",\"position\":1,\"name\":\"Home\",\"item\":\"https:\/\/graziamagazine.com\/mx\/\"},{\"@type\":\"ListItem\",\"position\":2,\"name\":\"Katy Perry se asolea en M\u00e9xico en Missoni\"}]},{\"@type\":\"WebSite\",\"@id\":\"https:\/\/graziamagazine.com\/mx\/#website\",\"url\":\"https:\/\/graziamagazine.com\/mx\/\",\"name\":\"Grazia M\u00e9xico y Latinoam\u00e9rica\",\"description\":\"Grazia es moda, belleza y noticias  de actualidad \",\"potentialAction\":[{\"@type\":\"SearchAction\",\"target\":{\"@type\":\"EntryPoint\",\"urlTemplate\":\"https:\/\/graziamagazine.com\/mx\/?s={search_term_string}\"},\"query-input\":\"required name=search_term_string\"}],\"inLanguage\":\"es-MX\"}]}<\/script>\n<!-- \/ Yoast SEO Premium plugin. -->","yoast_head_json":{"title":"Katy Perry se asolea en M\u00e9xico en Missoni | Grazia M\u00e9xico y Latinoam\u00e9rica","description":"Sol, arena y un colorido bikini son la f\u00f3rmula perfecta para unas vacaciones al estilo de Katy Perry. \u00a1Copia su look este fin de semana!","robots":{"index":"index","follow":"follow","max-snippet":"max-snippet:-1","max-image-preview":"max-image-preview:large","max-video-preview":"max-video-preview:-1"},"canonical":"https:\/\/graziamagazine.com\/mx\/articles\/katy-perry-en-mexico-en-missoni\/","og_locale":"es_MX","og_type":"article","og_title":"Katy Perry se asolea en M\u00e9xico en Missoni","og_description":"Sol, arena y un colorido bikini son la f\u00f3rmula perfecta para unas vacaciones al estilo de Katy Perry. \u00a1Copia su look este fin de semana!","og_url":"https:\/\/graziamagazine.com\/mx\/articles\/katy-perry-en-mexico-en-missoni\/","og_site_name":"Grazia M\u00e9xico y Latinoam\u00e9rica","article_modified_time":"2020-03-11T16:41:34+00:00","og_image":[{"width":747,"height":441,"url":"https:\/\/graziamagazine.com\/mx\/wp-content\/uploads\/sites\/13\/2017\/05\/Screen-Shot-2017-05-12-at-8.06.58-AM.jpg?fit=747%2C441","type":"image\/jpeg"}],"twitter_card":"summary_large_image","twitter_misc":{"Est. reading time":"1 minuto"},"schema":{"@context":"https:\/\/schema.org","@graph":[{"@type":"WebPage","@id":"https:\/\/graziamagazine.com\/mx\/articles\/katy-perry-en-mexico-en-missoni\/","url":"https:\/\/graziamagazine.com\/mx\/articles\/katy-perry-en-mexico-en-missoni\/","name":"Katy Perry se asolea en M\u00e9xico en Missoni | Grazia M\u00e9xico y Latinoam\u00e9rica","isPartOf":{"@id":"https:\/\/graziamagazine.com\/mx\/#website"},"datePublished":"2017-05-12T13:21:59+00:00","dateModified":"2020-03-11T16:41:34+00:00","description":"Sol, arena y un colorido bikini son la f\u00f3rmula perfecta para unas vacaciones al estilo de Katy Perry. \u00a1Copia su look este fin de semana!","breadcrumb":{"@id":"https:\/\/graziamagazine.com\/mx\/articles\/katy-perry-en-mexico-en-missoni\/#breadcrumb"},"inLanguage":"es-MX","potentialAction":[{"@type":"ReadAction","target":["https:\/\/graziamagazine.com\/mx\/articles\/katy-perry-en-mexico-en-missoni\/"]}]},{"@type":"BreadcrumbList","@id":"https:\/\/graziamagazine.com\/mx\/articles\/katy-perry-en-mexico-en-missoni\/#breadcrumb","itemListElement":[{"@type":"ListItem","position":1,"name":"Home","item":"https:\/\/graziamagazine.com\/mx\/"},{"@type":"ListItem","position":2,"name":"Katy Perry se asolea en M\u00e9xico en Missoni"}]},{"@type":"WebSite","@id":"https:\/\/graziamagazine.com\/mx\/#website","url":"https:\/\/graziamagazine.com\/mx\/","name":"Grazia M\u00e9xico y Latinoam\u00e9rica","description":"Grazia es moda, belleza y noticias  de actualidad ","potentialAction":[{"@type":"SearchAction","target":{"@type":"EntryPoint","urlTemplate":"https:\/\/graziamagazine.com\/mx\/?s={search_term_string}"},"query-input":"required name=search_term_string"}],"inLanguage":"es-MX"}]}},"jetpack_sharing_enabled":true,"distributor_meta":false,"distributor_terms":false,"distributor_media":false,"distributor_original_site_name":"Grazia M\u00e9xico y Latinoam\u00e9rica","distributor_original_site_url":"https:\/\/graziamagazine.com\/mx","push-errors":false,"_links":{"self":[{"href":"https:\/\/graziamagazine.com\/mx\/wp-json\/wp\/v2\/articles\/23891"}],"collection":[{"href":"https:\/\/graziamagazine.com\/mx\/wp-json\/wp\/v2\/articles"}],"about":[{"href":"https:\/\/graziamagazine.com\/mx\/wp-json\/wp\/v2\/types\/articles"}],"author":[{"embeddable":true,"href":"https:\/\/graziamagazine.com\/mx\/wp-json\/wp\/v2\/users\/11636"}],"wp:featuredmedia":[{"embeddable":true,"href":"https:\/\/graziamagazine.com\/mx\/wp-json\/wp\/v2\/media\/23892"}],"wp:attachment":[{"href":"https:\/\/graziamagazine.com\/mx\/wp-json\/wp\/v2\/media?parent=23891"}],"wp:term":[{"taxonomy":"category","embeddable":true,"href":"https:\/\/graziamagazine.com\/mx\/wp-json\/wp\/v2\/categories?post=23891"}],"curies":[{"name":"wp","href":"https:\/\/api.w.org\/{rel}","templated":true}]}}