{"id":23877,"date":"2017-05-11T20:53:57","date_gmt":"2017-05-12T02:53:57","guid":{"rendered":"https:\/\/graziamagazine.com\/mx\/?p=23877"},"modified":"2020-02-19T13:36:37","modified_gmt":"2020-02-19T18:36:37","slug":"valentino-8-formas-llevar-rojo","status":"publish","type":"articles","link":"https:\/\/graziamagazine.com\/mx\/articles\/valentino-8-formas-llevar-rojo\/","title":{"rendered":"Valentino: 8 formas de llevar el rojo"},"content":{"rendered":"<p><b>\u201cEl \u00faltimo emperador\u201d Valentino, demostr\u00f3 que el color rojo es poder, pasi\u00f3n y elegancia. Tambi\u00e9n nos ense\u00f1\u00f3 que va con todo.<\/b><!--more--><\/p>\n<p><span style=\"font-weight: 400;\">\u00bfSab\u00edas que Valentino tiene su propio Pantone de rojo? El dise\u00f1ador ha hecho de este su emblema y sello personal, tanto que a la combinaci\u00f3n de 100% de rojo, 100% de amarillo y 10% de verde, se le nombr\u00f3 <\/span><span style=\"text-decoration: underline;\"><b><i><a href=\"https:\/\/youtu.be\/BANXAMmbzy4\" target=\"_blank\">\u201cRosso Valentino\u201d<\/a><\/i><\/b><\/span><span style=\"font-weight: 400;\">.<\/span><\/p>\n<p>Adem\u00e1s de los exquisitos vestidos que llev\u00f3 a la vida hasta 2008 (fecha en que anunci\u00f3 su retiro), supo volver a uno de los colores m\u00e1s desafiantes el objeto de deseo de la mujer.<\/p>\n<p>Te presentamos 8 de las innumerables formas en que el carm\u00edn se ha apoderado de nuestro coraz\u00f3n.<\/p>\n<h2>Al estilo militar<\/h2>\n<p><img loading=\"lazy\" decoding=\"async\" class=\"alignnone wp-image-23879 size-full\" title=\"Valentino: 8 formas de llevar el rojo \" src=\"https:\/\/graziamagazine.com\/mx\/wp-content\/uploads\/sites\/13\/2017\/05\/Screen-Shot-2017-05-11-at-8.49.16-PM.jpg\" alt=\"Valentino: 8 formas de llevar el rojo \" width=\"605\" height=\"625\" srcset=\"https:\/\/graziamagazine.com\/mx\/wp-content\/uploads\/sites\/13\/2017\/05\/Screen-Shot-2017-05-11-at-8.49.16-PM.jpg 605w, https:\/\/graziamagazine.com\/mx\/wp-content\/uploads\/sites\/13\/2017\/05\/Screen-Shot-2017-05-11-at-8.49.16-PM.jpg?resize=436,450 436w, https:\/\/graziamagazine.com\/mx\/wp-content\/uploads\/sites\/13\/2017\/05\/Screen-Shot-2017-05-11-at-8.49.16-PM.jpg?resize=155,160 155w\" sizes=\"(max-width: 605px) 100vw, 605px\" \/><\/p>\n<h5>Abrigo militar (1970); <span style=\"text-decoration: underline;\"><strong><a href=\"https:\/\/www.1stdibs.com\/fashion\/clothing\/coats-outerwear\/1970s-valentino-couture-red-wool-tailored-mod-military-belted-trench-coat\/id-v_1299223\/\" target=\"_blank\">1stdibs.com.<\/a><\/strong><\/span><\/h5>\n<h2>Sobre el escenario<\/h2>\n<p><img loading=\"lazy\" decoding=\"async\" class=\"alignnone wp-image-23880 size-large\" title=\"Valentino: 8 formas de llevar el rojo \" src=\"https:\/\/graziamagazine.com\/mx\/wp-content\/uploads\/sites\/13\/2017\/05\/6a1d275338fa23420b0c135f4379d7c5-700x700.jpg\" alt=\"Valentino: 8 formas de llevar el rojo \" width=\"700\" height=\"700\" \/><\/p>\n<h5>Sketch de &#8220;Violetta&#8221; para <a href=\"https:\/\/graziamagazine.com\/mx\/valentino-la-traviata-espana\/\" target=\"_blank\" rel=\"noopener\"><span style=\"text-decoration: underline;\">La Traviata<\/span><\/a>, 2016.<\/h5>\n<h2>En la cintura<\/h2>\n<h2><img loading=\"lazy\" decoding=\"async\" class=\"alignnone wp-image-23881 size-thumbnail\" title=\"Valentino: 8 formas de llevar el rojo \" src=\"https:\/\/graziamagazine.com\/mx\/wp-content\/uploads\/sites\/13\/2017\/05\/728600_in_pp-150x150.jpg\" alt=\"Valentino: 8 formas de llevar el rojo \" width=\"150\" height=\"150\" \/><\/h2>\n<h5>Fajilla, Pre-Fall 2017;<span style=\"text-decoration: underline;\"><a href=\"https:\/\/www.net-a-porter.com\/mx\/en\/product\/728600\/Valentino\/embellished-metallic-leather-and-suede-waist-belt-\" target=\"_blank\"> net-a-porter.com.<\/a><\/span><\/h5>\n<h2>En sportswear<\/h2>\n<p><img loading=\"lazy\" decoding=\"async\" class=\"alignnone wp-image-23882 size-large\" title=\"Valentino: 8 formas de llevar el rojo \" src=\"https:\/\/graziamagazine.com\/mx\/wp-content\/uploads\/sites\/13\/2017\/05\/11632523_7591767_1000-700x934.jpg\" alt=\"Valentino: 8 formas de llevar el rojo \" width=\"700\" height=\"934\" \/><\/p>\n<h5>&#8220;Rockrunner&#8221; Sneakers; <span style=\"text-decoration: underline;\"><a href=\"https:\/\/www.farfetch.com\/mx\/shopping\/women\/valentino-zapatillas-rockrunner-valentino-garavani-item-11632523.aspx?storeid=9017&amp;from=1&amp;ffref=lp_pic_123_3_\" target=\"_blank\">farfetch.com.<\/a><\/span><\/h5>\n<h2>A la playa<\/h2>\n<p><img loading=\"lazy\" decoding=\"async\" class=\"alignnone wp-image-23883 size-large\" title=\"Valentino: 8 formas de llevar el rojo \" src=\"https:\/\/graziamagazine.com\/mx\/wp-content\/uploads\/sites\/13\/2017\/05\/34733211BI_24_a-700x891.jpg\" alt=\"Valentino: 8 formas de llevar el rojo \" width=\"700\" height=\"891\" \/><\/p>\n<h5>Romper a rayas SS17, RED Valentino;<span style=\"text-decoration: underline;\"><a href=\"http:\/\/www.redvalentino.com\/us\/jumpsuit_cod34733211bi.html\" target=\"_blank\"> redvalentino.com.<\/a><\/span><\/h5>\n<h2>En tablas y acentos<\/h2>\n<p><img loading=\"lazy\" decoding=\"async\" class=\"alignnone wp-image-23884 size-large\" title=\"Valentino: 8 formas de llevar el rojo \" src=\"https:\/\/graziamagazine.com\/mx\/wp-content\/uploads\/sites\/13\/2017\/05\/valentino-dress-multicolour-1-1-4-1988-2286-700x700.jpeg\" alt=\"Valentino: 8 formas de llevar el rojo \" width=\"700\" height=\"700\" \/><\/p>\n<h5>Vestido Vintage; <span style=\"text-decoration: underline;\"><a href=\"http:\/\/www.retrouveshop.com\/valentino-dress-multicolour-1\" target=\"_blank\">retrouveshop.com.<\/a><\/span><\/h5>\n<h2>En tu mesa de centro<\/h2>\n<p><img loading=\"lazy\" decoding=\"async\" class=\"alignnone wp-image-23885 size-large\" title=\"Valentino: 8 formas de llevar el rojo \" src=\"https:\/\/graziamagazine.com\/mx\/wp-content\/uploads\/sites\/13\/2017\/05\/phpThumb_generated_thumbnailjpg-700x425.jpg\" alt=\"Valentino: 8 formas de llevar el rojo \" width=\"700\" height=\"425\" \/><\/p>\n<h5>&#8220;VALENTINO: La Straordinaria Storia Di Valentino Daravani&#8221; Collector&#8217;s Edition, TASCHEN; <span style=\"text-decoration: underline;\"><a href=\"https:\/\/www.taschen.com\/pages\/en\/catalogue\/fashion\/all\/00325\/facts.valentino_garavani_una_grande_storia_italiana.htm\" target=\"_blank\">taschen.com.<\/a><\/span><\/h5>\n<h2><strong>En Nueva York<\/strong><\/h2>\n<p><img loading=\"lazy\" decoding=\"async\" class=\"alignnone wp-image-23886 size-thumbnail\" title=\"Valentino: 8 formas de llevar el rojo \" src=\"https:\/\/graziamagazine.com\/mx\/wp-content\/uploads\/sites\/13\/2017\/05\/la_collection_capsule_new_york_de_valentino_732253675_north_499x_white-150x150.jpg\" alt=\"Valentino: 8 formas de llevar el rojo \" width=\"150\" height=\"150\" \/><\/p>\n<h5>New York Collection (2014).<\/h5>\n","protected":false},"author":11634,"featured_media":23878,"template":"","format":"standard","categories":[2,4,10],"acf":[],"yoast_head":"<!-- This site is optimized with the Yoast SEO Premium plugin v18.5 (Yoast SEO v20.4) - https:\/\/yoast.com\/wordpress\/plugins\/seo\/ -->\n<title>Valentino: 8 formas de llevar el rojo | Grazia M\u00e9xico y Latinoam\u00e9rica<\/title>\n<meta name=\"description\" content=\"\u201cEl \u00faltimo emperador\u201d Valentino, demostr\u00f3 que el color rojo es poder, pasi\u00f3n y elegancia. Tambi\u00e9n nos ense\u00f1\u00f3 que va con todo.\" \/>\n<meta name=\"robots\" content=\"index, follow, max-snippet:-1, max-image-preview:large, max-video-preview:-1\" \/>\n<link rel=\"canonical\" href=\"https:\/\/graziamagazine.com\/mx\/articles\/valentino-8-formas-llevar-rojo\/\" \/>\n<meta property=\"og:locale\" content=\"es_MX\" \/>\n<meta property=\"og:type\" content=\"article\" \/>\n<meta property=\"og:title\" content=\"Valentino: 8 formas de llevar el rojo\" \/>\n<meta property=\"og:description\" content=\"\u201cEl \u00faltimo emperador\u201d Valentino, demostr\u00f3 que el color rojo es poder, pasi\u00f3n y elegancia. Tambi\u00e9n nos ense\u00f1\u00f3 que va con todo.\" \/>\n<meta property=\"og:url\" content=\"https:\/\/graziamagazine.com\/mx\/articles\/valentino-8-formas-llevar-rojo\/\" \/>\n<meta property=\"og:site_name\" content=\"Grazia M\u00e9xico y Latinoam\u00e9rica\" \/>\n<meta property=\"article:modified_time\" content=\"2020-02-19T18:36:37+00:00\" \/>\n<meta property=\"og:image\" content=\"https:\/\/graziamagazine.com\/mx\/wp-content\/uploads\/sites\/13\/2017\/05\/Screen-Shot-2017-05-11-at-9.33.26-PM.jpg?fit=617%2C391\" \/>\n\t<meta property=\"og:image:width\" content=\"617\" \/>\n\t<meta property=\"og:image:height\" content=\"391\" \/>\n\t<meta property=\"og:image:type\" content=\"image\/jpeg\" \/>\n<meta name=\"twitter:card\" content=\"summary_large_image\" \/>\n<meta name=\"twitter:label1\" content=\"Est. reading time\" \/>\n\t<meta name=\"twitter:data1\" content=\"1 minuto\" \/>\n<script type=\"application\/ld+json\" class=\"yoast-schema-graph\">{\"@context\":\"https:\/\/schema.org\",\"@graph\":[{\"@type\":\"WebPage\",\"@id\":\"https:\/\/graziamagazine.com\/mx\/articles\/valentino-8-formas-llevar-rojo\/\",\"url\":\"https:\/\/graziamagazine.com\/mx\/articles\/valentino-8-formas-llevar-rojo\/\",\"name\":\"Valentino: 8 formas de llevar el rojo | Grazia M\u00e9xico y Latinoam\u00e9rica\",\"isPartOf\":{\"@id\":\"https:\/\/graziamagazine.com\/mx\/#website\"},\"datePublished\":\"2017-05-12T02:53:57+00:00\",\"dateModified\":\"2020-02-19T18:36:37+00:00\",\"description\":\"\u201cEl \u00faltimo emperador\u201d Valentino, demostr\u00f3 que el color rojo es poder, pasi\u00f3n y elegancia. Tambi\u00e9n nos ense\u00f1\u00f3 que va con todo.\",\"breadcrumb\":{\"@id\":\"https:\/\/graziamagazine.com\/mx\/articles\/valentino-8-formas-llevar-rojo\/#breadcrumb\"},\"inLanguage\":\"es-MX\",\"potentialAction\":[{\"@type\":\"ReadAction\",\"target\":[\"https:\/\/graziamagazine.com\/mx\/articles\/valentino-8-formas-llevar-rojo\/\"]}]},{\"@type\":\"BreadcrumbList\",\"@id\":\"https:\/\/graziamagazine.com\/mx\/articles\/valentino-8-formas-llevar-rojo\/#breadcrumb\",\"itemListElement\":[{\"@type\":\"ListItem\",\"position\":1,\"name\":\"Home\",\"item\":\"https:\/\/graziamagazine.com\/mx\/\"},{\"@type\":\"ListItem\",\"position\":2,\"name\":\"Valentino: 8 formas de llevar el rojo\"}]},{\"@type\":\"WebSite\",\"@id\":\"https:\/\/graziamagazine.com\/mx\/#website\",\"url\":\"https:\/\/graziamagazine.com\/mx\/\",\"name\":\"Grazia M\u00e9xico y Latinoam\u00e9rica\",\"description\":\"Grazia es moda, belleza y noticias  de actualidad \",\"potentialAction\":[{\"@type\":\"SearchAction\",\"target\":{\"@type\":\"EntryPoint\",\"urlTemplate\":\"https:\/\/graziamagazine.com\/mx\/?s={search_term_string}\"},\"query-input\":\"required name=search_term_string\"}],\"inLanguage\":\"es-MX\"}]}<\/script>\n<!-- \/ Yoast SEO Premium plugin. -->","yoast_head_json":{"title":"Valentino: 8 formas de llevar el rojo | Grazia M\u00e9xico y Latinoam\u00e9rica","description":"\u201cEl \u00faltimo emperador\u201d Valentino, demostr\u00f3 que el color rojo es poder, pasi\u00f3n y elegancia. Tambi\u00e9n nos ense\u00f1\u00f3 que va con todo.","robots":{"index":"index","follow":"follow","max-snippet":"max-snippet:-1","max-image-preview":"max-image-preview:large","max-video-preview":"max-video-preview:-1"},"canonical":"https:\/\/graziamagazine.com\/mx\/articles\/valentino-8-formas-llevar-rojo\/","og_locale":"es_MX","og_type":"article","og_title":"Valentino: 8 formas de llevar el rojo","og_description":"\u201cEl \u00faltimo emperador\u201d Valentino, demostr\u00f3 que el color rojo es poder, pasi\u00f3n y elegancia. Tambi\u00e9n nos ense\u00f1\u00f3 que va con todo.","og_url":"https:\/\/graziamagazine.com\/mx\/articles\/valentino-8-formas-llevar-rojo\/","og_site_name":"Grazia M\u00e9xico y Latinoam\u00e9rica","article_modified_time":"2020-02-19T18:36:37+00:00","og_image":[{"width":617,"height":391,"url":"https:\/\/graziamagazine.com\/mx\/wp-content\/uploads\/sites\/13\/2017\/05\/Screen-Shot-2017-05-11-at-9.33.26-PM.jpg?fit=617%2C391","type":"image\/jpeg"}],"twitter_card":"summary_large_image","twitter_misc":{"Est. reading time":"1 minuto"},"schema":{"@context":"https:\/\/schema.org","@graph":[{"@type":"WebPage","@id":"https:\/\/graziamagazine.com\/mx\/articles\/valentino-8-formas-llevar-rojo\/","url":"https:\/\/graziamagazine.com\/mx\/articles\/valentino-8-formas-llevar-rojo\/","name":"Valentino: 8 formas de llevar el rojo | Grazia M\u00e9xico y Latinoam\u00e9rica","isPartOf":{"@id":"https:\/\/graziamagazine.com\/mx\/#website"},"datePublished":"2017-05-12T02:53:57+00:00","dateModified":"2020-02-19T18:36:37+00:00","description":"\u201cEl \u00faltimo emperador\u201d Valentino, demostr\u00f3 que el color rojo es poder, pasi\u00f3n y elegancia. Tambi\u00e9n nos ense\u00f1\u00f3 que va con todo.","breadcrumb":{"@id":"https:\/\/graziamagazine.com\/mx\/articles\/valentino-8-formas-llevar-rojo\/#breadcrumb"},"inLanguage":"es-MX","potentialAction":[{"@type":"ReadAction","target":["https:\/\/graziamagazine.com\/mx\/articles\/valentino-8-formas-llevar-rojo\/"]}]},{"@type":"BreadcrumbList","@id":"https:\/\/graziamagazine.com\/mx\/articles\/valentino-8-formas-llevar-rojo\/#breadcrumb","itemListElement":[{"@type":"ListItem","position":1,"name":"Home","item":"https:\/\/graziamagazine.com\/mx\/"},{"@type":"ListItem","position":2,"name":"Valentino: 8 formas de llevar el rojo"}]},{"@type":"WebSite","@id":"https:\/\/graziamagazine.com\/mx\/#website","url":"https:\/\/graziamagazine.com\/mx\/","name":"Grazia M\u00e9xico y Latinoam\u00e9rica","description":"Grazia es moda, belleza y noticias  de actualidad ","potentialAction":[{"@type":"SearchAction","target":{"@type":"EntryPoint","urlTemplate":"https:\/\/graziamagazine.com\/mx\/?s={search_term_string}"},"query-input":"required name=search_term_string"}],"inLanguage":"es-MX"}]}},"jetpack_sharing_enabled":true,"distributor_meta":false,"distributor_terms":false,"distributor_media":false,"distributor_original_site_name":"Grazia M\u00e9xico y Latinoam\u00e9rica","distributor_original_site_url":"https:\/\/graziamagazine.com\/mx","push-errors":false,"_links":{"self":[{"href":"https:\/\/graziamagazine.com\/mx\/wp-json\/wp\/v2\/articles\/23877"}],"collection":[{"href":"https:\/\/graziamagazine.com\/mx\/wp-json\/wp\/v2\/articles"}],"about":[{"href":"https:\/\/graziamagazine.com\/mx\/wp-json\/wp\/v2\/types\/articles"}],"author":[{"embeddable":true,"href":"https:\/\/graziamagazine.com\/mx\/wp-json\/wp\/v2\/users\/11634"}],"wp:featuredmedia":[{"embeddable":true,"href":"https:\/\/graziamagazine.com\/mx\/wp-json\/wp\/v2\/media\/23878"}],"wp:attachment":[{"href":"https:\/\/graziamagazine.com\/mx\/wp-json\/wp\/v2\/media?parent=23877"}],"wp:term":[{"taxonomy":"category","embeddable":true,"href":"https:\/\/graziamagazine.com\/mx\/wp-json\/wp\/v2\/categories?post=23877"}],"curies":[{"name":"wp","href":"https:\/\/api.w.org\/{rel}","templated":true}]}}