{"id":23856,"date":"2017-05-11T12:54:21","date_gmt":"2017-05-11T18:54:21","guid":{"rendered":"https:\/\/graziamagazine.com\/mx\/?p=23856"},"modified":"2017-05-11T12:56:34","modified_gmt":"2017-05-11T18:56:34","slug":"cuenta-instagram-nicolas-ghesquiere","status":"publish","type":"articles","link":"https:\/\/graziamagazine.com\/mx\/articles\/cuenta-instagram-nicolas-ghesquiere\/","title":{"rendered":"LA CUENTA DE INSTAGRAM QUE AMA NICOL\u00c1S GHESQUI\u00c8RE"},"content":{"rendered":"<p><b>Dicen que la inspiraci\u00f3n viene de todos lados y Nicol\u00e1s Ghesqui\u00e8re lo demostr\u00f3 de la forma m\u00e1s millennial.<\/b><\/p>\n<p><!--more--><img loading=\"lazy\" decoding=\"async\" class=\"alignnone size-full wp-image-23858\" src=\"https:\/\/graziamagazine.com\/mx\/wp-content\/uploads\/sites\/13\/2017\/05\/Louis-Vuitton-Cruise_ful_P_S17_RJ_095_2411104.jpg\" alt=\"NICOL\u00c1S GHESQUI\u00c8RE LOUIS VUITTON 1\" width=\"850\" height=\"566\" srcset=\"https:\/\/graziamagazine.com\/mx\/wp-content\/uploads\/sites\/13\/2017\/05\/Louis-Vuitton-Cruise_ful_P_S17_RJ_095_2411104.jpg 850w, https:\/\/graziamagazine.com\/mx\/wp-content\/uploads\/sites\/13\/2017\/05\/Louis-Vuitton-Cruise_ful_P_S17_RJ_095_2411104.jpg?resize=450,300 450w, https:\/\/graziamagazine.com\/mx\/wp-content\/uploads\/sites\/13\/2017\/05\/Louis-Vuitton-Cruise_ful_P_S17_RJ_095_2411104.jpg?resize=768,511 768w, https:\/\/graziamagazine.com\/mx\/wp-content\/uploads\/sites\/13\/2017\/05\/Louis-Vuitton-Cruise_ful_P_S17_RJ_095_2411104.jpg?resize=155,103 155w\" sizes=\"(max-width: 850px) 100vw, 850px\" \/><\/p>\n<p>&nbsp;<\/p>\n<p><span style=\"font-weight: 400;\">Esta semana, Nicol\u00e1s Ghesqui\u00e8re aterriz\u00f3 en Jap\u00f3n. Su desfile Crucero 2018 est\u00e1 cada vez m\u00e1s cerca y desde el a\u00f1o pasado \u2013cuando traslad\u00f3 sus creaciones al museo de arte moderno de Niteroi\u2013 demostr\u00f3 cierta fascinaci\u00f3n por el tema espacial.<\/span><\/p>\n<p>Piezas de construcci\u00f3n inusual y un museo en forma de platillo dieron paso a una de las ciudades que vive y respira tecnolog\u00eda. Navegando por nuestro <em>newsfeed<\/em> descubrimos que su fascinaci\u00f3n por las estrellas lo convierte en uno de los casi 24 millones de seguidores de la cuenta de la <a href=\"https:\/\/www.instagram.com\/nasa\/\" target=\"_blank\"><span style=\"text-decoration: underline;\">N.A.S.A.<\/span><\/a><\/p>\n<p>Cuerpos celestes, constelaciones y hoyos negros han propiciado que el director creativo de Louis Vuitton dif\u00edcilmente se resista a regalar un coraz\u00f3n. En promedio, la organizaci\u00f3n comparte al menos un video o imagen cada dos d\u00edas y casi todos cuentan con el visto bueno de Nicol\u00e1s.<\/p>\n<p>Otras de las firmas que la siguen de cerca son Rag &amp; Bone, Maison Margiela, Iris Van Herpen, Prabal Gurung y el fot\u00f3grafo Mert Alas. Si t\u00fa a\u00fan no lo haces, te recomendamos que no pierdas m\u00e1s tiempo.<\/p>\n<p>&nbsp;<\/p>\n<p><img loading=\"lazy\" decoding=\"async\" class=\"alignnone size-full wp-image-23859\" src=\"https:\/\/graziamagazine.com\/mx\/wp-content\/uploads\/sites\/13\/2017\/05\/18426318_10155325220276079_1154487943_o.jpg\" alt=\"NICOL\u00c1S GHESQUI\u00c8RE LOUIS VUITTON NASA 1\" width=\"720\" height=\"985\" srcset=\"https:\/\/graziamagazine.com\/mx\/wp-content\/uploads\/sites\/13\/2017\/05\/18426318_10155325220276079_1154487943_o.jpg 720w, https:\/\/graziamagazine.com\/mx\/wp-content\/uploads\/sites\/13\/2017\/05\/18426318_10155325220276079_1154487943_o.jpg?resize=329,450 329w, https:\/\/graziamagazine.com\/mx\/wp-content\/uploads\/sites\/13\/2017\/05\/18426318_10155325220276079_1154487943_o.jpg?resize=155,212 155w\" sizes=\"(max-width: 720px) 100vw, 720px\" \/><\/p>\n<p><img loading=\"lazy\" decoding=\"async\" class=\"alignnone size-full wp-image-23860\" src=\"https:\/\/graziamagazine.com\/mx\/wp-content\/uploads\/sites\/13\/2017\/05\/18426245_10155325220371079_2038790783_o.jpg\" alt=\"NICOL\u00c1S GHESQUI\u00c8RE LOUIS VUITTON NASA 2\" width=\"720\" height=\"978\" srcset=\"https:\/\/graziamagazine.com\/mx\/wp-content\/uploads\/sites\/13\/2017\/05\/18426245_10155325220371079_2038790783_o.jpg 720w, https:\/\/graziamagazine.com\/mx\/wp-content\/uploads\/sites\/13\/2017\/05\/18426245_10155325220371079_2038790783_o.jpg?resize=331,450 331w, https:\/\/graziamagazine.com\/mx\/wp-content\/uploads\/sites\/13\/2017\/05\/18426245_10155325220371079_2038790783_o.jpg?resize=155,211 155w\" sizes=\"(max-width: 720px) 100vw, 720px\" \/><\/p>\n<p><img loading=\"lazy\" decoding=\"async\" class=\"alignnone size-full wp-image-23861\" src=\"https:\/\/graziamagazine.com\/mx\/wp-content\/uploads\/sites\/13\/2017\/05\/18426359_10155325220286079_1005410741_o.jpg\" alt=\"NICOL\u00c1S GHESQUI\u00c8RE LOUIS VUITTON NASA 3\" width=\"720\" height=\"983\" srcset=\"https:\/\/graziamagazine.com\/mx\/wp-content\/uploads\/sites\/13\/2017\/05\/18426359_10155325220286079_1005410741_o.jpg 720w, https:\/\/graziamagazine.com\/mx\/wp-content\/uploads\/sites\/13\/2017\/05\/18426359_10155325220286079_1005410741_o.jpg?resize=330,450 330w, https:\/\/graziamagazine.com\/mx\/wp-content\/uploads\/sites\/13\/2017\/05\/18426359_10155325220286079_1005410741_o.jpg?resize=155,212 155w\" sizes=\"(max-width: 720px) 100vw, 720px\" \/><\/p>\n<p>&nbsp;<\/p>\n<p><strong><em>*FOTO: Mondadori Photo.<\/em><\/strong><\/p>\n","protected":false},"author":11636,"featured_media":23857,"template":"","format":"standard","categories":[5,4,10],"acf":[],"yoast_head":"<!-- This site is optimized with the Yoast SEO Premium plugin v18.5 (Yoast SEO v20.4) - https:\/\/yoast.com\/wordpress\/plugins\/seo\/ -->\n<title>LA CUENTA DE INSTAGRAM QUE AMA NICOL\u00c1S GHESQUI\u00c8RE | Grazia M\u00e9xico y Latinoam\u00e9rica<\/title>\n<meta name=\"description\" content=\"Dicen que la inspiraci\u00f3n viene de todos lados y Nicol\u00e1s Ghesqui\u00e8re lo demostr\u00f3 de la forma m\u00e1s millennial.\" \/>\n<meta name=\"robots\" content=\"index, follow, max-snippet:-1, max-image-preview:large, max-video-preview:-1\" \/>\n<link rel=\"canonical\" href=\"https:\/\/graziamagazine.com\/mx\/articles\/cuenta-instagram-nicolas-ghesquiere\/\" \/>\n<meta property=\"og:locale\" content=\"es_MX\" \/>\n<meta property=\"og:type\" content=\"article\" \/>\n<meta property=\"og:title\" content=\"LA CUENTA DE INSTAGRAM QUE AMA NICOL\u00c1S GHESQUI\u00c8RE\" \/>\n<meta property=\"og:description\" content=\"Dicen que la inspiraci\u00f3n viene de todos lados y Nicol\u00e1s Ghesqui\u00e8re lo demostr\u00f3 de la forma m\u00e1s millennial.\" \/>\n<meta property=\"og:url\" content=\"https:\/\/graziamagazine.com\/mx\/articles\/cuenta-instagram-nicolas-ghesquiere\/\" \/>\n<meta property=\"og:site_name\" content=\"Grazia M\u00e9xico y Latinoam\u00e9rica\" \/>\n<meta property=\"article:modified_time\" content=\"2017-05-11T18:56:34+00:00\" \/>\n<meta property=\"og:image\" content=\"https:\/\/graziamagazine.com\/mx\/wp-content\/uploads\/sites\/13\/2017\/05\/Screen-Shot-2017-05-11-at-1.30.27-PM.jpg?fit=796%2C471\" \/>\n\t<meta property=\"og:image:width\" content=\"796\" \/>\n\t<meta property=\"og:image:height\" content=\"471\" \/>\n\t<meta property=\"og:image:type\" content=\"image\/jpeg\" \/>\n<meta name=\"twitter:card\" content=\"summary_large_image\" \/>\n<meta name=\"twitter:label1\" content=\"Est. reading time\" \/>\n\t<meta name=\"twitter:data1\" content=\"1 minuto\" \/>\n<script type=\"application\/ld+json\" class=\"yoast-schema-graph\">{\"@context\":\"https:\/\/schema.org\",\"@graph\":[{\"@type\":\"WebPage\",\"@id\":\"https:\/\/graziamagazine.com\/mx\/articles\/cuenta-instagram-nicolas-ghesquiere\/\",\"url\":\"https:\/\/graziamagazine.com\/mx\/articles\/cuenta-instagram-nicolas-ghesquiere\/\",\"name\":\"LA CUENTA DE INSTAGRAM QUE AMA NICOL\u00c1S GHESQUI\u00c8RE | Grazia M\u00e9xico y Latinoam\u00e9rica\",\"isPartOf\":{\"@id\":\"https:\/\/graziamagazine.com\/mx\/#website\"},\"datePublished\":\"2017-05-11T18:54:21+00:00\",\"dateModified\":\"2017-05-11T18:56:34+00:00\",\"description\":\"Dicen que la inspiraci\u00f3n viene de todos lados y Nicol\u00e1s Ghesqui\u00e8re lo demostr\u00f3 de la forma m\u00e1s millennial.\",\"breadcrumb\":{\"@id\":\"https:\/\/graziamagazine.com\/mx\/articles\/cuenta-instagram-nicolas-ghesquiere\/#breadcrumb\"},\"inLanguage\":\"es-MX\",\"potentialAction\":[{\"@type\":\"ReadAction\",\"target\":[\"https:\/\/graziamagazine.com\/mx\/articles\/cuenta-instagram-nicolas-ghesquiere\/\"]}]},{\"@type\":\"BreadcrumbList\",\"@id\":\"https:\/\/graziamagazine.com\/mx\/articles\/cuenta-instagram-nicolas-ghesquiere\/#breadcrumb\",\"itemListElement\":[{\"@type\":\"ListItem\",\"position\":1,\"name\":\"Home\",\"item\":\"https:\/\/graziamagazine.com\/mx\/\"},{\"@type\":\"ListItem\",\"position\":2,\"name\":\"LA CUENTA DE INSTAGRAM QUE AMA NICOL\u00c1S GHESQUI\u00c8RE\"}]},{\"@type\":\"WebSite\",\"@id\":\"https:\/\/graziamagazine.com\/mx\/#website\",\"url\":\"https:\/\/graziamagazine.com\/mx\/\",\"name\":\"Grazia M\u00e9xico y Latinoam\u00e9rica\",\"description\":\"Grazia es moda, belleza y noticias  de actualidad \",\"potentialAction\":[{\"@type\":\"SearchAction\",\"target\":{\"@type\":\"EntryPoint\",\"urlTemplate\":\"https:\/\/graziamagazine.com\/mx\/?s={search_term_string}\"},\"query-input\":\"required name=search_term_string\"}],\"inLanguage\":\"es-MX\"}]}<\/script>\n<!-- \/ Yoast SEO Premium plugin. -->","yoast_head_json":{"title":"LA CUENTA DE INSTAGRAM QUE AMA NICOL\u00c1S GHESQUI\u00c8RE | Grazia M\u00e9xico y Latinoam\u00e9rica","description":"Dicen que la inspiraci\u00f3n viene de todos lados y Nicol\u00e1s Ghesqui\u00e8re lo demostr\u00f3 de la forma m\u00e1s millennial.","robots":{"index":"index","follow":"follow","max-snippet":"max-snippet:-1","max-image-preview":"max-image-preview:large","max-video-preview":"max-video-preview:-1"},"canonical":"https:\/\/graziamagazine.com\/mx\/articles\/cuenta-instagram-nicolas-ghesquiere\/","og_locale":"es_MX","og_type":"article","og_title":"LA CUENTA DE INSTAGRAM QUE AMA NICOL\u00c1S GHESQUI\u00c8RE","og_description":"Dicen que la inspiraci\u00f3n viene de todos lados y Nicol\u00e1s Ghesqui\u00e8re lo demostr\u00f3 de la forma m\u00e1s millennial.","og_url":"https:\/\/graziamagazine.com\/mx\/articles\/cuenta-instagram-nicolas-ghesquiere\/","og_site_name":"Grazia M\u00e9xico y Latinoam\u00e9rica","article_modified_time":"2017-05-11T18:56:34+00:00","og_image":[{"width":796,"height":471,"url":"https:\/\/graziamagazine.com\/mx\/wp-content\/uploads\/sites\/13\/2017\/05\/Screen-Shot-2017-05-11-at-1.30.27-PM.jpg?fit=796%2C471","type":"image\/jpeg"}],"twitter_card":"summary_large_image","twitter_misc":{"Est. reading time":"1 minuto"},"schema":{"@context":"https:\/\/schema.org","@graph":[{"@type":"WebPage","@id":"https:\/\/graziamagazine.com\/mx\/articles\/cuenta-instagram-nicolas-ghesquiere\/","url":"https:\/\/graziamagazine.com\/mx\/articles\/cuenta-instagram-nicolas-ghesquiere\/","name":"LA CUENTA DE INSTAGRAM QUE AMA NICOL\u00c1S GHESQUI\u00c8RE | Grazia M\u00e9xico y Latinoam\u00e9rica","isPartOf":{"@id":"https:\/\/graziamagazine.com\/mx\/#website"},"datePublished":"2017-05-11T18:54:21+00:00","dateModified":"2017-05-11T18:56:34+00:00","description":"Dicen que la inspiraci\u00f3n viene de todos lados y Nicol\u00e1s Ghesqui\u00e8re lo demostr\u00f3 de la forma m\u00e1s millennial.","breadcrumb":{"@id":"https:\/\/graziamagazine.com\/mx\/articles\/cuenta-instagram-nicolas-ghesquiere\/#breadcrumb"},"inLanguage":"es-MX","potentialAction":[{"@type":"ReadAction","target":["https:\/\/graziamagazine.com\/mx\/articles\/cuenta-instagram-nicolas-ghesquiere\/"]}]},{"@type":"BreadcrumbList","@id":"https:\/\/graziamagazine.com\/mx\/articles\/cuenta-instagram-nicolas-ghesquiere\/#breadcrumb","itemListElement":[{"@type":"ListItem","position":1,"name":"Home","item":"https:\/\/graziamagazine.com\/mx\/"},{"@type":"ListItem","position":2,"name":"LA CUENTA DE INSTAGRAM QUE AMA NICOL\u00c1S GHESQUI\u00c8RE"}]},{"@type":"WebSite","@id":"https:\/\/graziamagazine.com\/mx\/#website","url":"https:\/\/graziamagazine.com\/mx\/","name":"Grazia M\u00e9xico y Latinoam\u00e9rica","description":"Grazia es moda, belleza y noticias  de actualidad ","potentialAction":[{"@type":"SearchAction","target":{"@type":"EntryPoint","urlTemplate":"https:\/\/graziamagazine.com\/mx\/?s={search_term_string}"},"query-input":"required name=search_term_string"}],"inLanguage":"es-MX"}]}},"jetpack_sharing_enabled":true,"distributor_meta":false,"distributor_terms":false,"distributor_media":false,"distributor_original_site_name":"Grazia M\u00e9xico y Latinoam\u00e9rica","distributor_original_site_url":"https:\/\/graziamagazine.com\/mx","push-errors":false,"_links":{"self":[{"href":"https:\/\/graziamagazine.com\/mx\/wp-json\/wp\/v2\/articles\/23856"}],"collection":[{"href":"https:\/\/graziamagazine.com\/mx\/wp-json\/wp\/v2\/articles"}],"about":[{"href":"https:\/\/graziamagazine.com\/mx\/wp-json\/wp\/v2\/types\/articles"}],"author":[{"embeddable":true,"href":"https:\/\/graziamagazine.com\/mx\/wp-json\/wp\/v2\/users\/11636"}],"wp:featuredmedia":[{"embeddable":true,"href":"https:\/\/graziamagazine.com\/mx\/wp-json\/wp\/v2\/media\/23857"}],"wp:attachment":[{"href":"https:\/\/graziamagazine.com\/mx\/wp-json\/wp\/v2\/media?parent=23856"}],"wp:term":[{"taxonomy":"category","embeddable":true,"href":"https:\/\/graziamagazine.com\/mx\/wp-json\/wp\/v2\/categories?post=23856"}],"curies":[{"name":"wp","href":"https:\/\/api.w.org\/{rel}","templated":true}]}}