{"id":23840,"date":"2017-05-11T09:02:26","date_gmt":"2017-05-11T15:02:26","guid":{"rendered":"https:\/\/graziamagazine.com\/mx\/?p=23840"},"modified":"2017-05-11T09:11:04","modified_gmt":"2017-05-11T15:11:04","slug":"johnny-depp-control-equipo-habla","status":"publish","type":"articles","link":"https:\/\/graziamagazine.com\/mx\/articles\/johnny-depp-control-equipo-habla\/","title":{"rendered":"JOHNNY DEPP: \u00bfFUERA DE CONTROL? SU EQUIPO HABLA"},"content":{"rendered":"<p><b>Staff de filmaci\u00f3n de la \u00faltima pel\u00edcula de \u201cPirates of the Caribbean\u201d revel\u00f3 lo que fue trabajar con Johnny Depp.<\/b><\/p>\n<p><!--more--><\/p>\n<p>\u2013\u2013\u2013\u2013<\/p>\n<p><img loading=\"lazy\" decoding=\"async\" class=\"alignnone size-large wp-image-23843\" src=\"https:\/\/graziamagazine.com\/mx\/wp-content\/uploads\/sites\/13\/2017\/05\/jacksparrowtooth5-1024x425.jpg\" alt=\"JOHNNY DEP PIRATES OF THE CARIBBEAN 2\" width=\"1024\" height=\"425\" \/><\/p>\n<p>&nbsp;<\/p>\n<p><span style=\"font-weight: 400;\">Puede que con s\u00f3lo aparecerse haga sonre\u00edr a chicos y a grandes, pero para un equipo de filmaci\u00f3n australiano, trabajar con Johnny Depp fue lo m\u00e1s agridulce.<\/span><\/p>\n<p><strong>The Hollywood Reporter<\/strong> revel\u00f3 las <a href=\"http:\/\/www.hollywoodreporter.com\/features\/johnny-depp-a-star-crisis-insane-story-his-missing-millions-1001513\" target=\"_blank\"><span style=\"text-decoration: underline;\">declaraciones<\/span><\/a> de quienes filmaron la \u00faltima cinta de<a href=\"http:\/\/www.imdb.com\/title\/tt1790809\/\" target=\"_blank\"><span style=\"text-decoration: underline;\"><strong><em> \u201cPirates of the Caribbean: Dead Men Tell No Tales\u201d\u00a0(2017)<\/em><\/strong><\/span><\/a> en la famosa Gold Coast y confirmaron lo que muchos han dicho anteriormente sobre el actor. Sin embargo, el productor Sean Bailey defendi\u00f3 al actor.<\/p>\n<p><strong><i>\u201cHab\u00edan d\u00edas en que ciertamente, nuestros planes eran puestos a prueba. Pero nadie debe menospreciar la pasi\u00f3n y compromiso de Johnny al personaje y a la franquicia\u201d<\/i><\/strong><span style=\"font-weight: 400;\">, recalc\u00f3.<\/span><\/p>\n<p>El resultado de helic\u00f3pteros <strong><em>\u201cque lo segu\u00edan hasta su casa\u201d<\/em><\/strong> y el constante acoso de la prensa, se vieron reflejados en el set al cual llegaba tarde tras sus noches de juerga.<\/p>\n<p><strong><i>\u201cCuando se despertaba prend\u00eda la luz y cuando eso pasaba le llamaban al productor quien le avisaba a los directores para decirles, \u2018\u00a1Ya se despert\u00f3! \u00a1Se est\u00e1 arreglando!\u201d<\/i><\/strong><span style=\"font-weight: 400;\"><strong>.<\/strong> Incluso, aseguran que el staff utilizaba el c\u00f3digo <\/span><strong><i>\u201cel \u00e1guila ha aterrizado\u201d<\/i><\/strong><span style=\"font-weight: 400;\"> para comunicarse en clave.<\/span><\/p>\n<p>Sin duda alguna, un personaje complejo fuera de la pantalla que parece cumplir al pie de la letra con el estilo de vida de una estrella de Rock, porque adem\u00e1s, \u00a1hasta tiene su propia <a href=\"https:\/\/open.spotify.com\/album\/7r7J9yPBMiDo8lQmGd0hzb\" target=\"_blank\"><span style=\"text-decoration: underline;\">banda<\/span><\/a>!<\/p>\n<p>&nbsp;<\/p>\n<p><iframe loading=\"lazy\" class=\"giphy-embed\" src=\"https:\/\/giphy.com\/embed\/z7Rtz6bPxpQ2c\" width=\"480\" height=\"255\" frameborder=\"0\" allowfullscreen=\"allowfullscreen\"><\/iframe><\/p>\n<p>&nbsp;<\/p>\n<p><strong><em>*FOTO: Cortes\u00eda.<\/em><\/strong><\/p>\n","protected":false},"author":11636,"featured_media":23841,"template":"","format":"standard","categories":[2,10],"acf":[],"yoast_head":"<!-- This site is optimized with the Yoast SEO Premium plugin v18.5 (Yoast SEO v20.4) - https:\/\/yoast.com\/wordpress\/plugins\/seo\/ -->\n<title>JOHNNY DEPP: \u00bfFUERA DE CONTROL? SU EQUIPO HABLA | Grazia M\u00e9xico y Latinoam\u00e9rica<\/title>\n<meta name=\"description\" content=\"Staff de filmaci\u00f3n de la \u00faltima pel\u00edcula de \u201cPirates of the Caribbean\u201d revel\u00f3 lo que fue trabajar con Johnny Depp.\" \/>\n<meta name=\"robots\" content=\"index, follow, max-snippet:-1, max-image-preview:large, max-video-preview:-1\" \/>\n<link rel=\"canonical\" href=\"https:\/\/graziamagazine.com\/mx\/articles\/johnny-depp-control-equipo-habla\/\" \/>\n<meta property=\"og:locale\" content=\"es_MX\" \/>\n<meta property=\"og:type\" content=\"article\" \/>\n<meta property=\"og:title\" content=\"JOHNNY DEPP: \u00bfFUERA DE CONTROL? SU EQUIPO HABLA\" \/>\n<meta property=\"og:description\" content=\"Staff de filmaci\u00f3n de la \u00faltima pel\u00edcula de \u201cPirates of the Caribbean\u201d revel\u00f3 lo que fue trabajar con Johnny Depp.\" \/>\n<meta property=\"og:url\" content=\"https:\/\/graziamagazine.com\/mx\/articles\/johnny-depp-control-equipo-habla\/\" \/>\n<meta property=\"og:site_name\" content=\"Grazia M\u00e9xico y Latinoam\u00e9rica\" \/>\n<meta property=\"article:modified_time\" content=\"2017-05-11T15:11:04+00:00\" \/>\n<meta property=\"og:image\" content=\"https:\/\/graziamagazine.com\/mx\/wp-content\/uploads\/sites\/13\/2017\/05\/e0815-pirates-of-the-caribbean-4-on-stranger-tides-triler-screencaps-johnny-depp-17803736-1920-800.jpg?fit=1600%2C667\" \/>\n\t<meta property=\"og:image:width\" content=\"1600\" \/>\n\t<meta property=\"og:image:height\" content=\"667\" \/>\n\t<meta property=\"og:image:type\" content=\"image\/jpeg\" \/>\n<meta name=\"twitter:card\" content=\"summary_large_image\" \/>\n<meta name=\"twitter:label1\" content=\"Est. reading time\" \/>\n\t<meta name=\"twitter:data1\" content=\"1 minuto\" \/>\n<script type=\"application\/ld+json\" class=\"yoast-schema-graph\">{\"@context\":\"https:\/\/schema.org\",\"@graph\":[{\"@type\":\"WebPage\",\"@id\":\"https:\/\/graziamagazine.com\/mx\/articles\/johnny-depp-control-equipo-habla\/\",\"url\":\"https:\/\/graziamagazine.com\/mx\/articles\/johnny-depp-control-equipo-habla\/\",\"name\":\"JOHNNY DEPP: \u00bfFUERA DE CONTROL? SU EQUIPO HABLA | Grazia M\u00e9xico y Latinoam\u00e9rica\",\"isPartOf\":{\"@id\":\"https:\/\/graziamagazine.com\/mx\/#website\"},\"datePublished\":\"2017-05-11T15:02:26+00:00\",\"dateModified\":\"2017-05-11T15:11:04+00:00\",\"description\":\"Staff de filmaci\u00f3n de la \u00faltima pel\u00edcula de \u201cPirates of the Caribbean\u201d revel\u00f3 lo que fue trabajar con Johnny Depp.\",\"breadcrumb\":{\"@id\":\"https:\/\/graziamagazine.com\/mx\/articles\/johnny-depp-control-equipo-habla\/#breadcrumb\"},\"inLanguage\":\"es-MX\",\"potentialAction\":[{\"@type\":\"ReadAction\",\"target\":[\"https:\/\/graziamagazine.com\/mx\/articles\/johnny-depp-control-equipo-habla\/\"]}]},{\"@type\":\"BreadcrumbList\",\"@id\":\"https:\/\/graziamagazine.com\/mx\/articles\/johnny-depp-control-equipo-habla\/#breadcrumb\",\"itemListElement\":[{\"@type\":\"ListItem\",\"position\":1,\"name\":\"Home\",\"item\":\"https:\/\/graziamagazine.com\/mx\/\"},{\"@type\":\"ListItem\",\"position\":2,\"name\":\"JOHNNY DEPP: \u00bfFUERA DE CONTROL? SU EQUIPO HABLA\"}]},{\"@type\":\"WebSite\",\"@id\":\"https:\/\/graziamagazine.com\/mx\/#website\",\"url\":\"https:\/\/graziamagazine.com\/mx\/\",\"name\":\"Grazia M\u00e9xico y Latinoam\u00e9rica\",\"description\":\"Grazia es moda, belleza y noticias  de actualidad \",\"potentialAction\":[{\"@type\":\"SearchAction\",\"target\":{\"@type\":\"EntryPoint\",\"urlTemplate\":\"https:\/\/graziamagazine.com\/mx\/?s={search_term_string}\"},\"query-input\":\"required name=search_term_string\"}],\"inLanguage\":\"es-MX\"}]}<\/script>\n<!-- \/ Yoast SEO Premium plugin. -->","yoast_head_json":{"title":"JOHNNY DEPP: \u00bfFUERA DE CONTROL? SU EQUIPO HABLA | Grazia M\u00e9xico y Latinoam\u00e9rica","description":"Staff de filmaci\u00f3n de la \u00faltima pel\u00edcula de \u201cPirates of the Caribbean\u201d revel\u00f3 lo que fue trabajar con Johnny Depp.","robots":{"index":"index","follow":"follow","max-snippet":"max-snippet:-1","max-image-preview":"max-image-preview:large","max-video-preview":"max-video-preview:-1"},"canonical":"https:\/\/graziamagazine.com\/mx\/articles\/johnny-depp-control-equipo-habla\/","og_locale":"es_MX","og_type":"article","og_title":"JOHNNY DEPP: \u00bfFUERA DE CONTROL? SU EQUIPO HABLA","og_description":"Staff de filmaci\u00f3n de la \u00faltima pel\u00edcula de \u201cPirates of the Caribbean\u201d revel\u00f3 lo que fue trabajar con Johnny Depp.","og_url":"https:\/\/graziamagazine.com\/mx\/articles\/johnny-depp-control-equipo-habla\/","og_site_name":"Grazia M\u00e9xico y Latinoam\u00e9rica","article_modified_time":"2017-05-11T15:11:04+00:00","og_image":[{"width":1600,"height":667,"url":"https:\/\/graziamagazine.com\/mx\/wp-content\/uploads\/sites\/13\/2017\/05\/e0815-pirates-of-the-caribbean-4-on-stranger-tides-triler-screencaps-johnny-depp-17803736-1920-800.jpg?fit=1600%2C667","type":"image\/jpeg"}],"twitter_card":"summary_large_image","twitter_misc":{"Est. reading time":"1 minuto"},"schema":{"@context":"https:\/\/schema.org","@graph":[{"@type":"WebPage","@id":"https:\/\/graziamagazine.com\/mx\/articles\/johnny-depp-control-equipo-habla\/","url":"https:\/\/graziamagazine.com\/mx\/articles\/johnny-depp-control-equipo-habla\/","name":"JOHNNY DEPP: \u00bfFUERA DE CONTROL? SU EQUIPO HABLA | Grazia M\u00e9xico y Latinoam\u00e9rica","isPartOf":{"@id":"https:\/\/graziamagazine.com\/mx\/#website"},"datePublished":"2017-05-11T15:02:26+00:00","dateModified":"2017-05-11T15:11:04+00:00","description":"Staff de filmaci\u00f3n de la \u00faltima pel\u00edcula de \u201cPirates of the Caribbean\u201d revel\u00f3 lo que fue trabajar con Johnny Depp.","breadcrumb":{"@id":"https:\/\/graziamagazine.com\/mx\/articles\/johnny-depp-control-equipo-habla\/#breadcrumb"},"inLanguage":"es-MX","potentialAction":[{"@type":"ReadAction","target":["https:\/\/graziamagazine.com\/mx\/articles\/johnny-depp-control-equipo-habla\/"]}]},{"@type":"BreadcrumbList","@id":"https:\/\/graziamagazine.com\/mx\/articles\/johnny-depp-control-equipo-habla\/#breadcrumb","itemListElement":[{"@type":"ListItem","position":1,"name":"Home","item":"https:\/\/graziamagazine.com\/mx\/"},{"@type":"ListItem","position":2,"name":"JOHNNY DEPP: \u00bfFUERA DE CONTROL? SU EQUIPO HABLA"}]},{"@type":"WebSite","@id":"https:\/\/graziamagazine.com\/mx\/#website","url":"https:\/\/graziamagazine.com\/mx\/","name":"Grazia M\u00e9xico y Latinoam\u00e9rica","description":"Grazia es moda, belleza y noticias  de actualidad ","potentialAction":[{"@type":"SearchAction","target":{"@type":"EntryPoint","urlTemplate":"https:\/\/graziamagazine.com\/mx\/?s={search_term_string}"},"query-input":"required name=search_term_string"}],"inLanguage":"es-MX"}]}},"jetpack_sharing_enabled":true,"distributor_meta":false,"distributor_terms":false,"distributor_media":false,"distributor_original_site_name":"Grazia M\u00e9xico y Latinoam\u00e9rica","distributor_original_site_url":"https:\/\/graziamagazine.com\/mx","push-errors":false,"_links":{"self":[{"href":"https:\/\/graziamagazine.com\/mx\/wp-json\/wp\/v2\/articles\/23840"}],"collection":[{"href":"https:\/\/graziamagazine.com\/mx\/wp-json\/wp\/v2\/articles"}],"about":[{"href":"https:\/\/graziamagazine.com\/mx\/wp-json\/wp\/v2\/types\/articles"}],"author":[{"embeddable":true,"href":"https:\/\/graziamagazine.com\/mx\/wp-json\/wp\/v2\/users\/11636"}],"wp:featuredmedia":[{"embeddable":true,"href":"https:\/\/graziamagazine.com\/mx\/wp-json\/wp\/v2\/media\/23841"}],"wp:attachment":[{"href":"https:\/\/graziamagazine.com\/mx\/wp-json\/wp\/v2\/media?parent=23840"}],"wp:term":[{"taxonomy":"category","embeddable":true,"href":"https:\/\/graziamagazine.com\/mx\/wp-json\/wp\/v2\/categories?post=23840"}],"curies":[{"name":"wp","href":"https:\/\/api.w.org\/{rel}","templated":true}]}}