{"id":23710,"date":"2017-05-09T16:40:53","date_gmt":"2017-05-09T22:40:53","guid":{"rendered":"https:\/\/graziamagazine.com\/mx\/?p=23710"},"modified":"2020-02-06T11:14:46","modified_gmt":"2020-02-06T16:14:46","slug":"15-musts-primavera-verano-para-tu-closet","status":"publish","type":"articles","link":"https:\/\/graziamagazine.com\/mx\/articles\/15-musts-primavera-verano-para-tu-closet\/","title":{"rendered":"15 musts de Primavera\/Verano para tu closet"},"content":{"rendered":"<p><b>Te damos las prendas que necesitas en tu cl\u00f3set para lucir lo m\u00e1s trendy posible esta primavera \/ verano.<\/b><\/p>\n<p><!--more--><\/p>\n<p><span style=\"font-weight: 400;\">Se acerca el calor y estamos list\u00edsimas para armar todos nuestros looks de primavera \/ verano. La realidad es que a\u00a0veces es dif\u00edcil lograr combinaciones\u00a0<\/span><i><span style=\"font-weight: 400;\">chic<\/span><\/i><span style=\"font-weight: 400;\">\u00a0con este clima, pues\u00a0lo \u00fanico que queremos\u00a0hacer es estar bajo\u00a0el sol en\u00a0bikini y con un mojito en la\u00a0mano. <\/span><\/p>\n<p><span style=\"font-weight: 400;\">La buena\u00a0noticia es que tenemos algunas prendas que solucionan este problema. Cada una tiene lo que se necesita para sobrevivir toda la<\/span>\u00a0temporada\u00a0y (\u00a1por qu\u00e9 no!) jugar con ellas el resto del a\u00f1o.<\/p>\n<p>Puedes ser una mujer cl\u00e1sica en el oto\u00f1o e invierno, una mujer floral en primavera \u00a1y una mujer vibrante en verano!<\/p>\n<p><span style=\"font-weight: 400;\">Te compartimos\u00a0nuestros\u00a0<\/span><i><span style=\"font-weight: 400;\">Grazia Picks<\/span><\/i><span style=\"font-weight: 400;\"> para\u00a0que te veas guapa todos los d\u00edas:<\/span><\/p>\n<p>&nbsp;<\/p>\n<h2><strong>SANDALIAS<\/strong><\/h2>\n<p><span style=\"font-weight: 400;\">Las sandalias son piezas clave para el verano. No importa que no sean de dise\u00f1ador,\u00a0son super importantes para conseguir un look playero y lo mejor es que las puedes encontrar en distintos tacones.<\/span><\/p>\n<p>Recuerda que aquellas con tac\u00f3n llevan\u00a0tu look de d\u00eda a noche.<\/p>\n<p>&nbsp;<\/p>\n<p><img loading=\"lazy\" decoding=\"async\" class=\"alignnone wp-image-23721 size-large\" title=\"15 musts de Primavera\/Verano para tu closet\" src=\"https:\/\/graziamagazine.com\/mx\/wp-content\/uploads\/sites\/13\/2017\/05\/GET-DOWN-SLIDE-STEVE-MADDEN-US60-700x1057.jpg\" alt=\"15 musts de Primavera\/Verano para tu closet\" width=\"678\" height=\"1024\" \/><\/p>\n<p>Steve Madden, $60 USD; Revolve.com<\/p>\n<p><img loading=\"lazy\" decoding=\"async\" class=\"alignnone wp-image-23722 size-large\" title=\"15 musts de Primavera\/Verano para tu closet\" src=\"https:\/\/graziamagazine.com\/mx\/wp-content\/uploads\/sites\/13\/2017\/05\/JANELLE-SANDAL-SPLENDID-US88-700x1057.jpg\" alt=\"15 musts de Primavera\/Verano para tu closet\" width=\"678\" height=\"1024\" \/><\/p>\n<p><span style=\"font-weight: 400;\">Splendid, $88 USD<\/span><span style=\"font-weight: 400;\">; Revolve.com<\/span><\/p>\n<p><img loading=\"lazy\" decoding=\"async\" class=\"alignnone wp-image-23781 size-full\" title=\"15 musts de Primavera\/Verano para tu closet\" src=\"https:\/\/graziamagazine.com\/mx\/wp-content\/uploads\/sites\/13\/2017\/05\/895603_in_pp.jpg\" alt=\"15 musts de Primavera\/Verano para tu closet\" width=\"390\" height=\"585\" srcset=\"https:\/\/graziamagazine.com\/mx\/wp-content\/uploads\/sites\/13\/2017\/05\/895603_in_pp.jpg 390w, https:\/\/graziamagazine.com\/mx\/wp-content\/uploads\/sites\/13\/2017\/05\/895603_in_pp.jpg?resize=300,450 300w, https:\/\/graziamagazine.com\/mx\/wp-content\/uploads\/sites\/13\/2017\/05\/895603_in_pp.jpg?resize=143,215 143w\" sizes=\"(max-width: 390px) 100vw, 390px\" \/><\/p>\n<p>Stuart Weitzman, $400; <span style=\"text-decoration: underline;\">Net-a-Porter.com.<\/span><\/p>\n<p><img loading=\"lazy\" decoding=\"async\" class=\"alignnone wp-image-23748 size-large\" title=\"15 musts de Primavera\/Verano para tu closet\" src=\"https:\/\/graziamagazine.com\/mx\/wp-content\/uploads\/sites\/13\/2017\/05\/TARA-SANDAL-RAG-BONE-US450--700x1057.jpg\" alt=\"15 musts de Primavera\/Verano para tu closet\" width=\"678\" height=\"1024\" \/><\/p>\n<p>Rag and Bone, $450 USD; Revolve.com<\/p>\n<p><img loading=\"lazy\" decoding=\"async\" class=\"alignnone wp-image-23736 size-large\" title=\"15 musts de Primavera\/Verano para tu closet\" src=\"https:\/\/graziamagazine.com\/mx\/wp-content\/uploads\/sites\/13\/2017\/05\/PHILIP-HEEL-SIGERSON-MORRISON-US350-700x1057.jpg\" alt=\"15 musts de Primavera\/Verano para tu closet\" width=\"678\" height=\"1024\" \/><\/p>\n<p>Sigerson Morrison, $350 USD; Revove.com<\/p>\n<p><img loading=\"lazy\" decoding=\"async\" class=\"alignnone wp-image-23720 size-large\" title=\"15 musts de Primavera\/Verano para tu closet\" src=\"https:\/\/graziamagazine.com\/mx\/wp-content\/uploads\/sites\/13\/2017\/05\/EVES-HEEL-SOL-SANA-US185--700x1057.jpg\" alt=\"15 musts de Primavera\/Verano para tu closet\" width=\"678\" height=\"1024\" \/><\/p>\n<p>Sol Ana, $185 USD; Revolve.com<\/p>\n<p>&nbsp;<\/p>\n<h2><strong>JUMPSUITS O ROMPERS<\/strong><\/h2>\n<p><span style=\"font-weight: 400;\">Cuando hace calor buscamos dos cosas: comodidad y frescura. Los jumpsuits y rompers cumplen con ambas y adem\u00e1s, pueden ser tan casuales o formales como quieras. Otra de sus bondades, es que te hacen\u00a0ver\u00a0<\/span><i><span style=\"font-weight: 400;\">chic<\/span><\/i><span style=\"font-weight: 400;\"> sin esfuerzo.<\/span><\/p>\n<p><img loading=\"lazy\" decoding=\"async\" class=\"alignnone wp-image-23727 size-full\" title=\"15 musts de Primavera\/Verano para tu closet\" src=\"https:\/\/graziamagazine.com\/mx\/wp-content\/uploads\/sites\/13\/2017\/05\/LOVESHACKFANCY-Noelle-lace-trimmed-silk-georgette-mini-dress425-net-a-porter.jpg\" alt=\"15 musts de Primavera\/Verano para tu closet\" width=\"390\" height=\"585\" srcset=\"https:\/\/graziamagazine.com\/mx\/wp-content\/uploads\/sites\/13\/2017\/05\/LOVESHACKFANCY-Noelle-lace-trimmed-silk-georgette-mini-dress425-net-a-porter.jpg 390w, https:\/\/graziamagazine.com\/mx\/wp-content\/uploads\/sites\/13\/2017\/05\/LOVESHACKFANCY-Noelle-lace-trimmed-silk-georgette-mini-dress425-net-a-porter.jpg?resize=300,450 300w, https:\/\/graziamagazine.com\/mx\/wp-content\/uploads\/sites\/13\/2017\/05\/LOVESHACKFANCY-Noelle-lace-trimmed-silk-georgette-mini-dress425-net-a-porter.jpg?resize=143,215 143w\" sizes=\"(max-width: 390px) 100vw, 390px\" \/><\/p>\n<p>Lovechackfancy, $425 USD; Net-a-Porter.com<\/p>\n<p>&nbsp;<\/p>\n<p><img loading=\"lazy\" decoding=\"async\" class=\"alignnone wp-image-23746 size-large\" title=\"15 musts de Primavera\/Verano para tu closet\" src=\"https:\/\/graziamagazine.com\/mx\/wp-content\/uploads\/sites\/13\/2017\/05\/Striped-strappy-jumpsuit-699-mx-stradivarius--700x899.jpg\" alt=\"15 musts de Primavera\/Verano para tu closet\" width=\"700\" height=\"899\" \/><\/p>\n<p>Stradivarius, $599 pesos; stradivarius.com<\/p>\n<p><img loading=\"lazy\" decoding=\"async\" class=\"alignnone wp-image-23782 size-large\" title=\"15 musts de Primavera\/Verano para tu closet\" src=\"https:\/\/graziamagazine.com\/mx\/wp-content\/uploads\/sites\/13\/2017\/05\/hmprod-12-700x819.jpeg\" alt=\"15 musts de Primavera\/Verano para tu closet\" width=\"700\" height=\"819\" \/><\/p>\n<p>H&amp;M, $399; Parque Toreo.<\/p>\n<p>&nbsp;<\/p>\n<h2><strong>BOLSOS DE MANO<\/strong><\/h2>\n<p><span style=\"font-weight: 400;\">Los <em>tote bags<\/em>\u00a0son un b\u00e1sico del verano, pues puedes\u00a0meter todo lo que necesitas para la playa. En la noche, un mino bolso es lo m\u00e1s adecuado y si est\u00e1 tejido, \u00a1mucho mejor!\u00a0<\/span><\/p>\n<p><img loading=\"lazy\" decoding=\"async\" class=\"alignnone wp-image-23723 size-large\" title=\"15 musts de Primavera\/Verano para tu closet\" src=\"https:\/\/graziamagazine.com\/mx\/wp-content\/uploads\/sites\/13\/2017\/05\/JUTE-TOTE-BAG-DETAILS-19.90-USD-zara.com--700x867.jpg\" alt=\"15 musts de Primavera\/Verano para tu closet\" width=\"700\" height=\"867\" \/><\/p>\n<p>ZARA, $19.90 USD; Zara.com<\/p>\n<p><img loading=\"lazy\" decoding=\"async\" class=\"alignnone wp-image-23730 size-full\" title=\"15 musts de Primavera\/Verano para tu closet\" src=\"https:\/\/graziamagazine.com\/mx\/wp-content\/uploads\/sites\/13\/2017\/05\/NANNACAY-Baby-Roge-pompom-embellished-woven-raffia-tote170-net-a-porter.jpg\" alt=\"15 musts de Primavera\/Verano para tu closet\" width=\"390\" height=\"585\" srcset=\"https:\/\/graziamagazine.com\/mx\/wp-content\/uploads\/sites\/13\/2017\/05\/NANNACAY-Baby-Roge-pompom-embellished-woven-raffia-tote170-net-a-porter.jpg 390w, https:\/\/graziamagazine.com\/mx\/wp-content\/uploads\/sites\/13\/2017\/05\/NANNACAY-Baby-Roge-pompom-embellished-woven-raffia-tote170-net-a-porter.jpg?resize=300,450 300w, https:\/\/graziamagazine.com\/mx\/wp-content\/uploads\/sites\/13\/2017\/05\/NANNACAY-Baby-Roge-pompom-embellished-woven-raffia-tote170-net-a-porter.jpg?resize=143,215 143w\" sizes=\"(max-width: 390px) 100vw, 390px\" \/><\/p>\n<p>Nannacay, $138 USD; Lyst.com<\/p>\n<p><img loading=\"lazy\" decoding=\"async\" class=\"alignnone wp-image-23729 size-full\" title=\"15 musts de Primavera\/Verano para tu closet\" src=\"https:\/\/graziamagazine.com\/mx\/wp-content\/uploads\/sites\/13\/2017\/05\/Nannacay-260-usd.jpg\" alt=\"15 musts de Primavera\/Verano para tu closet\" width=\"336\" height=\"596\" srcset=\"https:\/\/graziamagazine.com\/mx\/wp-content\/uploads\/sites\/13\/2017\/05\/Nannacay-260-usd.jpg 336w, https:\/\/graziamagazine.com\/mx\/wp-content\/uploads\/sites\/13\/2017\/05\/Nannacay-260-usd.jpg?resize=254,450 254w, https:\/\/graziamagazine.com\/mx\/wp-content\/uploads\/sites\/13\/2017\/05\/Nannacay-260-usd.jpg?resize=121,215 121w\" sizes=\"(max-width: 336px) 100vw, 336px\" \/><\/p>\n<p>Nannacay, $260 USD; Shopbop.com<\/p>\n<p>&nbsp;<\/p>\n<h2><strong>LENTES DE SOL<\/strong><\/h2>\n<p><span style=\"font-weight: 400;\">No necesitas una \u00e9poca del a\u00f1o en espec\u00edfico para tener\u00a0un buen par de lentes de sol.\u00a0Sin embargo,\u00a0los que te vamos a mostrar son los m\u00e1s <\/span><i><span style=\"font-weight: 400;\">hot <\/span><\/i><span style=\"font-weight: 400;\">del momento y que a nosotras en Grazia.mx, nos encantan.<\/span><\/p>\n<p>&nbsp;<\/p>\n<p><img loading=\"lazy\" decoding=\"async\" class=\"alignnone wp-image-23783 size-large\" title=\"15 musts de Primavera\/Verano para tu closet\" src=\"https:\/\/graziamagazine.com\/mx\/wp-content\/uploads\/sites\/13\/2017\/05\/hmprod-14-700x819.jpeg\" alt=\"15 musts de Primavera\/Verano para tu closet\" width=\"700\" height=\"819\" \/><\/p>\n<p>H&amp;M, $169; Santa Fe.<\/p>\n<p>&nbsp;<\/p>\n<p><img loading=\"lazy\" decoding=\"async\" class=\"alignnone wp-image-23714 size-large\" title=\"15 musts de Primavera\/Verano para tu closet\" src=\"https:\/\/graziamagazine.com\/mx\/wp-content\/uploads\/sites\/13\/2017\/05\/BABOU-KAREN-WALKER-US22-revolve--700x1057.jpg\" alt=\"15 musts de Primavera\/Verano para tu closet\" width=\"678\" height=\"1024\" \/><\/p>\n<p>Karen Walker, $220 USD; Revolve.com<\/p>\n<p>&nbsp;<\/p>\n<p><img loading=\"lazy\" decoding=\"async\" class=\"alignnone wp-image-23784 size-large\" title=\"15 musts de Primavera\/Verano para tu closet\" src=\"https:\/\/graziamagazine.com\/mx\/wp-content\/uploads\/sites\/13\/2017\/05\/12073431_9751542_1000-700x934.jpg\" alt=\"15 musts de Primavera\/Verano para tu closet\" width=\"700\" height=\"934\" \/><\/p>\n<p>Miu Miu, $7,576; <span style=\"text-decoration: underline;\">farfetch.com<\/span><\/p>\n<p>&nbsp;<\/p>\n<h2><strong>MAXI VESTIDOS O MINI FALDAS<\/strong><\/h2>\n<p><span style=\"font-weight: 400;\">Las faldas largas, cortas o mini, son cruciales para el cambio de clima. Las puedes usar de muchas\u00a0maneras: solas o en vestido, para salir en la noche o\u00a0para escaparte el fin de semana. Todo est\u00e1 en las combinaciones correctas de prendas y accesorios.<\/span><\/p>\n<p>&nbsp;<\/p>\n<p><img loading=\"lazy\" decoding=\"async\" class=\"alignnone wp-image-23725 size-large\" title=\"15 musts de Primavera\/Verano para tu closet\" src=\"https:\/\/graziamagazine.com\/mx\/wp-content\/uploads\/sites\/13\/2017\/05\/LINEN-DRESS-DETAILS-69.90-USD--700x867.jpg\" alt=\"15 musts de Primavera\/Verano para tu closet\" width=\"700\" height=\"867\" \/><\/p>\n<p>ZARA, $69.90 USD; Zara.com<\/p>\n<p><img loading=\"lazy\" decoding=\"async\" class=\"alignnone wp-image-23716 size-large\" title=\"15 musts de Primavera\/Verano para tu closet\" src=\"https:\/\/graziamagazine.com\/mx\/wp-content\/uploads\/sites\/13\/2017\/05\/BALENCIAGA-Striped-silk-blend-dress-1395-700x792.jpg\" alt=\"15 musts de Primavera\/Verano para tu closet\" width=\"700\" height=\"792\" \/><\/p>\n<p>Balenciaga, $1,395 USD;\u00a0mytheresa.com<\/p>\n<p><img loading=\"lazy\" decoding=\"async\" class=\"alignnone wp-image-23737 size-large\" title=\"15 musts de Primavera\/Verano para tu closet\" src=\"https:\/\/graziamagazine.com\/mx\/wp-content\/uploads\/sites\/13\/2017\/05\/Poplin-wrap-skirt-399-pesos-stradi--700x899.jpg\" alt=\"15 musts de Primavera\/Verano para tu closet\" width=\"700\" height=\"899\" \/><\/p>\n<p>Stradivarius, $399 Pesos; stradivarius.com<\/p>\n<p><img loading=\"lazy\" decoding=\"async\" class=\"alignnone wp-image-23718 size-full\" title=\"15 musts de Primavera\/Verano para tu closet\" src=\"https:\/\/graziamagazine.com\/mx\/wp-content\/uploads\/sites\/13\/2017\/05\/Denim-Skirt-with-Lacing-49.99-hM.jpg\" alt=\"15 musts de Primavera\/Verano para tu closet\" width=\"384\" height=\"449\" srcset=\"https:\/\/graziamagazine.com\/mx\/wp-content\/uploads\/sites\/13\/2017\/05\/Denim-Skirt-with-Lacing-49.99-hM.jpg 384w, https:\/\/graziamagazine.com\/mx\/wp-content\/uploads\/sites\/13\/2017\/05\/Denim-Skirt-with-Lacing-49.99-hM.jpg?resize=155,181 155w\" sizes=\"(max-width: 384px) 100vw, 384px\" \/><\/p>\n<p>H&amp;M, $49.99 USD; H&amp;M.COM<\/p>\n<p>&nbsp;<\/p>\n<h2><strong>TRAJES DE BA\u00d1O<\/strong><\/h2>\n<p><span style=\"font-weight: 400;\">Es obvio que para el verano necesitas trajes de ba\u00f1o, pero lo que a nosotras nos fascina\u00a0es que adem\u00e1s, los puedes\u00a0usar como\u00a0tops y combinarlos\u00a0con pantalones anchos o con alguna de las\u00a0faldas que te hemos sugerido.<\/span><\/p>\n<p>&nbsp;<\/p>\n<p><img loading=\"lazy\" decoding=\"async\" class=\"alignnone wp-image-23743 size-large\" title=\"15 musts de Primavera\/Verano para tu closet\" src=\"https:\/\/graziamagazine.com\/mx\/wp-content\/uploads\/sites\/13\/2017\/05\/STELLA-MCCARTNEY-Botanical-embroidered-high-waisted-bikini-308-700x792.jpg\" alt=\"15 musts de Primavera\/Verano para tu closet\" width=\"700\" height=\"792\" \/><\/p>\n<p>Stella MCcartney, $308 USD; matchesfashion.com<\/p>\n<p><img loading=\"lazy\" decoding=\"async\" class=\"alignnone wp-image-23724 size-large\" title=\"15 musts de Primavera\/Verano para tu closet\" src=\"https:\/\/graziamagazine.com\/mx\/wp-content\/uploads\/sites\/13\/2017\/05\/KNOTTED-SWIMSUIT-DETAILS-35.90-USD-700x867.jpg\" alt=\"15 musts de Primavera\/Verano para tu closet\" width=\"700\" height=\"867\" \/><\/p>\n<p>Zara, $35.90 USD, Zara.com<\/p>\n<p><img loading=\"lazy\" decoding=\"async\" class=\"alignnone wp-image-23744 size-large\" title=\"15 musts de Primavera\/Verano para tu closet\" src=\"https:\/\/graziamagazine.com\/mx\/wp-content\/uploads\/sites\/13\/2017\/05\/STELLA-MCCARTNEY-Striped-bandeau-bikini-308--700x792.jpg\" alt=\"15 musts de Primavera\/Verano para tu closet\" width=\"700\" height=\"792\" \/><\/p>\n<p>Stella Mccartney, $308 USD; Shopstyle.com<\/p>\n<p>&nbsp;<\/p>\n<h2><strong>WIDE LEG PANTS<\/strong><\/h2>\n<p><span style=\"font-weight: 400;\">Un\u00a0cl\u00e1sico de todo el a\u00f1o y que particularmente, en verano,\u00a0es ideal para conseguir ese look de las costas europeas. \u00a1Tambi\u00e9n son s\u00faper frescos!<\/span><\/p>\n<p>&nbsp;<\/p>\n<p><img loading=\"lazy\" decoding=\"async\" class=\"alignnone wp-image-23740 size-full\" title=\"15 musts de Primavera\/Verano para tu closet\" src=\"https:\/\/graziamagazine.com\/mx\/wp-content\/uploads\/sites\/13\/2017\/05\/ROSIE-ASSOULIN-Top-Knot-striped-linen-and-cotton-blend-pants995.jpg\" alt=\"15 musts de Primavera\/Verano para tu closet\" width=\"390\" height=\"585\" srcset=\"https:\/\/graziamagazine.com\/mx\/wp-content\/uploads\/sites\/13\/2017\/05\/ROSIE-ASSOULIN-Top-Knot-striped-linen-and-cotton-blend-pants995.jpg 390w, https:\/\/graziamagazine.com\/mx\/wp-content\/uploads\/sites\/13\/2017\/05\/ROSIE-ASSOULIN-Top-Knot-striped-linen-and-cotton-blend-pants995.jpg?resize=300,450 300w, https:\/\/graziamagazine.com\/mx\/wp-content\/uploads\/sites\/13\/2017\/05\/ROSIE-ASSOULIN-Top-Knot-striped-linen-and-cotton-blend-pants995.jpg?resize=143,215 143w\" sizes=\"(max-width: 390px) 100vw, 390px\" \/><\/p>\n<p>ROSIE ASSOULIN, $995 USD; Net-A-Porter.com<\/p>\n<p>&nbsp;<\/p>\n<p><img loading=\"lazy\" decoding=\"async\" class=\"alignnone wp-image-23785 size-large\" title=\"15 musts de Primavera\/Verano para tu closet\" src=\"https:\/\/graziamagazine.com\/mx\/wp-content\/uploads\/sites\/13\/2017\/05\/860571_in_xl-700x1050.jpg\" alt=\"15 musts de Primavera\/Verano para tu closet\" width=\"683\" height=\"1024\" \/><\/p>\n<p>&nbsp;<\/p>\n<p>Dolce &amp; Gabbana, precio en punto de venta.<\/p>\n<p>&nbsp;<\/p>\n<h2>OFF SHOULDER<\/h2>\n<p><span style=\"font-weight: 400;\">Los tops que muestran un poco de piel y que han estado en tendencia desde hace m\u00e1s de un a\u00f1o llegaron para quedarse, \u00a1as\u00ed que sigue creciendo tu colecci\u00f3n!<\/span><\/p>\n<p><img loading=\"lazy\" decoding=\"async\" class=\"alignnone wp-image-23733 size-full\" title=\"15 musts de Primavera\/Verano para tu closet\" src=\"https:\/\/graziamagazine.com\/mx\/wp-content\/uploads\/sites\/13\/2017\/05\/Off-the-shoulder-Blouse-39.99.jpg\" alt=\"15 musts de Primavera\/Verano para tu closet\" width=\"384\" height=\"449\" srcset=\"https:\/\/graziamagazine.com\/mx\/wp-content\/uploads\/sites\/13\/2017\/05\/Off-the-shoulder-Blouse-39.99.jpg 384w, https:\/\/graziamagazine.com\/mx\/wp-content\/uploads\/sites\/13\/2017\/05\/Off-the-shoulder-Blouse-39.99.jpg?resize=155,181 155w\" sizes=\"(max-width: 384px) 100vw, 384px\" \/><\/p>\n<p>H&amp;M, $39.99 USD; H&amp;M.COM<\/p>\n<p><img loading=\"lazy\" decoding=\"async\" class=\"alignnone wp-image-23731 size-large\" title=\"15 musts de Primavera\/Verano para tu closet\" src=\"https:\/\/graziamagazine.com\/mx\/wp-content\/uploads\/sites\/13\/2017\/05\/Nanushka-off-shoulder-top--700x875.jpg\" alt=\"15 musts de Primavera\/Verano para tu closet\" width=\"700\" height=\"875\" \/><\/p>\n<p>Nanushka, \u20ac179; Nanuska.com<\/p>\n<p><img loading=\"lazy\" decoding=\"async\" class=\"alignnone wp-image-23786 size-large\" title=\"15 musts de Primavera\/Verano para tu closet\" src=\"https:\/\/graziamagazine.com\/mx\/wp-content\/uploads\/sites\/13\/2017\/05\/856586_in_xl-700x1050.jpg\" alt=\"15 musts de Primavera\/Verano para tu closet\" width=\"683\" height=\"1024\" \/><\/p>\n<p>Alexander Wang, $550 USD; <span style=\"text-decoration: underline;\">net-a-porter.com.<\/span><\/p>\n","protected":false},"author":11636,"featured_media":23712,"template":"","format":"standard","categories":[4,10],"acf":[],"yoast_head":"<!-- This site is optimized with the Yoast SEO Premium plugin v18.5 (Yoast SEO v20.4) - https:\/\/yoast.com\/wordpress\/plugins\/seo\/ -->\n<title>15 musts de Primavera\/Verano para tu closet | Grazia M\u00e9xico y Latinoam\u00e9rica<\/title>\n<meta name=\"description\" content=\"Te damos las prendas que necesitas en tu cl\u00f3set para lucir lo m\u00e1s trendy posible esta primavera \/ verano.\" \/>\n<meta name=\"robots\" content=\"index, follow, max-snippet:-1, max-image-preview:large, max-video-preview:-1\" \/>\n<link rel=\"canonical\" href=\"https:\/\/graziamagazine.com\/mx\/articles\/15-musts-primavera-verano-para-tu-closet\/\" \/>\n<meta property=\"og:locale\" content=\"es_MX\" \/>\n<meta property=\"og:type\" content=\"article\" \/>\n<meta property=\"og:title\" content=\"15 musts de Primavera\/Verano para tu closet\" \/>\n<meta property=\"og:description\" content=\"Te damos las prendas que necesitas en tu cl\u00f3set para lucir lo m\u00e1s trendy posible esta primavera \/ verano.\" \/>\n<meta property=\"og:url\" content=\"https:\/\/graziamagazine.com\/mx\/articles\/15-musts-primavera-verano-para-tu-closet\/\" \/>\n<meta property=\"og:site_name\" content=\"Grazia M\u00e9xico y Latinoam\u00e9rica\" \/>\n<meta property=\"article:modified_time\" content=\"2020-02-06T16:14:46+00:00\" \/>\n<meta property=\"og:image\" content=\"https:\/\/graziamagazine.com\/mx\/wp-content\/uploads\/sites\/13\/2017\/05\/Screen-Shot-2017-05-09-at-12.13.09-PM.jpg?fit=628%2C388\" \/>\n\t<meta property=\"og:image:width\" content=\"628\" \/>\n\t<meta property=\"og:image:height\" content=\"388\" \/>\n\t<meta property=\"og:image:type\" content=\"image\/jpeg\" \/>\n<meta name=\"twitter:card\" content=\"summary_large_image\" \/>\n<meta name=\"twitter:label1\" content=\"Est. reading time\" \/>\n\t<meta name=\"twitter:data1\" content=\"3 minutos\" \/>\n<script type=\"application\/ld+json\" class=\"yoast-schema-graph\">{\"@context\":\"https:\/\/schema.org\",\"@graph\":[{\"@type\":\"WebPage\",\"@id\":\"https:\/\/graziamagazine.com\/mx\/articles\/15-musts-primavera-verano-para-tu-closet\/\",\"url\":\"https:\/\/graziamagazine.com\/mx\/articles\/15-musts-primavera-verano-para-tu-closet\/\",\"name\":\"15 musts de Primavera\/Verano para tu closet | Grazia M\u00e9xico y Latinoam\u00e9rica\",\"isPartOf\":{\"@id\":\"https:\/\/graziamagazine.com\/mx\/#website\"},\"datePublished\":\"2017-05-09T22:40:53+00:00\",\"dateModified\":\"2020-02-06T16:14:46+00:00\",\"description\":\"Te damos las prendas que necesitas en tu cl\u00f3set para lucir lo m\u00e1s trendy posible esta primavera \/ verano.\",\"breadcrumb\":{\"@id\":\"https:\/\/graziamagazine.com\/mx\/articles\/15-musts-primavera-verano-para-tu-closet\/#breadcrumb\"},\"inLanguage\":\"es-MX\",\"potentialAction\":[{\"@type\":\"ReadAction\",\"target\":[\"https:\/\/graziamagazine.com\/mx\/articles\/15-musts-primavera-verano-para-tu-closet\/\"]}]},{\"@type\":\"BreadcrumbList\",\"@id\":\"https:\/\/graziamagazine.com\/mx\/articles\/15-musts-primavera-verano-para-tu-closet\/#breadcrumb\",\"itemListElement\":[{\"@type\":\"ListItem\",\"position\":1,\"name\":\"Home\",\"item\":\"https:\/\/graziamagazine.com\/mx\/\"},{\"@type\":\"ListItem\",\"position\":2,\"name\":\"15 musts de Primavera\/Verano para tu closet\"}]},{\"@type\":\"WebSite\",\"@id\":\"https:\/\/graziamagazine.com\/mx\/#website\",\"url\":\"https:\/\/graziamagazine.com\/mx\/\",\"name\":\"Grazia M\u00e9xico y Latinoam\u00e9rica\",\"description\":\"Grazia es moda, belleza y noticias  de actualidad \",\"potentialAction\":[{\"@type\":\"SearchAction\",\"target\":{\"@type\":\"EntryPoint\",\"urlTemplate\":\"https:\/\/graziamagazine.com\/mx\/?s={search_term_string}\"},\"query-input\":\"required name=search_term_string\"}],\"inLanguage\":\"es-MX\"}]}<\/script>\n<!-- \/ Yoast SEO Premium plugin. -->","yoast_head_json":{"title":"15 musts de Primavera\/Verano para tu closet | Grazia M\u00e9xico y Latinoam\u00e9rica","description":"Te damos las prendas que necesitas en tu cl\u00f3set para lucir lo m\u00e1s trendy posible esta primavera \/ verano.","robots":{"index":"index","follow":"follow","max-snippet":"max-snippet:-1","max-image-preview":"max-image-preview:large","max-video-preview":"max-video-preview:-1"},"canonical":"https:\/\/graziamagazine.com\/mx\/articles\/15-musts-primavera-verano-para-tu-closet\/","og_locale":"es_MX","og_type":"article","og_title":"15 musts de Primavera\/Verano para tu closet","og_description":"Te damos las prendas que necesitas en tu cl\u00f3set para lucir lo m\u00e1s trendy posible esta primavera \/ verano.","og_url":"https:\/\/graziamagazine.com\/mx\/articles\/15-musts-primavera-verano-para-tu-closet\/","og_site_name":"Grazia M\u00e9xico y Latinoam\u00e9rica","article_modified_time":"2020-02-06T16:14:46+00:00","og_image":[{"width":628,"height":388,"url":"https:\/\/graziamagazine.com\/mx\/wp-content\/uploads\/sites\/13\/2017\/05\/Screen-Shot-2017-05-09-at-12.13.09-PM.jpg?fit=628%2C388","type":"image\/jpeg"}],"twitter_card":"summary_large_image","twitter_misc":{"Est. reading time":"3 minutos"},"schema":{"@context":"https:\/\/schema.org","@graph":[{"@type":"WebPage","@id":"https:\/\/graziamagazine.com\/mx\/articles\/15-musts-primavera-verano-para-tu-closet\/","url":"https:\/\/graziamagazine.com\/mx\/articles\/15-musts-primavera-verano-para-tu-closet\/","name":"15 musts de Primavera\/Verano para tu closet | Grazia M\u00e9xico y Latinoam\u00e9rica","isPartOf":{"@id":"https:\/\/graziamagazine.com\/mx\/#website"},"datePublished":"2017-05-09T22:40:53+00:00","dateModified":"2020-02-06T16:14:46+00:00","description":"Te damos las prendas que necesitas en tu cl\u00f3set para lucir lo m\u00e1s trendy posible esta primavera \/ verano.","breadcrumb":{"@id":"https:\/\/graziamagazine.com\/mx\/articles\/15-musts-primavera-verano-para-tu-closet\/#breadcrumb"},"inLanguage":"es-MX","potentialAction":[{"@type":"ReadAction","target":["https:\/\/graziamagazine.com\/mx\/articles\/15-musts-primavera-verano-para-tu-closet\/"]}]},{"@type":"BreadcrumbList","@id":"https:\/\/graziamagazine.com\/mx\/articles\/15-musts-primavera-verano-para-tu-closet\/#breadcrumb","itemListElement":[{"@type":"ListItem","position":1,"name":"Home","item":"https:\/\/graziamagazine.com\/mx\/"},{"@type":"ListItem","position":2,"name":"15 musts de Primavera\/Verano para tu closet"}]},{"@type":"WebSite","@id":"https:\/\/graziamagazine.com\/mx\/#website","url":"https:\/\/graziamagazine.com\/mx\/","name":"Grazia M\u00e9xico y Latinoam\u00e9rica","description":"Grazia es moda, belleza y noticias  de actualidad ","potentialAction":[{"@type":"SearchAction","target":{"@type":"EntryPoint","urlTemplate":"https:\/\/graziamagazine.com\/mx\/?s={search_term_string}"},"query-input":"required name=search_term_string"}],"inLanguage":"es-MX"}]}},"jetpack_sharing_enabled":true,"distributor_meta":false,"distributor_terms":false,"distributor_media":false,"distributor_original_site_name":"Grazia M\u00e9xico y Latinoam\u00e9rica","distributor_original_site_url":"https:\/\/graziamagazine.com\/mx","push-errors":false,"_links":{"self":[{"href":"https:\/\/graziamagazine.com\/mx\/wp-json\/wp\/v2\/articles\/23710"}],"collection":[{"href":"https:\/\/graziamagazine.com\/mx\/wp-json\/wp\/v2\/articles"}],"about":[{"href":"https:\/\/graziamagazine.com\/mx\/wp-json\/wp\/v2\/types\/articles"}],"author":[{"embeddable":true,"href":"https:\/\/graziamagazine.com\/mx\/wp-json\/wp\/v2\/users\/11636"}],"wp:featuredmedia":[{"embeddable":true,"href":"https:\/\/graziamagazine.com\/mx\/wp-json\/wp\/v2\/media\/23712"}],"wp:attachment":[{"href":"https:\/\/graziamagazine.com\/mx\/wp-json\/wp\/v2\/media?parent=23710"}],"wp:term":[{"taxonomy":"category","embeddable":true,"href":"https:\/\/graziamagazine.com\/mx\/wp-json\/wp\/v2\/categories?post=23710"}],"curies":[{"name":"wp","href":"https:\/\/api.w.org\/{rel}","templated":true}]}}