{"id":23382,"date":"2017-05-04T12:31:27","date_gmt":"2017-05-04T18:31:27","guid":{"rendered":"https:\/\/graziamagazine.com\/mx\/?p=23382"},"modified":"2020-03-03T14:20:37","modified_gmt":"2020-03-03T19:20:37","slug":"chanel-tiene-las-nuevas-sandalias-it","status":"publish","type":"articles","link":"https:\/\/graziamagazine.com\/mx\/articles\/chanel-tiene-las-nuevas-sandalias-it\/","title":{"rendered":"Chanel tiene las nuevas sandalias it"},"content":{"rendered":"<p><b>Las nuevas gladiadoras de\u00a0la colecci\u00f3n Crucero 2018 de Chanel ser\u00e1n\u00a0la pieza clave de temporada.<\/b><br \/>\n<!--more--><\/p>\n<p><span style=\"font-weight: 400;\">El d\u00eda de ayer, fue el\u00a0desfile Crucero 2018 de Chanel y lo que m\u00e1s nos enamor\u00f3\u00a0de la\u00a0colecci\u00f3n, fueron las sandalias gladiadoras.\u00a0<\/span><\/p>\n<p><span style=\"font-weight: 400;\">Karl Lagerfeld propuso llevarlas\u00a0en diferentes colores y tacones, pero estamos seguras de que este look te parecer\u00e1 muy familiar. El\u00a0zapato lleva alg\u00fan tiempo siendo tendencia y lo hemos visto en much\u00edsimas celebridades.<\/span><\/p>\n<p>Kendall Jenner, Kourtney Kardashian, Rihanna (en la <a href=\"https:\/\/graziamagazine.com\/mx\/met-gala-2017-nuestro-veredicto\/\" target=\"_blank\" rel=\"noopener\"><span style=\"text-decoration: underline;\">Met Gala<\/span><\/a>), Hailey Baldwin y m\u00e1s, han confiado\u00a0en que tener unas en su armario, es la mejor arma de estilo para la \u00e9poca de calor.<\/p>\n<p><span style=\"font-weight: 400;\">Actualmente, puedes encontrar otras alternativas firmadas\u00a0por<\/span><span style=\"font-weight: 400;\">\u00a0<\/span><a href=\"http:\/\/www.fwrd.com\/product-sparta-leather-sandals\/SWEI-WZ42\/?d=Womens\" target=\"_blank\"><span style=\"font-weight: 400;\">Stuart Weitzman<\/span><\/a><span style=\"font-weight: 400;\">\u00a0o\u00a0<\/span><span style=\"font-weight: 400;\"><a href=\"http:\/\/www.neimanmarcus.com\/en-gb\/Sophia-Webster-Mila-Suede-Cutout-Over-The-Knee-Boot-Black\/prod188700005\/p.prod\" target=\"_blank\">Sophia Webster<\/a>.<\/span><\/p>\n<p><span style=\"font-weight: 400;\">\u00a0\u00a1Te mostramos algunas maneras de ponerte estas sandalias para verte como tu celeb favorita!<\/span><\/p>\n<p><img loading=\"lazy\" decoding=\"async\" class=\"alignnone wp-image-23391 size-full\" title=\"Chanel tiene las nuevas sandalias it\" src=\"https:\/\/graziamagazine.com\/mx\/wp-content\/uploads\/sites\/13\/2017\/05\/KENDAL-JENNER-SHOES.jpg\" alt=\"Chanel tiene las nuevas sandalias it\" width=\"634\" height=\"904\" srcset=\"https:\/\/graziamagazine.com\/mx\/wp-content\/uploads\/sites\/13\/2017\/05\/KENDAL-JENNER-SHOES.jpg 634w, https:\/\/graziamagazine.com\/mx\/wp-content\/uploads\/sites\/13\/2017\/05\/KENDAL-JENNER-SHOES.jpg?resize=316,450 316w, https:\/\/graziamagazine.com\/mx\/wp-content\/uploads\/sites\/13\/2017\/05\/KENDAL-JENNER-SHOES.jpg?resize=151,215 151w\" sizes=\"(max-width: 634px) 100vw, 634px\" \/><\/p>\n<p><img loading=\"lazy\" decoding=\"async\" class=\"alignnone wp-image-23390 size-large\" title=\"Chanel tiene las nuevas sandalias it\" src=\"https:\/\/graziamagazine.com\/mx\/wp-content\/uploads\/sites\/13\/2017\/05\/tumblr_oeif7f8XPE1sjqb0no1_1280-700x1050.jpg\" alt=\"Chanel tiene las nuevas sandalias it\" width=\"683\" height=\"1024\" \/><\/p>\n<p><img loading=\"lazy\" decoding=\"async\" class=\"alignnone wp-image-23389 size-large\" title=\"Chanel tiene las nuevas sandalias it\" src=\"https:\/\/graziamagazine.com\/mx\/wp-content\/uploads\/sites\/13\/2017\/05\/rs_765x1100-170501174535-765.Rihanna-Met-Gala-Post.jl_.050117-700x1007.jpg\" alt=\"Chanel tiene las nuevas sandalias it\" width=\"700\" height=\"1007\" \/><\/p>\n<p><img loading=\"lazy\" decoding=\"async\" class=\"alignnone wp-image-23388 size-thumbnail\" title=\"Chanel tiene las nuevas sandalias it\" src=\"https:\/\/graziamagazine.com\/mx\/wp-content\/uploads\/sites\/13\/2017\/05\/kendall-jenner-dquared2-riri-sandals-150x150.jpg\" alt=\"Chanel tiene las nuevas sandalias it\" width=\"150\" height=\"150\" \/><\/p>\n<p><em>*FOTOS: Getty Images\/ Splash News.<\/em><\/p>\n","protected":false},"author":11636,"featured_media":23383,"template":"","format":"standard","categories":[2,4,10],"acf":[],"yoast_head":"<!-- This site is optimized with the Yoast SEO Premium plugin v18.5 (Yoast SEO v20.4) - https:\/\/yoast.com\/wordpress\/plugins\/seo\/ -->\n<title>Chanel tiene las nuevas sandalias it | Grazia M\u00e9xico y Latinoam\u00e9rica<\/title>\n<meta name=\"description\" content=\"Las nuevas gladiadoras de la colecci\u00f3n Crucero 2018 de Chanel ser\u00e1n la pieza clave de temporada.\" \/>\n<meta name=\"robots\" content=\"index, follow, max-snippet:-1, max-image-preview:large, max-video-preview:-1\" \/>\n<link rel=\"canonical\" href=\"https:\/\/graziamagazine.com\/mx\/articles\/chanel-tiene-las-nuevas-sandalias-it\/\" \/>\n<meta property=\"og:locale\" content=\"es_MX\" \/>\n<meta property=\"og:type\" content=\"article\" \/>\n<meta property=\"og:title\" content=\"Chanel tiene las nuevas sandalias it\" \/>\n<meta property=\"og:description\" content=\"Las nuevas gladiadoras de la colecci\u00f3n Crucero 2018 de Chanel ser\u00e1n la pieza clave de temporada.\" \/>\n<meta property=\"og:url\" content=\"https:\/\/graziamagazine.com\/mx\/articles\/chanel-tiene-las-nuevas-sandalias-it\/\" \/>\n<meta property=\"og:site_name\" content=\"Grazia M\u00e9xico y Latinoam\u00e9rica\" \/>\n<meta property=\"article:modified_time\" content=\"2020-03-03T19:20:37+00:00\" \/>\n<meta property=\"og:image\" content=\"https:\/\/graziamagazine.com\/mx\/wp-content\/uploads\/sites\/13\/2017\/05\/Chanel-Destacada-.jpg?fit=792%2C612\" \/>\n\t<meta property=\"og:image:width\" content=\"792\" \/>\n\t<meta property=\"og:image:height\" content=\"612\" \/>\n\t<meta property=\"og:image:type\" content=\"image\/jpeg\" \/>\n<meta name=\"twitter:card\" content=\"summary_large_image\" \/>\n<meta name=\"twitter:label1\" content=\"Est. reading time\" \/>\n\t<meta name=\"twitter:data1\" content=\"1 minuto\" \/>\n<script type=\"application\/ld+json\" class=\"yoast-schema-graph\">{\"@context\":\"https:\/\/schema.org\",\"@graph\":[{\"@type\":\"WebPage\",\"@id\":\"https:\/\/graziamagazine.com\/mx\/articles\/chanel-tiene-las-nuevas-sandalias-it\/\",\"url\":\"https:\/\/graziamagazine.com\/mx\/articles\/chanel-tiene-las-nuevas-sandalias-it\/\",\"name\":\"Chanel tiene las nuevas sandalias it | Grazia M\u00e9xico y Latinoam\u00e9rica\",\"isPartOf\":{\"@id\":\"https:\/\/graziamagazine.com\/mx\/#website\"},\"datePublished\":\"2017-05-04T18:31:27+00:00\",\"dateModified\":\"2020-03-03T19:20:37+00:00\",\"description\":\"Las nuevas gladiadoras de la colecci\u00f3n Crucero 2018 de Chanel ser\u00e1n la pieza clave de temporada.\",\"breadcrumb\":{\"@id\":\"https:\/\/graziamagazine.com\/mx\/articles\/chanel-tiene-las-nuevas-sandalias-it\/#breadcrumb\"},\"inLanguage\":\"es-MX\",\"potentialAction\":[{\"@type\":\"ReadAction\",\"target\":[\"https:\/\/graziamagazine.com\/mx\/articles\/chanel-tiene-las-nuevas-sandalias-it\/\"]}]},{\"@type\":\"BreadcrumbList\",\"@id\":\"https:\/\/graziamagazine.com\/mx\/articles\/chanel-tiene-las-nuevas-sandalias-it\/#breadcrumb\",\"itemListElement\":[{\"@type\":\"ListItem\",\"position\":1,\"name\":\"Home\",\"item\":\"https:\/\/graziamagazine.com\/mx\/\"},{\"@type\":\"ListItem\",\"position\":2,\"name\":\"Chanel tiene las nuevas sandalias it\"}]},{\"@type\":\"WebSite\",\"@id\":\"https:\/\/graziamagazine.com\/mx\/#website\",\"url\":\"https:\/\/graziamagazine.com\/mx\/\",\"name\":\"Grazia M\u00e9xico y Latinoam\u00e9rica\",\"description\":\"Grazia es moda, belleza y noticias  de actualidad \",\"potentialAction\":[{\"@type\":\"SearchAction\",\"target\":{\"@type\":\"EntryPoint\",\"urlTemplate\":\"https:\/\/graziamagazine.com\/mx\/?s={search_term_string}\"},\"query-input\":\"required name=search_term_string\"}],\"inLanguage\":\"es-MX\"}]}<\/script>\n<!-- \/ Yoast SEO Premium plugin. -->","yoast_head_json":{"title":"Chanel tiene las nuevas sandalias it | Grazia M\u00e9xico y Latinoam\u00e9rica","description":"Las nuevas gladiadoras de la colecci\u00f3n Crucero 2018 de Chanel ser\u00e1n la pieza clave de temporada.","robots":{"index":"index","follow":"follow","max-snippet":"max-snippet:-1","max-image-preview":"max-image-preview:large","max-video-preview":"max-video-preview:-1"},"canonical":"https:\/\/graziamagazine.com\/mx\/articles\/chanel-tiene-las-nuevas-sandalias-it\/","og_locale":"es_MX","og_type":"article","og_title":"Chanel tiene las nuevas sandalias it","og_description":"Las nuevas gladiadoras de la colecci\u00f3n Crucero 2018 de Chanel ser\u00e1n la pieza clave de temporada.","og_url":"https:\/\/graziamagazine.com\/mx\/articles\/chanel-tiene-las-nuevas-sandalias-it\/","og_site_name":"Grazia M\u00e9xico y Latinoam\u00e9rica","article_modified_time":"2020-03-03T19:20:37+00:00","og_image":[{"width":792,"height":612,"url":"https:\/\/graziamagazine.com\/mx\/wp-content\/uploads\/sites\/13\/2017\/05\/Chanel-Destacada-.jpg?fit=792%2C612","type":"image\/jpeg"}],"twitter_card":"summary_large_image","twitter_misc":{"Est. reading time":"1 minuto"},"schema":{"@context":"https:\/\/schema.org","@graph":[{"@type":"WebPage","@id":"https:\/\/graziamagazine.com\/mx\/articles\/chanel-tiene-las-nuevas-sandalias-it\/","url":"https:\/\/graziamagazine.com\/mx\/articles\/chanel-tiene-las-nuevas-sandalias-it\/","name":"Chanel tiene las nuevas sandalias it | Grazia M\u00e9xico y Latinoam\u00e9rica","isPartOf":{"@id":"https:\/\/graziamagazine.com\/mx\/#website"},"datePublished":"2017-05-04T18:31:27+00:00","dateModified":"2020-03-03T19:20:37+00:00","description":"Las nuevas gladiadoras de la colecci\u00f3n Crucero 2018 de Chanel ser\u00e1n la pieza clave de temporada.","breadcrumb":{"@id":"https:\/\/graziamagazine.com\/mx\/articles\/chanel-tiene-las-nuevas-sandalias-it\/#breadcrumb"},"inLanguage":"es-MX","potentialAction":[{"@type":"ReadAction","target":["https:\/\/graziamagazine.com\/mx\/articles\/chanel-tiene-las-nuevas-sandalias-it\/"]}]},{"@type":"BreadcrumbList","@id":"https:\/\/graziamagazine.com\/mx\/articles\/chanel-tiene-las-nuevas-sandalias-it\/#breadcrumb","itemListElement":[{"@type":"ListItem","position":1,"name":"Home","item":"https:\/\/graziamagazine.com\/mx\/"},{"@type":"ListItem","position":2,"name":"Chanel tiene las nuevas sandalias it"}]},{"@type":"WebSite","@id":"https:\/\/graziamagazine.com\/mx\/#website","url":"https:\/\/graziamagazine.com\/mx\/","name":"Grazia M\u00e9xico y Latinoam\u00e9rica","description":"Grazia es moda, belleza y noticias  de actualidad ","potentialAction":[{"@type":"SearchAction","target":{"@type":"EntryPoint","urlTemplate":"https:\/\/graziamagazine.com\/mx\/?s={search_term_string}"},"query-input":"required name=search_term_string"}],"inLanguage":"es-MX"}]}},"jetpack_sharing_enabled":true,"distributor_meta":false,"distributor_terms":false,"distributor_media":false,"distributor_original_site_name":"Grazia M\u00e9xico y Latinoam\u00e9rica","distributor_original_site_url":"https:\/\/graziamagazine.com\/mx","push-errors":false,"_links":{"self":[{"href":"https:\/\/graziamagazine.com\/mx\/wp-json\/wp\/v2\/articles\/23382"}],"collection":[{"href":"https:\/\/graziamagazine.com\/mx\/wp-json\/wp\/v2\/articles"}],"about":[{"href":"https:\/\/graziamagazine.com\/mx\/wp-json\/wp\/v2\/types\/articles"}],"author":[{"embeddable":true,"href":"https:\/\/graziamagazine.com\/mx\/wp-json\/wp\/v2\/users\/11636"}],"wp:featuredmedia":[{"embeddable":true,"href":"https:\/\/graziamagazine.com\/mx\/wp-json\/wp\/v2\/media\/23383"}],"wp:attachment":[{"href":"https:\/\/graziamagazine.com\/mx\/wp-json\/wp\/v2\/media?parent=23382"}],"wp:term":[{"taxonomy":"category","embeddable":true,"href":"https:\/\/graziamagazine.com\/mx\/wp-json\/wp\/v2\/categories?post=23382"}],"curies":[{"name":"wp","href":"https:\/\/api.w.org\/{rel}","templated":true}]}}