{"id":22952,"date":"2017-04-28T11:54:29","date_gmt":"2017-04-28T17:54:29","guid":{"rendered":"https:\/\/graziamagazine.com\/mx\/?p=22952"},"modified":"2017-04-28T11:55:50","modified_gmt":"2017-04-28T17:55:50","slug":"rafael-nadal-avanza-cuartos-final","status":"publish","type":"articles","link":"https:\/\/graziamagazine.com\/mx\/articles\/rafael-nadal-avanza-cuartos-final\/","title":{"rendered":"RAFAEL NADAL AVANZA A LOS CUARTOS DE FINAL"},"content":{"rendered":"<p><strong>El tenista espa\u00f1ol, Rafael Nadal, se perfila para ser el campe\u00f3n del\u00a0Trofeo Conde de God\u00f3n.<\/strong><\/p>\n<p><!--more--><\/p>\n<p>\u2014\u2014<\/p>\n<p><img loading=\"lazy\" decoding=\"async\" class=\"alignnone size-full wp-image-22954\" src=\"https:\/\/graziamagazine.com\/mx\/wp-content\/uploads\/sites\/13\/2017\/04\/Screen-Shot-2017-04-28-at-12.27.24-PM.jpg\" alt=\"Rafael Nadal Barcelona Tennis Destacada\" width=\"1060\" height=\"568\" srcset=\"https:\/\/graziamagazine.com\/mx\/wp-content\/uploads\/sites\/13\/2017\/04\/Screen-Shot-2017-04-28-at-12.27.24-PM.jpg 1060w, https:\/\/graziamagazine.com\/mx\/wp-content\/uploads\/sites\/13\/2017\/04\/Screen-Shot-2017-04-28-at-12.27.24-PM.jpg?resize=450,241 450w, https:\/\/graziamagazine.com\/mx\/wp-content\/uploads\/sites\/13\/2017\/04\/Screen-Shot-2017-04-28-at-12.27.24-PM.jpg?resize=768,412 768w, https:\/\/graziamagazine.com\/mx\/wp-content\/uploads\/sites\/13\/2017\/04\/Screen-Shot-2017-04-28-at-12.27.24-PM.jpg?resize=1024,549 1024w, https:\/\/graziamagazine.com\/mx\/wp-content\/uploads\/sites\/13\/2017\/04\/Screen-Shot-2017-04-28-at-12.27.24-PM.jpg?resize=155,83 155w\" sizes=\"(max-width: 1060px) 100vw, 1060px\" \/><\/p>\n<p><strong>Por Aleka Gonzalez<\/strong><\/p>\n<p>&nbsp;<\/p>\n<p><span style=\"font-weight: 400;\">Rafael Nadal, n\u00famero 5 de tenis global, avanz\u00f3 a los cuartos de final tras vencer\u00a0a Kevin Anderson (Rank 66), en el Barcelona <\/span><span style=\"font-weight: 400;\">Open Banc Sabadell<\/span><span style=\"font-weight: 400;\">.<\/span><\/p>\n<p><span style=\"font-weight: 400;\">El actual campe\u00f3n, lleg\u00f3 a su victoria n\u00famero 50 en el torneo que se disputa para llevarse el 65\u00ba Trofeo Conde de God\u00f3n.<\/span><\/p>\n<p><span style=\"font-weight: 400;\">Curiosamente,\u00a0la cancha de tenis sobre\u00a0la cual gan\u00f3 lleva su nombre; la<\/span> <i><span style=\"font-weight: 400;\">Pista Rafa Nadal.<\/span><\/i><span style=\"font-weight: 400;\">\u00a0Adem\u00e1s, los organizadores del evento ATP anunciaron recientemente que el tribunal m\u00e1s grande del Real Club de Tenis de Barcelona, tambi\u00e9n ser\u00eda\u00a0nombrado en honor de quien es considerado<\/span><span style=\"font-weight: 400;\"> el favorito\u00a0de Espa\u00f1a y que ha logrado\u00a0<\/span><span style=\"font-weight: 400;\">14 <em>grand slams<\/em>\u00a0en su carrera. <\/span><\/p>\n<p><span style=\"font-weight: 400;\">El rank n\u00famero 1, <\/span><span style=\"font-weight: 400;\">el escoc\u00e9s <\/span><span style=\"font-weight: 400;\">Andy Murray, tambi\u00e9n clasific\u00f3, y si los dos logran llegar a la final, ser\u00e1n rivales por el\u00a0trofeo. <\/span><\/p>\n<p>\u00bfQuien crees que se lleve la victoria este a\u00f1o? \u00a1Nosotras somos #TeamNadal!<\/p>\n<p>&nbsp;<\/p>\n<p><em>*FOTO: Cortes\u00eda.<\/em><\/p>\n","protected":false},"author":11636,"featured_media":22954,"template":"","format":"standard","categories":[2,5],"acf":[],"yoast_head":"<!-- This site is optimized with the Yoast SEO Premium plugin v18.5 (Yoast SEO v20.4) - https:\/\/yoast.com\/wordpress\/plugins\/seo\/ -->\n<title>RAFAEL NADAL AVANZA A LOS CUARTOS DE FINAL | Grazia M\u00e9xico y Latinoam\u00e9rica<\/title>\n<meta name=\"description\" content=\"El tenista espa\u00f1ol, Rafael Nadal, llega a los cuartos de final en Barcelona.\" \/>\n<meta name=\"robots\" content=\"index, follow, max-snippet:-1, max-image-preview:large, max-video-preview:-1\" \/>\n<link rel=\"canonical\" href=\"https:\/\/graziamagazine.com\/mx\/articles\/rafael-nadal-avanza-cuartos-final\/\" \/>\n<meta property=\"og:locale\" content=\"es_MX\" \/>\n<meta property=\"og:type\" content=\"article\" \/>\n<meta property=\"og:title\" content=\"RAFAEL NADAL AVANZA A LOS CUARTOS DE FINAL\" \/>\n<meta property=\"og:description\" content=\"El tenista espa\u00f1ol, Rafael Nadal, llega a los cuartos de final en Barcelona.\" \/>\n<meta property=\"og:url\" content=\"https:\/\/graziamagazine.com\/mx\/articles\/rafael-nadal-avanza-cuartos-final\/\" \/>\n<meta property=\"og:site_name\" content=\"Grazia M\u00e9xico y Latinoam\u00e9rica\" \/>\n<meta property=\"article:modified_time\" content=\"2017-04-28T17:55:50+00:00\" \/>\n<meta property=\"og:image\" content=\"https:\/\/graziamagazine.com\/mx\/wp-content\/uploads\/sites\/13\/2017\/04\/Screen-Shot-2017-04-28-at-12.27.24-PM.jpg?fit=1060%2C568\" \/>\n\t<meta property=\"og:image:width\" content=\"1060\" \/>\n\t<meta property=\"og:image:height\" content=\"568\" \/>\n\t<meta property=\"og:image:type\" content=\"image\/jpeg\" \/>\n<meta name=\"twitter:card\" content=\"summary_large_image\" \/>\n<meta name=\"twitter:label1\" content=\"Est. reading time\" \/>\n\t<meta name=\"twitter:data1\" content=\"1 minuto\" \/>\n<script type=\"application\/ld+json\" class=\"yoast-schema-graph\">{\"@context\":\"https:\/\/schema.org\",\"@graph\":[{\"@type\":\"WebPage\",\"@id\":\"https:\/\/graziamagazine.com\/mx\/articles\/rafael-nadal-avanza-cuartos-final\/\",\"url\":\"https:\/\/graziamagazine.com\/mx\/articles\/rafael-nadal-avanza-cuartos-final\/\",\"name\":\"RAFAEL NADAL AVANZA A LOS CUARTOS DE FINAL | Grazia M\u00e9xico y Latinoam\u00e9rica\",\"isPartOf\":{\"@id\":\"https:\/\/graziamagazine.com\/mx\/#website\"},\"datePublished\":\"2017-04-28T17:54:29+00:00\",\"dateModified\":\"2017-04-28T17:55:50+00:00\",\"description\":\"El tenista espa\u00f1ol, Rafael Nadal, llega a los cuartos de final en Barcelona.\",\"breadcrumb\":{\"@id\":\"https:\/\/graziamagazine.com\/mx\/articles\/rafael-nadal-avanza-cuartos-final\/#breadcrumb\"},\"inLanguage\":\"es-MX\",\"potentialAction\":[{\"@type\":\"ReadAction\",\"target\":[\"https:\/\/graziamagazine.com\/mx\/articles\/rafael-nadal-avanza-cuartos-final\/\"]}]},{\"@type\":\"BreadcrumbList\",\"@id\":\"https:\/\/graziamagazine.com\/mx\/articles\/rafael-nadal-avanza-cuartos-final\/#breadcrumb\",\"itemListElement\":[{\"@type\":\"ListItem\",\"position\":1,\"name\":\"Home\",\"item\":\"https:\/\/graziamagazine.com\/mx\/\"},{\"@type\":\"ListItem\",\"position\":2,\"name\":\"RAFAEL NADAL AVANZA A LOS CUARTOS DE FINAL\"}]},{\"@type\":\"WebSite\",\"@id\":\"https:\/\/graziamagazine.com\/mx\/#website\",\"url\":\"https:\/\/graziamagazine.com\/mx\/\",\"name\":\"Grazia M\u00e9xico y Latinoam\u00e9rica\",\"description\":\"Grazia es moda, belleza y noticias  de actualidad \",\"potentialAction\":[{\"@type\":\"SearchAction\",\"target\":{\"@type\":\"EntryPoint\",\"urlTemplate\":\"https:\/\/graziamagazine.com\/mx\/?s={search_term_string}\"},\"query-input\":\"required name=search_term_string\"}],\"inLanguage\":\"es-MX\"}]}<\/script>\n<!-- \/ Yoast SEO Premium plugin. -->","yoast_head_json":{"title":"RAFAEL NADAL AVANZA A LOS CUARTOS DE FINAL | Grazia M\u00e9xico y Latinoam\u00e9rica","description":"El tenista espa\u00f1ol, Rafael Nadal, llega a los cuartos de final en Barcelona.","robots":{"index":"index","follow":"follow","max-snippet":"max-snippet:-1","max-image-preview":"max-image-preview:large","max-video-preview":"max-video-preview:-1"},"canonical":"https:\/\/graziamagazine.com\/mx\/articles\/rafael-nadal-avanza-cuartos-final\/","og_locale":"es_MX","og_type":"article","og_title":"RAFAEL NADAL AVANZA A LOS CUARTOS DE FINAL","og_description":"El tenista espa\u00f1ol, Rafael Nadal, llega a los cuartos de final en Barcelona.","og_url":"https:\/\/graziamagazine.com\/mx\/articles\/rafael-nadal-avanza-cuartos-final\/","og_site_name":"Grazia M\u00e9xico y Latinoam\u00e9rica","article_modified_time":"2017-04-28T17:55:50+00:00","og_image":[{"width":1060,"height":568,"url":"https:\/\/graziamagazine.com\/mx\/wp-content\/uploads\/sites\/13\/2017\/04\/Screen-Shot-2017-04-28-at-12.27.24-PM.jpg?fit=1060%2C568","type":"image\/jpeg"}],"twitter_card":"summary_large_image","twitter_misc":{"Est. reading time":"1 minuto"},"schema":{"@context":"https:\/\/schema.org","@graph":[{"@type":"WebPage","@id":"https:\/\/graziamagazine.com\/mx\/articles\/rafael-nadal-avanza-cuartos-final\/","url":"https:\/\/graziamagazine.com\/mx\/articles\/rafael-nadal-avanza-cuartos-final\/","name":"RAFAEL NADAL AVANZA A LOS CUARTOS DE FINAL | Grazia M\u00e9xico y Latinoam\u00e9rica","isPartOf":{"@id":"https:\/\/graziamagazine.com\/mx\/#website"},"datePublished":"2017-04-28T17:54:29+00:00","dateModified":"2017-04-28T17:55:50+00:00","description":"El tenista espa\u00f1ol, Rafael Nadal, llega a los cuartos de final en Barcelona.","breadcrumb":{"@id":"https:\/\/graziamagazine.com\/mx\/articles\/rafael-nadal-avanza-cuartos-final\/#breadcrumb"},"inLanguage":"es-MX","potentialAction":[{"@type":"ReadAction","target":["https:\/\/graziamagazine.com\/mx\/articles\/rafael-nadal-avanza-cuartos-final\/"]}]},{"@type":"BreadcrumbList","@id":"https:\/\/graziamagazine.com\/mx\/articles\/rafael-nadal-avanza-cuartos-final\/#breadcrumb","itemListElement":[{"@type":"ListItem","position":1,"name":"Home","item":"https:\/\/graziamagazine.com\/mx\/"},{"@type":"ListItem","position":2,"name":"RAFAEL NADAL AVANZA A LOS CUARTOS DE FINAL"}]},{"@type":"WebSite","@id":"https:\/\/graziamagazine.com\/mx\/#website","url":"https:\/\/graziamagazine.com\/mx\/","name":"Grazia M\u00e9xico y Latinoam\u00e9rica","description":"Grazia es moda, belleza y noticias  de actualidad ","potentialAction":[{"@type":"SearchAction","target":{"@type":"EntryPoint","urlTemplate":"https:\/\/graziamagazine.com\/mx\/?s={search_term_string}"},"query-input":"required name=search_term_string"}],"inLanguage":"es-MX"}]}},"jetpack_sharing_enabled":true,"distributor_meta":false,"distributor_terms":false,"distributor_media":false,"distributor_original_site_name":"Grazia M\u00e9xico y Latinoam\u00e9rica","distributor_original_site_url":"https:\/\/graziamagazine.com\/mx","push-errors":false,"_links":{"self":[{"href":"https:\/\/graziamagazine.com\/mx\/wp-json\/wp\/v2\/articles\/22952"}],"collection":[{"href":"https:\/\/graziamagazine.com\/mx\/wp-json\/wp\/v2\/articles"}],"about":[{"href":"https:\/\/graziamagazine.com\/mx\/wp-json\/wp\/v2\/types\/articles"}],"author":[{"embeddable":true,"href":"https:\/\/graziamagazine.com\/mx\/wp-json\/wp\/v2\/users\/11636"}],"wp:featuredmedia":[{"embeddable":true,"href":"https:\/\/graziamagazine.com\/mx\/wp-json\/wp\/v2\/media\/22954"}],"wp:attachment":[{"href":"https:\/\/graziamagazine.com\/mx\/wp-json\/wp\/v2\/media?parent=22952"}],"wp:term":[{"taxonomy":"category","embeddable":true,"href":"https:\/\/graziamagazine.com\/mx\/wp-json\/wp\/v2\/categories?post=22952"}],"curies":[{"name":"wp","href":"https:\/\/api.w.org\/{rel}","templated":true}]}}