{"id":22463,"date":"2017-04-24T07:24:33","date_gmt":"2017-04-24T13:24:33","guid":{"rendered":"https:\/\/graziamagazine.com\/mx\/?p=22463"},"modified":"2020-01-14T11:42:44","modified_gmt":"2020-01-14T16:42:44","slug":"eva-mendes-compras-hija-mayor","status":"publish","type":"articles","link":"https:\/\/graziamagazine.com\/mx\/articles\/eva-mendes-compras-hija-mayor\/","title":{"rendered":"Eva Mendes de compras con su hija mayor"},"content":{"rendered":"<p><b>La hija mayor de Eva Mendes y Ryan Gosling dej\u00f3 de ser secreto y fue captada en California.<\/b><\/p>\n<p><!--more--><\/p>\n<p><img loading=\"lazy\" decoding=\"async\" class=\"alignnone wp-image-22465\" title=\"Eva Mendes de compras con su hija mayor\" src=\"https:\/\/graziamagazine.com\/mx\/wp-content\/uploads\/sites\/13\/2017\/04\/hija_ryan_gosling_eva_mendes_esmeralda_3.jpg.imgw_.1280.1280.jpeg\" alt=\"Eva Mendes de compras con su hija mayor\" width=\"605\" height=\"968\" srcset=\"https:\/\/graziamagazine.com\/mx\/wp-content\/uploads\/sites\/13\/2017\/04\/hija_ryan_gosling_eva_mendes_esmeralda_3.jpg.imgw_.1280.1280.jpeg 400w, https:\/\/graziamagazine.com\/mx\/wp-content\/uploads\/sites\/13\/2017\/04\/hija_ryan_gosling_eva_mendes_esmeralda_3.jpg.imgw_.1280.1280.jpeg?resize=281,450 281w, https:\/\/graziamagazine.com\/mx\/wp-content\/uploads\/sites\/13\/2017\/04\/hija_ryan_gosling_eva_mendes_esmeralda_3.jpg.imgw_.1280.1280.jpeg?resize=134,215 134w\" sizes=\"(max-width: 605px) 100vw, 605px\" \/><\/p>\n<p>&nbsp;<\/p>\n<p><span style=\"font-weight: 400;\">Una de las parejas m\u00e1s inesperadas de Hollywood y que se ha mantenido herm\u00e9tica, es la formada por Eva Mendes y Ryan Gosling. Desde su noviazgo hasta su matrimonio y ahora, al ser pap\u00e1s de dos ni\u00f1as, es seguro decir que verlos caminando de la mano por la calle es sacarse la loter\u00eda.<\/span><\/p>\n<p>El d\u00eda de ayer, la actriz y su hija mayor Esmeralda, fueron captadas de compras en Pasadena, California, en una de las contadas ocasiones en que se les ha visto juntas en p\u00fablico.<\/p>\n<p>La raz\u00f3n es que ambos han optado por alejar a sus peque\u00f1as de los reflectores y por ello, a\u00fan ni siquiera se conoce la identidad de su segunda beb\u00e9, Amada.<\/p>\n<p>Apenas en diciembre pasado, el nuestro eternal crush asegur\u00f3 en entrevista que la paternidad lo encontr\u00f3, pues jam\u00e1s hab\u00eda pensado en ella.<\/p>\n<p>&nbsp;<\/p>\n<blockquote><p><i><span style=\"font-weight: 400;\">\u201cNo ten\u00eda una idea rom\u00e1ntica al respecto, sucedi\u00f3 de una forma sorpresiva y natural. No hab\u00eda nada premeditado al respecto. De repente fue como, mi vida cambi\u00f3 y gracias a Dios que as\u00ed fue\u201d.<\/span><\/i><\/p>\n<p>&nbsp;<\/p><\/blockquote>\n<p>Nosotras creemos que sin duda, le sent\u00f3 muy bien. Respecto a Esmeralda, \u00bfqu\u00e9 tan de acuerdo est\u00e1s con que parece un mini clon de su mam\u00e1?<\/p>\n<p>&nbsp;<\/p>\n<p><em>*FOTO: Grosby.<\/em><\/p>\n","protected":false},"author":11636,"featured_media":22464,"template":"","format":"standard","categories":[114,2,10],"acf":[],"yoast_head":"<!-- This site is optimized with the Yoast SEO Premium plugin v18.5 (Yoast SEO v20.4) - https:\/\/yoast.com\/wordpress\/plugins\/seo\/ -->\n<title>Eva Mendes de compras con su hija mayor | Grazia M\u00e9xico y Latinoam\u00e9rica<\/title>\n<meta name=\"description\" content=\"La hija mayor de Eva Mendes y Ryan Gosling dej\u00f3 de ser secreto y fue captada en California.\" \/>\n<meta name=\"robots\" content=\"index, follow, max-snippet:-1, max-image-preview:large, max-video-preview:-1\" \/>\n<link rel=\"canonical\" href=\"https:\/\/graziamagazine.com\/mx\/articles\/eva-mendes-compras-hija-mayor\/\" \/>\n<meta property=\"og:locale\" content=\"es_MX\" \/>\n<meta property=\"og:type\" content=\"article\" \/>\n<meta property=\"og:title\" content=\"Eva Mendes de compras con su hija mayor\" \/>\n<meta property=\"og:description\" content=\"La hija mayor de Eva Mendes y Ryan Gosling dej\u00f3 de ser secreto y fue captada en California.\" \/>\n<meta property=\"og:url\" content=\"https:\/\/graziamagazine.com\/mx\/articles\/eva-mendes-compras-hija-mayor\/\" \/>\n<meta property=\"og:site_name\" content=\"Grazia M\u00e9xico y Latinoam\u00e9rica\" \/>\n<meta property=\"article:modified_time\" content=\"2020-01-14T16:42:44+00:00\" \/>\n<meta property=\"og:image\" content=\"https:\/\/graziamagazine.com\/mx\/wp-content\/uploads\/sites\/13\/2017\/04\/t_ab_ryan_gosling.jpg?fit=1200%2C680\" \/>\n\t<meta property=\"og:image:width\" content=\"1200\" \/>\n\t<meta property=\"og:image:height\" content=\"680\" \/>\n\t<meta property=\"og:image:type\" content=\"image\/jpeg\" \/>\n<meta name=\"twitter:card\" content=\"summary_large_image\" \/>\n<meta name=\"twitter:label1\" content=\"Est. reading time\" \/>\n\t<meta name=\"twitter:data1\" content=\"1 minuto\" \/>\n<script type=\"application\/ld+json\" class=\"yoast-schema-graph\">{\"@context\":\"https:\/\/schema.org\",\"@graph\":[{\"@type\":\"WebPage\",\"@id\":\"https:\/\/graziamagazine.com\/mx\/articles\/eva-mendes-compras-hija-mayor\/\",\"url\":\"https:\/\/graziamagazine.com\/mx\/articles\/eva-mendes-compras-hija-mayor\/\",\"name\":\"Eva Mendes de compras con su hija mayor | Grazia M\u00e9xico y Latinoam\u00e9rica\",\"isPartOf\":{\"@id\":\"https:\/\/graziamagazine.com\/mx\/#website\"},\"datePublished\":\"2017-04-24T13:24:33+00:00\",\"dateModified\":\"2020-01-14T16:42:44+00:00\",\"description\":\"La hija mayor de Eva Mendes y Ryan Gosling dej\u00f3 de ser secreto y fue captada en California.\",\"breadcrumb\":{\"@id\":\"https:\/\/graziamagazine.com\/mx\/articles\/eva-mendes-compras-hija-mayor\/#breadcrumb\"},\"inLanguage\":\"es-MX\",\"potentialAction\":[{\"@type\":\"ReadAction\",\"target\":[\"https:\/\/graziamagazine.com\/mx\/articles\/eva-mendes-compras-hija-mayor\/\"]}]},{\"@type\":\"BreadcrumbList\",\"@id\":\"https:\/\/graziamagazine.com\/mx\/articles\/eva-mendes-compras-hija-mayor\/#breadcrumb\",\"itemListElement\":[{\"@type\":\"ListItem\",\"position\":1,\"name\":\"Home\",\"item\":\"https:\/\/graziamagazine.com\/mx\/\"},{\"@type\":\"ListItem\",\"position\":2,\"name\":\"Eva Mendes de compras con su hija mayor\"}]},{\"@type\":\"WebSite\",\"@id\":\"https:\/\/graziamagazine.com\/mx\/#website\",\"url\":\"https:\/\/graziamagazine.com\/mx\/\",\"name\":\"Grazia M\u00e9xico y Latinoam\u00e9rica\",\"description\":\"Grazia es moda, belleza y noticias  de actualidad \",\"potentialAction\":[{\"@type\":\"SearchAction\",\"target\":{\"@type\":\"EntryPoint\",\"urlTemplate\":\"https:\/\/graziamagazine.com\/mx\/?s={search_term_string}\"},\"query-input\":\"required name=search_term_string\"}],\"inLanguage\":\"es-MX\"}]}<\/script>\n<!-- \/ Yoast SEO Premium plugin. -->","yoast_head_json":{"title":"Eva Mendes de compras con su hija mayor | Grazia M\u00e9xico y Latinoam\u00e9rica","description":"La hija mayor de Eva Mendes y Ryan Gosling dej\u00f3 de ser secreto y fue captada en California.","robots":{"index":"index","follow":"follow","max-snippet":"max-snippet:-1","max-image-preview":"max-image-preview:large","max-video-preview":"max-video-preview:-1"},"canonical":"https:\/\/graziamagazine.com\/mx\/articles\/eva-mendes-compras-hija-mayor\/","og_locale":"es_MX","og_type":"article","og_title":"Eva Mendes de compras con su hija mayor","og_description":"La hija mayor de Eva Mendes y Ryan Gosling dej\u00f3 de ser secreto y fue captada en California.","og_url":"https:\/\/graziamagazine.com\/mx\/articles\/eva-mendes-compras-hija-mayor\/","og_site_name":"Grazia M\u00e9xico y Latinoam\u00e9rica","article_modified_time":"2020-01-14T16:42:44+00:00","og_image":[{"width":1200,"height":680,"url":"https:\/\/graziamagazine.com\/mx\/wp-content\/uploads\/sites\/13\/2017\/04\/t_ab_ryan_gosling.jpg?fit=1200%2C680","type":"image\/jpeg"}],"twitter_card":"summary_large_image","twitter_misc":{"Est. reading time":"1 minuto"},"schema":{"@context":"https:\/\/schema.org","@graph":[{"@type":"WebPage","@id":"https:\/\/graziamagazine.com\/mx\/articles\/eva-mendes-compras-hija-mayor\/","url":"https:\/\/graziamagazine.com\/mx\/articles\/eva-mendes-compras-hija-mayor\/","name":"Eva Mendes de compras con su hija mayor | Grazia M\u00e9xico y Latinoam\u00e9rica","isPartOf":{"@id":"https:\/\/graziamagazine.com\/mx\/#website"},"datePublished":"2017-04-24T13:24:33+00:00","dateModified":"2020-01-14T16:42:44+00:00","description":"La hija mayor de Eva Mendes y Ryan Gosling dej\u00f3 de ser secreto y fue captada en California.","breadcrumb":{"@id":"https:\/\/graziamagazine.com\/mx\/articles\/eva-mendes-compras-hija-mayor\/#breadcrumb"},"inLanguage":"es-MX","potentialAction":[{"@type":"ReadAction","target":["https:\/\/graziamagazine.com\/mx\/articles\/eva-mendes-compras-hija-mayor\/"]}]},{"@type":"BreadcrumbList","@id":"https:\/\/graziamagazine.com\/mx\/articles\/eva-mendes-compras-hija-mayor\/#breadcrumb","itemListElement":[{"@type":"ListItem","position":1,"name":"Home","item":"https:\/\/graziamagazine.com\/mx\/"},{"@type":"ListItem","position":2,"name":"Eva Mendes de compras con su hija mayor"}]},{"@type":"WebSite","@id":"https:\/\/graziamagazine.com\/mx\/#website","url":"https:\/\/graziamagazine.com\/mx\/","name":"Grazia M\u00e9xico y Latinoam\u00e9rica","description":"Grazia es moda, belleza y noticias  de actualidad ","potentialAction":[{"@type":"SearchAction","target":{"@type":"EntryPoint","urlTemplate":"https:\/\/graziamagazine.com\/mx\/?s={search_term_string}"},"query-input":"required name=search_term_string"}],"inLanguage":"es-MX"}]}},"jetpack_sharing_enabled":true,"distributor_meta":false,"distributor_terms":false,"distributor_media":false,"distributor_original_site_name":"Grazia M\u00e9xico y Latinoam\u00e9rica","distributor_original_site_url":"https:\/\/graziamagazine.com\/mx","push-errors":false,"_links":{"self":[{"href":"https:\/\/graziamagazine.com\/mx\/wp-json\/wp\/v2\/articles\/22463"}],"collection":[{"href":"https:\/\/graziamagazine.com\/mx\/wp-json\/wp\/v2\/articles"}],"about":[{"href":"https:\/\/graziamagazine.com\/mx\/wp-json\/wp\/v2\/types\/articles"}],"author":[{"embeddable":true,"href":"https:\/\/graziamagazine.com\/mx\/wp-json\/wp\/v2\/users\/11636"}],"wp:featuredmedia":[{"embeddable":true,"href":"https:\/\/graziamagazine.com\/mx\/wp-json\/wp\/v2\/media\/22464"}],"wp:attachment":[{"href":"https:\/\/graziamagazine.com\/mx\/wp-json\/wp\/v2\/media?parent=22463"}],"wp:term":[{"taxonomy":"category","embeddable":true,"href":"https:\/\/graziamagazine.com\/mx\/wp-json\/wp\/v2\/categories?post=22463"}],"curies":[{"name":"wp","href":"https:\/\/api.w.org\/{rel}","templated":true}]}}