{"id":22253,"date":"2017-04-19T19:22:52","date_gmt":"2017-04-20T01:22:52","guid":{"rendered":"https:\/\/graziamagazine.com\/mx\/?p=22253"},"modified":"2020-03-04T16:40:49","modified_gmt":"2020-03-04T21:40:49","slug":"kendall-jenner-asap-rocky-amor-chic","status":"publish","type":"articles","link":"https:\/\/graziamagazine.com\/mx\/articles\/kendall-jenner-asap-rocky-amor-chic\/","title":{"rendered":"Kendall Jenner y A$AP ROCKY: la historia de amor m\u00e1s chic"},"content":{"rendered":"<p><b>La modelo Kendall Jenner y el rapero ASAP ROCKY tienen muchas cosas en com\u00fan, particularmente, su pasi\u00f3n por la moda.<\/b><\/p>\n<p><!--more--><\/p>\n<p><span style=\"font-weight: 400;\">El primer fin de semana de Coachella no s\u00f3lo estuvo lleno de sorpresas musicales \u2013como la aparici\u00f3n especial de Drake durante el concierto de Future\u2013 sino que muchas celebridades confirmaron al mundo que sus relaciones van en serio y Kendall Jenner fue una de ellas. La modelo estuvo con quien se rumora es su novio desde hace tiempo, el rapero A$AP ROCKY y ambos demostraron que hay algo en particular que los une: su pasi\u00f3n por la moda.<\/span><\/p>\n<p><span style=\"font-weight: 400;\"><img loading=\"lazy\" decoding=\"async\" class=\"alignnone wp-image-22255\" title=\"Kendall Jenner y A$AP ROCKY: la historia de amor m\u00e1s chic\" src=\"https:\/\/graziamagazine.com\/mx\/wp-content\/uploads\/sites\/13\/2017\/04\/schoolboy-q-and-asap-rocky-performance-coachella-2017-billboard-1548.jpg\" alt=\"Kendall Jenner y A$AP ROCKY: la historia de amor m\u00e1s chic\" width=\"605\" height=\"400\" srcset=\"https:\/\/graziamagazine.com\/mx\/wp-content\/uploads\/sites\/13\/2017\/04\/schoolboy-q-and-asap-rocky-performance-coachella-2017-billboard-1548.jpg 900w, https:\/\/graziamagazine.com\/mx\/wp-content\/uploads\/sites\/13\/2017\/04\/schoolboy-q-and-asap-rocky-performance-coachella-2017-billboard-1548.jpg?resize=450,298 450w, https:\/\/graziamagazine.com\/mx\/wp-content\/uploads\/sites\/13\/2017\/04\/schoolboy-q-and-asap-rocky-performance-coachella-2017-billboard-1548.jpg?resize=768,508 768w, https:\/\/graziamagazine.com\/mx\/wp-content\/uploads\/sites\/13\/2017\/04\/schoolboy-q-and-asap-rocky-performance-coachella-2017-billboard-1548.jpg?resize=155,102 155w\" sizes=\"(max-width: 605px) 100vw, 605px\" \/><\/span><\/p>\n<p><span style=\"font-weight: 400;\">Los looks que ambos eligieron nos hacen gritar relationship goals, A$AP presumi\u00f3 unos googles de Gucci en uno de los after parties, mientras que para la celebraci\u00f3n de Revolve, Kendall opt\u00f3 por unos high waisted shorts, un blus\u00f3n off shoulder de Dries Van Noten, Air Force 1 de Nike y una gorra con la leyenda \u201cDone With You\u201d.<\/span><\/p>\n<p><img loading=\"lazy\" decoding=\"async\" class=\"alignnone wp-image-22256\" title=\"Kendall Jenner y A$AP ROCKY: la historia de amor m\u00e1s chic\" src=\"https:\/\/graziamagazine.com\/mx\/wp-content\/uploads\/sites\/13\/2017\/04\/rs_634x1024-170417082238-634-kendall-jenner-revolve-coachella.jpg\" alt=\"Kendall Jenner y A$AP ROCKY: la historia de amor m\u00e1s chic\" width=\"605\" height=\"977\" srcset=\"https:\/\/graziamagazine.com\/mx\/wp-content\/uploads\/sites\/13\/2017\/04\/rs_634x1024-170417082238-634-kendall-jenner-revolve-coachella.jpg 634w, https:\/\/graziamagazine.com\/mx\/wp-content\/uploads\/sites\/13\/2017\/04\/rs_634x1024-170417082238-634-kendall-jenner-revolve-coachella.jpg?resize=279,450 279w, https:\/\/graziamagazine.com\/mx\/wp-content\/uploads\/sites\/13\/2017\/04\/rs_634x1024-170417082238-634-kendall-jenner-revolve-coachella.jpg?resize=133,215 133w\" sizes=\"(max-width: 605px) 100vw, 605px\" \/><\/p>\n<p><span style=\"font-weight: 400;\">Una fuente cercana declar\u00f3 a People que \u00faltimamente est\u00e1n pasando m\u00e1s tiempo juntos que nunca y los paparazzis lo han confirmado as\u00ed en varias ocasiones. <\/span><\/p>\n<p>A$AP ROCKY es uno de los nuevos embajadores de <span style=\"text-decoration: underline;\"><a href=\"https:\/\/graziamagazine.com\/mx\/boy-george-y-aap-rocky-para-dior\/\" target=\"_blank\" rel=\"noopener\">Dior<\/a><\/span> y consentido de <a href=\"https:\/\/graziamagazine.com\/mx\/gucci-destella-en-la-art-film-gala-del-lacma\/\" target=\"_blank\" rel=\"noopener\"><span style=\"text-decoration: underline;\">Alessandro Michele<\/span> <\/a>y la carrera de Kendall sigue subiendo como espuma. Adem\u00e1s, la preferencia del Kardashian Klan por los raperos es indiscutible; Kim est\u00e1 casada con Kanye, Khlo\u00e9 tuvo un romance fugaz con French Montana y Kylie ha hecho de su relaci\u00f3n con Tyga una verdadera monta\u00f1a rusa.<\/p>\n<p><span style=\"font-weight: 400;\">El sue\u00f1o de muchas parece haberse convertido en realidad para Kenny, tener a su novio como mejor amigo y compa\u00f1ero de <\/span><i><span style=\"font-weight: 400;\">shopping<\/span><\/i><span style=\"font-weight: 400;\">. Nuestra predicci\u00f3n es que muy pronto, podr\u00edamos estar frente a la nueva power couple de la crema y nata de la industria.<\/span><\/p>\n<p><span style=\"font-weight: 400;\">\u00bfTe imaginas los regalos con los que A$AP la conquistar\u00eda? Despu\u00e9s de todo, una de sus canciones parece haberlo predecido: <em>\u201cshe\u2019s a Fashion Killa and I\u2019m a trendy ****a\u201d<\/em><\/span><\/p>\n<p><img loading=\"lazy\" decoding=\"async\" class=\"alignnone wp-image-22257\" title=\"Kendall Jenner y A$AP ROCKY: la historia de amor m\u00e1s chic\" src=\"https:\/\/graziamagazine.com\/mx\/wp-content\/uploads\/sites\/13\/2017\/04\/kendall-jenner-asap-rocky.jpg\" alt=\"Kendall Jenner y A$AP ROCKY: la historia de amor m\u00e1s chic\" width=\"605\" height=\"864\" srcset=\"https:\/\/graziamagazine.com\/mx\/wp-content\/uploads\/sites\/13\/2017\/04\/kendall-jenner-asap-rocky.jpg 1334w, https:\/\/graziamagazine.com\/mx\/wp-content\/uploads\/sites\/13\/2017\/04\/kendall-jenner-asap-rocky.jpg?resize=315,450 315w, https:\/\/graziamagazine.com\/mx\/wp-content\/uploads\/sites\/13\/2017\/04\/kendall-jenner-asap-rocky.jpg?resize=768,1096 768w, https:\/\/graziamagazine.com\/mx\/wp-content\/uploads\/sites\/13\/2017\/04\/kendall-jenner-asap-rocky.jpg?resize=717,1024 717w, https:\/\/graziamagazine.com\/mx\/wp-content\/uploads\/sites\/13\/2017\/04\/kendall-jenner-asap-rocky.jpg?resize=1076,1536 1076w, https:\/\/graziamagazine.com\/mx\/wp-content\/uploads\/sites\/13\/2017\/04\/kendall-jenner-asap-rocky.jpg?resize=151,215 151w\" sizes=\"(max-width: 605px) 100vw, 605px\" \/><\/p>\n<p><em>*FOTOS: Getty Images.<\/em><\/p>\n","protected":false},"author":11636,"featured_media":22254,"template":"","format":"standard","categories":[2,4],"acf":[],"yoast_head":"<!-- This site is optimized with the Yoast SEO Premium plugin v18.5 (Yoast SEO v20.4) - https:\/\/yoast.com\/wordpress\/plugins\/seo\/ -->\n<title>Kendall Jenner y A$AP ROCKY: la historia de amor m\u00e1s chic | Grazia M\u00e9xico y Latinoam\u00e9rica<\/title>\n<meta name=\"description\" content=\"La modelo Kendall Jenner y el rapero ASAP ROCKY tienen muchas cosas en com\u00fan, particularmente, su pasi\u00f3n por la moda.\" \/>\n<meta name=\"robots\" content=\"index, follow, max-snippet:-1, max-image-preview:large, max-video-preview:-1\" \/>\n<link rel=\"canonical\" href=\"https:\/\/graziamagazine.com\/mx\/articles\/kendall-jenner-asap-rocky-amor-chic\/\" \/>\n<meta property=\"og:locale\" content=\"es_MX\" \/>\n<meta property=\"og:type\" content=\"article\" \/>\n<meta property=\"og:title\" content=\"Kendall Jenner y A$AP ROCKY: la historia de amor m\u00e1s chic\" \/>\n<meta property=\"og:description\" content=\"La modelo Kendall Jenner y el rapero ASAP ROCKY tienen muchas cosas en com\u00fan, particularmente, su pasi\u00f3n por la moda.\" \/>\n<meta property=\"og:url\" content=\"https:\/\/graziamagazine.com\/mx\/articles\/kendall-jenner-asap-rocky-amor-chic\/\" \/>\n<meta property=\"og:site_name\" content=\"Grazia M\u00e9xico y Latinoam\u00e9rica\" \/>\n<meta property=\"article:modified_time\" content=\"2020-03-04T21:40:49+00:00\" \/>\n<meta property=\"og:image\" content=\"https:\/\/graziamagazine.com\/mx\/wp-content\/uploads\/sites\/13\/2017\/04\/kendall_jenner_asap_rocky_fling_galore_mag.jpg?fit=1600%2C900\" \/>\n\t<meta property=\"og:image:width\" content=\"1600\" \/>\n\t<meta property=\"og:image:height\" content=\"900\" \/>\n\t<meta property=\"og:image:type\" content=\"image\/jpeg\" \/>\n<meta name=\"twitter:card\" content=\"summary_large_image\" \/>\n<meta name=\"twitter:label1\" content=\"Est. reading time\" \/>\n\t<meta name=\"twitter:data1\" content=\"2 minutos\" \/>\n<script type=\"application\/ld+json\" class=\"yoast-schema-graph\">{\"@context\":\"https:\/\/schema.org\",\"@graph\":[{\"@type\":\"WebPage\",\"@id\":\"https:\/\/graziamagazine.com\/mx\/articles\/kendall-jenner-asap-rocky-amor-chic\/\",\"url\":\"https:\/\/graziamagazine.com\/mx\/articles\/kendall-jenner-asap-rocky-amor-chic\/\",\"name\":\"Kendall Jenner y A$AP ROCKY: la historia de amor m\u00e1s chic | Grazia M\u00e9xico y Latinoam\u00e9rica\",\"isPartOf\":{\"@id\":\"https:\/\/graziamagazine.com\/mx\/#website\"},\"datePublished\":\"2017-04-20T01:22:52+00:00\",\"dateModified\":\"2020-03-04T21:40:49+00:00\",\"description\":\"La modelo Kendall Jenner y el rapero ASAP ROCKY tienen muchas cosas en com\u00fan, particularmente, su pasi\u00f3n por la moda.\",\"breadcrumb\":{\"@id\":\"https:\/\/graziamagazine.com\/mx\/articles\/kendall-jenner-asap-rocky-amor-chic\/#breadcrumb\"},\"inLanguage\":\"es-MX\",\"potentialAction\":[{\"@type\":\"ReadAction\",\"target\":[\"https:\/\/graziamagazine.com\/mx\/articles\/kendall-jenner-asap-rocky-amor-chic\/\"]}]},{\"@type\":\"BreadcrumbList\",\"@id\":\"https:\/\/graziamagazine.com\/mx\/articles\/kendall-jenner-asap-rocky-amor-chic\/#breadcrumb\",\"itemListElement\":[{\"@type\":\"ListItem\",\"position\":1,\"name\":\"Home\",\"item\":\"https:\/\/graziamagazine.com\/mx\/\"},{\"@type\":\"ListItem\",\"position\":2,\"name\":\"Kendall Jenner y A$AP ROCKY: la historia de amor m\u00e1s chic\"}]},{\"@type\":\"WebSite\",\"@id\":\"https:\/\/graziamagazine.com\/mx\/#website\",\"url\":\"https:\/\/graziamagazine.com\/mx\/\",\"name\":\"Grazia M\u00e9xico y Latinoam\u00e9rica\",\"description\":\"Grazia es moda, belleza y noticias  de actualidad \",\"potentialAction\":[{\"@type\":\"SearchAction\",\"target\":{\"@type\":\"EntryPoint\",\"urlTemplate\":\"https:\/\/graziamagazine.com\/mx\/?s={search_term_string}\"},\"query-input\":\"required name=search_term_string\"}],\"inLanguage\":\"es-MX\"}]}<\/script>\n<!-- \/ Yoast SEO Premium plugin. -->","yoast_head_json":{"title":"Kendall Jenner y A$AP ROCKY: la historia de amor m\u00e1s chic | Grazia M\u00e9xico y Latinoam\u00e9rica","description":"La modelo Kendall Jenner y el rapero ASAP ROCKY tienen muchas cosas en com\u00fan, particularmente, su pasi\u00f3n por la moda.","robots":{"index":"index","follow":"follow","max-snippet":"max-snippet:-1","max-image-preview":"max-image-preview:large","max-video-preview":"max-video-preview:-1"},"canonical":"https:\/\/graziamagazine.com\/mx\/articles\/kendall-jenner-asap-rocky-amor-chic\/","og_locale":"es_MX","og_type":"article","og_title":"Kendall Jenner y A$AP ROCKY: la historia de amor m\u00e1s chic","og_description":"La modelo Kendall Jenner y el rapero ASAP ROCKY tienen muchas cosas en com\u00fan, particularmente, su pasi\u00f3n por la moda.","og_url":"https:\/\/graziamagazine.com\/mx\/articles\/kendall-jenner-asap-rocky-amor-chic\/","og_site_name":"Grazia M\u00e9xico y Latinoam\u00e9rica","article_modified_time":"2020-03-04T21:40:49+00:00","og_image":[{"width":1600,"height":900,"url":"https:\/\/graziamagazine.com\/mx\/wp-content\/uploads\/sites\/13\/2017\/04\/kendall_jenner_asap_rocky_fling_galore_mag.jpg?fit=1600%2C900","type":"image\/jpeg"}],"twitter_card":"summary_large_image","twitter_misc":{"Est. reading time":"2 minutos"},"schema":{"@context":"https:\/\/schema.org","@graph":[{"@type":"WebPage","@id":"https:\/\/graziamagazine.com\/mx\/articles\/kendall-jenner-asap-rocky-amor-chic\/","url":"https:\/\/graziamagazine.com\/mx\/articles\/kendall-jenner-asap-rocky-amor-chic\/","name":"Kendall Jenner y A$AP ROCKY: la historia de amor m\u00e1s chic | Grazia M\u00e9xico y Latinoam\u00e9rica","isPartOf":{"@id":"https:\/\/graziamagazine.com\/mx\/#website"},"datePublished":"2017-04-20T01:22:52+00:00","dateModified":"2020-03-04T21:40:49+00:00","description":"La modelo Kendall Jenner y el rapero ASAP ROCKY tienen muchas cosas en com\u00fan, particularmente, su pasi\u00f3n por la moda.","breadcrumb":{"@id":"https:\/\/graziamagazine.com\/mx\/articles\/kendall-jenner-asap-rocky-amor-chic\/#breadcrumb"},"inLanguage":"es-MX","potentialAction":[{"@type":"ReadAction","target":["https:\/\/graziamagazine.com\/mx\/articles\/kendall-jenner-asap-rocky-amor-chic\/"]}]},{"@type":"BreadcrumbList","@id":"https:\/\/graziamagazine.com\/mx\/articles\/kendall-jenner-asap-rocky-amor-chic\/#breadcrumb","itemListElement":[{"@type":"ListItem","position":1,"name":"Home","item":"https:\/\/graziamagazine.com\/mx\/"},{"@type":"ListItem","position":2,"name":"Kendall Jenner y A$AP ROCKY: la historia de amor m\u00e1s chic"}]},{"@type":"WebSite","@id":"https:\/\/graziamagazine.com\/mx\/#website","url":"https:\/\/graziamagazine.com\/mx\/","name":"Grazia M\u00e9xico y Latinoam\u00e9rica","description":"Grazia es moda, belleza y noticias  de actualidad ","potentialAction":[{"@type":"SearchAction","target":{"@type":"EntryPoint","urlTemplate":"https:\/\/graziamagazine.com\/mx\/?s={search_term_string}"},"query-input":"required name=search_term_string"}],"inLanguage":"es-MX"}]}},"jetpack_sharing_enabled":true,"distributor_meta":false,"distributor_terms":false,"distributor_media":false,"distributor_original_site_name":"Grazia M\u00e9xico y Latinoam\u00e9rica","distributor_original_site_url":"https:\/\/graziamagazine.com\/mx","push-errors":false,"_links":{"self":[{"href":"https:\/\/graziamagazine.com\/mx\/wp-json\/wp\/v2\/articles\/22253"}],"collection":[{"href":"https:\/\/graziamagazine.com\/mx\/wp-json\/wp\/v2\/articles"}],"about":[{"href":"https:\/\/graziamagazine.com\/mx\/wp-json\/wp\/v2\/types\/articles"}],"author":[{"embeddable":true,"href":"https:\/\/graziamagazine.com\/mx\/wp-json\/wp\/v2\/users\/11636"}],"wp:featuredmedia":[{"embeddable":true,"href":"https:\/\/graziamagazine.com\/mx\/wp-json\/wp\/v2\/media\/22254"}],"wp:attachment":[{"href":"https:\/\/graziamagazine.com\/mx\/wp-json\/wp\/v2\/media?parent=22253"}],"wp:term":[{"taxonomy":"category","embeddable":true,"href":"https:\/\/graziamagazine.com\/mx\/wp-json\/wp\/v2\/categories?post=22253"}],"curies":[{"name":"wp","href":"https:\/\/api.w.org\/{rel}","templated":true}]}}