{"id":22240,"date":"2017-04-19T16:51:57","date_gmt":"2017-04-19T22:51:57","guid":{"rendered":"https:\/\/graziamagazine.com\/mx\/?p=22240"},"modified":"2020-02-19T13:25:11","modified_gmt":"2020-02-19T18:25:11","slug":"los-disenos-raros-balenciaga","status":"publish","type":"articles","link":"https:\/\/graziamagazine.com\/mx\/articles\/los-disenos-raros-balenciaga\/","title":{"rendered":"Los dise\u00f1os m\u00e1s raros de Balenciaga"},"content":{"rendered":"<p><b>Accesorios de la vida real y prendas inflables, sacados de la imaginaci\u00f3n de Demna Gvasalia para Balenciaga.<\/b><\/p>\n<p><!--more--><\/p>\n<h5><strong><em>*Esta nota fue actualizada.<\/em><\/strong><\/h5>\n<p><span style=\"font-weight: 400;\">A estas alturas, ya nada nos sorprende de Balenciaga y no lo decimos de forma negativa. Por el contrario, estamos tan acostumbradas a las continuas sorpresas de su director creativo Demna Gvasalia, que podemos esperar desde lo m\u00e1s alocado hasta lo m\u00e1s com\u00fan con cada colecci\u00f3n.<\/span><\/p>\n<p>A continuaci\u00f3n, te enlistamos las prendas m\u00e1s raras que encontrar\u00e1s esta temporada que confirman que las ocurrencias del dise\u00f1ador (de la cuales ya te hemos platicado) est\u00e1n lejos de terminar. \u00bfCon cu\u00e1l de todos te quedas?<\/p>\n<h2><b>EL CHALECO SALVAVIDAS<\/b><\/h2>\n<p><span style=\"font-weight: 400;\">Este ya le dio la vuelta al mundo. \u00bfA qui\u00e9n se le ocurrir\u00eda llevar un aditamento de protecci\u00f3n a la pasarela? la respuesta es sencilla.<\/span><\/p>\n<p><span style=\"font-weight: 400;\">Para esta temporada, Balenciaga propone que lo infles y que lo lleves en tu d\u00eda a d\u00eda sobre un vestido asim\u00e9trico, medias negras y sandalias rojas. No es broma.<\/span><\/p>\n<p>&nbsp;<\/p>\n<p><img loading=\"lazy\" decoding=\"async\" class=\"alignnone wp-image-22242\" title=\"Los dise\u00f1os m\u00e1s raros de Balenciaga\" src=\"https:\/\/graziamagazine.com\/mx\/wp-content\/uploads\/sites\/13\/2017\/04\/884892-marigold-079b9eb8-.jpeg\" alt=\"BALENCIAGA INFLATABLE VEST \" width=\"605\" height=\"908\" srcset=\"https:\/\/graziamagazine.com\/mx\/wp-content\/uploads\/sites\/13\/2017\/04\/884892-marigold-079b9eb8-.jpeg 1365w, https:\/\/graziamagazine.com\/mx\/wp-content\/uploads\/sites\/13\/2017\/04\/884892-marigold-079b9eb8-.jpeg?resize=300,450 300w, https:\/\/graziamagazine.com\/mx\/wp-content\/uploads\/sites\/13\/2017\/04\/884892-marigold-079b9eb8-.jpeg?resize=768,1152 768w, https:\/\/graziamagazine.com\/mx\/wp-content\/uploads\/sites\/13\/2017\/04\/884892-marigold-079b9eb8-.jpeg?resize=683,1024 683w, https:\/\/graziamagazine.com\/mx\/wp-content\/uploads\/sites\/13\/2017\/04\/884892-marigold-079b9eb8-.jpeg?resize=1024,1536 1024w, https:\/\/graziamagazine.com\/mx\/wp-content\/uploads\/sites\/13\/2017\/04\/884892-marigold-079b9eb8-.jpeg?resize=143,215 143w\" sizes=\"(max-width: 605px) 100vw, 605px\" \/><\/p>\n<h2><b>LOS SNEAKERS DE RED<\/b><\/h2>\n<p><span style=\"font-weight: 400;\">El mesh es uno de los tejidos que m\u00e1s presencia tiene a fechas recientes. Sin embargo, Demna Gvasalia lo lleva al otro extremo al exagerar su tejido y dejarlo mucho m\u00e1s abierto. <\/span><\/p>\n<p><span style=\"font-weight: 400;\">La descripci\u00f3n dicta la mejor forma de usarlos al <\/span><i><span style=\"font-weight: 400;\">\u201crevelar sutilmente la piel bajo el zapato\u201d.<\/span><\/i><\/p>\n<p>&nbsp;<\/p>\n<p><img loading=\"lazy\" decoding=\"async\" class=\"alignnone wp-image-22244\" title=\"Los dise\u00f1os m\u00e1s raros de Balenciaga\" src=\"https:\/\/graziamagazine.com\/mx\/wp-content\/uploads\/sites\/13\/2017\/04\/11235946mw_11_a_f.jpg\" alt=\"BALENCIAGA SPEED TRAINER WEAVING\" width=\"605\" height=\"605\" srcset=\"https:\/\/graziamagazine.com\/mx\/wp-content\/uploads\/sites\/13\/2017\/04\/11235946mw_11_a_f.jpg 474w, https:\/\/graziamagazine.com\/mx\/wp-content\/uploads\/sites\/13\/2017\/04\/11235946mw_11_a_f.jpg?resize=150,150 150w, https:\/\/graziamagazine.com\/mx\/wp-content\/uploads\/sites\/13\/2017\/04\/11235946mw_11_a_f.jpg?resize=450,450 450w, https:\/\/graziamagazine.com\/mx\/wp-content\/uploads\/sites\/13\/2017\/04\/11235946mw_11_a_f.jpg?resize=155,155 155w\" sizes=\"(max-width: 605px) 100vw, 605px\" \/><\/p>\n<h2><b>EL BOLSO \u201cDE ESCOMBROS\u201d<\/b><\/h2>\n<p><span style=\"font-weight: 400;\">Debemos de admitir que este no lo ve\u00edamos venir. El dise\u00f1ador se inspir\u00f3 en los sacos de cemento de las construcciones para crear el \u201cScaffold Leather Shopper\u201d.<\/span><\/p>\n<p><span style=\"font-weight: 400;\">Como su nombre lo indica, la intenci\u00f3n es rendirle tributo a los \u201cescombros\u201d; de ah\u00ed la raz\u00f3n de que el bolso tenga una apariencia muy industrial.<\/span><\/p>\n<p><img loading=\"lazy\" decoding=\"async\" class=\"alignnone wp-image-22245\" title=\"Los dise\u00f1os m\u00e1s raros de Balenciaga\" src=\"https:\/\/graziamagazine.com\/mx\/wp-content\/uploads\/sites\/13\/2017\/04\/P00238653.jpg\" alt=\"BALENCIAGA SCAFFOLD LEATHER SHOPPER\" width=\"605\" height=\"684\" srcset=\"https:\/\/graziamagazine.com\/mx\/wp-content\/uploads\/sites\/13\/2017\/04\/P00238653.jpg 962w, https:\/\/graziamagazine.com\/mx\/wp-content\/uploads\/sites\/13\/2017\/04\/P00238653.jpg?resize=398,450 398w, https:\/\/graziamagazine.com\/mx\/wp-content\/uploads\/sites\/13\/2017\/04\/P00238653.jpg?resize=768,869 768w, https:\/\/graziamagazine.com\/mx\/wp-content\/uploads\/sites\/13\/2017\/04\/P00238653.jpg?resize=905,1024 905w, https:\/\/graziamagazine.com\/mx\/wp-content\/uploads\/sites\/13\/2017\/04\/P00238653.jpg?resize=155,175 155w\" sizes=\"(max-width: 605px) 100vw, 605px\" \/><\/p>\n<h2><b>LA BOLSA DE IKEA<\/b><\/h2>\n<p><span style=\"font-weight: 400;\">Est\u00e1 la inspirada en la bolsa del mercado, al igual que de la funda de cobertor. Ahora, para su l\u00ednea de menswear est\u00e1 el Arena Creased-Leather Holdall.<\/span><\/p>\n<p><span style=\"font-weight: 400;\">\u00bfTe parece conocido? \u00a1Est\u00e1s en lo correcto! es s\u00faper parecida a la bolsa de compras de Ikea, pero esta cuesta arriba de los $2,000 d\u00f3lares.<\/span><\/p>\n<p><img loading=\"lazy\" decoding=\"async\" class=\"alignnone wp-image-22246\" title=\"Los dise\u00f1os m\u00e1s raros de Balenciaga\" src=\"https:\/\/graziamagazine.com\/mx\/wp-content\/uploads\/sites\/13\/2017\/04\/Balenciaga-Ikea-Bag.jpg\" alt=\"BALENCIAGA Arena Creased-Leather Holdall \" width=\"605\" height=\"605\" srcset=\"https:\/\/graziamagazine.com\/mx\/wp-content\/uploads\/sites\/13\/2017\/04\/Balenciaga-Ikea-Bag.jpg 1024w, https:\/\/graziamagazine.com\/mx\/wp-content\/uploads\/sites\/13\/2017\/04\/Balenciaga-Ikea-Bag.jpg?resize=150,150 150w, https:\/\/graziamagazine.com\/mx\/wp-content\/uploads\/sites\/13\/2017\/04\/Balenciaga-Ikea-Bag.jpg?resize=450,450 450w, https:\/\/graziamagazine.com\/mx\/wp-content\/uploads\/sites\/13\/2017\/04\/Balenciaga-Ikea-Bag.jpg?resize=768,768 768w, https:\/\/graziamagazine.com\/mx\/wp-content\/uploads\/sites\/13\/2017\/04\/Balenciaga-Ikea-Bag.jpg?resize=155,155 155w\" sizes=\"(max-width: 605px) 100vw, 605px\" \/><\/p>\n<h2><b>EL BRAZALETE NOVENTERO<\/b><\/h2>\n<p><span style=\"font-weight: 400;\">Estos eran tus favoritos en la infancia (o la pubertad). Los brazaletes estirados que al golpear tu mu\u00f1eca se enroscaban, tambi\u00e9n los encontrar\u00e1s en la colecci\u00f3n SS17.<\/span><\/p>\n<p><span style=\"font-weight: 400;\">Los hay en dos colores: rosa y amarillo fosforescente y con el nombre de Balenciaga estampado a lo largo. \u00a1S\u00faper retro!<\/span><\/p>\n<p>&nbsp;<\/p>\n<p><img loading=\"lazy\" decoding=\"async\" class=\"alignnone wp-image-22247\" title=\"Los dise\u00f1os m\u00e1s raros de Balenciaga\" src=\"https:\/\/graziamagazine.com\/mx\/wp-content\/uploads\/sites\/13\/2017\/04\/50190163ip_11_a_f.jpg\" alt=\"BALENCIAGA CYCLE BRACELET\" width=\"605\" height=\"605\" srcset=\"https:\/\/graziamagazine.com\/mx\/wp-content\/uploads\/sites\/13\/2017\/04\/50190163ip_11_a_f.jpg 462w, https:\/\/graziamagazine.com\/mx\/wp-content\/uploads\/sites\/13\/2017\/04\/50190163ip_11_a_f.jpg?resize=150,150 150w, https:\/\/graziamagazine.com\/mx\/wp-content\/uploads\/sites\/13\/2017\/04\/50190163ip_11_a_f.jpg?resize=450,450 450w, https:\/\/graziamagazine.com\/mx\/wp-content\/uploads\/sites\/13\/2017\/04\/50190163ip_11_a_f.jpg?resize=155,155 155w\" sizes=\"(max-width: 605px) 100vw, 605px\" \/><\/p>\n<p>&nbsp;<\/p>\n<h2><b>LOS ARETES DE BOT\u00d3N<\/b><\/h2>\n<p><span style=\"font-weight: 400;\">Otra idea tomada de d\u00e9cadas pasadas es el de los aretes de bot\u00f3n propuestos para esta temporada. Los dos modelos est\u00e1n forrados con textiles a rayas presentes en la colecci\u00f3n y por si fuera poco, vienen en tres tama\u00f1os diferentes para que juegues con las proporciones.<\/span><\/p>\n<p>&nbsp;<\/p>\n<p><img loading=\"lazy\" decoding=\"async\" class=\"alignnone wp-image-22249\" title=\"Los dise\u00f1os m\u00e1s raros de Balenciaga\" src=\"https:\/\/graziamagazine.com\/mx\/wp-content\/uploads\/sites\/13\/2017\/04\/50190169vu_11_a_fA.jpg\" alt=\"BALENCIAGA EARRINGS BUTTONS\" width=\"605\" height=\"605\" srcset=\"https:\/\/graziamagazine.com\/mx\/wp-content\/uploads\/sites\/13\/2017\/04\/50190169vu_11_a_fA.jpg 442w, https:\/\/graziamagazine.com\/mx\/wp-content\/uploads\/sites\/13\/2017\/04\/50190169vu_11_a_fA.jpg?resize=150,150 150w, https:\/\/graziamagazine.com\/mx\/wp-content\/uploads\/sites\/13\/2017\/04\/50190169vu_11_a_fA.jpg?resize=155,155 155w\" sizes=\"(max-width: 605px) 100vw, 605px\" \/><\/p>\n<p>&nbsp;<\/p>\n","protected":false},"author":11634,"featured_media":22241,"template":"","format":"standard","categories":[5,4],"acf":[],"yoast_head":"<!-- This site is optimized with the Yoast SEO Premium plugin v18.5 (Yoast SEO v20.4) - https:\/\/yoast.com\/wordpress\/plugins\/seo\/ -->\n<title>Los dise\u00f1os m\u00e1s raros de Balenciaga | Grazia M\u00e9xico y Latinoam\u00e9rica<\/title>\n<meta name=\"description\" content=\"Accesorios de la vida real y prendas inflables, sacados de la imaginaci\u00f3n de Demna Gvasalia para Balenciaga.\" \/>\n<meta name=\"robots\" content=\"index, follow, max-snippet:-1, max-image-preview:large, max-video-preview:-1\" \/>\n<link rel=\"canonical\" href=\"https:\/\/graziamagazine.com\/mx\/articles\/los-disenos-raros-balenciaga\/\" \/>\n<meta property=\"og:locale\" content=\"es_MX\" \/>\n<meta property=\"og:type\" content=\"article\" \/>\n<meta property=\"og:title\" content=\"Los dise\u00f1os m\u00e1s raros de Balenciaga\" \/>\n<meta property=\"og:description\" content=\"Accesorios de la vida real y prendas inflables, sacados de la imaginaci\u00f3n de Demna Gvasalia para Balenciaga.\" \/>\n<meta property=\"og:url\" content=\"https:\/\/graziamagazine.com\/mx\/articles\/los-disenos-raros-balenciaga\/\" \/>\n<meta property=\"og:site_name\" content=\"Grazia M\u00e9xico y Latinoam\u00e9rica\" \/>\n<meta property=\"article:modified_time\" content=\"2020-02-19T18:25:11+00:00\" \/>\n<meta property=\"og:image\" content=\"https:\/\/graziamagazine.com\/mx\/wp-content\/uploads\/sites\/13\/2017\/04\/blcng-e1576525673328.jpg?fit=1200%2C767\" \/>\n\t<meta property=\"og:image:width\" content=\"1200\" \/>\n\t<meta property=\"og:image:height\" content=\"767\" \/>\n\t<meta property=\"og:image:type\" content=\"image\/jpeg\" \/>\n<meta name=\"twitter:card\" content=\"summary_large_image\" \/>\n<meta name=\"twitter:label1\" content=\"Est. reading time\" \/>\n\t<meta name=\"twitter:data1\" content=\"2 minutos\" \/>\n<script type=\"application\/ld+json\" class=\"yoast-schema-graph\">{\"@context\":\"https:\/\/schema.org\",\"@graph\":[{\"@type\":\"WebPage\",\"@id\":\"https:\/\/graziamagazine.com\/mx\/articles\/los-disenos-raros-balenciaga\/\",\"url\":\"https:\/\/graziamagazine.com\/mx\/articles\/los-disenos-raros-balenciaga\/\",\"name\":\"Los dise\u00f1os m\u00e1s raros de Balenciaga | Grazia M\u00e9xico y Latinoam\u00e9rica\",\"isPartOf\":{\"@id\":\"https:\/\/graziamagazine.com\/mx\/#website\"},\"datePublished\":\"2017-04-19T22:51:57+00:00\",\"dateModified\":\"2020-02-19T18:25:11+00:00\",\"description\":\"Accesorios de la vida real y prendas inflables, sacados de la imaginaci\u00f3n de Demna Gvasalia para Balenciaga.\",\"breadcrumb\":{\"@id\":\"https:\/\/graziamagazine.com\/mx\/articles\/los-disenos-raros-balenciaga\/#breadcrumb\"},\"inLanguage\":\"es-MX\",\"potentialAction\":[{\"@type\":\"ReadAction\",\"target\":[\"https:\/\/graziamagazine.com\/mx\/articles\/los-disenos-raros-balenciaga\/\"]}]},{\"@type\":\"BreadcrumbList\",\"@id\":\"https:\/\/graziamagazine.com\/mx\/articles\/los-disenos-raros-balenciaga\/#breadcrumb\",\"itemListElement\":[{\"@type\":\"ListItem\",\"position\":1,\"name\":\"Home\",\"item\":\"https:\/\/graziamagazine.com\/mx\/\"},{\"@type\":\"ListItem\",\"position\":2,\"name\":\"Los dise\u00f1os m\u00e1s raros de Balenciaga\"}]},{\"@type\":\"WebSite\",\"@id\":\"https:\/\/graziamagazine.com\/mx\/#website\",\"url\":\"https:\/\/graziamagazine.com\/mx\/\",\"name\":\"Grazia M\u00e9xico y Latinoam\u00e9rica\",\"description\":\"Grazia es moda, belleza y noticias  de actualidad \",\"potentialAction\":[{\"@type\":\"SearchAction\",\"target\":{\"@type\":\"EntryPoint\",\"urlTemplate\":\"https:\/\/graziamagazine.com\/mx\/?s={search_term_string}\"},\"query-input\":\"required name=search_term_string\"}],\"inLanguage\":\"es-MX\"}]}<\/script>\n<!-- \/ Yoast SEO Premium plugin. -->","yoast_head_json":{"title":"Los dise\u00f1os m\u00e1s raros de Balenciaga | Grazia M\u00e9xico y Latinoam\u00e9rica","description":"Accesorios de la vida real y prendas inflables, sacados de la imaginaci\u00f3n de Demna Gvasalia para Balenciaga.","robots":{"index":"index","follow":"follow","max-snippet":"max-snippet:-1","max-image-preview":"max-image-preview:large","max-video-preview":"max-video-preview:-1"},"canonical":"https:\/\/graziamagazine.com\/mx\/articles\/los-disenos-raros-balenciaga\/","og_locale":"es_MX","og_type":"article","og_title":"Los dise\u00f1os m\u00e1s raros de Balenciaga","og_description":"Accesorios de la vida real y prendas inflables, sacados de la imaginaci\u00f3n de Demna Gvasalia para Balenciaga.","og_url":"https:\/\/graziamagazine.com\/mx\/articles\/los-disenos-raros-balenciaga\/","og_site_name":"Grazia M\u00e9xico y Latinoam\u00e9rica","article_modified_time":"2020-02-19T18:25:11+00:00","og_image":[{"width":1200,"height":767,"url":"https:\/\/graziamagazine.com\/mx\/wp-content\/uploads\/sites\/13\/2017\/04\/blcng-e1576525673328.jpg?fit=1200%2C767","type":"image\/jpeg"}],"twitter_card":"summary_large_image","twitter_misc":{"Est. reading time":"2 minutos"},"schema":{"@context":"https:\/\/schema.org","@graph":[{"@type":"WebPage","@id":"https:\/\/graziamagazine.com\/mx\/articles\/los-disenos-raros-balenciaga\/","url":"https:\/\/graziamagazine.com\/mx\/articles\/los-disenos-raros-balenciaga\/","name":"Los dise\u00f1os m\u00e1s raros de Balenciaga | Grazia M\u00e9xico y Latinoam\u00e9rica","isPartOf":{"@id":"https:\/\/graziamagazine.com\/mx\/#website"},"datePublished":"2017-04-19T22:51:57+00:00","dateModified":"2020-02-19T18:25:11+00:00","description":"Accesorios de la vida real y prendas inflables, sacados de la imaginaci\u00f3n de Demna Gvasalia para Balenciaga.","breadcrumb":{"@id":"https:\/\/graziamagazine.com\/mx\/articles\/los-disenos-raros-balenciaga\/#breadcrumb"},"inLanguage":"es-MX","potentialAction":[{"@type":"ReadAction","target":["https:\/\/graziamagazine.com\/mx\/articles\/los-disenos-raros-balenciaga\/"]}]},{"@type":"BreadcrumbList","@id":"https:\/\/graziamagazine.com\/mx\/articles\/los-disenos-raros-balenciaga\/#breadcrumb","itemListElement":[{"@type":"ListItem","position":1,"name":"Home","item":"https:\/\/graziamagazine.com\/mx\/"},{"@type":"ListItem","position":2,"name":"Los dise\u00f1os m\u00e1s raros de Balenciaga"}]},{"@type":"WebSite","@id":"https:\/\/graziamagazine.com\/mx\/#website","url":"https:\/\/graziamagazine.com\/mx\/","name":"Grazia M\u00e9xico y Latinoam\u00e9rica","description":"Grazia es moda, belleza y noticias  de actualidad ","potentialAction":[{"@type":"SearchAction","target":{"@type":"EntryPoint","urlTemplate":"https:\/\/graziamagazine.com\/mx\/?s={search_term_string}"},"query-input":"required name=search_term_string"}],"inLanguage":"es-MX"}]}},"jetpack_sharing_enabled":true,"distributor_meta":false,"distributor_terms":false,"distributor_media":false,"distributor_original_site_name":"Grazia M\u00e9xico y Latinoam\u00e9rica","distributor_original_site_url":"https:\/\/graziamagazine.com\/mx","push-errors":false,"_links":{"self":[{"href":"https:\/\/graziamagazine.com\/mx\/wp-json\/wp\/v2\/articles\/22240"}],"collection":[{"href":"https:\/\/graziamagazine.com\/mx\/wp-json\/wp\/v2\/articles"}],"about":[{"href":"https:\/\/graziamagazine.com\/mx\/wp-json\/wp\/v2\/types\/articles"}],"author":[{"embeddable":true,"href":"https:\/\/graziamagazine.com\/mx\/wp-json\/wp\/v2\/users\/11634"}],"wp:featuredmedia":[{"embeddable":true,"href":"https:\/\/graziamagazine.com\/mx\/wp-json\/wp\/v2\/media\/22241"}],"wp:attachment":[{"href":"https:\/\/graziamagazine.com\/mx\/wp-json\/wp\/v2\/media?parent=22240"}],"wp:term":[{"taxonomy":"category","embeddable":true,"href":"https:\/\/graziamagazine.com\/mx\/wp-json\/wp\/v2\/categories?post=22240"}],"curies":[{"name":"wp","href":"https:\/\/api.w.org\/{rel}","templated":true}]}}