{"id":21692,"date":"2017-04-10T10:44:10","date_gmt":"2017-04-10T16:44:10","guid":{"rendered":"https:\/\/graziamagazine.com\/mx\/?p=21692"},"modified":"2017-04-10T10:45:30","modified_gmt":"2017-04-10T16:45:30","slug":"thor-nuevo-trailer-la-pelicula-ya-esta-aqui","status":"publish","type":"articles","link":"https:\/\/graziamagazine.com\/mx\/articles\/thor-nuevo-trailer-la-pelicula-ya-esta-aqui\/","title":{"rendered":"THOR: EL NUEVO TRAILER DE LA PEL\u00cdCULA YA EST\u00c1 AQU\u00cd"},"content":{"rendered":"<p><b>Te compartimos el teaser de lo que podr\u00e1s esperar en la tercera parte de Thor: \u201cRagnarok\u201d&#8230; \u00a1Con un co protagonista inesperado!<\/b><\/p>\n<p><!--more--><\/p>\n<p>\u2013\u2013\u2013\u2013<\/p>\n<p><img loading=\"lazy\" decoding=\"async\" class=\"wp-image-21705\" src=\"https:\/\/graziamagazine.com\/mx\/wp-content\/uploads\/sites\/13\/2017\/04\/THOR-DESTACADA.jpg\" alt=\"THOR DESTACADA\" width=\"605\" height=\"350\" srcset=\"https:\/\/graziamagazine.com\/mx\/wp-content\/uploads\/sites\/13\/2017\/04\/THOR-DESTACADA.jpg 1800w, https:\/\/graziamagazine.com\/mx\/wp-content\/uploads\/sites\/13\/2017\/04\/THOR-DESTACADA.jpg?resize=450,261 450w, https:\/\/graziamagazine.com\/mx\/wp-content\/uploads\/sites\/13\/2017\/04\/THOR-DESTACADA.jpg?resize=768,445 768w, https:\/\/graziamagazine.com\/mx\/wp-content\/uploads\/sites\/13\/2017\/04\/THOR-DESTACADA.jpg?resize=1024,593 1024w, https:\/\/graziamagazine.com\/mx\/wp-content\/uploads\/sites\/13\/2017\/04\/THOR-DESTACADA.jpg?resize=1536,889 1536w, https:\/\/graziamagazine.com\/mx\/wp-content\/uploads\/sites\/13\/2017\/04\/THOR-DESTACADA.jpg?resize=155,90 155w\" sizes=\"(max-width: 605px) 100vw, 605px\" \/><\/p>\n<p><span style=\"font-weight: 400;\">Una de las pel\u00edculas m\u00e1s esperadas por los fan\u00e1ticos de Marvel es la protagonizada por el h\u00e9roe m\u00edtico, Thor. El nuevo trailer de la cinta sit\u00faa al \u201cDios del Trueno\u201d en una misi\u00f3n por salvar al mundo de la destrucci\u00f3n.<\/span><\/p>\n<p>Tras ser enviado al planeta Sakaar, se enfrentar\u00e1 con el mism\u00edsimo Hulk en donde ambos tendr\u00e1n un intenso combate de gladiadores. Quienes sigan de cerca la historia de ambos, podr\u00e1n ser testigos por primera vez de un duelo que seguramente, tendr\u00e1 a todos al filo del asiento todo el tiempo.<\/p>\n<p>No queremos arruinarlo para ti adelantando m\u00e1s detalles. Mejor, te lo compartimos para que lo disfrutes y (\u00bfpor qu\u00e9 no?) veas lo guapo que se ve Chris Hemsworth estrenando nuevo look.<\/p>\n<p>&nbsp;<\/p>\n<p><iframe loading=\"lazy\" width=\"500\" height=\"281\" src=\"https:\/\/www.youtube.com\/embed\/v7MGUNV8MxU?feature=oembed\" frameborder=\"0\" allowfullscreen><\/iframe><\/p>\n","protected":false},"author":11636,"featured_media":21705,"template":"","format":"standard","categories":[2,5,10],"acf":[],"yoast_head":"<!-- This site is optimized with the Yoast SEO Premium plugin v18.5 (Yoast SEO v20.4) - https:\/\/yoast.com\/wordpress\/plugins\/seo\/ -->\n<title>THOR: EL NUEVO TRAILER DE LA PEL\u00cdCULA YA EST\u00c1 AQU\u00cd | Grazia M\u00e9xico y Latinoam\u00e9rica<\/title>\n<meta name=\"description\" content=\"Te compartimos el teaser de lo que podr\u00e1s esperar en la tercera parte de Thor: \u201cRagnarok\u201d.\" \/>\n<meta name=\"robots\" content=\"index, follow, max-snippet:-1, max-image-preview:large, max-video-preview:-1\" \/>\n<link rel=\"canonical\" href=\"https:\/\/graziamagazine.com\/mx\/articles\/thor-nuevo-trailer-la-pelicula-ya-esta-aqui\/\" \/>\n<meta property=\"og:locale\" content=\"es_MX\" \/>\n<meta property=\"og:type\" content=\"article\" \/>\n<meta property=\"og:title\" content=\"THOR: EL NUEVO TRAILER DE LA PEL\u00cdCULA YA EST\u00c1 AQU\u00cd\" \/>\n<meta property=\"og:description\" content=\"Te compartimos el teaser de lo que podr\u00e1s esperar en la tercera parte de Thor: \u201cRagnarok\u201d.\" \/>\n<meta property=\"og:url\" content=\"https:\/\/graziamagazine.com\/mx\/articles\/thor-nuevo-trailer-la-pelicula-ya-esta-aqui\/\" \/>\n<meta property=\"og:site_name\" content=\"Grazia M\u00e9xico y Latinoam\u00e9rica\" \/>\n<meta property=\"article:modified_time\" content=\"2017-04-10T16:45:30+00:00\" \/>\n<meta property=\"og:image\" content=\"https:\/\/graziamagazine.com\/mx\/wp-content\/uploads\/sites\/13\/2017\/04\/THOR-DESTACADA.jpg?fit=1800%2C1042\" \/>\n\t<meta property=\"og:image:width\" content=\"1800\" \/>\n\t<meta property=\"og:image:height\" content=\"1042\" \/>\n\t<meta property=\"og:image:type\" content=\"image\/jpeg\" \/>\n<meta name=\"twitter:card\" content=\"summary_large_image\" \/>\n<meta name=\"twitter:label1\" content=\"Est. reading time\" \/>\n\t<meta name=\"twitter:data1\" content=\"1 minuto\" \/>\n<script type=\"application\/ld+json\" class=\"yoast-schema-graph\">{\"@context\":\"https:\/\/schema.org\",\"@graph\":[{\"@type\":\"WebPage\",\"@id\":\"https:\/\/graziamagazine.com\/mx\/articles\/thor-nuevo-trailer-la-pelicula-ya-esta-aqui\/\",\"url\":\"https:\/\/graziamagazine.com\/mx\/articles\/thor-nuevo-trailer-la-pelicula-ya-esta-aqui\/\",\"name\":\"THOR: EL NUEVO TRAILER DE LA PEL\u00cdCULA YA EST\u00c1 AQU\u00cd | Grazia M\u00e9xico y Latinoam\u00e9rica\",\"isPartOf\":{\"@id\":\"https:\/\/graziamagazine.com\/mx\/#website\"},\"datePublished\":\"2017-04-10T16:44:10+00:00\",\"dateModified\":\"2017-04-10T16:45:30+00:00\",\"description\":\"Te compartimos el teaser de lo que podr\u00e1s esperar en la tercera parte de Thor: \u201cRagnarok\u201d.\",\"breadcrumb\":{\"@id\":\"https:\/\/graziamagazine.com\/mx\/articles\/thor-nuevo-trailer-la-pelicula-ya-esta-aqui\/#breadcrumb\"},\"inLanguage\":\"es-MX\",\"potentialAction\":[{\"@type\":\"ReadAction\",\"target\":[\"https:\/\/graziamagazine.com\/mx\/articles\/thor-nuevo-trailer-la-pelicula-ya-esta-aqui\/\"]}]},{\"@type\":\"BreadcrumbList\",\"@id\":\"https:\/\/graziamagazine.com\/mx\/articles\/thor-nuevo-trailer-la-pelicula-ya-esta-aqui\/#breadcrumb\",\"itemListElement\":[{\"@type\":\"ListItem\",\"position\":1,\"name\":\"Home\",\"item\":\"https:\/\/graziamagazine.com\/mx\/\"},{\"@type\":\"ListItem\",\"position\":2,\"name\":\"THOR: EL NUEVO TRAILER DE LA PEL\u00cdCULA YA EST\u00c1 AQU\u00cd\"}]},{\"@type\":\"WebSite\",\"@id\":\"https:\/\/graziamagazine.com\/mx\/#website\",\"url\":\"https:\/\/graziamagazine.com\/mx\/\",\"name\":\"Grazia M\u00e9xico y Latinoam\u00e9rica\",\"description\":\"Grazia es moda, belleza y noticias  de actualidad \",\"potentialAction\":[{\"@type\":\"SearchAction\",\"target\":{\"@type\":\"EntryPoint\",\"urlTemplate\":\"https:\/\/graziamagazine.com\/mx\/?s={search_term_string}\"},\"query-input\":\"required name=search_term_string\"}],\"inLanguage\":\"es-MX\"}]}<\/script>\n<!-- \/ Yoast SEO Premium plugin. -->","yoast_head_json":{"title":"THOR: EL NUEVO TRAILER DE LA PEL\u00cdCULA YA EST\u00c1 AQU\u00cd | Grazia M\u00e9xico y Latinoam\u00e9rica","description":"Te compartimos el teaser de lo que podr\u00e1s esperar en la tercera parte de Thor: \u201cRagnarok\u201d.","robots":{"index":"index","follow":"follow","max-snippet":"max-snippet:-1","max-image-preview":"max-image-preview:large","max-video-preview":"max-video-preview:-1"},"canonical":"https:\/\/graziamagazine.com\/mx\/articles\/thor-nuevo-trailer-la-pelicula-ya-esta-aqui\/","og_locale":"es_MX","og_type":"article","og_title":"THOR: EL NUEVO TRAILER DE LA PEL\u00cdCULA YA EST\u00c1 AQU\u00cd","og_description":"Te compartimos el teaser de lo que podr\u00e1s esperar en la tercera parte de Thor: \u201cRagnarok\u201d.","og_url":"https:\/\/graziamagazine.com\/mx\/articles\/thor-nuevo-trailer-la-pelicula-ya-esta-aqui\/","og_site_name":"Grazia M\u00e9xico y Latinoam\u00e9rica","article_modified_time":"2017-04-10T16:45:30+00:00","og_image":[{"width":1800,"height":1042,"url":"https:\/\/graziamagazine.com\/mx\/wp-content\/uploads\/sites\/13\/2017\/04\/THOR-DESTACADA.jpg?fit=1800%2C1042","type":"image\/jpeg"}],"twitter_card":"summary_large_image","twitter_misc":{"Est. reading time":"1 minuto"},"schema":{"@context":"https:\/\/schema.org","@graph":[{"@type":"WebPage","@id":"https:\/\/graziamagazine.com\/mx\/articles\/thor-nuevo-trailer-la-pelicula-ya-esta-aqui\/","url":"https:\/\/graziamagazine.com\/mx\/articles\/thor-nuevo-trailer-la-pelicula-ya-esta-aqui\/","name":"THOR: EL NUEVO TRAILER DE LA PEL\u00cdCULA YA EST\u00c1 AQU\u00cd | Grazia M\u00e9xico y Latinoam\u00e9rica","isPartOf":{"@id":"https:\/\/graziamagazine.com\/mx\/#website"},"datePublished":"2017-04-10T16:44:10+00:00","dateModified":"2017-04-10T16:45:30+00:00","description":"Te compartimos el teaser de lo que podr\u00e1s esperar en la tercera parte de Thor: \u201cRagnarok\u201d.","breadcrumb":{"@id":"https:\/\/graziamagazine.com\/mx\/articles\/thor-nuevo-trailer-la-pelicula-ya-esta-aqui\/#breadcrumb"},"inLanguage":"es-MX","potentialAction":[{"@type":"ReadAction","target":["https:\/\/graziamagazine.com\/mx\/articles\/thor-nuevo-trailer-la-pelicula-ya-esta-aqui\/"]}]},{"@type":"BreadcrumbList","@id":"https:\/\/graziamagazine.com\/mx\/articles\/thor-nuevo-trailer-la-pelicula-ya-esta-aqui\/#breadcrumb","itemListElement":[{"@type":"ListItem","position":1,"name":"Home","item":"https:\/\/graziamagazine.com\/mx\/"},{"@type":"ListItem","position":2,"name":"THOR: EL NUEVO TRAILER DE LA PEL\u00cdCULA YA EST\u00c1 AQU\u00cd"}]},{"@type":"WebSite","@id":"https:\/\/graziamagazine.com\/mx\/#website","url":"https:\/\/graziamagazine.com\/mx\/","name":"Grazia M\u00e9xico y Latinoam\u00e9rica","description":"Grazia es moda, belleza y noticias  de actualidad ","potentialAction":[{"@type":"SearchAction","target":{"@type":"EntryPoint","urlTemplate":"https:\/\/graziamagazine.com\/mx\/?s={search_term_string}"},"query-input":"required name=search_term_string"}],"inLanguage":"es-MX"}]}},"jetpack_sharing_enabled":true,"distributor_meta":false,"distributor_terms":false,"distributor_media":false,"distributor_original_site_name":"Grazia M\u00e9xico y Latinoam\u00e9rica","distributor_original_site_url":"https:\/\/graziamagazine.com\/mx","push-errors":false,"_links":{"self":[{"href":"https:\/\/graziamagazine.com\/mx\/wp-json\/wp\/v2\/articles\/21692"}],"collection":[{"href":"https:\/\/graziamagazine.com\/mx\/wp-json\/wp\/v2\/articles"}],"about":[{"href":"https:\/\/graziamagazine.com\/mx\/wp-json\/wp\/v2\/types\/articles"}],"author":[{"embeddable":true,"href":"https:\/\/graziamagazine.com\/mx\/wp-json\/wp\/v2\/users\/11636"}],"wp:featuredmedia":[{"embeddable":true,"href":"https:\/\/graziamagazine.com\/mx\/wp-json\/wp\/v2\/media\/21705"}],"wp:attachment":[{"href":"https:\/\/graziamagazine.com\/mx\/wp-json\/wp\/v2\/media?parent=21692"}],"wp:term":[{"taxonomy":"category","embeddable":true,"href":"https:\/\/graziamagazine.com\/mx\/wp-json\/wp\/v2\/categories?post=21692"}],"curies":[{"name":"wp","href":"https:\/\/api.w.org\/{rel}","templated":true}]}}