{"id":21524,"date":"2017-04-06T15:40:08","date_gmt":"2017-04-06T21:40:08","guid":{"rendered":"https:\/\/graziamagazine.com\/mx\/?p=21524"},"modified":"2019-12-20T12:25:38","modified_gmt":"2019-12-20T17:25:38","slug":"tacon-dior-en-venta","status":"publish","type":"articles","link":"https:\/\/graziamagazine.com\/mx\/articles\/tacon-dior-en-venta\/","title":{"rendered":"El tac\u00f3n m\u00e1s popular de Dior ya est\u00e1 a la venta"},"content":{"rendered":"<p><strong>Los has visto por todas partes y ahora ya los puedes tener: \u00a1los slingbacks de Dior!<\/strong><br \/>\n<!--more--><\/p>\n<p><span style=\"font-weight: 400;\">Si por alguna extra\u00f1a raz\u00f3n no has estado al tanto de uno de los zapatos m\u00e1s hot del momento, aqu\u00ed te va lo que necesitas saber. Dior tiene el par que querr\u00e1s tener en tu closet, \u00a1de inmediato!<\/span><\/p>\n<p><span style=\"font-weight: 400;\">Pensados para combinarse con sus s\u00faper famosas camisetas feministas (\u00a1y una falda de tul!), los <em>slingbacks<\/em> J&#8217;adore ya est\u00e1n a la venta. Los has\u00a0visto en las cuentas de Instagram de muchas celebridades e influencers como Chiara Ferragni, Aimee Song\u00a0y Bella Hadid.<\/span><\/p>\n<p><span style=\"font-weight: 400;\">Naturalmente, cada una de ellas le ha dado su propio <em>twist<\/em> al <em>&#8220;accesorio fetiche de Christian Dior&#8221;<\/em>, tal como la <em>maison<\/em> lo describe.\u00a0<\/span><\/p>\n<p><span style=\"font-weight: 400;\">Navegando por internet, descubrimos\u00a0que muchas blogueras han usado estos zapatos de maneras diferentes que nos dejaron intrigadas. Las <em>fishnets<\/em> contin\u00faan siendo tendencia; mientras que algunas\u00a0las est\u00e1n usando debajo de los<\/span><span style=\"font-weight: 400;\">\u00a0jeans y con <em>sneakers<\/em>, otras m\u00e1s proponen\u00a0agregar estos tacones a tu lista de cosas para usar con las mallas de red<\/span><span style=\"font-weight: 400;\">. <\/span><\/p>\n<p><span style=\"font-weight: 400;\">Curiosamente,<\/span><i><span style=\"font-weight: 400;\">\u00a0<\/span><\/i><span style=\"font-weight: 400;\">fueron de los m\u00e1s usados en<em> fashion month<\/em> y contin\u00faan siendo\u00a0los mas vistos en las calles esta primavera y verano. \u00bfQui\u00e9n no querr\u00eda unos tacones tan chic como estos? Cons\u00edguelos en\u00a0boutiques\u00a0Dior y en su <span style=\"text-decoration: underline;\"><a href=\"http:\/\/www.dior.com\/couture\/es_sam\/moda-mujer\/calzado\/escarpines\/tejido-tecnico-negro-19-38878#\" target=\"_blank\">p\u00e1gina oficial<\/a><\/span>.<\/span><\/p>\n<p>&nbsp;<\/p>\n<figure id=\"attachment_21565\" aria-describedby=\"caption-attachment-21565\" style=\"width: 605px\" class=\"wp-caption alignnone\"><img loading=\"lazy\" decoding=\"async\" class=\"wp-image-21565\" title=\"El tac\u00f3n m\u00e1s popular de Dior ya est\u00e1 a la venta\" src=\"https:\/\/graziamagazine.com\/mx\/wp-content\/uploads\/sites\/13\/2017\/04\/Bella-Hadid-Wearing-Dior-Spring-17.jpg\" alt=\"El tac\u00f3n m\u00e1s popular de Dior ya est\u00e1 a la venta\" width=\"605\" height=\"908\" srcset=\"https:\/\/graziamagazine.com\/mx\/wp-content\/uploads\/sites\/13\/2017\/04\/Bella-Hadid-Wearing-Dior-Spring-17.jpg 682w, https:\/\/graziamagazine.com\/mx\/wp-content\/uploads\/sites\/13\/2017\/04\/Bella-Hadid-Wearing-Dior-Spring-17.jpg?resize=300,450 300w, https:\/\/graziamagazine.com\/mx\/wp-content\/uploads\/sites\/13\/2017\/04\/Bella-Hadid-Wearing-Dior-Spring-17.jpg?resize=143,215 143w\" sizes=\"(max-width: 605px) 100vw, 605px\" \/><figcaption id=\"caption-attachment-21565\" class=\"wp-caption-text\">Cr\u00e9dito: Getty Images.<\/figcaption><\/figure>\n<h5>Texto: Aleka Gonz\u00e1lez<\/h5>\n<p>&nbsp;<\/p>\n<p>&nbsp;<\/p>\n","protected":false},"author":11636,"featured_media":21526,"template":"","format":"standard","categories":[4,10],"acf":[],"yoast_head":"<!-- This site is optimized with the Yoast SEO Premium plugin v18.5 (Yoast SEO v20.4) - https:\/\/yoast.com\/wordpress\/plugins\/seo\/ -->\n<title>El tac\u00f3n m\u00e1s popular de Dior ya est\u00e1 a la venta | Grazia M\u00e9xico y Latinoam\u00e9rica<\/title>\n<meta name=\"description\" content=\"Los has visto por todas partes y ahora ya los puedes tener: \u00a1los slingbacks de Dior!\" \/>\n<meta name=\"robots\" content=\"index, follow, max-snippet:-1, max-image-preview:large, max-video-preview:-1\" \/>\n<link rel=\"canonical\" href=\"https:\/\/graziamagazine.com\/mx\/articles\/tacon-dior-en-venta\/\" \/>\n<meta property=\"og:locale\" content=\"es_MX\" \/>\n<meta property=\"og:type\" content=\"article\" \/>\n<meta property=\"og:title\" content=\"El tac\u00f3n m\u00e1s popular de Dior ya est\u00e1 a la venta\" \/>\n<meta property=\"og:description\" content=\"Los has visto por todas partes y ahora ya los puedes tener: \u00a1los slingbacks de Dior!\" \/>\n<meta property=\"og:url\" content=\"https:\/\/graziamagazine.com\/mx\/articles\/tacon-dior-en-venta\/\" \/>\n<meta property=\"og:site_name\" content=\"Grazia M\u00e9xico y Latinoam\u00e9rica\" \/>\n<meta property=\"article:modified_time\" content=\"2019-12-20T17:25:38+00:00\" \/>\n<meta property=\"og:image\" content=\"https:\/\/graziamagazine.com\/mx\/wp-content\/uploads\/sites\/13\/2017\/04\/dior-shoes-.jpg?fit=720%2C361\" \/>\n\t<meta property=\"og:image:width\" content=\"720\" \/>\n\t<meta property=\"og:image:height\" content=\"361\" \/>\n\t<meta property=\"og:image:type\" content=\"image\/jpeg\" \/>\n<meta name=\"twitter:card\" content=\"summary_large_image\" \/>\n<meta name=\"twitter:label1\" content=\"Est. reading time\" \/>\n\t<meta name=\"twitter:data1\" content=\"1 minuto\" \/>\n<script type=\"application\/ld+json\" class=\"yoast-schema-graph\">{\"@context\":\"https:\/\/schema.org\",\"@graph\":[{\"@type\":\"WebPage\",\"@id\":\"https:\/\/graziamagazine.com\/mx\/articles\/tacon-dior-en-venta\/\",\"url\":\"https:\/\/graziamagazine.com\/mx\/articles\/tacon-dior-en-venta\/\",\"name\":\"El tac\u00f3n m\u00e1s popular de Dior ya est\u00e1 a la venta | Grazia M\u00e9xico y Latinoam\u00e9rica\",\"isPartOf\":{\"@id\":\"https:\/\/graziamagazine.com\/mx\/#website\"},\"datePublished\":\"2017-04-06T21:40:08+00:00\",\"dateModified\":\"2019-12-20T17:25:38+00:00\",\"description\":\"Los has visto por todas partes y ahora ya los puedes tener: \u00a1los slingbacks de Dior!\",\"breadcrumb\":{\"@id\":\"https:\/\/graziamagazine.com\/mx\/articles\/tacon-dior-en-venta\/#breadcrumb\"},\"inLanguage\":\"es-MX\",\"potentialAction\":[{\"@type\":\"ReadAction\",\"target\":[\"https:\/\/graziamagazine.com\/mx\/articles\/tacon-dior-en-venta\/\"]}]},{\"@type\":\"BreadcrumbList\",\"@id\":\"https:\/\/graziamagazine.com\/mx\/articles\/tacon-dior-en-venta\/#breadcrumb\",\"itemListElement\":[{\"@type\":\"ListItem\",\"position\":1,\"name\":\"Home\",\"item\":\"https:\/\/graziamagazine.com\/mx\/\"},{\"@type\":\"ListItem\",\"position\":2,\"name\":\"El tac\u00f3n m\u00e1s popular de Dior ya est\u00e1 a la venta\"}]},{\"@type\":\"WebSite\",\"@id\":\"https:\/\/graziamagazine.com\/mx\/#website\",\"url\":\"https:\/\/graziamagazine.com\/mx\/\",\"name\":\"Grazia M\u00e9xico y Latinoam\u00e9rica\",\"description\":\"Grazia es moda, belleza y noticias  de actualidad \",\"potentialAction\":[{\"@type\":\"SearchAction\",\"target\":{\"@type\":\"EntryPoint\",\"urlTemplate\":\"https:\/\/graziamagazine.com\/mx\/?s={search_term_string}\"},\"query-input\":\"required name=search_term_string\"}],\"inLanguage\":\"es-MX\"}]}<\/script>\n<!-- \/ Yoast SEO Premium plugin. -->","yoast_head_json":{"title":"El tac\u00f3n m\u00e1s popular de Dior ya est\u00e1 a la venta | Grazia M\u00e9xico y Latinoam\u00e9rica","description":"Los has visto por todas partes y ahora ya los puedes tener: \u00a1los slingbacks de Dior!","robots":{"index":"index","follow":"follow","max-snippet":"max-snippet:-1","max-image-preview":"max-image-preview:large","max-video-preview":"max-video-preview:-1"},"canonical":"https:\/\/graziamagazine.com\/mx\/articles\/tacon-dior-en-venta\/","og_locale":"es_MX","og_type":"article","og_title":"El tac\u00f3n m\u00e1s popular de Dior ya est\u00e1 a la venta","og_description":"Los has visto por todas partes y ahora ya los puedes tener: \u00a1los slingbacks de Dior!","og_url":"https:\/\/graziamagazine.com\/mx\/articles\/tacon-dior-en-venta\/","og_site_name":"Grazia M\u00e9xico y Latinoam\u00e9rica","article_modified_time":"2019-12-20T17:25:38+00:00","og_image":[{"width":720,"height":361,"url":"https:\/\/graziamagazine.com\/mx\/wp-content\/uploads\/sites\/13\/2017\/04\/dior-shoes-.jpg?fit=720%2C361","type":"image\/jpeg"}],"twitter_card":"summary_large_image","twitter_misc":{"Est. reading time":"1 minuto"},"schema":{"@context":"https:\/\/schema.org","@graph":[{"@type":"WebPage","@id":"https:\/\/graziamagazine.com\/mx\/articles\/tacon-dior-en-venta\/","url":"https:\/\/graziamagazine.com\/mx\/articles\/tacon-dior-en-venta\/","name":"El tac\u00f3n m\u00e1s popular de Dior ya est\u00e1 a la venta | Grazia M\u00e9xico y Latinoam\u00e9rica","isPartOf":{"@id":"https:\/\/graziamagazine.com\/mx\/#website"},"datePublished":"2017-04-06T21:40:08+00:00","dateModified":"2019-12-20T17:25:38+00:00","description":"Los has visto por todas partes y ahora ya los puedes tener: \u00a1los slingbacks de Dior!","breadcrumb":{"@id":"https:\/\/graziamagazine.com\/mx\/articles\/tacon-dior-en-venta\/#breadcrumb"},"inLanguage":"es-MX","potentialAction":[{"@type":"ReadAction","target":["https:\/\/graziamagazine.com\/mx\/articles\/tacon-dior-en-venta\/"]}]},{"@type":"BreadcrumbList","@id":"https:\/\/graziamagazine.com\/mx\/articles\/tacon-dior-en-venta\/#breadcrumb","itemListElement":[{"@type":"ListItem","position":1,"name":"Home","item":"https:\/\/graziamagazine.com\/mx\/"},{"@type":"ListItem","position":2,"name":"El tac\u00f3n m\u00e1s popular de Dior ya est\u00e1 a la venta"}]},{"@type":"WebSite","@id":"https:\/\/graziamagazine.com\/mx\/#website","url":"https:\/\/graziamagazine.com\/mx\/","name":"Grazia M\u00e9xico y Latinoam\u00e9rica","description":"Grazia es moda, belleza y noticias  de actualidad ","potentialAction":[{"@type":"SearchAction","target":{"@type":"EntryPoint","urlTemplate":"https:\/\/graziamagazine.com\/mx\/?s={search_term_string}"},"query-input":"required name=search_term_string"}],"inLanguage":"es-MX"}]}},"jetpack_sharing_enabled":true,"distributor_meta":false,"distributor_terms":false,"distributor_media":false,"distributor_original_site_name":"Grazia M\u00e9xico y Latinoam\u00e9rica","distributor_original_site_url":"https:\/\/graziamagazine.com\/mx","push-errors":false,"_links":{"self":[{"href":"https:\/\/graziamagazine.com\/mx\/wp-json\/wp\/v2\/articles\/21524"}],"collection":[{"href":"https:\/\/graziamagazine.com\/mx\/wp-json\/wp\/v2\/articles"}],"about":[{"href":"https:\/\/graziamagazine.com\/mx\/wp-json\/wp\/v2\/types\/articles"}],"author":[{"embeddable":true,"href":"https:\/\/graziamagazine.com\/mx\/wp-json\/wp\/v2\/users\/11636"}],"wp:featuredmedia":[{"embeddable":true,"href":"https:\/\/graziamagazine.com\/mx\/wp-json\/wp\/v2\/media\/21526"}],"wp:attachment":[{"href":"https:\/\/graziamagazine.com\/mx\/wp-json\/wp\/v2\/media?parent=21524"}],"wp:term":[{"taxonomy":"category","embeddable":true,"href":"https:\/\/graziamagazine.com\/mx\/wp-json\/wp\/v2\/categories?post=21524"}],"curies":[{"name":"wp","href":"https:\/\/api.w.org\/{rel}","templated":true}]}}