{"id":19464,"date":"2017-03-06T10:59:00","date_gmt":"2017-03-06T16:59:00","guid":{"rendered":"https:\/\/graziamagazine.com\/mx\/?p=19464"},"modified":"2017-03-06T11:02:58","modified_gmt":"2017-03-06T17:02:58","slug":"pfw-valentino-aw17","status":"publish","type":"articles","link":"https:\/\/graziamagazine.com\/mx\/articles\/pfw-valentino-aw17\/","title":{"rendered":"#PFW: VALENTINO AW17"},"content":{"rendered":"<p>Pierpaolo Piccioli nos regresa al color y al amor por los vestidos con su colecci\u00f3n AW17. Tras una entrega en suaves pasteles y simplicidad para alta costura SS17, el dise\u00f1ador apuesta por estampar ecuaciones (literalmente) sobre sus confecciones.<\/p>\n<p>Las prendas se llevan en siluetas relajadas que en ocasiones, se ajustan en la cintura. Transparencias en tul se detallan en terciopelo, pedrer\u00eda, encaje y holanes, mientras que la seda se lleva en tablas. El negro\u00a0se hace presente para imprimir un poco de rudeza en cuero, lentejuelas y terciopelo, misma que se acent\u00faa con el makeup de algunas de las modelos que ti\u00f1e los labios y p\u00e1rpados de escarlata.<\/p>\n<p>El rojo Valentino sigue siendo el hilo conductor; chokers, collares de cuentas y aretes se pegan al cuello como los accesorios principales de esta entrega.\u00a0\u00bfLos zapatos? Botas, sandalias con fur y de tiras son la cereza del pastel.<\/p>\n<p>&nbsp;<\/p>\n<p><!--[gallery size=\"large\" ids=\"19467,19468,19469,19470,19471,19472,19473,19474,19475,19476,19477,19478,19479,19480,19481,19482,19483,19484,19485,19486,19487,19488,19489,19490,19491,19492,19493,19494,19495,19496,19497,19498,19499,19500,19501,19502,19503,19504,19505,19506,19507,19508,19509,19510,19511,19512,19513,19514,19515,19516,19517,19518,19519,19520,19521,19522,19523,19524,19525,19465\"]--><\/p>\n","protected":false},"author":11636,"featured_media":19465,"template":"","format":"standard","categories":[116],"acf":[],"yoast_head":"<!-- This site is optimized with the Yoast SEO Premium plugin v18.5 (Yoast SEO v20.4) - https:\/\/yoast.com\/wordpress\/plugins\/seo\/ -->\n<title>#PFW: VALENTINO AW17 | Grazia M\u00e9xico y Latinoam\u00e9rica<\/title>\n<meta name=\"description\" content=\"Pierpaolo Piccioli nos regresa al color y al amor por los vestidos con su colecci\u00f3n AW17. Tras una entrega en suaves pasteles y simplicidad para alta\" \/>\n<meta name=\"robots\" content=\"index, follow, max-snippet:-1, max-image-preview:large, max-video-preview:-1\" \/>\n<link rel=\"canonical\" href=\"https:\/\/graziamagazine.com\/mx\/articles\/pfw-valentino-aw17\/\" \/>\n<meta property=\"og:locale\" content=\"es_MX\" \/>\n<meta property=\"og:type\" content=\"article\" \/>\n<meta property=\"og:title\" content=\"#PFW: VALENTINO AW17\" \/>\n<meta property=\"og:description\" content=\"Pierpaolo Piccioli nos regresa al color y al amor por los vestidos con su colecci\u00f3n AW17. Tras una entrega en suaves pasteles y simplicidad para alta\" \/>\n<meta property=\"og:url\" content=\"https:\/\/graziamagazine.com\/mx\/articles\/pfw-valentino-aw17\/\" \/>\n<meta property=\"og:site_name\" content=\"Grazia M\u00e9xico y Latinoam\u00e9rica\" \/>\n<meta property=\"article:modified_time\" content=\"2017-03-06T17:02:58+00:00\" \/>\n<meta property=\"og:image\" content=\"https:\/\/graziamagazine.com\/mx\/wp-content\/uploads\/sites\/13\/2017\/03\/Valentino_ful_W_F17_PA_001_2622252.jpg?fit=589%2C886\" \/>\n\t<meta property=\"og:image:width\" content=\"589\" \/>\n\t<meta property=\"og:image:height\" content=\"886\" \/>\n\t<meta property=\"og:image:type\" content=\"image\/jpeg\" \/>\n<meta name=\"twitter:card\" content=\"summary_large_image\" \/>\n<meta name=\"twitter:label1\" content=\"Est. reading time\" \/>\n\t<meta name=\"twitter:data1\" content=\"1 minuto\" \/>\n<script type=\"application\/ld+json\" class=\"yoast-schema-graph\">{\"@context\":\"https:\/\/schema.org\",\"@graph\":[{\"@type\":\"WebPage\",\"@id\":\"https:\/\/graziamagazine.com\/mx\/articles\/pfw-valentino-aw17\/\",\"url\":\"https:\/\/graziamagazine.com\/mx\/articles\/pfw-valentino-aw17\/\",\"name\":\"#PFW: VALENTINO AW17 | Grazia M\u00e9xico y Latinoam\u00e9rica\",\"isPartOf\":{\"@id\":\"https:\/\/graziamagazine.com\/mx\/#website\"},\"datePublished\":\"2017-03-06T16:59:00+00:00\",\"dateModified\":\"2017-03-06T17:02:58+00:00\",\"description\":\"Pierpaolo Piccioli nos regresa al color y al amor por los vestidos con su colecci\u00f3n AW17. Tras una entrega en suaves pasteles y simplicidad para alta\",\"breadcrumb\":{\"@id\":\"https:\/\/graziamagazine.com\/mx\/articles\/pfw-valentino-aw17\/#breadcrumb\"},\"inLanguage\":\"es-MX\",\"potentialAction\":[{\"@type\":\"ReadAction\",\"target\":[\"https:\/\/graziamagazine.com\/mx\/articles\/pfw-valentino-aw17\/\"]}]},{\"@type\":\"BreadcrumbList\",\"@id\":\"https:\/\/graziamagazine.com\/mx\/articles\/pfw-valentino-aw17\/#breadcrumb\",\"itemListElement\":[{\"@type\":\"ListItem\",\"position\":1,\"name\":\"Home\",\"item\":\"https:\/\/graziamagazine.com\/mx\/\"},{\"@type\":\"ListItem\",\"position\":2,\"name\":\"#PFW: VALENTINO AW17\"}]},{\"@type\":\"WebSite\",\"@id\":\"https:\/\/graziamagazine.com\/mx\/#website\",\"url\":\"https:\/\/graziamagazine.com\/mx\/\",\"name\":\"Grazia M\u00e9xico y Latinoam\u00e9rica\",\"description\":\"Grazia es moda, belleza y noticias  de actualidad \",\"potentialAction\":[{\"@type\":\"SearchAction\",\"target\":{\"@type\":\"EntryPoint\",\"urlTemplate\":\"https:\/\/graziamagazine.com\/mx\/?s={search_term_string}\"},\"query-input\":\"required name=search_term_string\"}],\"inLanguage\":\"es-MX\"}]}<\/script>\n<!-- \/ Yoast SEO Premium plugin. -->","yoast_head_json":{"title":"#PFW: VALENTINO AW17 | Grazia M\u00e9xico y Latinoam\u00e9rica","description":"Pierpaolo Piccioli nos regresa al color y al amor por los vestidos con su colecci\u00f3n AW17. Tras una entrega en suaves pasteles y simplicidad para alta","robots":{"index":"index","follow":"follow","max-snippet":"max-snippet:-1","max-image-preview":"max-image-preview:large","max-video-preview":"max-video-preview:-1"},"canonical":"https:\/\/graziamagazine.com\/mx\/articles\/pfw-valentino-aw17\/","og_locale":"es_MX","og_type":"article","og_title":"#PFW: VALENTINO AW17","og_description":"Pierpaolo Piccioli nos regresa al color y al amor por los vestidos con su colecci\u00f3n AW17. Tras una entrega en suaves pasteles y simplicidad para alta","og_url":"https:\/\/graziamagazine.com\/mx\/articles\/pfw-valentino-aw17\/","og_site_name":"Grazia M\u00e9xico y Latinoam\u00e9rica","article_modified_time":"2017-03-06T17:02:58+00:00","og_image":[{"width":589,"height":886,"url":"https:\/\/graziamagazine.com\/mx\/wp-content\/uploads\/sites\/13\/2017\/03\/Valentino_ful_W_F17_PA_001_2622252.jpg?fit=589%2C886","type":"image\/jpeg"}],"twitter_card":"summary_large_image","twitter_misc":{"Est. reading time":"1 minuto"},"schema":{"@context":"https:\/\/schema.org","@graph":[{"@type":"WebPage","@id":"https:\/\/graziamagazine.com\/mx\/articles\/pfw-valentino-aw17\/","url":"https:\/\/graziamagazine.com\/mx\/articles\/pfw-valentino-aw17\/","name":"#PFW: VALENTINO AW17 | Grazia M\u00e9xico y Latinoam\u00e9rica","isPartOf":{"@id":"https:\/\/graziamagazine.com\/mx\/#website"},"datePublished":"2017-03-06T16:59:00+00:00","dateModified":"2017-03-06T17:02:58+00:00","description":"Pierpaolo Piccioli nos regresa al color y al amor por los vestidos con su colecci\u00f3n AW17. Tras una entrega en suaves pasteles y simplicidad para alta","breadcrumb":{"@id":"https:\/\/graziamagazine.com\/mx\/articles\/pfw-valentino-aw17\/#breadcrumb"},"inLanguage":"es-MX","potentialAction":[{"@type":"ReadAction","target":["https:\/\/graziamagazine.com\/mx\/articles\/pfw-valentino-aw17\/"]}]},{"@type":"BreadcrumbList","@id":"https:\/\/graziamagazine.com\/mx\/articles\/pfw-valentino-aw17\/#breadcrumb","itemListElement":[{"@type":"ListItem","position":1,"name":"Home","item":"https:\/\/graziamagazine.com\/mx\/"},{"@type":"ListItem","position":2,"name":"#PFW: VALENTINO AW17"}]},{"@type":"WebSite","@id":"https:\/\/graziamagazine.com\/mx\/#website","url":"https:\/\/graziamagazine.com\/mx\/","name":"Grazia M\u00e9xico y Latinoam\u00e9rica","description":"Grazia es moda, belleza y noticias  de actualidad ","potentialAction":[{"@type":"SearchAction","target":{"@type":"EntryPoint","urlTemplate":"https:\/\/graziamagazine.com\/mx\/?s={search_term_string}"},"query-input":"required name=search_term_string"}],"inLanguage":"es-MX"}]}},"jetpack_sharing_enabled":true,"distributor_meta":false,"distributor_terms":false,"distributor_media":false,"distributor_original_site_name":"Grazia M\u00e9xico y Latinoam\u00e9rica","distributor_original_site_url":"https:\/\/graziamagazine.com\/mx","push-errors":false,"_links":{"self":[{"href":"https:\/\/graziamagazine.com\/mx\/wp-json\/wp\/v2\/articles\/19464"}],"collection":[{"href":"https:\/\/graziamagazine.com\/mx\/wp-json\/wp\/v2\/articles"}],"about":[{"href":"https:\/\/graziamagazine.com\/mx\/wp-json\/wp\/v2\/types\/articles"}],"author":[{"embeddable":true,"href":"https:\/\/graziamagazine.com\/mx\/wp-json\/wp\/v2\/users\/11636"}],"wp:featuredmedia":[{"embeddable":true,"href":"https:\/\/graziamagazine.com\/mx\/wp-json\/wp\/v2\/media\/19465"}],"wp:attachment":[{"href":"https:\/\/graziamagazine.com\/mx\/wp-json\/wp\/v2\/media?parent=19464"}],"wp:term":[{"taxonomy":"category","embeddable":true,"href":"https:\/\/graziamagazine.com\/mx\/wp-json\/wp\/v2\/categories?post=19464"}],"curies":[{"name":"wp","href":"https:\/\/api.w.org\/{rel}","templated":true}]}}