{"id":19412,"date":"2017-03-06T10:14:48","date_gmt":"2017-03-06T16:14:48","guid":{"rendered":"https:\/\/graziamagazine.com\/mx\/?p=19412"},"modified":"2017-03-06T10:16:53","modified_gmt":"2017-03-06T16:16:53","slug":"pfw-balenciaga-aw17","status":"publish","type":"articles","link":"https:\/\/graziamagazine.com\/mx\/articles\/pfw-balenciaga-aw17\/","title":{"rendered":"#PFW: BALENCIAGA AW17"},"content":{"rendered":"<p>Siluetas y elementos maxi, asimetr\u00eda y objetos cotidianos que se convierten en prendas son\u00a0la propuesta #AW17 de Balenciaga. Demna Gvasalia \u2013el mismo dise\u00f1ador detr\u00e1s de Vetements\u2013 reinterpreta tapetes de autom\u00f3vil como faldas, abotona los abrigos de forma inusual y exagera la amplitud de los vestidos.<\/p>\n<p>Las sock boots se suben hasta el muslo y se llevan en bloques de color y los estampados de cadenas, flores y lunares protagonizan. A la cintura, fajillas y sus ya populares puffy jackets, contin\u00faan presentes una temporada m\u00e1s. Layering en distintos largos y texturas, foulards que se llevan como collares, tableado y prendas de punto&#8230; Una entrega completa, diferente y que adem\u00e1s, combina\u00a0toques sport (como maletas para el gimnasio).<\/p>\n<p>&nbsp;<\/p>\n<p><!--[gallery size=\"large\" ids=\"19413,19460,19459,19458,19457,19456,19455,19454,19453,19452,19451,19450,19449,19448,19447,19446,19445,19444,19443,19442,19441,19440,19439,19438,19437,19436,19435,19434,19433,19432,19431,19430,19429,19428,19427,19426,19425,19424,19423,19422,19421,19420,19419,19418,19417,19416,19415\"]\n\n--><\/p>\n","protected":false},"author":11636,"featured_media":19456,"template":"","format":"standard","categories":[116],"acf":[],"yoast_head":"<!-- This site is optimized with the Yoast SEO Premium plugin v18.5 (Yoast SEO v20.4) - https:\/\/yoast.com\/wordpress\/plugins\/seo\/ -->\n<title>#PFW: BALENCIAGA AW17 | Grazia M\u00e9xico y Latinoam\u00e9rica<\/title>\n<meta name=\"description\" content=\"Siluetas y elementos maxi, asimetr\u00eda y objetos cotidianos que se convierten en prendas son\u00a0la propuesta #AW17 de Balenciaga. Demna Gvasalia \u2013el mismo\" \/>\n<meta name=\"robots\" content=\"index, follow, max-snippet:-1, max-image-preview:large, max-video-preview:-1\" \/>\n<link rel=\"canonical\" href=\"https:\/\/graziamagazine.com\/mx\/articles\/pfw-balenciaga-aw17\/\" \/>\n<meta property=\"og:locale\" content=\"es_MX\" \/>\n<meta property=\"og:type\" content=\"article\" \/>\n<meta property=\"og:title\" content=\"#PFW: BALENCIAGA AW17\" \/>\n<meta property=\"og:description\" content=\"Siluetas y elementos maxi, asimetr\u00eda y objetos cotidianos que se convierten en prendas son\u00a0la propuesta #AW17 de Balenciaga. Demna Gvasalia \u2013el mismo\" \/>\n<meta property=\"og:url\" content=\"https:\/\/graziamagazine.com\/mx\/articles\/pfw-balenciaga-aw17\/\" \/>\n<meta property=\"og:site_name\" content=\"Grazia M\u00e9xico y Latinoam\u00e9rica\" \/>\n<meta property=\"article:modified_time\" content=\"2017-03-06T16:16:53+00:00\" \/>\n<meta property=\"og:image\" content=\"https:\/\/graziamagazine.com\/mx\/wp-content\/uploads\/sites\/13\/2017\/03\/Balenciaga_ful_W_F17_PA_006_2622705.jpg?fit=591%2C886\" \/>\n\t<meta property=\"og:image:width\" content=\"591\" \/>\n\t<meta property=\"og:image:height\" content=\"886\" \/>\n\t<meta property=\"og:image:type\" content=\"image\/jpeg\" \/>\n<meta name=\"twitter:card\" content=\"summary_large_image\" \/>\n<meta name=\"twitter:label1\" content=\"Est. reading time\" \/>\n\t<meta name=\"twitter:data1\" content=\"1 minuto\" \/>\n<script type=\"application\/ld+json\" class=\"yoast-schema-graph\">{\"@context\":\"https:\/\/schema.org\",\"@graph\":[{\"@type\":\"WebPage\",\"@id\":\"https:\/\/graziamagazine.com\/mx\/articles\/pfw-balenciaga-aw17\/\",\"url\":\"https:\/\/graziamagazine.com\/mx\/articles\/pfw-balenciaga-aw17\/\",\"name\":\"#PFW: BALENCIAGA AW17 | Grazia M\u00e9xico y Latinoam\u00e9rica\",\"isPartOf\":{\"@id\":\"https:\/\/graziamagazine.com\/mx\/#website\"},\"datePublished\":\"2017-03-06T16:14:48+00:00\",\"dateModified\":\"2017-03-06T16:16:53+00:00\",\"description\":\"Siluetas y elementos maxi, asimetr\u00eda y objetos cotidianos que se convierten en prendas son\u00a0la propuesta #AW17 de Balenciaga. Demna Gvasalia \u2013el mismo\",\"breadcrumb\":{\"@id\":\"https:\/\/graziamagazine.com\/mx\/articles\/pfw-balenciaga-aw17\/#breadcrumb\"},\"inLanguage\":\"es-MX\",\"potentialAction\":[{\"@type\":\"ReadAction\",\"target\":[\"https:\/\/graziamagazine.com\/mx\/articles\/pfw-balenciaga-aw17\/\"]}]},{\"@type\":\"BreadcrumbList\",\"@id\":\"https:\/\/graziamagazine.com\/mx\/articles\/pfw-balenciaga-aw17\/#breadcrumb\",\"itemListElement\":[{\"@type\":\"ListItem\",\"position\":1,\"name\":\"Home\",\"item\":\"https:\/\/graziamagazine.com\/mx\/\"},{\"@type\":\"ListItem\",\"position\":2,\"name\":\"#PFW: BALENCIAGA AW17\"}]},{\"@type\":\"WebSite\",\"@id\":\"https:\/\/graziamagazine.com\/mx\/#website\",\"url\":\"https:\/\/graziamagazine.com\/mx\/\",\"name\":\"Grazia M\u00e9xico y Latinoam\u00e9rica\",\"description\":\"Grazia es moda, belleza y noticias  de actualidad \",\"potentialAction\":[{\"@type\":\"SearchAction\",\"target\":{\"@type\":\"EntryPoint\",\"urlTemplate\":\"https:\/\/graziamagazine.com\/mx\/?s={search_term_string}\"},\"query-input\":\"required name=search_term_string\"}],\"inLanguage\":\"es-MX\"}]}<\/script>\n<!-- \/ Yoast SEO Premium plugin. -->","yoast_head_json":{"title":"#PFW: BALENCIAGA AW17 | Grazia M\u00e9xico y Latinoam\u00e9rica","description":"Siluetas y elementos maxi, asimetr\u00eda y objetos cotidianos que se convierten en prendas son\u00a0la propuesta #AW17 de Balenciaga. Demna Gvasalia \u2013el mismo","robots":{"index":"index","follow":"follow","max-snippet":"max-snippet:-1","max-image-preview":"max-image-preview:large","max-video-preview":"max-video-preview:-1"},"canonical":"https:\/\/graziamagazine.com\/mx\/articles\/pfw-balenciaga-aw17\/","og_locale":"es_MX","og_type":"article","og_title":"#PFW: BALENCIAGA AW17","og_description":"Siluetas y elementos maxi, asimetr\u00eda y objetos cotidianos que se convierten en prendas son\u00a0la propuesta #AW17 de Balenciaga. Demna Gvasalia \u2013el mismo","og_url":"https:\/\/graziamagazine.com\/mx\/articles\/pfw-balenciaga-aw17\/","og_site_name":"Grazia M\u00e9xico y Latinoam\u00e9rica","article_modified_time":"2017-03-06T16:16:53+00:00","og_image":[{"width":591,"height":886,"url":"https:\/\/graziamagazine.com\/mx\/wp-content\/uploads\/sites\/13\/2017\/03\/Balenciaga_ful_W_F17_PA_006_2622705.jpg?fit=591%2C886","type":"image\/jpeg"}],"twitter_card":"summary_large_image","twitter_misc":{"Est. reading time":"1 minuto"},"schema":{"@context":"https:\/\/schema.org","@graph":[{"@type":"WebPage","@id":"https:\/\/graziamagazine.com\/mx\/articles\/pfw-balenciaga-aw17\/","url":"https:\/\/graziamagazine.com\/mx\/articles\/pfw-balenciaga-aw17\/","name":"#PFW: BALENCIAGA AW17 | Grazia M\u00e9xico y Latinoam\u00e9rica","isPartOf":{"@id":"https:\/\/graziamagazine.com\/mx\/#website"},"datePublished":"2017-03-06T16:14:48+00:00","dateModified":"2017-03-06T16:16:53+00:00","description":"Siluetas y elementos maxi, asimetr\u00eda y objetos cotidianos que se convierten en prendas son\u00a0la propuesta #AW17 de Balenciaga. Demna Gvasalia \u2013el mismo","breadcrumb":{"@id":"https:\/\/graziamagazine.com\/mx\/articles\/pfw-balenciaga-aw17\/#breadcrumb"},"inLanguage":"es-MX","potentialAction":[{"@type":"ReadAction","target":["https:\/\/graziamagazine.com\/mx\/articles\/pfw-balenciaga-aw17\/"]}]},{"@type":"BreadcrumbList","@id":"https:\/\/graziamagazine.com\/mx\/articles\/pfw-balenciaga-aw17\/#breadcrumb","itemListElement":[{"@type":"ListItem","position":1,"name":"Home","item":"https:\/\/graziamagazine.com\/mx\/"},{"@type":"ListItem","position":2,"name":"#PFW: BALENCIAGA AW17"}]},{"@type":"WebSite","@id":"https:\/\/graziamagazine.com\/mx\/#website","url":"https:\/\/graziamagazine.com\/mx\/","name":"Grazia M\u00e9xico y Latinoam\u00e9rica","description":"Grazia es moda, belleza y noticias  de actualidad ","potentialAction":[{"@type":"SearchAction","target":{"@type":"EntryPoint","urlTemplate":"https:\/\/graziamagazine.com\/mx\/?s={search_term_string}"},"query-input":"required name=search_term_string"}],"inLanguage":"es-MX"}]}},"jetpack_sharing_enabled":true,"distributor_meta":false,"distributor_terms":false,"distributor_media":false,"distributor_original_site_name":"Grazia M\u00e9xico y Latinoam\u00e9rica","distributor_original_site_url":"https:\/\/graziamagazine.com\/mx","push-errors":false,"_links":{"self":[{"href":"https:\/\/graziamagazine.com\/mx\/wp-json\/wp\/v2\/articles\/19412"}],"collection":[{"href":"https:\/\/graziamagazine.com\/mx\/wp-json\/wp\/v2\/articles"}],"about":[{"href":"https:\/\/graziamagazine.com\/mx\/wp-json\/wp\/v2\/types\/articles"}],"author":[{"embeddable":true,"href":"https:\/\/graziamagazine.com\/mx\/wp-json\/wp\/v2\/users\/11636"}],"wp:featuredmedia":[{"embeddable":true,"href":"https:\/\/graziamagazine.com\/mx\/wp-json\/wp\/v2\/media\/19456"}],"wp:attachment":[{"href":"https:\/\/graziamagazine.com\/mx\/wp-json\/wp\/v2\/media?parent=19412"}],"wp:term":[{"taxonomy":"category","embeddable":true,"href":"https:\/\/graziamagazine.com\/mx\/wp-json\/wp\/v2\/categories?post=19412"}],"curies":[{"name":"wp","href":"https:\/\/api.w.org\/{rel}","templated":true}]}}