{"id":18313,"date":"2017-02-28T12:27:32","date_gmt":"2017-02-28T18:27:32","guid":{"rendered":"https:\/\/graziamagazine.com\/mx\/?p=18313"},"modified":"2020-01-08T17:56:05","modified_gmt":"2020-01-08T22:56:05","slug":"colette-20-capsule-collection","status":"publish","type":"articles","link":"https:\/\/graziamagazine.com\/mx\/articles\/colette-20-capsule-collection\/","title":{"rendered":"Colette celebra 20 a\u00f1os con Capsule Collection"},"content":{"rendered":"<p><b>Tu boutique de lujo favorita en Par\u00eds, Colette, quiere que te pintes los labios de azul y que colorees tus pisadas al tono.<\/b><\/p>\n<p><!--more--><\/p>\n<p><span style=\"font-weight: 400;\">Durante 20 a\u00f1os, Colette ha sido \u00edcono de lo <em>cool<\/em> en Par\u00eds. Desde sus colaboraciones especiales con Karl Lagerfeld y <a href=\"https:\/\/graziamagazine.com\/mx\/la-capsule-collection-de-coach-y-colette-para-ninos\/\" target=\"_blank\" rel=\"noopener\"><span style=\"text-decoration: underline;\"><strong>Coach<\/strong><\/span><\/a>, hasta los Stan Smith que cambiaron el verde por su emblem\u00e1tico azul, cada idea concebida se ha convertido en objeto de deseo de todos los\u00a0<em>fashionistas<\/em>.<\/span><\/p>\n<p><span style=\"font-weight: 400;\">Hoy, llega el momento de festejar dos d\u00e9cadas de la boutique en el 213 de Rue Saint-Honor\u00e9 y para hacerlo inolvidable, ha lanzado una capsule collection de 20 piezas acompa\u00f1ada de la instalaci\u00f3n art\u00edstica \u201cThe Beach\u201d, de Snarkitecture en el museo Les Art D\u00e9coratifs (del 21 al 25 de marzo). <\/span><\/p>\n<p><span style=\"font-weight: 400;\">Para los fan\u00e1ticos de los sneakers, Nike ha creado una edici\u00f3n especial con los colores entretejidos y las beauty junkies encontrar\u00e1n el el lip + cheek balm de Edward Bess, su nueva obsesi\u00f3n. Tal y como lo imaginas, estos 20 regalos rayan en lo exclusivo, por lo que ya anticipamos que vuelen de los anaqueles a la velocidad de la luz.<\/span><\/p>\n<p>&nbsp;<\/p>\n<p><img loading=\"lazy\" decoding=\"async\" class=\"alignnone wp-image-18316 size-large\" title=\"Colette celebra 20 a\u00f1os con Capsule Collection\" src=\"https:\/\/graziamagazine.com\/mx\/wp-content\/uploads\/sites\/13\/2017\/02\/the-edward-bess-colette-blue-lip-and-cheek-balm-ctsy-1024x683.jpg\" alt=\"Colette celebra 20 a\u00f1os con Capsule Collection\" width=\"1024\" height=\"683\" \/><\/p>\n<p><img loading=\"lazy\" decoding=\"async\" class=\"alignnone wp-image-18317 size-large\" title=\"Colette celebra 20 a\u00f1os con Capsule Collection\" src=\"https:\/\/graziamagazine.com\/mx\/wp-content\/uploads\/sites\/13\/2017\/02\/nikes-exclusive-sneakers-for-colette-ctsy-700x467.jpg\" alt=\"Colette celebra 20 a\u00f1os con Capsule Collection\" width=\"700\" height=\"467\" \/><\/p>\n","protected":false},"author":11636,"featured_media":27264,"template":"","format":"standard","categories":[4,10],"acf":[],"yoast_head":"<!-- This site is optimized with the Yoast SEO Premium plugin v18.5 (Yoast SEO v20.4) - https:\/\/yoast.com\/wordpress\/plugins\/seo\/ -->\n<title>Colette celebra 20 a\u00f1os con Capsule Collection | Grazia M\u00e9xico y Latinoam\u00e9rica<\/title>\n<meta name=\"description\" content=\"Tu boutique de lujo favorita en Par\u00eds, Colette, quiere que te pintes los labios de azul y que colorees tus pisadas al tono.\" \/>\n<meta name=\"robots\" content=\"index, follow, max-snippet:-1, max-image-preview:large, max-video-preview:-1\" \/>\n<link rel=\"canonical\" href=\"https:\/\/graziamagazine.com\/mx\/articles\/colette-20-capsule-collection\/\" \/>\n<meta property=\"og:locale\" content=\"es_MX\" \/>\n<meta property=\"og:type\" content=\"article\" \/>\n<meta property=\"og:title\" content=\"Colette celebra 20 a\u00f1os con Capsule Collection\" \/>\n<meta property=\"og:description\" content=\"Tu boutique de lujo favorita en Par\u00eds, Colette, quiere que te pintes los labios de azul y que colorees tus pisadas al tono.\" \/>\n<meta property=\"og:url\" content=\"https:\/\/graziamagazine.com\/mx\/articles\/colette-20-capsule-collection\/\" \/>\n<meta property=\"og:site_name\" content=\"Grazia M\u00e9xico y Latinoam\u00e9rica\" \/>\n<meta property=\"article:modified_time\" content=\"2020-01-08T22:56:05+00:00\" \/>\n<meta property=\"og:image\" content=\"https:\/\/graziamagazine.com\/mx\/wp-content\/uploads\/sites\/13\/2017\/02\/colette1-e1578421536233.jpg?fit=800%2C480\" \/>\n\t<meta property=\"og:image:width\" content=\"800\" \/>\n\t<meta property=\"og:image:height\" content=\"480\" \/>\n\t<meta property=\"og:image:type\" content=\"image\/jpeg\" \/>\n<meta name=\"twitter:card\" content=\"summary_large_image\" \/>\n<meta name=\"twitter:label1\" content=\"Est. reading time\" \/>\n\t<meta name=\"twitter:data1\" content=\"1 minuto\" \/>\n<script type=\"application\/ld+json\" class=\"yoast-schema-graph\">{\"@context\":\"https:\/\/schema.org\",\"@graph\":[{\"@type\":\"WebPage\",\"@id\":\"https:\/\/graziamagazine.com\/mx\/articles\/colette-20-capsule-collection\/\",\"url\":\"https:\/\/graziamagazine.com\/mx\/articles\/colette-20-capsule-collection\/\",\"name\":\"Colette celebra 20 a\u00f1os con Capsule Collection | Grazia M\u00e9xico y Latinoam\u00e9rica\",\"isPartOf\":{\"@id\":\"https:\/\/graziamagazine.com\/mx\/#website\"},\"datePublished\":\"2017-02-28T18:27:32+00:00\",\"dateModified\":\"2020-01-08T22:56:05+00:00\",\"description\":\"Tu boutique de lujo favorita en Par\u00eds, Colette, quiere que te pintes los labios de azul y que colorees tus pisadas al tono.\",\"breadcrumb\":{\"@id\":\"https:\/\/graziamagazine.com\/mx\/articles\/colette-20-capsule-collection\/#breadcrumb\"},\"inLanguage\":\"es-MX\",\"potentialAction\":[{\"@type\":\"ReadAction\",\"target\":[\"https:\/\/graziamagazine.com\/mx\/articles\/colette-20-capsule-collection\/\"]}]},{\"@type\":\"BreadcrumbList\",\"@id\":\"https:\/\/graziamagazine.com\/mx\/articles\/colette-20-capsule-collection\/#breadcrumb\",\"itemListElement\":[{\"@type\":\"ListItem\",\"position\":1,\"name\":\"Home\",\"item\":\"https:\/\/graziamagazine.com\/mx\/\"},{\"@type\":\"ListItem\",\"position\":2,\"name\":\"Colette celebra 20 a\u00f1os con Capsule Collection\"}]},{\"@type\":\"WebSite\",\"@id\":\"https:\/\/graziamagazine.com\/mx\/#website\",\"url\":\"https:\/\/graziamagazine.com\/mx\/\",\"name\":\"Grazia M\u00e9xico y Latinoam\u00e9rica\",\"description\":\"Grazia es moda, belleza y noticias  de actualidad \",\"potentialAction\":[{\"@type\":\"SearchAction\",\"target\":{\"@type\":\"EntryPoint\",\"urlTemplate\":\"https:\/\/graziamagazine.com\/mx\/?s={search_term_string}\"},\"query-input\":\"required name=search_term_string\"}],\"inLanguage\":\"es-MX\"}]}<\/script>\n<!-- \/ Yoast SEO Premium plugin. -->","yoast_head_json":{"title":"Colette celebra 20 a\u00f1os con Capsule Collection | Grazia M\u00e9xico y Latinoam\u00e9rica","description":"Tu boutique de lujo favorita en Par\u00eds, Colette, quiere que te pintes los labios de azul y que colorees tus pisadas al tono.","robots":{"index":"index","follow":"follow","max-snippet":"max-snippet:-1","max-image-preview":"max-image-preview:large","max-video-preview":"max-video-preview:-1"},"canonical":"https:\/\/graziamagazine.com\/mx\/articles\/colette-20-capsule-collection\/","og_locale":"es_MX","og_type":"article","og_title":"Colette celebra 20 a\u00f1os con Capsule Collection","og_description":"Tu boutique de lujo favorita en Par\u00eds, Colette, quiere que te pintes los labios de azul y que colorees tus pisadas al tono.","og_url":"https:\/\/graziamagazine.com\/mx\/articles\/colette-20-capsule-collection\/","og_site_name":"Grazia M\u00e9xico y Latinoam\u00e9rica","article_modified_time":"2020-01-08T22:56:05+00:00","og_image":[{"width":800,"height":480,"url":"https:\/\/graziamagazine.com\/mx\/wp-content\/uploads\/sites\/13\/2017\/02\/colette1-e1578421536233.jpg?fit=800%2C480","type":"image\/jpeg"}],"twitter_card":"summary_large_image","twitter_misc":{"Est. reading time":"1 minuto"},"schema":{"@context":"https:\/\/schema.org","@graph":[{"@type":"WebPage","@id":"https:\/\/graziamagazine.com\/mx\/articles\/colette-20-capsule-collection\/","url":"https:\/\/graziamagazine.com\/mx\/articles\/colette-20-capsule-collection\/","name":"Colette celebra 20 a\u00f1os con Capsule Collection | Grazia M\u00e9xico y Latinoam\u00e9rica","isPartOf":{"@id":"https:\/\/graziamagazine.com\/mx\/#website"},"datePublished":"2017-02-28T18:27:32+00:00","dateModified":"2020-01-08T22:56:05+00:00","description":"Tu boutique de lujo favorita en Par\u00eds, Colette, quiere que te pintes los labios de azul y que colorees tus pisadas al tono.","breadcrumb":{"@id":"https:\/\/graziamagazine.com\/mx\/articles\/colette-20-capsule-collection\/#breadcrumb"},"inLanguage":"es-MX","potentialAction":[{"@type":"ReadAction","target":["https:\/\/graziamagazine.com\/mx\/articles\/colette-20-capsule-collection\/"]}]},{"@type":"BreadcrumbList","@id":"https:\/\/graziamagazine.com\/mx\/articles\/colette-20-capsule-collection\/#breadcrumb","itemListElement":[{"@type":"ListItem","position":1,"name":"Home","item":"https:\/\/graziamagazine.com\/mx\/"},{"@type":"ListItem","position":2,"name":"Colette celebra 20 a\u00f1os con Capsule Collection"}]},{"@type":"WebSite","@id":"https:\/\/graziamagazine.com\/mx\/#website","url":"https:\/\/graziamagazine.com\/mx\/","name":"Grazia M\u00e9xico y Latinoam\u00e9rica","description":"Grazia es moda, belleza y noticias  de actualidad ","potentialAction":[{"@type":"SearchAction","target":{"@type":"EntryPoint","urlTemplate":"https:\/\/graziamagazine.com\/mx\/?s={search_term_string}"},"query-input":"required name=search_term_string"}],"inLanguage":"es-MX"}]}},"jetpack_sharing_enabled":true,"distributor_meta":false,"distributor_terms":false,"distributor_media":false,"distributor_original_site_name":"Grazia M\u00e9xico y Latinoam\u00e9rica","distributor_original_site_url":"https:\/\/graziamagazine.com\/mx","push-errors":false,"_links":{"self":[{"href":"https:\/\/graziamagazine.com\/mx\/wp-json\/wp\/v2\/articles\/18313"}],"collection":[{"href":"https:\/\/graziamagazine.com\/mx\/wp-json\/wp\/v2\/articles"}],"about":[{"href":"https:\/\/graziamagazine.com\/mx\/wp-json\/wp\/v2\/types\/articles"}],"author":[{"embeddable":true,"href":"https:\/\/graziamagazine.com\/mx\/wp-json\/wp\/v2\/users\/11636"}],"wp:featuredmedia":[{"embeddable":true,"href":"https:\/\/graziamagazine.com\/mx\/wp-json\/wp\/v2\/media\/27264"}],"wp:attachment":[{"href":"https:\/\/graziamagazine.com\/mx\/wp-json\/wp\/v2\/media?parent=18313"}],"wp:term":[{"taxonomy":"category","embeddable":true,"href":"https:\/\/graziamagazine.com\/mx\/wp-json\/wp\/v2\/categories?post=18313"}],"curies":[{"name":"wp","href":"https:\/\/api.w.org\/{rel}","templated":true}]}}